{"id":28479,"date":"2022-06-27T11:35:00","date_gmt":"2022-06-27T17:35:00","guid":{"rendered":"https:\/\/www.igssgt.org\/noticias\/?p=28479"},"modified":"2022-06-27T12:35:23","modified_gmt":"2022-06-27T18:35:23","slug":"el-igss-invita-a-participar-en-la-convocatoria-de-la-plaza-albanil-b","status":"publish","type":"post","link":"https:\/\/www.igssgt.org\/noticias\/2022\/06\/27\/el-igss-invita-a-participar-en-la-convocatoria-de-la-plaza-albanil-b\/","title":{"rendered":"El IGSS invita a participar en la convocatoria de la plaza: Alba\u00f1il B"},"content":{"rendered":"\n<h3>Convocatoria externa para plaza vacante 011 para el Hospital General Dr. Juan Jos\u00e9 Ar\u00e9valo Bermejo<\/h3>\n<h4>Fecha l\u00edmite de recepci\u00f3n de solicitudes: 6 de julio de 2022<\/h4>\n<p><img loading=\"lazy\" decoding=\"async\" class=\"aligncenter size-full wp-image-28480\" src=\"\/wp-content\/uploads\/sites\/5\/2022\/06\/Convocatoria-plaza-IGSS-abanil-B-2022.jpg\" alt=\"\" width=\"859\" height=\"1280\" srcset=\"\/wp-content\/uploads\/sites\/5\/2022\/06\/Convocatoria-plaza-IGSS-abanil-B-2022.jpg 859w, \/wp-content\/uploads\/sites\/5\/2022\/06\/Convocatoria-plaza-IGSS-abanil-B-2022-201x300.jpg 201w, \/wp-content\/uploads\/sites\/5\/2022\/06\/Convocatoria-plaza-IGSS-abanil-B-2022-768x1144.jpg 768w, \/wp-content\/uploads\/sites\/5\/2022\/06\/Convocatoria-plaza-IGSS-abanil-B-2022-687x1024.jpg 687w, \/wp-content\/uploads\/sites\/5\/2022\/06\/Convocatoria-plaza-IGSS-abanil-B-2022-282x420.jpg 282w, \/wp-content\/uploads\/sites\/5\/2022\/06\/Convocatoria-plaza-IGSS-abanil-B-2022-696x1037.jpg 696w, \/wp-content\/uploads\/sites\/5\/2022\/06\/Convocatoria-plaza-IGSS-abanil-B-2022-310x462.jpg 310w\" sizes=\"auto, (max-width: 859px) 100vw, 859px\" \/><\/p>\n","protected":false},"excerpt":{"rendered":"<p>Convocatoria externa para plaza vacante 011 para el Hospital General Dr. Juan Jos\u00e9 Ar\u00e9valo Bermejo Fecha l\u00edmite de recepci\u00f3n de solicitudes: 6 de julio de 2022<\/p>\n","protected":false},"author":4,"featured_media":28480,"comment_status":"closed","ping_status":"closed","sticky":false,"template":"","format":"standard","meta":{"footnotes":""},"categories":[1299],"tags":[213,1300],"coauthors":[],"class_list":{"0":"post-28479","1":"post","2":"type-post","3":"status-publish","4":"format-standard","5":"has-post-thumbnail","7":"category-plazas-vacantes","8":"tag-convocatoria-plazas-igss","9":"tag-empleos-igss"},"_links":{"self":[{"href":"https:\/\/www.igssgt.org\/noticias\/wp-json\/wp\/v2\/posts\/28479","targetHints":{"allow":["GET"]}}],"collection":[{"href":"https:\/\/www.igssgt.org\/noticias\/wp-json\/wp\/v2\/posts"}],"about":[{"href":"https:\/\/www.igssgt.org\/noticias\/wp-json\/wp\/v2\/types\/post"}],"author":[{"embeddable":true,"href":"https:\/\/www.igssgt.org\/noticias\/wp-json\/wp\/v2\/users\/4"}],"replies":[{"embeddable":true,"href":"https:\/\/www.igssgt.org\/noticias\/wp-json\/wp\/v2\/comments?post=28479"}],"version-history":[{"count":1,"href":"https:\/\/www.igssgt.org\/noticias\/wp-json\/wp\/v2\/posts\/28479\/revisions"}],"predecessor-version":[{"id":28481,"href":"https:\/\/www.igssgt.org\/noticias\/wp-json\/wp\/v2\/posts\/28479\/revisions\/28481"}],"wp:featuredmedia":[{"embeddable":true,"href":"https:\/\/www.igssgt.org\/noticias\/wp-json\/wp\/v2\/media\/28480"}],"wp:attachment":[{"href":"https:\/\/www.igssgt.org\/noticias\/wp-json\/wp\/v2\/media?parent=28479"}],"wp:term":[{"taxonomy":"category","embeddable":true,"href":"https:\/\/www.igssgt.org\/noticias\/wp-json\/wp\/v2\/categories?post=28479"},{"taxonomy":"post_tag","embeddable":true,"href":"https:\/\/www.igssgt.org\/noticias\/wp-json\/wp\/v2\/tags?post=28479"},{"taxonomy":"author","embeddable":true,"href":"https:\/\/www.igssgt.org\/noticias\/wp-json\/wp\/v2\/coauthors?post=28479"}],"curies":[{"name":"wp","href":"https:\/\/api.w.org\/{rel}","templated":true}]}}