{"id":28764,"date":"2022-07-11T16:26:34","date_gmt":"2022-07-11T22:26:34","guid":{"rendered":"https:\/\/www.igssgt.org\/noticias\/?p=28764"},"modified":"2022-07-14T10:07:04","modified_gmt":"2022-07-14T16:07:04","slug":"el-personal-de-salud-y-comites-de-emergencia-del-igss-estan-en-apresto-por-el-incremento-de-casos-de-covid-19","status":"publish","type":"post","link":"https:\/\/www.igssgt.org\/noticias\/2022\/07\/11\/el-personal-de-salud-y-comites-de-emergencia-del-igss-estan-en-apresto-por-el-incremento-de-casos-de-covid-19\/","title":{"rendered":"El personal de salud y comit\u00e9s de emergencia del IGSS est\u00e1n en apresto por el incremento de casos de COVID-19"},"content":{"rendered":"\n<p class=\"has-drop-cap\">El Instituto Guatemalteco de Seguridad Social (IGSS) se declar\u00f3 en alerta roja en todas las unidades m\u00e9dicas de la instituci\u00f3n ante el aumento considerable de casos sospechosos y positivos de COVID-19, por lo que suspendi\u00f3 de manera temporal las visitas presenciales de familiares de pacientes internados en los hospitales de las \u00e1reas metropolitana y departamental.<\/p>\n\n\n\n<p>Las autoridades informaron que se registr\u00f3 una tasa de positividad del 33.6 por ciento de casos, la que evidenci\u00f3 un aumento de la demanda de atenci\u00f3n m\u00e9dica a pacientes infectados, por ello los \u00edndices de ocupaci\u00f3n de la capacidad instalada de los hospitales centinela ya han alcanzado el 80 por ciento.<\/p>\n<p><a href=\"https:\/\/www.igssgt.org\/noticias\/2022\/07\/11\/el-personal-de-salud-y-comites-de-emergencia-del-igss-estan-en-apresto-por-el-incremento-de-casos-de-covid-19\/el-personal-de-salud-y-comites-de-emergencia-del-igss-julio-2022-11\/\" target=\"_blank\" rel=\"attachment noopener wp-att-28779\"><img loading=\"lazy\" decoding=\"async\" class=\"alignnone wp-image-28779 size-full\" src=\"\/wp-content\/uploads\/sites\/5\/2022\/07\/El-personal-de-salud-y-comites-de-emergencia-del-IGSS-Julio-2022-11.jpg\" alt=\"\" width=\"1500\" height=\"1000\" srcset=\"\/wp-content\/uploads\/sites\/5\/2022\/07\/El-personal-de-salud-y-comites-de-emergencia-del-IGSS-Julio-2022-11.jpg 1500w, \/wp-content\/uploads\/sites\/5\/2022\/07\/El-personal-de-salud-y-comites-de-emergencia-del-IGSS-Julio-2022-11-300x200.jpg 300w, \/wp-content\/uploads\/sites\/5\/2022\/07\/El-personal-de-salud-y-comites-de-emergencia-del-IGSS-Julio-2022-11-768x512.jpg 768w, \/wp-content\/uploads\/sites\/5\/2022\/07\/El-personal-de-salud-y-comites-de-emergencia-del-IGSS-Julio-2022-11-1024x683.jpg 1024w, \/wp-content\/uploads\/sites\/5\/2022\/07\/El-personal-de-salud-y-comites-de-emergencia-del-IGSS-Julio-2022-11-630x420.jpg 630w, \/wp-content\/uploads\/sites\/5\/2022\/07\/El-personal-de-salud-y-comites-de-emergencia-del-IGSS-Julio-2022-11-696x464.jpg 696w, \/wp-content\/uploads\/sites\/5\/2022\/07\/El-personal-de-salud-y-comites-de-emergencia-del-IGSS-Julio-2022-11-1068x712.jpg 1068w, \/wp-content\/uploads\/sites\/5\/2022\/07\/El-personal-de-salud-y-comites-de-emergencia-del-IGSS-Julio-2022-11-534x356.jpg 534w\" sizes=\"auto, (max-width: 1500px) 100vw, 1500px\" \/><\/a><\/p>\n<p>El personal de salud de todas las unidades m\u00e9dicas permanece en apresto las 24 horas los siete d\u00edas de la semana; adem\u00e1s, se activaron los comit\u00e9s de emergencia para continuar brindando a los asegurados un servicio de calidad, calidez, pronto y oportuno, realizando las acciones que resulten indispensables para la contenci\u00f3n y mitigaci\u00f3n de los casos de COVID-19.<\/p>\n<p>Para la atenci\u00f3n de los pacientes con COVID-19, el IGSS cuenta con \u00e1reas especiales de aislamiento y contin\u00faa implementando todas las medidas de prevenci\u00f3n para evitar la transmisi\u00f3n del virus SARS-CoV-2 dentro de las instalaciones del Instituto.<\/p>\n<p><a href=\"https:\/\/www.igssgt.org\/noticias\/2022\/07\/11\/el-personal-de-salud-y-comites-de-emergencia-del-igss-estan-en-apresto-por-el-incremento-de-casos-de-covid-19\/el-personal-de-salud-y-comites-de-emergencia-del-igss-julio-2022-14\/\" target=\"_blank\" rel=\"attachment noopener wp-att-28782\"><img loading=\"lazy\" decoding=\"async\" class=\"alignnone wp-image-28782 size-full\" src=\"\/wp-content\/uploads\/sites\/5\/2022\/07\/El-personal-de-salud-y-comites-de-emergencia-del-IGSS-Julio-2022-14.jpg\" alt=\"\" width=\"1280\" height=\"853\" srcset=\"\/wp-content\/uploads\/sites\/5\/2022\/07\/El-personal-de-salud-y-comites-de-emergencia-del-IGSS-Julio-2022-14.jpg 1280w, \/wp-content\/uploads\/sites\/5\/2022\/07\/El-personal-de-salud-y-comites-de-emergencia-del-IGSS-Julio-2022-14-300x200.jpg 300w, \/wp-content\/uploads\/sites\/5\/2022\/07\/El-personal-de-salud-y-comites-de-emergencia-del-IGSS-Julio-2022-14-768x512.jpg 768w, \/wp-content\/uploads\/sites\/5\/2022\/07\/El-personal-de-salud-y-comites-de-emergencia-del-IGSS-Julio-2022-14-1024x682.jpg 1024w, \/wp-content\/uploads\/sites\/5\/2022\/07\/El-personal-de-salud-y-comites-de-emergencia-del-IGSS-Julio-2022-14-630x420.jpg 630w, \/wp-content\/uploads\/sites\/5\/2022\/07\/El-personal-de-salud-y-comites-de-emergencia-del-IGSS-Julio-2022-14-696x464.jpg 696w, \/wp-content\/uploads\/sites\/5\/2022\/07\/El-personal-de-salud-y-comites-de-emergencia-del-IGSS-Julio-2022-14-1068x712.jpg 1068w, \/wp-content\/uploads\/sites\/5\/2022\/07\/El-personal-de-salud-y-comites-de-emergencia-del-IGSS-Julio-2022-14-534x356.jpg 534w\" sizes=\"auto, (max-width: 1280px) 100vw, 1280px\" \/><\/a><\/p>\n<p>Las unidades continuar\u00e1n con la entrega de medicamentos a trav\u00e9s del servicio de courier y con la implementaci\u00f3n de la atenci\u00f3n de teleconsulta y telemedicina para el seguimiento del estado de salud de los pacientes.<\/p>\n<blockquote>\n<p>Las autoridades informaron que se registr\u00f3 una tasa de positividad del 33.6 por ciento de casos.<\/p>\n<\/blockquote>\n<p>Se hacen pruebas en todas las unidades m\u00e9dicas de las a\u00e9reas metropolitana y departamental. Las pruebas para la detecci\u00f3n de COVID-19 se est\u00e1n realizando en los centros de diagn\u00f3stico ubicados en la Unidad Perif\u00e9rica Zona 11, Unidad Perif\u00e9rica Zona 5, Consultorio de Villa Nueva y Consultorio de Antigua Guatemala, Sacatep\u00e9quez, se hacen hisopados durante las 24 horas, de lunes a domingo, y contin\u00faan atendiendo normalmente los dem\u00e1s servicios.<\/p>\n<p><a href=\"https:\/\/www.igssgt.org\/noticias\/2022\/07\/11\/el-personal-de-salud-y-comites-de-emergencia-del-igss-estan-en-apresto-por-el-incremento-de-casos-de-covid-19\/el-personal-de-salud-y-comites-de-emergencia-del-igss-julio-2022-16\/\" target=\"_blank\" rel=\"attachment noopener wp-att-28784\"><img loading=\"lazy\" decoding=\"async\" class=\"alignnone wp-image-28784 size-full\" src=\"\/wp-content\/uploads\/sites\/5\/2022\/07\/El-personal-de-salud-y-comites-de-emergencia-del-IGSS-Julio-2022-16.jpg\" alt=\"\" width=\"1500\" height=\"1000\" srcset=\"\/wp-content\/uploads\/sites\/5\/2022\/07\/El-personal-de-salud-y-comites-de-emergencia-del-IGSS-Julio-2022-16.jpg 1500w, \/wp-content\/uploads\/sites\/5\/2022\/07\/El-personal-de-salud-y-comites-de-emergencia-del-IGSS-Julio-2022-16-300x200.jpg 300w, \/wp-content\/uploads\/sites\/5\/2022\/07\/El-personal-de-salud-y-comites-de-emergencia-del-IGSS-Julio-2022-16-768x512.jpg 768w, \/wp-content\/uploads\/sites\/5\/2022\/07\/El-personal-de-salud-y-comites-de-emergencia-del-IGSS-Julio-2022-16-1024x683.jpg 1024w, \/wp-content\/uploads\/sites\/5\/2022\/07\/El-personal-de-salud-y-comites-de-emergencia-del-IGSS-Julio-2022-16-630x420.jpg 630w, \/wp-content\/uploads\/sites\/5\/2022\/07\/El-personal-de-salud-y-comites-de-emergencia-del-IGSS-Julio-2022-16-696x464.jpg 696w, \/wp-content\/uploads\/sites\/5\/2022\/07\/El-personal-de-salud-y-comites-de-emergencia-del-IGSS-Julio-2022-16-1068x712.jpg 1068w, \/wp-content\/uploads\/sites\/5\/2022\/07\/El-personal-de-salud-y-comites-de-emergencia-del-IGSS-Julio-2022-16-534x356.jpg 534w\" sizes=\"auto, (max-width: 1500px) 100vw, 1500px\" \/><\/a><\/p>\n<p>El centro de diagn\u00f3stico Policovid, ubicado en la 5.\u00aa avenida 8-40 zona 1, tiene un horario de atenci\u00f3n de siete de la ma\u00f1ana a seis de la tarde, de lunes a viernes, mientras que los s\u00e1bados ser\u00e1 de siete de la ma\u00f1ana a dos de la tarde.<\/p>\n<p>El Seguro Social recomienda continuar con las medidas de contenci\u00f3n para evitar la propagaci\u00f3n del virus del COVID-19 y sus variantes.<\/p>\n<p><a href=\"https:\/\/www.igssgt.org\/noticias\/2022\/07\/11\/el-personal-de-salud-y-comites-de-emergencia-del-igss-estan-en-apresto-por-el-incremento-de-casos-de-covid-19\/el-personal-de-salud-y-comites-de-emergencia-del-igss-julio-2022-12\/\" target=\"_blank\" rel=\"attachment noopener wp-att-28780\"><img loading=\"lazy\" decoding=\"async\" class=\"alignnone wp-image-28780 size-full\" src=\"\/wp-content\/uploads\/sites\/5\/2022\/07\/El-personal-de-salud-y-comites-de-emergencia-del-IGSS-Julio-2022-12.jpg\" alt=\"\" width=\"1500\" height=\"1000\" srcset=\"\/wp-content\/uploads\/sites\/5\/2022\/07\/El-personal-de-salud-y-comites-de-emergencia-del-IGSS-Julio-2022-12.jpg 1500w, \/wp-content\/uploads\/sites\/5\/2022\/07\/El-personal-de-salud-y-comites-de-emergencia-del-IGSS-Julio-2022-12-300x200.jpg 300w, \/wp-content\/uploads\/sites\/5\/2022\/07\/El-personal-de-salud-y-comites-de-emergencia-del-IGSS-Julio-2022-12-768x512.jpg 768w, \/wp-content\/uploads\/sites\/5\/2022\/07\/El-personal-de-salud-y-comites-de-emergencia-del-IGSS-Julio-2022-12-1024x683.jpg 1024w, \/wp-content\/uploads\/sites\/5\/2022\/07\/El-personal-de-salud-y-comites-de-emergencia-del-IGSS-Julio-2022-12-630x420.jpg 630w, \/wp-content\/uploads\/sites\/5\/2022\/07\/El-personal-de-salud-y-comites-de-emergencia-del-IGSS-Julio-2022-12-696x464.jpg 696w, \/wp-content\/uploads\/sites\/5\/2022\/07\/El-personal-de-salud-y-comites-de-emergencia-del-IGSS-Julio-2022-12-1068x712.jpg 1068w, \/wp-content\/uploads\/sites\/5\/2022\/07\/El-personal-de-salud-y-comites-de-emergencia-del-IGSS-Julio-2022-12-534x356.jpg 534w\" sizes=\"auto, (max-width: 1500px) 100vw, 1500px\" \/><\/a><\/p>\n<p>El Ministerio de Salud P\u00fablica y Asistencia Social (MSPAS) oficializ\u00f3 hoy el uso obligatorio y adecuado de la mascarilla o tapabocas en todo el territorio nacional por medio del Acuerdo Ministerial 190-2022.<\/p>\n<p>El IGSS, en apoyo al MSPAS, exhorta a sus asegurados y a la poblaci\u00f3n en general guardar las medidas establecidas por el ente rector de salud, derivado de la quinta ola de contagios de COVID-19.<\/p>\n\n\n\n\r\n                <style type=\"text\/css\">\r\n                    \r\n                    #tdi_1  .td-doubleSlider-2 .td-item1 {\r\n                        background: url(\/wp-content\/uploads\/sites\/5\/2022\/07\/El-personal-de-salud-y-comites-de-emergencia-del-IGSS-Julio-2022-8-80x60.jpg) 0 0 no-repeat;\r\n                    }\r\n                    #tdi_1  .td-doubleSlider-2 .td-item2 {\r\n                        background: url(\/wp-content\/uploads\/sites\/5\/2022\/07\/El-personal-de-salud-y-comites-de-emergencia-del-IGSS-Julio-2022-9-80x60.jpg) 0 0 no-repeat;\r\n                    }\r\n                    #tdi_1  .td-doubleSlider-2 .td-item3 {\r\n                        background: url(\/wp-content\/uploads\/sites\/5\/2022\/07\/El-personal-de-salud-y-comites-de-emergencia-del-IGSS-Julio-2022-10-80x60.jpg) 0 0 no-repeat;\r\n                    }\r\n                    #tdi_1  .td-doubleSlider-2 .td-item4 {\r\n                        background: url(\/wp-content\/uploads\/sites\/5\/2022\/07\/El-personal-de-salud-y-comites-de-emergencia-del-IGSS-Julio-2022-6-80x60.jpg) 0 0 no-repeat;\r\n                    }\r\n                    #tdi_1  .td-doubleSlider-2 .td-item5 {\r\n                        background: url(\/wp-content\/uploads\/sites\/5\/2022\/07\/El-personal-de-salud-y-comites-de-emergencia-del-IGSS-Julio-2022-7-80x60.jpg) 0 0 no-repeat;\r\n                    }\r\n                    #tdi_1  .td-doubleSlider-2 .td-item6 {\r\n                        background: url(\/wp-content\/uploads\/sites\/5\/2022\/07\/El-personal-de-salud-y-comites-de-emergencia-del-IGSS-Julio-2022-2-80x60.jpg) 0 0 no-repeat;\r\n                    }\r\n                    #tdi_1  .td-doubleSlider-2 .td-item7 {\r\n                        background: url(\/wp-content\/uploads\/sites\/5\/2022\/07\/El-personal-de-salud-y-comites-de-emergencia-del-IGSS-Julio-2022-3-80x60.jpg) 0 0 no-repeat;\r\n                    }\r\n                    #tdi_1  .td-doubleSlider-2 .td-item8 {\r\n                        background: url(\/wp-content\/uploads\/sites\/5\/2022\/07\/El-personal-de-salud-y-comites-de-emergencia-del-IGSS-Julio-2022-5-80x60.jpg) 0 0 no-repeat;\r\n                    }\r\n                    #tdi_1  .td-doubleSlider-2 .td-item9 {\r\n                        background: url(\/wp-content\/uploads\/sites\/5\/2022\/07\/El-personal-de-salud-y-comites-de-emergencia-del-IGSS-Julio-2022-13-80x60.jpg) 0 0 no-repeat;\r\n                    }\r\n                    #tdi_1  .td-doubleSlider-2 .td-item10 {\r\n                        background: url(\/wp-content\/uploads\/sites\/5\/2022\/07\/El-personal-de-salud-y-comites-de-emergencia-del-IGSS-Julio-2022-15-80x60.jpg) 0 0 no-repeat;\r\n                    }\r\n                    #tdi_1  .td-doubleSlider-2 .td-item11 {\r\n                        background: url(\/wp-content\/uploads\/sites\/5\/2022\/07\/El-personal-de-salud-y-comites-de-emergencia-del-IGSS-Julio-2022-17-80x60.jpg) 0 0 no-repeat;\r\n                    }\r\n                    #tdi_1  .td-doubleSlider-2 .td-item12 {\r\n                        background: url(\/wp-content\/uploads\/sites\/5\/2022\/07\/El-personal-de-salud-y-comites-de-emergencia-del-IGSS-Julio-2022-1-80x60.jpg) 0 0 no-repeat;\r\n                    }\r\n                <\/style>\r\n\r\n                <div id=\"tdi_1\" class=\"td-gallery td-slide-on-2-columns\">\r\n                    <div class=\"post_td_gallery\">\r\n                        <div class=\"td-gallery-slide-top\">\r\n                           <div class=\"td-gallery-title\"><\/div>\r\n\r\n                            <div class=\"td-gallery-controls-wrapper\">\r\n                                <div class=\"td-gallery-slide-count\"><span class=\"td-gallery-slide-item-focus\">1<\/span> de 12<\/div>\r\n                                <div class=\"td-gallery-slide-prev-next-but\">\r\n                                    <i class = \"td-icon-left doubleSliderPrevButton\"><\/i>\r\n                                    <i class = \"td-icon-right doubleSliderNextButton\"><\/i>\r\n                                <\/div>\r\n                            <\/div>\r\n                        <\/div>\r\n\r\n                        <div class = \"td-doubleSlider-1 \">\r\n                            <div class = \"td-slider\">\r\n                                \r\n                    <div class = \"td-slide-item td-item1\">\r\n                        <figure class=\"td-slide-galery-figure td-slide-popup-gallery\">\r\n                            <a class=\"slide-gallery-image-link\" href=\"\/wp-content\/uploads\/sites\/5\/2022\/07\/El-personal-de-salud-y-comites-de-emergencia-del-IGSS-Julio-2022-8.jpg\" title=\"El personal de salud y comites de emergencia del IGSS Julio 2022-8\"  data-caption=\"\"  data-description=\"\">\r\n                                <img decoding=\"async\" src=\"\/wp-content\/uploads\/sites\/5\/2022\/07\/El-personal-de-salud-y-comites-de-emergencia-del-IGSS-Julio-2022-8-630x420.jpg\" srcset=\"\/wp-content\/uploads\/sites\/5\/2022\/07\/El-personal-de-salud-y-comites-de-emergencia-del-IGSS-Julio-2022-8-630x420.jpg 630w, \/wp-content\/uploads\/sites\/5\/2022\/07\/El-personal-de-salud-y-comites-de-emergencia-del-IGSS-Julio-2022-8-300x200.jpg 300w, \/wp-content\/uploads\/sites\/5\/2022\/07\/El-personal-de-salud-y-comites-de-emergencia-del-IGSS-Julio-2022-8-768x512.jpg 768w, \/wp-content\/uploads\/sites\/5\/2022\/07\/El-personal-de-salud-y-comites-de-emergencia-del-IGSS-Julio-2022-8-1024x683.jpg 1024w, \/wp-content\/uploads\/sites\/5\/2022\/07\/El-personal-de-salud-y-comites-de-emergencia-del-IGSS-Julio-2022-8-696x464.jpg 696w, \/wp-content\/uploads\/sites\/5\/2022\/07\/El-personal-de-salud-y-comites-de-emergencia-del-IGSS-Julio-2022-8-1068x712.jpg 1068w, \/wp-content\/uploads\/sites\/5\/2022\/07\/El-personal-de-salud-y-comites-de-emergencia-del-IGSS-Julio-2022-8-534x356.jpg 534w, \/wp-content\/uploads\/sites\/5\/2022\/07\/El-personal-de-salud-y-comites-de-emergencia-del-IGSS-Julio-2022-8.jpg 1500w\" sizes=\"(max-width: 630px) 100vw, 630px\" alt=\"\">\r\n                            <\/a>\r\n                            \r\n                        <\/figure>\r\n                    <\/div>\r\n                    <div class = \"td-slide-item td-item2\">\r\n                        <figure class=\"td-slide-galery-figure td-slide-popup-gallery\">\r\n                            <a class=\"slide-gallery-image-link\" href=\"\/wp-content\/uploads\/sites\/5\/2022\/07\/El-personal-de-salud-y-comites-de-emergencia-del-IGSS-Julio-2022-9.jpg\" title=\"El personal de salud y comites de emergencia del IGSS Julio 2022-9\"  data-caption=\"\"  data-description=\"\">\r\n                                <img decoding=\"async\" src=\"\/wp-content\/uploads\/sites\/5\/2022\/07\/El-personal-de-salud-y-comites-de-emergencia-del-IGSS-Julio-2022-9-630x420.jpg\" srcset=\"\/wp-content\/uploads\/sites\/5\/2022\/07\/El-personal-de-salud-y-comites-de-emergencia-del-IGSS-Julio-2022-9-630x420.jpg 630w, \/wp-content\/uploads\/sites\/5\/2022\/07\/El-personal-de-salud-y-comites-de-emergencia-del-IGSS-Julio-2022-9-300x200.jpg 300w, \/wp-content\/uploads\/sites\/5\/2022\/07\/El-personal-de-salud-y-comites-de-emergencia-del-IGSS-Julio-2022-9-768x512.jpg 768w, \/wp-content\/uploads\/sites\/5\/2022\/07\/El-personal-de-salud-y-comites-de-emergencia-del-IGSS-Julio-2022-9-1024x683.jpg 1024w, \/wp-content\/uploads\/sites\/5\/2022\/07\/El-personal-de-salud-y-comites-de-emergencia-del-IGSS-Julio-2022-9-696x464.jpg 696w, \/wp-content\/uploads\/sites\/5\/2022\/07\/El-personal-de-salud-y-comites-de-emergencia-del-IGSS-Julio-2022-9-1068x712.jpg 1068w, \/wp-content\/uploads\/sites\/5\/2022\/07\/El-personal-de-salud-y-comites-de-emergencia-del-IGSS-Julio-2022-9-534x356.jpg 534w, \/wp-content\/uploads\/sites\/5\/2022\/07\/El-personal-de-salud-y-comites-de-emergencia-del-IGSS-Julio-2022-9.jpg 1500w\" sizes=\"(max-width: 630px) 100vw, 630px\" alt=\"\">\r\n                            <\/a>\r\n                            \r\n                        <\/figure>\r\n                    <\/div>\r\n                    <div class = \"td-slide-item td-item3\">\r\n                        <figure class=\"td-slide-galery-figure td-slide-popup-gallery\">\r\n                            <a class=\"slide-gallery-image-link\" href=\"\/wp-content\/uploads\/sites\/5\/2022\/07\/El-personal-de-salud-y-comites-de-emergencia-del-IGSS-Julio-2022-10.jpg\" title=\"El personal de salud y comites de emergencia del IGSS Julio 2022-10\"  data-caption=\"\"  data-description=\"\">\r\n                                <img decoding=\"async\" src=\"\/wp-content\/uploads\/sites\/5\/2022\/07\/El-personal-de-salud-y-comites-de-emergencia-del-IGSS-Julio-2022-10-630x420.jpg\" srcset=\"\/wp-content\/uploads\/sites\/5\/2022\/07\/El-personal-de-salud-y-comites-de-emergencia-del-IGSS-Julio-2022-10-630x420.jpg 630w, \/wp-content\/uploads\/sites\/5\/2022\/07\/El-personal-de-salud-y-comites-de-emergencia-del-IGSS-Julio-2022-10-300x200.jpg 300w, \/wp-content\/uploads\/sites\/5\/2022\/07\/El-personal-de-salud-y-comites-de-emergencia-del-IGSS-Julio-2022-10-768x512.jpg 768w, \/wp-content\/uploads\/sites\/5\/2022\/07\/El-personal-de-salud-y-comites-de-emergencia-del-IGSS-Julio-2022-10-1024x683.jpg 1024w, \/wp-content\/uploads\/sites\/5\/2022\/07\/El-personal-de-salud-y-comites-de-emergencia-del-IGSS-Julio-2022-10-696x464.jpg 696w, \/wp-content\/uploads\/sites\/5\/2022\/07\/El-personal-de-salud-y-comites-de-emergencia-del-IGSS-Julio-2022-10-1068x712.jpg 1068w, \/wp-content\/uploads\/sites\/5\/2022\/07\/El-personal-de-salud-y-comites-de-emergencia-del-IGSS-Julio-2022-10-534x356.jpg 534w, \/wp-content\/uploads\/sites\/5\/2022\/07\/El-personal-de-salud-y-comites-de-emergencia-del-IGSS-Julio-2022-10.jpg 1500w\" sizes=\"(max-width: 630px) 100vw, 630px\" alt=\"\">\r\n                            <\/a>\r\n                            \r\n                        <\/figure>\r\n                    <\/div>\r\n                    <div class = \"td-slide-item td-item4\">\r\n                        <figure class=\"td-slide-galery-figure td-slide-popup-gallery\">\r\n                            <a class=\"slide-gallery-image-link\" href=\"\/wp-content\/uploads\/sites\/5\/2022\/07\/El-personal-de-salud-y-comites-de-emergencia-del-IGSS-Julio-2022-6.jpg\" title=\"El personal de salud y comites de emergencia del IGSS Julio 2022-6\"  data-caption=\"\"  data-description=\"\">\r\n                                <img decoding=\"async\" src=\"\/wp-content\/uploads\/sites\/5\/2022\/07\/El-personal-de-salud-y-comites-de-emergencia-del-IGSS-Julio-2022-6-630x420.jpg\" srcset=\"\/wp-content\/uploads\/sites\/5\/2022\/07\/El-personal-de-salud-y-comites-de-emergencia-del-IGSS-Julio-2022-6-630x420.jpg 630w, \/wp-content\/uploads\/sites\/5\/2022\/07\/El-personal-de-salud-y-comites-de-emergencia-del-IGSS-Julio-2022-6-300x200.jpg 300w, \/wp-content\/uploads\/sites\/5\/2022\/07\/El-personal-de-salud-y-comites-de-emergencia-del-IGSS-Julio-2022-6-768x512.jpg 768w, \/wp-content\/uploads\/sites\/5\/2022\/07\/El-personal-de-salud-y-comites-de-emergencia-del-IGSS-Julio-2022-6-1024x683.jpg 1024w, \/wp-content\/uploads\/sites\/5\/2022\/07\/El-personal-de-salud-y-comites-de-emergencia-del-IGSS-Julio-2022-6-696x464.jpg 696w, \/wp-content\/uploads\/sites\/5\/2022\/07\/El-personal-de-salud-y-comites-de-emergencia-del-IGSS-Julio-2022-6-1068x712.jpg 1068w, \/wp-content\/uploads\/sites\/5\/2022\/07\/El-personal-de-salud-y-comites-de-emergencia-del-IGSS-Julio-2022-6-534x356.jpg 534w, \/wp-content\/uploads\/sites\/5\/2022\/07\/El-personal-de-salud-y-comites-de-emergencia-del-IGSS-Julio-2022-6.jpg 1500w\" sizes=\"(max-width: 630px) 100vw, 630px\" alt=\"\">\r\n                            <\/a>\r\n                            \r\n                        <\/figure>\r\n                    <\/div>\r\n                    <div class = \"td-slide-item td-item5\">\r\n                        <figure class=\"td-slide-galery-figure td-slide-popup-gallery\">\r\n                            <a class=\"slide-gallery-image-link\" href=\"\/wp-content\/uploads\/sites\/5\/2022\/07\/El-personal-de-salud-y-comites-de-emergencia-del-IGSS-Julio-2022-7.jpg\" title=\"El personal de salud y comites de emergencia del IGSS Julio 2022-7\"  data-caption=\"\"  data-description=\"\">\r\n                                <img decoding=\"async\" src=\"\/wp-content\/uploads\/sites\/5\/2022\/07\/El-personal-de-salud-y-comites-de-emergencia-del-IGSS-Julio-2022-7-557x420.jpg\" srcset=\"\/wp-content\/uploads\/sites\/5\/2022\/07\/El-personal-de-salud-y-comites-de-emergencia-del-IGSS-Julio-2022-7-557x420.jpg 557w, \/wp-content\/uploads\/sites\/5\/2022\/07\/El-personal-de-salud-y-comites-de-emergencia-del-IGSS-Julio-2022-7-300x226.jpg 300w, \/wp-content\/uploads\/sites\/5\/2022\/07\/El-personal-de-salud-y-comites-de-emergencia-del-IGSS-Julio-2022-7-768x579.jpg 768w, \/wp-content\/uploads\/sites\/5\/2022\/07\/El-personal-de-salud-y-comites-de-emergencia-del-IGSS-Julio-2022-7-1024x772.jpg 1024w, \/wp-content\/uploads\/sites\/5\/2022\/07\/El-personal-de-salud-y-comites-de-emergencia-del-IGSS-Julio-2022-7-80x60.jpg 80w, \/wp-content\/uploads\/sites\/5\/2022\/07\/El-personal-de-salud-y-comites-de-emergencia-del-IGSS-Julio-2022-7-696x525.jpg 696w, \/wp-content\/uploads\/sites\/5\/2022\/07\/El-personal-de-salud-y-comites-de-emergencia-del-IGSS-Julio-2022-7-1068x805.jpg 1068w, \/wp-content\/uploads\/sites\/5\/2022\/07\/El-personal-de-salud-y-comites-de-emergencia-del-IGSS-Julio-2022-7-534x403.jpg 534w, \/wp-content\/uploads\/sites\/5\/2022\/07\/El-personal-de-salud-y-comites-de-emergencia-del-IGSS-Julio-2022-7.jpg 1500w\" sizes=\"(max-width: 557px) 100vw, 557px\" alt=\"\">\r\n                            <\/a>\r\n                            \r\n                        <\/figure>\r\n                    <\/div>\r\n                    <div class = \"td-slide-item td-item6\">\r\n                        <figure class=\"td-slide-galery-figure td-slide-popup-gallery\">\r\n                            <a class=\"slide-gallery-image-link\" href=\"\/wp-content\/uploads\/sites\/5\/2022\/07\/El-personal-de-salud-y-comites-de-emergencia-del-IGSS-Julio-2022-2.jpg\" title=\"El personal de salud y comites de emergencia del IGSS Julio 2022-2\"  data-caption=\"\"  data-description=\"\">\r\n                                <img decoding=\"async\" src=\"\/wp-content\/uploads\/sites\/5\/2022\/07\/El-personal-de-salud-y-comites-de-emergencia-del-IGSS-Julio-2022-2-630x420.jpg\" srcset=\"\/wp-content\/uploads\/sites\/5\/2022\/07\/El-personal-de-salud-y-comites-de-emergencia-del-IGSS-Julio-2022-2-630x420.jpg 630w, \/wp-content\/uploads\/sites\/5\/2022\/07\/El-personal-de-salud-y-comites-de-emergencia-del-IGSS-Julio-2022-2-300x200.jpg 300w, \/wp-content\/uploads\/sites\/5\/2022\/07\/El-personal-de-salud-y-comites-de-emergencia-del-IGSS-Julio-2022-2-768x512.jpg 768w, \/wp-content\/uploads\/sites\/5\/2022\/07\/El-personal-de-salud-y-comites-de-emergencia-del-IGSS-Julio-2022-2-1024x683.jpg 1024w, \/wp-content\/uploads\/sites\/5\/2022\/07\/El-personal-de-salud-y-comites-de-emergencia-del-IGSS-Julio-2022-2-696x464.jpg 696w, \/wp-content\/uploads\/sites\/5\/2022\/07\/El-personal-de-salud-y-comites-de-emergencia-del-IGSS-Julio-2022-2-1068x712.jpg 1068w, \/wp-content\/uploads\/sites\/5\/2022\/07\/El-personal-de-salud-y-comites-de-emergencia-del-IGSS-Julio-2022-2-534x356.jpg 534w, \/wp-content\/uploads\/sites\/5\/2022\/07\/El-personal-de-salud-y-comites-de-emergencia-del-IGSS-Julio-2022-2.jpg 1500w\" sizes=\"(max-width: 630px) 100vw, 630px\" alt=\"\">\r\n                            <\/a>\r\n                            \r\n                        <\/figure>\r\n                    <\/div>\r\n                    <div class = \"td-slide-item td-item7\">\r\n                        <figure class=\"td-slide-galery-figure td-slide-popup-gallery\">\r\n                            <a class=\"slide-gallery-image-link\" href=\"\/wp-content\/uploads\/sites\/5\/2022\/07\/El-personal-de-salud-y-comites-de-emergencia-del-IGSS-Julio-2022-3.jpg\" title=\"El personal de salud y comites de emergencia del IGSS Julio 2022-3\"  data-caption=\"\"  data-description=\"\">\r\n                                <img decoding=\"async\" src=\"\/wp-content\/uploads\/sites\/5\/2022\/07\/El-personal-de-salud-y-comites-de-emergencia-del-IGSS-Julio-2022-3-630x420.jpg\" srcset=\"\/wp-content\/uploads\/sites\/5\/2022\/07\/El-personal-de-salud-y-comites-de-emergencia-del-IGSS-Julio-2022-3-630x420.jpg 630w, \/wp-content\/uploads\/sites\/5\/2022\/07\/El-personal-de-salud-y-comites-de-emergencia-del-IGSS-Julio-2022-3-300x200.jpg 300w, \/wp-content\/uploads\/sites\/5\/2022\/07\/El-personal-de-salud-y-comites-de-emergencia-del-IGSS-Julio-2022-3-768x512.jpg 768w, \/wp-content\/uploads\/sites\/5\/2022\/07\/El-personal-de-salud-y-comites-de-emergencia-del-IGSS-Julio-2022-3-1024x683.jpg 1024w, \/wp-content\/uploads\/sites\/5\/2022\/07\/El-personal-de-salud-y-comites-de-emergencia-del-IGSS-Julio-2022-3-696x464.jpg 696w, \/wp-content\/uploads\/sites\/5\/2022\/07\/El-personal-de-salud-y-comites-de-emergencia-del-IGSS-Julio-2022-3-1068x712.jpg 1068w, \/wp-content\/uploads\/sites\/5\/2022\/07\/El-personal-de-salud-y-comites-de-emergencia-del-IGSS-Julio-2022-3-534x356.jpg 534w, \/wp-content\/uploads\/sites\/5\/2022\/07\/El-personal-de-salud-y-comites-de-emergencia-del-IGSS-Julio-2022-3.jpg 1500w\" sizes=\"(max-width: 630px) 100vw, 630px\" alt=\"\">\r\n                            <\/a>\r\n                            \r\n                        <\/figure>\r\n                    <\/div>\r\n                    <div class = \"td-slide-item td-item8\">\r\n                        <figure class=\"td-slide-galery-figure td-slide-popup-gallery\">\r\n                            <a class=\"slide-gallery-image-link\" href=\"\/wp-content\/uploads\/sites\/5\/2022\/07\/El-personal-de-salud-y-comites-de-emergencia-del-IGSS-Julio-2022-5.jpg\" title=\"El personal de salud y comites de emergencia del IGSS Julio 2022-5\"  data-caption=\"\"  data-description=\"\">\r\n                                <img decoding=\"async\" src=\"\/wp-content\/uploads\/sites\/5\/2022\/07\/El-personal-de-salud-y-comites-de-emergencia-del-IGSS-Julio-2022-5-630x420.jpg\" srcset=\"\/wp-content\/uploads\/sites\/5\/2022\/07\/El-personal-de-salud-y-comites-de-emergencia-del-IGSS-Julio-2022-5-630x420.jpg 630w, \/wp-content\/uploads\/sites\/5\/2022\/07\/El-personal-de-salud-y-comites-de-emergencia-del-IGSS-Julio-2022-5-300x200.jpg 300w, \/wp-content\/uploads\/sites\/5\/2022\/07\/El-personal-de-salud-y-comites-de-emergencia-del-IGSS-Julio-2022-5-768x512.jpg 768w, \/wp-content\/uploads\/sites\/5\/2022\/07\/El-personal-de-salud-y-comites-de-emergencia-del-IGSS-Julio-2022-5-1024x683.jpg 1024w, \/wp-content\/uploads\/sites\/5\/2022\/07\/El-personal-de-salud-y-comites-de-emergencia-del-IGSS-Julio-2022-5-696x464.jpg 696w, \/wp-content\/uploads\/sites\/5\/2022\/07\/El-personal-de-salud-y-comites-de-emergencia-del-IGSS-Julio-2022-5-1068x712.jpg 1068w, \/wp-content\/uploads\/sites\/5\/2022\/07\/El-personal-de-salud-y-comites-de-emergencia-del-IGSS-Julio-2022-5-534x356.jpg 534w, \/wp-content\/uploads\/sites\/5\/2022\/07\/El-personal-de-salud-y-comites-de-emergencia-del-IGSS-Julio-2022-5.jpg 1500w\" sizes=\"(max-width: 630px) 100vw, 630px\" alt=\"\">\r\n                            <\/a>\r\n                            \r\n                        <\/figure>\r\n                    <\/div>\r\n                    <div class = \"td-slide-item td-item9\">\r\n                        <figure class=\"td-slide-galery-figure td-slide-popup-gallery\">\r\n                            <a class=\"slide-gallery-image-link\" href=\"\/wp-content\/uploads\/sites\/5\/2022\/07\/El-personal-de-salud-y-comites-de-emergencia-del-IGSS-Julio-2022-13.jpg\" title=\"El personal de salud y comites de emergencia del IGSS Julio 2022-13\"  data-caption=\"\"  data-description=\"\">\r\n                                <img decoding=\"async\" src=\"\/wp-content\/uploads\/sites\/5\/2022\/07\/El-personal-de-salud-y-comites-de-emergencia-del-IGSS-Julio-2022-13-630x420.jpg\" srcset=\"\/wp-content\/uploads\/sites\/5\/2022\/07\/El-personal-de-salud-y-comites-de-emergencia-del-IGSS-Julio-2022-13-630x420.jpg 630w, \/wp-content\/uploads\/sites\/5\/2022\/07\/El-personal-de-salud-y-comites-de-emergencia-del-IGSS-Julio-2022-13-300x200.jpg 300w, \/wp-content\/uploads\/sites\/5\/2022\/07\/El-personal-de-salud-y-comites-de-emergencia-del-IGSS-Julio-2022-13-534x356.jpg 534w, \/wp-content\/uploads\/sites\/5\/2022\/07\/El-personal-de-salud-y-comites-de-emergencia-del-IGSS-Julio-2022-13.jpg 696w\" sizes=\"(max-width: 630px) 100vw, 630px\" alt=\"\">\r\n                            <\/a>\r\n                            \r\n                        <\/figure>\r\n                    <\/div>\r\n                    <div class = \"td-slide-item td-item10\">\r\n                        <figure class=\"td-slide-galery-figure td-slide-popup-gallery\">\r\n                            <a class=\"slide-gallery-image-link\" href=\"\/wp-content\/uploads\/sites\/5\/2022\/07\/El-personal-de-salud-y-comites-de-emergencia-del-IGSS-Julio-2022-15.jpg\" title=\"El personal de salud y comites de emergencia del IGSS Julio 2022-15\"  data-caption=\"\"  data-description=\"\">\r\n                                <img decoding=\"async\" src=\"\/wp-content\/uploads\/sites\/5\/2022\/07\/El-personal-de-salud-y-comites-de-emergencia-del-IGSS-Julio-2022-15-630x420.jpg\" srcset=\"\/wp-content\/uploads\/sites\/5\/2022\/07\/El-personal-de-salud-y-comites-de-emergencia-del-IGSS-Julio-2022-15-630x420.jpg 630w, \/wp-content\/uploads\/sites\/5\/2022\/07\/El-personal-de-salud-y-comites-de-emergencia-del-IGSS-Julio-2022-15-300x200.jpg 300w, \/wp-content\/uploads\/sites\/5\/2022\/07\/El-personal-de-salud-y-comites-de-emergencia-del-IGSS-Julio-2022-15-534x356.jpg 534w, \/wp-content\/uploads\/sites\/5\/2022\/07\/El-personal-de-salud-y-comites-de-emergencia-del-IGSS-Julio-2022-15.jpg 696w\" sizes=\"(max-width: 630px) 100vw, 630px\" alt=\"\">\r\n                            <\/a>\r\n                            \r\n                        <\/figure>\r\n                    <\/div>\r\n                    <div class = \"td-slide-item td-item11\">\r\n                        <figure class=\"td-slide-galery-figure td-slide-popup-gallery\">\r\n                            <a class=\"slide-gallery-image-link\" href=\"\/wp-content\/uploads\/sites\/5\/2022\/07\/El-personal-de-salud-y-comites-de-emergencia-del-IGSS-Julio-2022-17.jpg\" title=\"El personal de salud y comites de emergencia del IGSS Julio 2022-17\"  data-caption=\"\"  data-description=\"\">\r\n                                <img decoding=\"async\" src=\"\/wp-content\/uploads\/sites\/5\/2022\/07\/El-personal-de-salud-y-comites-de-emergencia-del-IGSS-Julio-2022-17-630x420.jpg\" srcset=\"\/wp-content\/uploads\/sites\/5\/2022\/07\/El-personal-de-salud-y-comites-de-emergencia-del-IGSS-Julio-2022-17-630x420.jpg 630w, \/wp-content\/uploads\/sites\/5\/2022\/07\/El-personal-de-salud-y-comites-de-emergencia-del-IGSS-Julio-2022-17-300x200.jpg 300w, \/wp-content\/uploads\/sites\/5\/2022\/07\/El-personal-de-salud-y-comites-de-emergencia-del-IGSS-Julio-2022-17-768x512.jpg 768w, \/wp-content\/uploads\/sites\/5\/2022\/07\/El-personal-de-salud-y-comites-de-emergencia-del-IGSS-Julio-2022-17-1024x683.jpg 1024w, \/wp-content\/uploads\/sites\/5\/2022\/07\/El-personal-de-salud-y-comites-de-emergencia-del-IGSS-Julio-2022-17-696x464.jpg 696w, \/wp-content\/uploads\/sites\/5\/2022\/07\/El-personal-de-salud-y-comites-de-emergencia-del-IGSS-Julio-2022-17-1068x712.jpg 1068w, \/wp-content\/uploads\/sites\/5\/2022\/07\/El-personal-de-salud-y-comites-de-emergencia-del-IGSS-Julio-2022-17-534x356.jpg 534w, \/wp-content\/uploads\/sites\/5\/2022\/07\/El-personal-de-salud-y-comites-de-emergencia-del-IGSS-Julio-2022-17.jpg 1500w\" sizes=\"(max-width: 630px) 100vw, 630px\" alt=\"\">\r\n                            <\/a>\r\n                            \r\n                        <\/figure>\r\n                    <\/div>\r\n                    <div class = \"td-slide-item td-item12\">\r\n                        <figure class=\"td-slide-galery-figure td-slide-popup-gallery\">\r\n                            <a class=\"slide-gallery-image-link\" href=\"\/wp-content\/uploads\/sites\/5\/2022\/07\/El-personal-de-salud-y-comites-de-emergencia-del-IGSS-Julio-2022-1.jpg\" title=\"El personal de salud y comites de emergencia del IGSS Julio 2022-1\"  data-caption=\"\"  data-description=\"\">\r\n                                <img decoding=\"async\" src=\"\/wp-content\/uploads\/sites\/5\/2022\/07\/El-personal-de-salud-y-comites-de-emergencia-del-IGSS-Julio-2022-1-630x420.jpg\" srcset=\"\/wp-content\/uploads\/sites\/5\/2022\/07\/El-personal-de-salud-y-comites-de-emergencia-del-IGSS-Julio-2022-1-630x420.jpg 630w, \/wp-content\/uploads\/sites\/5\/2022\/07\/El-personal-de-salud-y-comites-de-emergencia-del-IGSS-Julio-2022-1-300x200.jpg 300w, \/wp-content\/uploads\/sites\/5\/2022\/07\/El-personal-de-salud-y-comites-de-emergencia-del-IGSS-Julio-2022-1-768x512.jpg 768w, \/wp-content\/uploads\/sites\/5\/2022\/07\/El-personal-de-salud-y-comites-de-emergencia-del-IGSS-Julio-2022-1-1024x683.jpg 1024w, \/wp-content\/uploads\/sites\/5\/2022\/07\/El-personal-de-salud-y-comites-de-emergencia-del-IGSS-Julio-2022-1-696x464.jpg 696w, \/wp-content\/uploads\/sites\/5\/2022\/07\/El-personal-de-salud-y-comites-de-emergencia-del-IGSS-Julio-2022-1-1068x712.jpg 1068w, \/wp-content\/uploads\/sites\/5\/2022\/07\/El-personal-de-salud-y-comites-de-emergencia-del-IGSS-Julio-2022-1-534x356.jpg 534w, \/wp-content\/uploads\/sites\/5\/2022\/07\/El-personal-de-salud-y-comites-de-emergencia-del-IGSS-Julio-2022-1.jpg 1500w\" sizes=\"(max-width: 630px) 100vw, 630px\" alt=\"\">\r\n                            <\/a>\r\n                            \r\n                        <\/figure>\r\n                    <\/div>\r\n                            <\/div>\r\n                        <\/div>\r\n\r\n                        <div class = \"td-doubleSlider-2\">\r\n                            <div class = \"td-slider\">\r\n                                \r\n                    <div class = \"td-button td-item1\">\r\n                        <div class = \"td-border\"><\/div>\r\n                    <\/div>\r\n                    <div class = \"td-button td-item2\">\r\n                        <div class = \"td-border\"><\/div>\r\n                    <\/div>\r\n                    <div class = \"td-button td-item3\">\r\n                        <div class = \"td-border\"><\/div>\r\n                    <\/div>\r\n                    <div class = \"td-button td-item4\">\r\n                        <div class = \"td-border\"><\/div>\r\n                    <\/div>\r\n                    <div class = \"td-button td-item5\">\r\n                        <div class = \"td-border\"><\/div>\r\n                    <\/div>\r\n                    <div class = \"td-button td-item6\">\r\n                        <div class = \"td-border\"><\/div>\r\n                    <\/div>\r\n                    <div class = \"td-button td-item7\">\r\n                        <div class = \"td-border\"><\/div>\r\n                    <\/div>\r\n                    <div class = \"td-button td-item8\">\r\n                        <div class = \"td-border\"><\/div>\r\n                    <\/div>\r\n                    <div class = \"td-button td-item9\">\r\n                        <div class = \"td-border\"><\/div>\r\n                    <\/div>\r\n                    <div class = \"td-button td-item10\">\r\n                        <div class = \"td-border\"><\/div>\r\n                    <\/div>\r\n                    <div class = \"td-button td-item11\">\r\n                        <div class = \"td-border\"><\/div>\r\n                    <\/div>\r\n                    <div class = \"td-button td-item12\">\r\n                        <div class = \"td-border\"><\/div>\r\n                    <\/div>\r\n                            <\/div>\r\n                        <\/div>\r\n\r\n                    <\/div>\r\n\r\n                <\/div>\r\n                \n","protected":false},"excerpt":{"rendered":"<p>El Instituto Guatemalteco de Seguridad Social (IGSS) se declar\u00f3 en alerta roja en todas las unidades m\u00e9dicas de la instituci\u00f3n ante el aumento considerable de casos sospechosos y positivos de COVID-19, por lo que suspendi\u00f3 de manera temporal las visitas presenciales de familiares de pacientes internados en los hospitales de las \u00e1reas metropolitana y departamental. [&hellip;]<\/p>\n","protected":false},"author":1961,"featured_media":28772,"comment_status":"closed","ping_status":"closed","sticky":false,"template":"","format":"standard","meta":{"footnotes":""},"categories":[3,15],"tags":[1479,1155,648],"coauthors":[],"class_list":{"0":"post-28764","1":"post","2":"type-post","3":"status-publish","4":"format-standard","5":"has-post-thumbnail","7":"category-actualidad","8":"category-destacado","9":"tag-clinicas-de-atencion-24-horas","10":"tag-covid-19","11":"tag-mspas"},"_links":{"self":[{"href":"https:\/\/www.igssgt.org\/noticias\/wp-json\/wp\/v2\/posts\/28764","targetHints":{"allow":["GET"]}}],"collection":[{"href":"https:\/\/www.igssgt.org\/noticias\/wp-json\/wp\/v2\/posts"}],"about":[{"href":"https:\/\/www.igssgt.org\/noticias\/wp-json\/wp\/v2\/types\/post"}],"author":[{"embeddable":true,"href":"https:\/\/www.igssgt.org\/noticias\/wp-json\/wp\/v2\/users\/1961"}],"replies":[{"embeddable":true,"href":"https:\/\/www.igssgt.org\/noticias\/wp-json\/wp\/v2\/comments?post=28764"}],"version-history":[{"count":7,"href":"https:\/\/www.igssgt.org\/noticias\/wp-json\/wp\/v2\/posts\/28764\/revisions"}],"predecessor-version":[{"id":28826,"href":"https:\/\/www.igssgt.org\/noticias\/wp-json\/wp\/v2\/posts\/28764\/revisions\/28826"}],"wp:featuredmedia":[{"embeddable":true,"href":"https:\/\/www.igssgt.org\/noticias\/wp-json\/wp\/v2\/media\/28772"}],"wp:attachment":[{"href":"https:\/\/www.igssgt.org\/noticias\/wp-json\/wp\/v2\/media?parent=28764"}],"wp:term":[{"taxonomy":"category","embeddable":true,"href":"https:\/\/www.igssgt.org\/noticias\/wp-json\/wp\/v2\/categories?post=28764"},{"taxonomy":"post_tag","embeddable":true,"href":"https:\/\/www.igssgt.org\/noticias\/wp-json\/wp\/v2\/tags?post=28764"},{"taxonomy":"author","embeddable":true,"href":"https:\/\/www.igssgt.org\/noticias\/wp-json\/wp\/v2\/coauthors?post=28764"}],"curies":[{"name":"wp","href":"https:\/\/api.w.org\/{rel}","templated":true}]}}