{"id":28828,"date":"2022-07-14T12:52:39","date_gmt":"2022-07-14T18:52:39","guid":{"rendered":"https:\/\/www.igssgt.org\/noticias\/?p=28828"},"modified":"2022-07-14T12:52:44","modified_gmt":"2022-07-14T18:52:44","slug":"medicos-especialistas-reciben-capacitacion-en-toma-de-biopsias-de-tejido-mamario","status":"publish","type":"post","link":"https:\/\/www.igssgt.org\/noticias\/2022\/07\/14\/medicos-especialistas-reciben-capacitacion-en-toma-de-biopsias-de-tejido-mamario\/","title":{"rendered":"M\u00e9dicos especialistas reciben capacitaci\u00f3n en toma de biopsias de tejido mamario"},"content":{"rendered":"\n<p class=\"has-drop-cap\">En el Hospital General de Quetzaltenango del IGSS, m\u00e9dicos especialistas del Departamento de Ginecolog\u00eda fueron capacitados durante tres d\u00edas sobre la t\u00e9cnica de la toma de biopsias con aguja gruesa, o trucut, y biopsias por aspiraci\u00f3n con aguja fina aplicables a masas en mama. Esta capacitaci\u00f3n fue organizada por la jefe del Departamento de Ginecolog\u00eda y Obstetricia, Orfa G\u00f3mez, en coordinaci\u00f3n con Capacitaci\u00f3n y Desarrollo de este centro asistencial.<\/p>\n\n\n\n<p><a href=\"https:\/\/www.igssgt.org\/noticias\/2022\/07\/14\/medicos-especialistas-reciben-capacitacion-en-toma-de-biopsias-de-tejido-mamario\/capacitacion-en-toma-de-biopsias-de-tejido-mamario-julio-2022-6\/\" target=\"_blank\" rel=\"attachment noopener wp-att-28835\"><img loading=\"lazy\" decoding=\"async\" class=\"alignnone wp-image-28835 size-full\" src=\"\/wp-content\/uploads\/sites\/5\/2022\/07\/Capacitacion-en-toma-de-biopsias-de-tejido-mamario-Julio-2022-6.jpg\" alt=\"\" width=\"1280\" height=\"853\" srcset=\"\/wp-content\/uploads\/sites\/5\/2022\/07\/Capacitacion-en-toma-de-biopsias-de-tejido-mamario-Julio-2022-6.jpg 1280w, \/wp-content\/uploads\/sites\/5\/2022\/07\/Capacitacion-en-toma-de-biopsias-de-tejido-mamario-Julio-2022-6-300x200.jpg 300w, \/wp-content\/uploads\/sites\/5\/2022\/07\/Capacitacion-en-toma-de-biopsias-de-tejido-mamario-Julio-2022-6-768x512.jpg 768w, \/wp-content\/uploads\/sites\/5\/2022\/07\/Capacitacion-en-toma-de-biopsias-de-tejido-mamario-Julio-2022-6-1024x682.jpg 1024w, \/wp-content\/uploads\/sites\/5\/2022\/07\/Capacitacion-en-toma-de-biopsias-de-tejido-mamario-Julio-2022-6-630x420.jpg 630w, \/wp-content\/uploads\/sites\/5\/2022\/07\/Capacitacion-en-toma-de-biopsias-de-tejido-mamario-Julio-2022-6-696x464.jpg 696w, \/wp-content\/uploads\/sites\/5\/2022\/07\/Capacitacion-en-toma-de-biopsias-de-tejido-mamario-Julio-2022-6-1068x712.jpg 1068w, \/wp-content\/uploads\/sites\/5\/2022\/07\/Capacitacion-en-toma-de-biopsias-de-tejido-mamario-Julio-2022-6-534x356.jpg 534w\" sizes=\"auto, (max-width: 1280px) 100vw, 1280px\" \/><\/a><\/p>\n<p>Las biopsias son procedimientos en los cuales se extrae una peque\u00f1a muestra de tejido mamario para realizar pruebas cuando por medio de autoevaluaci\u00f3n se han detectado masas en mama y se ha procedido a hacer ultrasonidos o mamograf\u00edas por sospecha de c\u00e1ncer.<\/p>\n<blockquote>\n<p>Las biopsias son procedimientos en los cuales se extrae una peque\u00f1a muestra de tejido mamario.<\/p>\n<\/blockquote>\n<p>La biopsia con aguja trucut consiste en extraer fragmentos de tejido mamario con una aguja con resorte autom\u00e1tico que mueve r\u00e1pidamente la aguja de adentro hacia afuera del tejido, mientras que con la biopsia por aspiraci\u00f3n con aguja fina se obtiene una muestra de c\u00e9lulas por medio de aspiraci\u00f3n con una aguja adherida a una jeringa la cual se introduce en la masa en la que puede haber c\u00e1ncer.<\/p>\n<p>En esta unidad hospitalaria ha ido increment\u00e1ndose la demanda de servicios de ginecolog\u00eda y obstetricia, por ello se ha adquirido equipo para toma de muestras. <\/p>\n\n\n\n\r\n                <style type=\"text\/css\">\r\n                    \r\n                    #tdi_1  .td-doubleSlider-2 .td-item1 {\r\n                        background: url(\/wp-content\/uploads\/sites\/5\/2022\/07\/Capacitacion-en-toma-de-biopsias-de-tejido-mamario-Julio-2022-7-80x60.jpg) 0 0 no-repeat;\r\n                    }\r\n                    #tdi_1  .td-doubleSlider-2 .td-item2 {\r\n                        background: url(\/wp-content\/uploads\/sites\/5\/2022\/07\/Capacitacion-en-toma-de-biopsias-de-tejido-mamario-Julio-2022-1-80x60.jpg) 0 0 no-repeat;\r\n                    }\r\n                    #tdi_1  .td-doubleSlider-2 .td-item3 {\r\n                        background: url(\/wp-content\/uploads\/sites\/5\/2022\/07\/Capacitacion-en-toma-de-biopsias-de-tejido-mamario-Julio-2022-4-80x60.jpg) 0 0 no-repeat;\r\n                    }\r\n                    #tdi_1  .td-doubleSlider-2 .td-item4 {\r\n                        background: url(\/wp-content\/uploads\/sites\/5\/2022\/07\/Capacitacion-en-toma-de-biopsias-de-tejido-mamario-Julio-2022-2-80x60.jpg) 0 0 no-repeat;\r\n                    }\r\n                    #tdi_1  .td-doubleSlider-2 .td-item5 {\r\n                        background: url(\/wp-content\/uploads\/sites\/5\/2022\/07\/Capacitacion-en-toma-de-biopsias-de-tejido-mamario-Julio-2022-8-80x60.jpg) 0 0 no-repeat;\r\n                    }\r\n                    #tdi_1  .td-doubleSlider-2 .td-item6 {\r\n                        background: url(\/wp-content\/uploads\/sites\/5\/2022\/07\/Capacitacion-en-toma-de-biopsias-de-tejido-mamario-Julio-2022-3-80x60.jpg) 0 0 no-repeat;\r\n                    }\r\n                <\/style>\r\n\r\n                <div id=\"tdi_1\" class=\"td-gallery td-slide-on-2-columns\">\r\n                    <div class=\"post_td_gallery\">\r\n                        <div class=\"td-gallery-slide-top\">\r\n                           <div class=\"td-gallery-title\"><\/div>\r\n\r\n                            <div class=\"td-gallery-controls-wrapper\">\r\n                                <div class=\"td-gallery-slide-count\"><span class=\"td-gallery-slide-item-focus\">1<\/span> de 6<\/div>\r\n                                <div class=\"td-gallery-slide-prev-next-but\">\r\n                                    <i class = \"td-icon-left doubleSliderPrevButton\"><\/i>\r\n                                    <i class = \"td-icon-right doubleSliderNextButton\"><\/i>\r\n                                <\/div>\r\n                            <\/div>\r\n                        <\/div>\r\n\r\n                        <div class = \"td-doubleSlider-1 \">\r\n                            <div class = \"td-slider\">\r\n                                \r\n                    <div class = \"td-slide-item td-item1\">\r\n                        <figure class=\"td-slide-galery-figure td-slide-popup-gallery\">\r\n                            <a class=\"slide-gallery-image-link\" href=\"\/wp-content\/uploads\/sites\/5\/2022\/07\/Capacitacion-en-toma-de-biopsias-de-tejido-mamario-Julio-2022-7.jpg\" title=\"Capacitacion en toma de biopsias de tejido mamario Julio 2022-7\"  data-caption=\"\"  data-description=\"\">\r\n                                <img decoding=\"async\" src=\"\/wp-content\/uploads\/sites\/5\/2022\/07\/Capacitacion-en-toma-de-biopsias-de-tejido-mamario-Julio-2022-7-630x420.jpg\" srcset=\"\/wp-content\/uploads\/sites\/5\/2022\/07\/Capacitacion-en-toma-de-biopsias-de-tejido-mamario-Julio-2022-7-630x420.jpg 630w, \/wp-content\/uploads\/sites\/5\/2022\/07\/Capacitacion-en-toma-de-biopsias-de-tejido-mamario-Julio-2022-7-300x200.jpg 300w, \/wp-content\/uploads\/sites\/5\/2022\/07\/Capacitacion-en-toma-de-biopsias-de-tejido-mamario-Julio-2022-7-768x512.jpg 768w, \/wp-content\/uploads\/sites\/5\/2022\/07\/Capacitacion-en-toma-de-biopsias-de-tejido-mamario-Julio-2022-7-1024x682.jpg 1024w, \/wp-content\/uploads\/sites\/5\/2022\/07\/Capacitacion-en-toma-de-biopsias-de-tejido-mamario-Julio-2022-7-696x464.jpg 696w, \/wp-content\/uploads\/sites\/5\/2022\/07\/Capacitacion-en-toma-de-biopsias-de-tejido-mamario-Julio-2022-7-1068x712.jpg 1068w, \/wp-content\/uploads\/sites\/5\/2022\/07\/Capacitacion-en-toma-de-biopsias-de-tejido-mamario-Julio-2022-7-534x356.jpg 534w, \/wp-content\/uploads\/sites\/5\/2022\/07\/Capacitacion-en-toma-de-biopsias-de-tejido-mamario-Julio-2022-7.jpg 1280w\" sizes=\"(max-width: 630px) 100vw, 630px\" alt=\"\">\r\n                            <\/a>\r\n                            \r\n                        <\/figure>\r\n                    <\/div>\r\n                    <div class = \"td-slide-item td-item2\">\r\n                        <figure class=\"td-slide-galery-figure td-slide-popup-gallery\">\r\n                            <a class=\"slide-gallery-image-link\" href=\"\/wp-content\/uploads\/sites\/5\/2022\/07\/Capacitacion-en-toma-de-biopsias-de-tejido-mamario-Julio-2022-1.jpg\" title=\"Capacitacion en toma de biopsias de tejido mamario Julio 2022-1\"  data-caption=\"\"  data-description=\"\">\r\n                                <img decoding=\"async\" src=\"\/wp-content\/uploads\/sites\/5\/2022\/07\/Capacitacion-en-toma-de-biopsias-de-tejido-mamario-Julio-2022-1-638x420.jpg\" srcset=\"\/wp-content\/uploads\/sites\/5\/2022\/07\/Capacitacion-en-toma-de-biopsias-de-tejido-mamario-Julio-2022-1-638x420.jpg 638w, \/wp-content\/uploads\/sites\/5\/2022\/07\/Capacitacion-en-toma-de-biopsias-de-tejido-mamario-Julio-2022-1-300x197.jpg 300w, \/wp-content\/uploads\/sites\/5\/2022\/07\/Capacitacion-en-toma-de-biopsias-de-tejido-mamario-Julio-2022-1-768x505.jpg 768w, \/wp-content\/uploads\/sites\/5\/2022\/07\/Capacitacion-en-toma-de-biopsias-de-tejido-mamario-Julio-2022-1-1024x674.jpg 1024w, \/wp-content\/uploads\/sites\/5\/2022\/07\/Capacitacion-en-toma-de-biopsias-de-tejido-mamario-Julio-2022-1-696x458.jpg 696w, \/wp-content\/uploads\/sites\/5\/2022\/07\/Capacitacion-en-toma-de-biopsias-de-tejido-mamario-Julio-2022-1-1068x703.jpg 1068w, \/wp-content\/uploads\/sites\/5\/2022\/07\/Capacitacion-en-toma-de-biopsias-de-tejido-mamario-Julio-2022-1-534x351.jpg 534w, \/wp-content\/uploads\/sites\/5\/2022\/07\/Capacitacion-en-toma-de-biopsias-de-tejido-mamario-Julio-2022-1.jpg 1280w\" sizes=\"(max-width: 638px) 100vw, 638px\" alt=\"\">\r\n                            <\/a>\r\n                            \r\n                        <\/figure>\r\n                    <\/div>\r\n                    <div class = \"td-slide-item td-item3\">\r\n                        <figure class=\"td-slide-galery-figure td-slide-popup-gallery\">\r\n                            <a class=\"slide-gallery-image-link\" href=\"\/wp-content\/uploads\/sites\/5\/2022\/07\/Capacitacion-en-toma-de-biopsias-de-tejido-mamario-Julio-2022-4.jpg\" title=\"Capacitacion en toma de biopsias de tejido mamario Julio 2022-4\"  data-caption=\"\"  data-description=\"\">\r\n                                <img decoding=\"async\" src=\"\/wp-content\/uploads\/sites\/5\/2022\/07\/Capacitacion-en-toma-de-biopsias-de-tejido-mamario-Julio-2022-4-560x420.jpg\" srcset=\"\/wp-content\/uploads\/sites\/5\/2022\/07\/Capacitacion-en-toma-de-biopsias-de-tejido-mamario-Julio-2022-4-560x420.jpg 560w, \/wp-content\/uploads\/sites\/5\/2022\/07\/Capacitacion-en-toma-de-biopsias-de-tejido-mamario-Julio-2022-4-300x225.jpg 300w, \/wp-content\/uploads\/sites\/5\/2022\/07\/Capacitacion-en-toma-de-biopsias-de-tejido-mamario-Julio-2022-4-768x576.jpg 768w, \/wp-content\/uploads\/sites\/5\/2022\/07\/Capacitacion-en-toma-de-biopsias-de-tejido-mamario-Julio-2022-4-1024x768.jpg 1024w, \/wp-content\/uploads\/sites\/5\/2022\/07\/Capacitacion-en-toma-de-biopsias-de-tejido-mamario-Julio-2022-4-1536x1152.jpg 1536w, \/wp-content\/uploads\/sites\/5\/2022\/07\/Capacitacion-en-toma-de-biopsias-de-tejido-mamario-Julio-2022-4-80x60.jpg 80w, \/wp-content\/uploads\/sites\/5\/2022\/07\/Capacitacion-en-toma-de-biopsias-de-tejido-mamario-Julio-2022-4-696x522.jpg 696w, \/wp-content\/uploads\/sites\/5\/2022\/07\/Capacitacion-en-toma-de-biopsias-de-tejido-mamario-Julio-2022-4-1068x801.jpg 1068w, \/wp-content\/uploads\/sites\/5\/2022\/07\/Capacitacion-en-toma-de-biopsias-de-tejido-mamario-Julio-2022-4-265x198.jpg 265w, \/wp-content\/uploads\/sites\/5\/2022\/07\/Capacitacion-en-toma-de-biopsias-de-tejido-mamario-Julio-2022-4-534x401.jpg 534w, \/wp-content\/uploads\/sites\/5\/2022\/07\/Capacitacion-en-toma-de-biopsias-de-tejido-mamario-Julio-2022-4.jpg 1600w\" sizes=\"(max-width: 560px) 100vw, 560px\" alt=\"\">\r\n                            <\/a>\r\n                            \r\n                        <\/figure>\r\n                    <\/div>\r\n                    <div class = \"td-slide-item td-item4\">\r\n                        <figure class=\"td-slide-galery-figure td-slide-popup-gallery\">\r\n                            <a class=\"slide-gallery-image-link\" href=\"\/wp-content\/uploads\/sites\/5\/2022\/07\/Capacitacion-en-toma-de-biopsias-de-tejido-mamario-Julio-2022-2.jpg\" title=\"Capacitacion en toma de biopsias de tejido mamario Julio 2022-2\"  data-caption=\"\"  data-description=\"\">\r\n                                <img decoding=\"async\" src=\"\/wp-content\/uploads\/sites\/5\/2022\/07\/Capacitacion-en-toma-de-biopsias-de-tejido-mamario-Julio-2022-2-630x420.jpg\" srcset=\"\/wp-content\/uploads\/sites\/5\/2022\/07\/Capacitacion-en-toma-de-biopsias-de-tejido-mamario-Julio-2022-2-630x420.jpg 630w, \/wp-content\/uploads\/sites\/5\/2022\/07\/Capacitacion-en-toma-de-biopsias-de-tejido-mamario-Julio-2022-2-300x200.jpg 300w, \/wp-content\/uploads\/sites\/5\/2022\/07\/Capacitacion-en-toma-de-biopsias-de-tejido-mamario-Julio-2022-2-768x512.jpg 768w, \/wp-content\/uploads\/sites\/5\/2022\/07\/Capacitacion-en-toma-de-biopsias-de-tejido-mamario-Julio-2022-2-1024x682.jpg 1024w, \/wp-content\/uploads\/sites\/5\/2022\/07\/Capacitacion-en-toma-de-biopsias-de-tejido-mamario-Julio-2022-2-696x464.jpg 696w, \/wp-content\/uploads\/sites\/5\/2022\/07\/Capacitacion-en-toma-de-biopsias-de-tejido-mamario-Julio-2022-2-1068x712.jpg 1068w, \/wp-content\/uploads\/sites\/5\/2022\/07\/Capacitacion-en-toma-de-biopsias-de-tejido-mamario-Julio-2022-2-534x356.jpg 534w, \/wp-content\/uploads\/sites\/5\/2022\/07\/Capacitacion-en-toma-de-biopsias-de-tejido-mamario-Julio-2022-2.jpg 1280w\" sizes=\"(max-width: 630px) 100vw, 630px\" alt=\"\">\r\n                            <\/a>\r\n                            \r\n                        <\/figure>\r\n                    <\/div>\r\n                    <div class = \"td-slide-item td-item5\">\r\n                        <figure class=\"td-slide-galery-figure td-slide-popup-gallery\">\r\n                            <a class=\"slide-gallery-image-link\" href=\"\/wp-content\/uploads\/sites\/5\/2022\/07\/Capacitacion-en-toma-de-biopsias-de-tejido-mamario-Julio-2022-8.jpg\" title=\"Capacitacion en toma de biopsias de tejido mamario Julio 2022-8\"  data-caption=\"\"  data-description=\"\">\r\n                                <img decoding=\"async\" src=\"\/wp-content\/uploads\/sites\/5\/2022\/07\/Capacitacion-en-toma-de-biopsias-de-tejido-mamario-Julio-2022-8-630x420.jpg\" srcset=\"\/wp-content\/uploads\/sites\/5\/2022\/07\/Capacitacion-en-toma-de-biopsias-de-tejido-mamario-Julio-2022-8-630x420.jpg 630w, \/wp-content\/uploads\/sites\/5\/2022\/07\/Capacitacion-en-toma-de-biopsias-de-tejido-mamario-Julio-2022-8-300x200.jpg 300w, \/wp-content\/uploads\/sites\/5\/2022\/07\/Capacitacion-en-toma-de-biopsias-de-tejido-mamario-Julio-2022-8-768x512.jpg 768w, \/wp-content\/uploads\/sites\/5\/2022\/07\/Capacitacion-en-toma-de-biopsias-de-tejido-mamario-Julio-2022-8-1024x682.jpg 1024w, \/wp-content\/uploads\/sites\/5\/2022\/07\/Capacitacion-en-toma-de-biopsias-de-tejido-mamario-Julio-2022-8-696x464.jpg 696w, \/wp-content\/uploads\/sites\/5\/2022\/07\/Capacitacion-en-toma-de-biopsias-de-tejido-mamario-Julio-2022-8-1068x712.jpg 1068w, \/wp-content\/uploads\/sites\/5\/2022\/07\/Capacitacion-en-toma-de-biopsias-de-tejido-mamario-Julio-2022-8-534x356.jpg 534w, \/wp-content\/uploads\/sites\/5\/2022\/07\/Capacitacion-en-toma-de-biopsias-de-tejido-mamario-Julio-2022-8.jpg 1280w\" sizes=\"(max-width: 630px) 100vw, 630px\" alt=\"\">\r\n                            <\/a>\r\n                            \r\n                        <\/figure>\r\n                    <\/div>\r\n                    <div class = \"td-slide-item td-item6\">\r\n                        <figure class=\"td-slide-galery-figure td-slide-popup-gallery\">\r\n                            <a class=\"slide-gallery-image-link\" href=\"\/wp-content\/uploads\/sites\/5\/2022\/07\/Capacitacion-en-toma-de-biopsias-de-tejido-mamario-Julio-2022-3.jpg\" title=\"Capacitacion en toma de biopsias de tejido mamario Julio 2022-3\"  data-caption=\"\"  data-description=\"\">\r\n                                <img decoding=\"async\" src=\"\/wp-content\/uploads\/sites\/5\/2022\/07\/Capacitacion-en-toma-de-biopsias-de-tejido-mamario-Julio-2022-3-721x420.jpg\" srcset=\"\/wp-content\/uploads\/sites\/5\/2022\/07\/Capacitacion-en-toma-de-biopsias-de-tejido-mamario-Julio-2022-3-721x420.jpg 721w, \/wp-content\/uploads\/sites\/5\/2022\/07\/Capacitacion-en-toma-de-biopsias-de-tejido-mamario-Julio-2022-3-300x175.jpg 300w, \/wp-content\/uploads\/sites\/5\/2022\/07\/Capacitacion-en-toma-de-biopsias-de-tejido-mamario-Julio-2022-3-768x447.jpg 768w, \/wp-content\/uploads\/sites\/5\/2022\/07\/Capacitacion-en-toma-de-biopsias-de-tejido-mamario-Julio-2022-3-1024x596.jpg 1024w, \/wp-content\/uploads\/sites\/5\/2022\/07\/Capacitacion-en-toma-de-biopsias-de-tejido-mamario-Julio-2022-3-696x405.jpg 696w, \/wp-content\/uploads\/sites\/5\/2022\/07\/Capacitacion-en-toma-de-biopsias-de-tejido-mamario-Julio-2022-3-1068x622.jpg 1068w, \/wp-content\/uploads\/sites\/5\/2022\/07\/Capacitacion-en-toma-de-biopsias-de-tejido-mamario-Julio-2022-3-534x311.jpg 534w, \/wp-content\/uploads\/sites\/5\/2022\/07\/Capacitacion-en-toma-de-biopsias-de-tejido-mamario-Julio-2022-3.jpg 1520w\" sizes=\"(max-width: 721px) 100vw, 721px\" alt=\"\">\r\n                            <\/a>\r\n                            \r\n                        <\/figure>\r\n                    <\/div>\r\n                            <\/div>\r\n                        <\/div>\r\n\r\n                        <div class = \"td-doubleSlider-2\">\r\n                            <div class = \"td-slider\">\r\n                                \r\n                    <div class = \"td-button td-item1\">\r\n                        <div class = \"td-border\"><\/div>\r\n                    <\/div>\r\n                    <div class = \"td-button td-item2\">\r\n                        <div class = \"td-border\"><\/div>\r\n                    <\/div>\r\n                    <div class = \"td-button td-item3\">\r\n                        <div class = \"td-border\"><\/div>\r\n                    <\/div>\r\n                    <div class = \"td-button td-item4\">\r\n                        <div class = \"td-border\"><\/div>\r\n                    <\/div>\r\n                    <div class = \"td-button td-item5\">\r\n                        <div class = \"td-border\"><\/div>\r\n                    <\/div>\r\n                    <div class = \"td-button td-item6\">\r\n                        <div class = \"td-border\"><\/div>\r\n                    <\/div>\r\n                            <\/div>\r\n                        <\/div>\r\n\r\n                    <\/div>\r\n\r\n                <\/div>\r\n                \n","protected":false},"excerpt":{"rendered":"<p>En el Hospital General de Quetzaltenango del IGSS, m\u00e9dicos especialistas del Departamento de Ginecolog\u00eda fueron capacitados durante tres d\u00edas sobre la t\u00e9cnica de la toma de biopsias con aguja gruesa, o trucut, y biopsias por aspiraci\u00f3n con aguja fina aplicables a masas en mama. Esta capacitaci\u00f3n fue organizada por la jefe del Departamento de Ginecolog\u00eda [&hellip;]<\/p>\n","protected":false},"author":1961,"featured_media":28834,"comment_status":"closed","ping_status":"closed","sticky":false,"template":"","format":"standard","meta":{"footnotes":""},"categories":[3],"tags":[157,1503,482],"coauthors":[],"class_list":{"0":"post-28828","1":"post","2":"type-post","3":"status-publish","4":"format-standard","5":"has-post-thumbnail","7":"category-actualidad","8":"tag-cancer-de-mama","9":"tag-ginecologia","10":"tag-hospital-general-de-quetzaltenango"},"_links":{"self":[{"href":"https:\/\/www.igssgt.org\/noticias\/wp-json\/wp\/v2\/posts\/28828","targetHints":{"allow":["GET"]}}],"collection":[{"href":"https:\/\/www.igssgt.org\/noticias\/wp-json\/wp\/v2\/posts"}],"about":[{"href":"https:\/\/www.igssgt.org\/noticias\/wp-json\/wp\/v2\/types\/post"}],"author":[{"embeddable":true,"href":"https:\/\/www.igssgt.org\/noticias\/wp-json\/wp\/v2\/users\/1961"}],"replies":[{"embeddable":true,"href":"https:\/\/www.igssgt.org\/noticias\/wp-json\/wp\/v2\/comments?post=28828"}],"version-history":[{"count":3,"href":"https:\/\/www.igssgt.org\/noticias\/wp-json\/wp\/v2\/posts\/28828\/revisions"}],"predecessor-version":[{"id":28840,"href":"https:\/\/www.igssgt.org\/noticias\/wp-json\/wp\/v2\/posts\/28828\/revisions\/28840"}],"wp:featuredmedia":[{"embeddable":true,"href":"https:\/\/www.igssgt.org\/noticias\/wp-json\/wp\/v2\/media\/28834"}],"wp:attachment":[{"href":"https:\/\/www.igssgt.org\/noticias\/wp-json\/wp\/v2\/media?parent=28828"}],"wp:term":[{"taxonomy":"category","embeddable":true,"href":"https:\/\/www.igssgt.org\/noticias\/wp-json\/wp\/v2\/categories?post=28828"},{"taxonomy":"post_tag","embeddable":true,"href":"https:\/\/www.igssgt.org\/noticias\/wp-json\/wp\/v2\/tags?post=28828"},{"taxonomy":"author","embeddable":true,"href":"https:\/\/www.igssgt.org\/noticias\/wp-json\/wp\/v2\/coauthors?post=28828"}],"curies":[{"name":"wp","href":"https:\/\/api.w.org\/{rel}","templated":true}]}}