{"id":28864,"date":"2022-07-18T13:16:18","date_gmt":"2022-07-18T19:16:18","guid":{"rendered":"https:\/\/www.igssgt.org\/noticias\/?p=28864"},"modified":"2022-07-19T17:11:24","modified_gmt":"2022-07-19T23:11:24","slug":"el-seguro-social-esta-vacunando-contra-la-hepatitis-a","status":"publish","type":"post","link":"https:\/\/www.igssgt.org\/noticias\/2022\/07\/18\/el-seguro-social-esta-vacunando-contra-la-hepatitis-a\/","title":{"rendered":"El Seguro Social est\u00e1 vacunando contra la hepatitis A"},"content":{"rendered":"\n<p class=\"has-drop-cap\">En la Pediatr\u00eda de la Unidad Perif\u00e9rica Zona 11 los padres de familia pueden llevar a sus ni\u00f1os mayores de un a\u00f1o para que se les vacune contra la hepatitis A. El IGSS, como parte de la prevenci\u00f3n, recalca la importancia de contar con estas vacunas tras emitirse una alerta epidemiol\u00f3gica internacional por la aparici\u00f3n de casos de hepatitis aguda grave, de origen desconocido, en ni\u00f1os menores de 10 a\u00f1os.<\/p>\n\n\n\n<p><a href=\"https:\/\/www.igssgt.org\/noticias\/?attachment_id=28870\" target=\"_blank\" rel=\"attachment noopener wp-att-28869\"><img loading=\"lazy\" decoding=\"async\" class=\"alignnone wp-image-28870 size-full\" src=\"\/wp-content\/uploads\/sites\/5\/2022\/07\/Hepatitis-A-Julio-2022-2.jpeg\" alt=\"\" width=\"884\" height=\"486\" srcset=\"\/wp-content\/uploads\/sites\/5\/2022\/07\/Hepatitis-A-Julio-2022-2.jpeg 884w, \/wp-content\/uploads\/sites\/5\/2022\/07\/Hepatitis-A-Julio-2022-2-300x165.jpeg 300w, \/wp-content\/uploads\/sites\/5\/2022\/07\/Hepatitis-A-Julio-2022-2-768x422.jpeg 768w, \/wp-content\/uploads\/sites\/5\/2022\/07\/Hepatitis-A-Julio-2022-2-764x420.jpeg 764w, \/wp-content\/uploads\/sites\/5\/2022\/07\/Hepatitis-A-Julio-2022-2-696x383.jpeg 696w, \/wp-content\/uploads\/sites\/5\/2022\/07\/Hepatitis-A-Julio-2022-2-534x294.jpeg 534w\" sizes=\"auto, (max-width: 884px) 100vw, 884px\" \/><\/a><\/p>\n<p>Para que se les vacune, se debe presentar en esta unidad m\u00e9dica el carn\u00e9 de citas y de vacunaci\u00f3n, pasar por la secci\u00f3n de peso y talla, evaluaci\u00f3n pedi\u00e1trica y luego se les traslada al \u00e1rea de vacunaci\u00f3n, explic\u00f3 Pamela G\u00f3mez, enfermera del \u00e1rea hipod\u00e9rmica de este centro asistencial.<\/p>\n<table style=\"border-collapse: collapse;width: 100%\">\n<tbody>\n<tr>\n<td style=\"width: 50%;text-align: center;background-color: #f8fa9d\"><strong>A\u00d1O<\/strong><\/td>\n<td style=\"width: 50%;text-align: center;background-color: #f8fa9d\"><strong>DOSIS CONTRA HEPATITIS A<\/strong><\/td>\n<\/tr>\n<tr>\n<td style=\"width: 50%;text-align: center\">2019<\/td>\n<td style=\"width: 50%;text-align: center\">2,632<\/td>\n<\/tr>\n<tr>\n<td style=\"width: 50%;text-align: center\">2020<\/td>\n<td style=\"width: 50%;text-align: center\">1,831<\/td>\n<\/tr>\n<tr>\n<td style=\"width: 50%;text-align: center\">2021<\/td>\n<td style=\"width: 50%;text-align: center\">2,088<\/td>\n<\/tr>\n<tr>\n<td style=\"width: 50%;text-align: center\">Hasta abril 2022<\/td>\n<td style=\"width: 50%;text-align: center\">1,408<\/td>\n<\/tr>\n<\/tbody>\n<\/table>\n<p>El m\u00e9dico pediatra Giony Sandoval dijo que las reacciones adversas son eventuales, como dolor, enrojecimiento, endurecimiento e hinchaz\u00f3n en el lugar donde se ha puesto la inyecci\u00f3n.<\/p>\n<p><iframe loading=\"lazy\" title=\"El IGSS est\u00e1 vacunando contra la hepatitis A\" width=\"696\" height=\"392\" src=\"https:\/\/www.youtube.com\/embed\/XRLGJ9Rmaqo?feature=oembed\" frameborder=\"0\" allow=\"accelerometer; autoplay; clipboard-write; encrypted-media; gyroscope; picture-in-picture\" allowfullscreen><\/iframe><\/p>\n<h3><strong>\u00bfC\u00f3mo evitar la hepatitis A?<\/strong><\/h3>\n<ul>\n<li>Lavado de manos frecuente<\/li>\n<li>Desinfectar adecuadamente los alimentos<\/li>\n<li>Hervir el agua para consumo<\/li>\n<li>Limpieza constante de las \u00e1reas o superficies donde permanecen los ni\u00f1os<\/li>\n<\/ul>\n<blockquote>\n<p>El menor de edad al ser vacunado puede estar protegido contra la hepatitis A.<\/p>\n<\/blockquote>\n<p>En caso de s\u00edntomas de la enfermedad, como v\u00f3mitos, decaimiento y color amarillento en la piel, se debe consultar al m\u00e9dico o centro mas cercano.<\/p>\n<p><a href=\"https:\/\/www.igssgt.org\/noticias\/?attachment_id=28872\" rel=\"attachment wp-att-28870\"><img loading=\"lazy\" decoding=\"async\" class=\"alignnone wp-image-28872 size-full\" src=\"\/wp-content\/uploads\/sites\/5\/2022\/07\/Hepatitis-A-Julio-2022-3.jpeg\" alt=\"\" width=\"796\" height=\"432\" srcset=\"\/wp-content\/uploads\/sites\/5\/2022\/07\/Hepatitis-A-Julio-2022-3.jpeg 796w, \/wp-content\/uploads\/sites\/5\/2022\/07\/Hepatitis-A-Julio-2022-3-300x163.jpeg 300w, \/wp-content\/uploads\/sites\/5\/2022\/07\/Hepatitis-A-Julio-2022-3-768x417.jpeg 768w, \/wp-content\/uploads\/sites\/5\/2022\/07\/Hepatitis-A-Julio-2022-3-774x420.jpeg 774w, \/wp-content\/uploads\/sites\/5\/2022\/07\/Hepatitis-A-Julio-2022-3-696x378.jpeg 696w, \/wp-content\/uploads\/sites\/5\/2022\/07\/Hepatitis-A-Julio-2022-3-534x290.jpeg 534w\" sizes=\"auto, (max-width: 796px) 100vw, 796px\" \/><\/a><\/p>\n\n\n\n<p><\/p>\n","protected":false},"excerpt":{"rendered":"<p>En la Pediatr\u00eda de la Unidad Perif\u00e9rica Zona 11 los padres de familia pueden llevar a sus ni\u00f1os mayores de un a\u00f1o para que se les vacune contra la hepatitis A. El IGSS, como parte de la prevenci\u00f3n, recalca la importancia de contar con estas vacunas tras emitirse una alerta epidemiol\u00f3gica internacional por la aparici\u00f3n [&hellip;]<\/p>\n","protected":false},"author":1961,"featured_media":28869,"comment_status":"closed","ping_status":"closed","sticky":false,"template":"","format":"standard","meta":{"footnotes":""},"categories":[3],"tags":[66,470,1443],"coauthors":[],"class_list":{"0":"post-28864","1":"post","2":"type-post","3":"status-publish","4":"format-standard","5":"has-post-thumbnail","7":"category-actualidad","8":"tag-pediatria-del-igss","9":"tag-hepatitis","10":"tag-unidad-periferica-zona-11"},"_links":{"self":[{"href":"https:\/\/www.igssgt.org\/noticias\/wp-json\/wp\/v2\/posts\/28864","targetHints":{"allow":["GET"]}}],"collection":[{"href":"https:\/\/www.igssgt.org\/noticias\/wp-json\/wp\/v2\/posts"}],"about":[{"href":"https:\/\/www.igssgt.org\/noticias\/wp-json\/wp\/v2\/types\/post"}],"author":[{"embeddable":true,"href":"https:\/\/www.igssgt.org\/noticias\/wp-json\/wp\/v2\/users\/1961"}],"replies":[{"embeddable":true,"href":"https:\/\/www.igssgt.org\/noticias\/wp-json\/wp\/v2\/comments?post=28864"}],"version-history":[{"count":11,"href":"https:\/\/www.igssgt.org\/noticias\/wp-json\/wp\/v2\/posts\/28864\/revisions"}],"predecessor-version":[{"id":28892,"href":"https:\/\/www.igssgt.org\/noticias\/wp-json\/wp\/v2\/posts\/28864\/revisions\/28892"}],"wp:featuredmedia":[{"embeddable":true,"href":"https:\/\/www.igssgt.org\/noticias\/wp-json\/wp\/v2\/media\/28869"}],"wp:attachment":[{"href":"https:\/\/www.igssgt.org\/noticias\/wp-json\/wp\/v2\/media?parent=28864"}],"wp:term":[{"taxonomy":"category","embeddable":true,"href":"https:\/\/www.igssgt.org\/noticias\/wp-json\/wp\/v2\/categories?post=28864"},{"taxonomy":"post_tag","embeddable":true,"href":"https:\/\/www.igssgt.org\/noticias\/wp-json\/wp\/v2\/tags?post=28864"},{"taxonomy":"author","embeddable":true,"href":"https:\/\/www.igssgt.org\/noticias\/wp-json\/wp\/v2\/coauthors?post=28864"}],"curies":[{"name":"wp","href":"https:\/\/api.w.org\/{rel}","templated":true}]}}