{"id":29223,"date":"2022-08-04T11:00:00","date_gmt":"2022-08-04T17:00:00","guid":{"rendered":"https:\/\/www.igssgt.org\/noticias\/?p=29223"},"modified":"2022-08-16T15:29:11","modified_gmt":"2022-08-16T21:29:11","slug":"semana-de-la-nutricion-2022","status":"publish","type":"post","link":"https:\/\/www.igssgt.org\/noticias\/2022\/08\/04\/semana-de-la-nutricion-2022\/","title":{"rendered":"Semana de la Nutrici\u00f3n 2022"},"content":{"rendered":"\n<p class=\"has-drop-cap\">El Instituto Guatemalteco de Seguridad Social y la Subgerencia de Prestaciones en Salud dentro de sus pol\u00edticas preventivas y objetivos que persigue el Plan Estrat\u00e9gico Institucional, promueve actividades que contribuyen a la salud del afiliado, es as\u00ed como se llevar\u00e1 a cabo en segundo a\u00f1o consecutivo la SEMANA DE LA NUTRICI\u00d3N, donde se impartir\u00e1n 5 conferencias, relacionadas a la Nutrici\u00f3n-enfermedad y que ser\u00e1n disertados por profesionales con el conocimiento en el tema.<\/p>\n\n\n\n<p><a href=\"\/wp-content\/uploads\/sites\/5\/2022\/08\/Semana-de-la-Nutricion-redes_General-01.jpg\" target=\"_blank\" rel=\"noopener\"><img loading=\"lazy\" decoding=\"async\" class=\"alignright wp-image-29363\" src=\"\/wp-content\/uploads\/sites\/5\/2022\/08\/Semana-de-la-Nutricion-redes_General-01.jpg\" alt=\"\" width=\"424\" height=\"424\" srcset=\"\/wp-content\/uploads\/sites\/5\/2022\/08\/Semana-de-la-Nutricion-redes_General-01.jpg 1280w, \/wp-content\/uploads\/sites\/5\/2022\/08\/Semana-de-la-Nutricion-redes_General-01-150x150.jpg 150w, \/wp-content\/uploads\/sites\/5\/2022\/08\/Semana-de-la-Nutricion-redes_General-01-300x300.jpg 300w, \/wp-content\/uploads\/sites\/5\/2022\/08\/Semana-de-la-Nutricion-redes_General-01-768x768.jpg 768w, \/wp-content\/uploads\/sites\/5\/2022\/08\/Semana-de-la-Nutricion-redes_General-01-1024x1024.jpg 1024w, \/wp-content\/uploads\/sites\/5\/2022\/08\/Semana-de-la-Nutricion-redes_General-01-420x420.jpg 420w, \/wp-content\/uploads\/sites\/5\/2022\/08\/Semana-de-la-Nutricion-redes_General-01-696x696.jpg 696w, \/wp-content\/uploads\/sites\/5\/2022\/08\/Semana-de-la-Nutricion-redes_General-01-1068x1068.jpg 1068w, \/wp-content\/uploads\/sites\/5\/2022\/08\/Semana-de-la-Nutricion-redes_General-01-462x462.jpg 462w\" sizes=\"auto, (max-width: 424px) 100vw, 424px\" \/><\/a>La Nutrici\u00f3n es la ciencia que estudia los procesos fisiol\u00f3gicos y bioqu\u00edmicos de los nutrientes que componen los alimentos, esto incluye los procesos que suceden en el cuerpo despu\u00e9s del consumo de los mismos; es decir la obtenci\u00f3n, asimilaci\u00f3n y digesti\u00f3n de los nutrimientos por el organismo para cumplir con sus funciones vitales.<\/p>\n<p>Una nutrici\u00f3n saludable es fundamental para la prevenci\u00f3n de factores de riesgo relacionados con la alimentaci\u00f3n, el consumo de alimentos y bebidas con alto contenido de azucares refinados, grasas saturadas y trans se asocian con factores de alto riesgo para el desarrollo de sobrepeso y la obesidad, as\u00ed como enfermedades cr\u00f3nicas no transmisibles como enfermedades coronarias, metab\u00f3licas, entre otros.<\/p>\n<p>El Instituto cuenta con profesionales especializados en Nutrici\u00f3n como M\u00e9dicos (nutri\u00f3logos), Nutricionistas y Nutricionistas-Dietistas responsables del tratamiento dietoterap\u00e9utico del paciente hospitalizado o con tratamiento ambulatorio, que puede ser a trav\u00e9s de una v\u00eda oral, enteral o intravenosa.<\/p>\n<p>Las conferencias se llevar\u00e1n a cabo del 08 al 12 de agosto de 2022, de 10:00 a 12:00 horas, y est\u00e1n dirigidas a los profesionales que intervienen en el tratamiento y recuperaci\u00f3n de la salud de los pacientes, as\u00ed como al p\u00fablico en general que est\u00e9 interesado en el tema y el abordaje en relaci\u00f3n a la enfermedad.\u00a0<\/p>\n<hr \/>\n<h3>Programa<\/h3>\n<p style=\"font-weight: 400\"><a href=\"\/wp-content\/uploads\/sites\/5\/2022\/08\/Semana-de-la-Nutricion-redes_Lunes-01.jpg\" target=\"_blank\" rel=\"noopener\"><img loading=\"lazy\" decoding=\"async\" class=\"alignright wp-image-29354\" src=\"\/wp-content\/uploads\/sites\/5\/2022\/08\/Semana-de-la-Nutricion-redes_Lunes-01.jpg\" alt=\"\" width=\"234\" height=\"234\" srcset=\"\/wp-content\/uploads\/sites\/5\/2022\/08\/Semana-de-la-Nutricion-redes_Lunes-01.jpg 1280w, \/wp-content\/uploads\/sites\/5\/2022\/08\/Semana-de-la-Nutricion-redes_Lunes-01-150x150.jpg 150w, \/wp-content\/uploads\/sites\/5\/2022\/08\/Semana-de-la-Nutricion-redes_Lunes-01-300x300.jpg 300w, \/wp-content\/uploads\/sites\/5\/2022\/08\/Semana-de-la-Nutricion-redes_Lunes-01-768x768.jpg 768w, \/wp-content\/uploads\/sites\/5\/2022\/08\/Semana-de-la-Nutricion-redes_Lunes-01-1024x1024.jpg 1024w, \/wp-content\/uploads\/sites\/5\/2022\/08\/Semana-de-la-Nutricion-redes_Lunes-01-420x420.jpg 420w, \/wp-content\/uploads\/sites\/5\/2022\/08\/Semana-de-la-Nutricion-redes_Lunes-01-696x696.jpg 696w, \/wp-content\/uploads\/sites\/5\/2022\/08\/Semana-de-la-Nutricion-redes_Lunes-01-1068x1068.jpg 1068w, \/wp-content\/uploads\/sites\/5\/2022\/08\/Semana-de-la-Nutricion-redes_Lunes-01-462x462.jpg 462w\" sizes=\"auto, (max-width: 234px) 100vw, 234px\" \/><\/a>Fecha:\u00a0 8\/8\/22<\/p>\n<p style=\"font-weight: 400\">Horario: 10:00 a 12:00 horas\u00a0 \u00a0 \u00a0<\/p>\n<h4><strong>Tema: Nutrigen\u00e9tica y Nutrigenoma<\/strong><\/h4>\n<p>Conferencista:\u00a0 Dra. Evangelina Hern\u00e1ndez, nutri\u00f3loga, Hospital General Dr. Juan Jos\u00e9 Ar\u00e9valo Bermejo, IGSS<\/p>\n<p style=\"font-weight: 400\">Link:\u00a0<a href=\"https:\/\/us02web.zoom.us\/j\/81701542318\" data-saferedirecturl=\"https:\/\/www.google.com\/url?q=https:\/\/us02web.zoom.us\/j\/81701542318&amp;source=gmail&amp;ust=1660070730433000&amp;usg=AOvVaw1Bxbi1_i5nodnpFZtVZaWv\">https:\/\/us02web.zoom.us\/j\/81701542318<\/a><\/p>\n<hr \/>\n<p><a href=\"\/wp-content\/uploads\/sites\/5\/2022\/08\/Semana-de-la-Nutricion-redes_Martes-01.jpg\" target=\"_blank\" rel=\"noopener\"><img loading=\"lazy\" decoding=\"async\" class=\"alignright wp-image-29355\" src=\"\/wp-content\/uploads\/sites\/5\/2022\/08\/Semana-de-la-Nutricion-redes_Martes-01.jpg\" alt=\"\" width=\"234\" height=\"234\" srcset=\"\/wp-content\/uploads\/sites\/5\/2022\/08\/Semana-de-la-Nutricion-redes_Martes-01.jpg 1280w, \/wp-content\/uploads\/sites\/5\/2022\/08\/Semana-de-la-Nutricion-redes_Martes-01-150x150.jpg 150w, \/wp-content\/uploads\/sites\/5\/2022\/08\/Semana-de-la-Nutricion-redes_Martes-01-300x300.jpg 300w, \/wp-content\/uploads\/sites\/5\/2022\/08\/Semana-de-la-Nutricion-redes_Martes-01-768x768.jpg 768w, \/wp-content\/uploads\/sites\/5\/2022\/08\/Semana-de-la-Nutricion-redes_Martes-01-1024x1024.jpg 1024w, \/wp-content\/uploads\/sites\/5\/2022\/08\/Semana-de-la-Nutricion-redes_Martes-01-420x420.jpg 420w, \/wp-content\/uploads\/sites\/5\/2022\/08\/Semana-de-la-Nutricion-redes_Martes-01-696x696.jpg 696w, \/wp-content\/uploads\/sites\/5\/2022\/08\/Semana-de-la-Nutricion-redes_Martes-01-1068x1068.jpg 1068w, \/wp-content\/uploads\/sites\/5\/2022\/08\/Semana-de-la-Nutricion-redes_Martes-01-462x462.jpg 462w\" sizes=\"auto, (max-width: 234px) 100vw, 234px\" \/><\/a>Fecha: 9\/8\/22\u00a0<\/p>\n<p>Horario: 10:00 a 12:00 horas<\/p>\n<h4>T<strong>ema:\u00a0 Nutrici\u00f3n en mujeres embarazadas y lactantes<\/strong><\/h4>\n<p>Conferencista: Lcda. Susana Aguilar, nutricionista, UNICEF<\/p>\n<p style=\"font-weight: 400\">Link:\u00a0<a href=\"https:\/\/us02web.zoom.us\/j\/85926836407\" data-saferedirecturl=\"https:\/\/www.google.com\/url?q=https:\/\/us02web.zoom.us\/j\/85926836407&amp;source=gmail&amp;ust=1660070730433000&amp;usg=AOvVaw2heG-VY56lsafGEJxQMh-t\">https:\/\/us02web.zoom.us\/j\/85926836407<\/a><\/p>\n<hr \/>\n<p><a href=\"\/wp-content\/uploads\/sites\/5\/2022\/08\/Semana-de-la-Nutricion-redes_Miercoles-01.jpg\" target=\"_blank\" rel=\"noopener\"><img loading=\"lazy\" decoding=\"async\" class=\"alignright wp-image-29357\" src=\"\/wp-content\/uploads\/sites\/5\/2022\/08\/Semana-de-la-Nutricion-redes_Miercoles-01.jpg\" alt=\"\" width=\"233\" height=\"233\" srcset=\"\/wp-content\/uploads\/sites\/5\/2022\/08\/Semana-de-la-Nutricion-redes_Miercoles-01.jpg 1280w, \/wp-content\/uploads\/sites\/5\/2022\/08\/Semana-de-la-Nutricion-redes_Miercoles-01-150x150.jpg 150w, \/wp-content\/uploads\/sites\/5\/2022\/08\/Semana-de-la-Nutricion-redes_Miercoles-01-300x300.jpg 300w, \/wp-content\/uploads\/sites\/5\/2022\/08\/Semana-de-la-Nutricion-redes_Miercoles-01-768x768.jpg 768w, \/wp-content\/uploads\/sites\/5\/2022\/08\/Semana-de-la-Nutricion-redes_Miercoles-01-1024x1024.jpg 1024w, \/wp-content\/uploads\/sites\/5\/2022\/08\/Semana-de-la-Nutricion-redes_Miercoles-01-420x420.jpg 420w, \/wp-content\/uploads\/sites\/5\/2022\/08\/Semana-de-la-Nutricion-redes_Miercoles-01-696x696.jpg 696w, \/wp-content\/uploads\/sites\/5\/2022\/08\/Semana-de-la-Nutricion-redes_Miercoles-01-1068x1068.jpg 1068w, \/wp-content\/uploads\/sites\/5\/2022\/08\/Semana-de-la-Nutricion-redes_Miercoles-01-462x462.jpg 462w\" sizes=\"auto, (max-width: 233px) 100vw, 233px\" \/><\/a>Fecha: 10\/8\/22\u00a0 \u00a0<\/p>\n<p>Horario: 10:00 A 12:00 horas<\/p>\n<h4><strong>Tema: Tamizaje nutricional hospitalario<\/strong><\/h4>\n<p>Conferencista: Dr. Rogel Antonio Guerra, nutri\u00f3logo, Hospital General de Accidentes \u00abCeibal\u00bb, IGSS<\/p>\n<p style=\"font-weight: 400\">Link:\u00a0\u00a0<a href=\"https:\/\/us02web.zoom.us\/j\/84169833575\" data-saferedirecturl=\"https:\/\/www.google.com\/url?q=https:\/\/us02web.zoom.us\/j\/84169833575&amp;source=gmail&amp;ust=1660070730433000&amp;usg=AOvVaw0EZ9PyUGSKJH0R-9Ua5rlK\">https:\/\/us02web.zoom.us\/j\/84169833575<\/a><\/p>\n<hr \/>\n<p><a href=\"\/wp-content\/uploads\/sites\/5\/2022\/08\/Semana-de-la-Nutricion-redes_Jueves-01.jpg\" target=\"_blank\" rel=\"noopener\"><img loading=\"lazy\" decoding=\"async\" class=\"alignright wp-image-29358\" src=\"\/wp-content\/uploads\/sites\/5\/2022\/08\/Semana-de-la-Nutricion-redes_Jueves-01.jpg\" alt=\"\" width=\"230\" height=\"230\" srcset=\"\/wp-content\/uploads\/sites\/5\/2022\/08\/Semana-de-la-Nutricion-redes_Jueves-01.jpg 1280w, \/wp-content\/uploads\/sites\/5\/2022\/08\/Semana-de-la-Nutricion-redes_Jueves-01-150x150.jpg 150w, \/wp-content\/uploads\/sites\/5\/2022\/08\/Semana-de-la-Nutricion-redes_Jueves-01-300x300.jpg 300w, \/wp-content\/uploads\/sites\/5\/2022\/08\/Semana-de-la-Nutricion-redes_Jueves-01-768x768.jpg 768w, \/wp-content\/uploads\/sites\/5\/2022\/08\/Semana-de-la-Nutricion-redes_Jueves-01-1024x1024.jpg 1024w, \/wp-content\/uploads\/sites\/5\/2022\/08\/Semana-de-la-Nutricion-redes_Jueves-01-420x420.jpg 420w, \/wp-content\/uploads\/sites\/5\/2022\/08\/Semana-de-la-Nutricion-redes_Jueves-01-696x696.jpg 696w, \/wp-content\/uploads\/sites\/5\/2022\/08\/Semana-de-la-Nutricion-redes_Jueves-01-1068x1068.jpg 1068w, \/wp-content\/uploads\/sites\/5\/2022\/08\/Semana-de-la-Nutricion-redes_Jueves-01-462x462.jpg 462w\" sizes=\"auto, (max-width: 230px) 100vw, 230px\" \/><\/a>Fecha: 11\/8\/22\u00a0\u00a0<\/p>\n<p>Horario: 10:00 a 12:00 horas\u00a0<\/p>\n<h4>T<strong>ema: Nutrici\u00f3n en Obesidad y S\u00edndrome Metab\u00f3lico\u00a0<\/strong><\/h4>\n<p>Conferencista:\u00a0 Lcda. Ana Leticia P\u00e9rez, nutricionista, Consultorio Antigua Guatemala, Sacatep\u00e9quez, IGSS<\/p>\n<p style=\"font-weight: 400\">Link:\u00a0<a href=\"https:\/\/us02web.zoom.us\/j\/89140588133\" data-saferedirecturl=\"https:\/\/www.google.com\/url?q=https:\/\/us02web.zoom.us\/j\/89140588133&amp;source=gmail&amp;ust=1660070730434000&amp;usg=AOvVaw3tcW_UUMdoWvgZu5LCr6PF\">https:\/\/us02web.zoom.us\/j\/89140588133<\/a><\/p>\n<hr \/>\n<p><a href=\"\/wp-content\/uploads\/sites\/5\/2022\/08\/Semana-de-la-Nutricion-redes_Viernes-01.jpg\" target=\"_blank\" rel=\"noopener\"><img loading=\"lazy\" decoding=\"async\" class=\"wp-image-29360  alignright\" src=\"\/wp-content\/uploads\/sites\/5\/2022\/08\/Semana-de-la-Nutricion-redes_Viernes-01.jpg\" alt=\"\" width=\"232\" height=\"232\" srcset=\"\/wp-content\/uploads\/sites\/5\/2022\/08\/Semana-de-la-Nutricion-redes_Viernes-01.jpg 1280w, \/wp-content\/uploads\/sites\/5\/2022\/08\/Semana-de-la-Nutricion-redes_Viernes-01-150x150.jpg 150w, \/wp-content\/uploads\/sites\/5\/2022\/08\/Semana-de-la-Nutricion-redes_Viernes-01-300x300.jpg 300w, \/wp-content\/uploads\/sites\/5\/2022\/08\/Semana-de-la-Nutricion-redes_Viernes-01-768x768.jpg 768w, \/wp-content\/uploads\/sites\/5\/2022\/08\/Semana-de-la-Nutricion-redes_Viernes-01-1024x1024.jpg 1024w, \/wp-content\/uploads\/sites\/5\/2022\/08\/Semana-de-la-Nutricion-redes_Viernes-01-420x420.jpg 420w, \/wp-content\/uploads\/sites\/5\/2022\/08\/Semana-de-la-Nutricion-redes_Viernes-01-696x696.jpg 696w, \/wp-content\/uploads\/sites\/5\/2022\/08\/Semana-de-la-Nutricion-redes_Viernes-01-1068x1068.jpg 1068w, \/wp-content\/uploads\/sites\/5\/2022\/08\/Semana-de-la-Nutricion-redes_Viernes-01-462x462.jpg 462w\" sizes=\"auto, (max-width: 232px) 100vw, 232px\" \/><\/a>Fecha: 12\/8\/22\u00a0 \u00a0<\/p>\n<p>Horario: 10:00 A 12:00 horas<\/p>\n<h4>T<strong>ema: Nutrici\u00f3n en enfermedad oncol\u00f3gica<\/strong><\/h4>\n<p>Conferencista:\u00a0 Dr. Berner Andre\u00e9 Sandoval, nutri\u00f3logo, Hospital General de Enfermedades, IGSS<\/p>\n<p style=\"font-weight: 400\">Link:\u00a0<a href=\"https:\/\/us02web.zoom.us\/j\/85995487230\" data-saferedirecturl=\"https:\/\/www.google.com\/url?q=https:\/\/us02web.zoom.us\/j\/85995487230&amp;source=gmail&amp;ust=1660070730434000&amp;usg=AOvVaw2n7pqgVYNJc6zpESvAW55m\">https:\/\/us02web.zoom.us\/j\/85995487230<\/a><\/p>\n<hr \/>\n<h4>Vea las conferencias nuevamente en YouTube<\/h4>\n<p><iframe loading=\"lazy\" title=\"Videoconferencia: Nutrigen\u00f3mica y Nutrigen\u00e9tica impartida por la Dra. Evangelina Hern\u00e1ndez\" width=\"696\" height=\"392\" src=\"https:\/\/www.youtube.com\/embed\/tOajuQfb6NQ?feature=oembed\" frameborder=\"0\" allow=\"accelerometer; autoplay; clipboard-write; encrypted-media; gyroscope; picture-in-picture\" allowfullscreen><\/iframe><\/p>\n<p><strong>\u25ba 1. <a href=\"https:\/\/youtu.be\/tOajuQfb6NQ\" target=\"_blank\" rel=\"noopener\">Nutrigen\u00e9tica y Nutrigenoma<\/a><\/strong><\/p>\n<p><iframe loading=\"lazy\" title=\"Videoconferencia Nutrici\u00f3n en mujeres embarazadas y lactantes impartida por la Licda. Susana Aguilar\" width=\"696\" height=\"392\" src=\"https:\/\/www.youtube.com\/embed\/5_9h4QB_xqc?feature=oembed\" frameborder=\"0\" allow=\"accelerometer; autoplay; clipboard-write; encrypted-media; gyroscope; picture-in-picture\" allowfullscreen><\/iframe><\/p>\n<p><strong>\u25ba 2. <a href=\"https:\/\/youtu.be\/5_9h4QB_xqc\" target=\"_blank\" rel=\"noopener\">Nutrici\u00f3n para embarazadas y mujeres lactantes<\/a><\/strong><\/p>\n<p><iframe loading=\"lazy\" title=\"Videoconferencia: Tamizaje nutricional hospitalario\" width=\"696\" height=\"392\" src=\"https:\/\/www.youtube.com\/embed\/sqDQAujQkJ4?feature=oembed\" frameborder=\"0\" allow=\"accelerometer; autoplay; clipboard-write; encrypted-media; gyroscope; picture-in-picture\" allowfullscreen><\/iframe><\/p>\n<p><strong>\u25ba 3. <a href=\"https:\/\/youtu.be\/sqDQAujQkJ4\" target=\"_blank\" rel=\"noopener\">Tamizaje nutricional hospitalario<\/a><\/strong><\/p>\n<p><iframe loading=\"lazy\" title=\"Videoconferencia: Nutrici\u00f3n en Obesidad y S\u00edndrome Metab\u00f3lico\" width=\"696\" height=\"392\" src=\"https:\/\/www.youtube.com\/embed\/K5izBzg5YP8?feature=oembed\" frameborder=\"0\" allow=\"accelerometer; autoplay; clipboard-write; encrypted-media; gyroscope; picture-in-picture\" allowfullscreen><\/iframe><\/p>\n<p><strong>\u25ba 4. <a href=\"https:\/\/youtu.be\/K5izBzg5YP8\" target=\"_blank\" rel=\"noopener\">Nutrici\u00f3n en Obesidad y S\u00edndrome Metab\u00f3lico<\/a><\/strong><\/p>\n<p><iframe loading=\"lazy\" title=\"Videoconferencia: Nutrici\u00f3n en enfermedad oncol\u00f3gica\" width=\"696\" height=\"392\" src=\"https:\/\/www.youtube.com\/embed\/yR1fP91IYro?feature=oembed\" frameborder=\"0\" allow=\"accelerometer; autoplay; clipboard-write; encrypted-media; gyroscope; picture-in-picture\" allowfullscreen><\/iframe><\/p>\n<p><strong>\u25ba 5. <a href=\"https:\/\/youtu.be\/yR1fP91IYro\" target=\"_blank\" rel=\"noopener\">Nutrici\u00f3n en Enfermedad Oncol\u00f3gica<\/a><\/strong><\/p>\n\n\n\n<p><\/p>\n","protected":false},"excerpt":{"rendered":"<p>Asista a las conferencias se llevar\u00e1n a cabo del 08 al 12 de agosto de 2022, de 10:00 a 12:00 horas, y est\u00e1n dirigidas a los profesionales que intervienen en el tratamiento y recuperaci\u00f3n de la salud de los pacientes, as\u00ed como al p\u00fablico en general que est\u00e9 interesado en el tema y el abordaje en relaci\u00f3n a la enfermedad.<\/p>\n","protected":false},"author":4,"featured_media":29228,"comment_status":"closed","ping_status":"closed","sticky":false,"template":"","format":"standard","meta":{"footnotes":""},"categories":[3,15,17],"tags":[160,669,1511],"coauthors":[881],"class_list":{"0":"post-29223","1":"post","2":"type-post","3":"status-publish","4":"format-standard","5":"has-post-thumbnail","7":"category-actualidad","8":"category-destacado","9":"category-formacion-y-desarrollo","10":"tag-capacitacion","11":"tag-nutricion","12":"tag-semana-de-la-nutricion"},"_links":{"self":[{"href":"https:\/\/www.igssgt.org\/noticias\/wp-json\/wp\/v2\/posts\/29223","targetHints":{"allow":["GET"]}}],"collection":[{"href":"https:\/\/www.igssgt.org\/noticias\/wp-json\/wp\/v2\/posts"}],"about":[{"href":"https:\/\/www.igssgt.org\/noticias\/wp-json\/wp\/v2\/types\/post"}],"author":[{"embeddable":true,"href":"https:\/\/www.igssgt.org\/noticias\/wp-json\/wp\/v2\/users\/4"}],"replies":[{"embeddable":true,"href":"https:\/\/www.igssgt.org\/noticias\/wp-json\/wp\/v2\/comments?post=29223"}],"version-history":[{"count":23,"href":"https:\/\/www.igssgt.org\/noticias\/wp-json\/wp\/v2\/posts\/29223\/revisions"}],"predecessor-version":[{"id":29428,"href":"https:\/\/www.igssgt.org\/noticias\/wp-json\/wp\/v2\/posts\/29223\/revisions\/29428"}],"wp:featuredmedia":[{"embeddable":true,"href":"https:\/\/www.igssgt.org\/noticias\/wp-json\/wp\/v2\/media\/29228"}],"wp:attachment":[{"href":"https:\/\/www.igssgt.org\/noticias\/wp-json\/wp\/v2\/media?parent=29223"}],"wp:term":[{"taxonomy":"category","embeddable":true,"href":"https:\/\/www.igssgt.org\/noticias\/wp-json\/wp\/v2\/categories?post=29223"},{"taxonomy":"post_tag","embeddable":true,"href":"https:\/\/www.igssgt.org\/noticias\/wp-json\/wp\/v2\/tags?post=29223"},{"taxonomy":"author","embeddable":true,"href":"https:\/\/www.igssgt.org\/noticias\/wp-json\/wp\/v2\/coauthors?post=29223"}],"curies":[{"name":"wp","href":"https:\/\/api.w.org\/{rel}","templated":true}]}}