{"id":29254,"date":"2022-08-04T14:17:12","date_gmt":"2022-08-04T20:17:12","guid":{"rendered":"https:\/\/www.igssgt.org\/noticias\/?p=29254"},"modified":"2025-10-21T13:50:55","modified_gmt":"2025-10-21T19:50:55","slug":"el-igss-reconoce-a-instituciones-y-empresas-por-su-enorme-apoyo-en-la-vacunacion-contra-el-covid-19","status":"publish","type":"post","link":"https:\/\/www.igssgt.org\/noticias\/2022\/08\/04\/el-igss-reconoce-a-instituciones-y-empresas-por-su-enorme-apoyo-en-la-vacunacion-contra-el-covid-19\/","title":{"rendered":"El IGSS reconoce a instituciones y empresas por su enorme apoyo en la vacunaci\u00f3n contra el COVID-19"},"content":{"rendered":"\n<p class=\"has-drop-cap\">En la etapa en que era imprescindible vacunar a la mayor poblaci\u00f3n posible para protegerla del COVID-19, se sumaron instituciones y empresas privadas que se convirtieron en un brazo importante para acelerar el objetivo previsto por el Instituto Guatemalteco de Seguridad Social (IGSS), en apoyo al Plan Nacional de Vacunaci\u00f3n.<\/p>\n\n\n\n<p>Por tal raz\u00f3n, el IGSS entreg\u00f3 en sus Oficinas Centrales, en un acto fraternal, reconocimientos a seis organizaciones que fueron determinantes para la implementaci\u00f3n de centros de vacunaci\u00f3n masivos.<\/p>\n<p><a href=\"https:\/\/www.igssgt.org\/noticias\/?attachment_id=29263\"><img loading=\"lazy\" decoding=\"async\" class=\"alignnone wp-image-29263 size-full\" src=\"\/wp-content\/uploads\/sites\/5\/2022\/08\/El-IGSS-reconoce-a-instituciones-y-empresas-Agosto-2022-7.jpg\" alt=\"\" width=\"1280\" height=\"853\" srcset=\"\/wp-content\/uploads\/sites\/5\/2022\/08\/El-IGSS-reconoce-a-instituciones-y-empresas-Agosto-2022-7.jpg 1280w, \/wp-content\/uploads\/sites\/5\/2022\/08\/El-IGSS-reconoce-a-instituciones-y-empresas-Agosto-2022-7-300x200.jpg 300w, \/wp-content\/uploads\/sites\/5\/2022\/08\/El-IGSS-reconoce-a-instituciones-y-empresas-Agosto-2022-7-768x512.jpg 768w, \/wp-content\/uploads\/sites\/5\/2022\/08\/El-IGSS-reconoce-a-instituciones-y-empresas-Agosto-2022-7-1024x682.jpg 1024w, \/wp-content\/uploads\/sites\/5\/2022\/08\/El-IGSS-reconoce-a-instituciones-y-empresas-Agosto-2022-7-630x420.jpg 630w, \/wp-content\/uploads\/sites\/5\/2022\/08\/El-IGSS-reconoce-a-instituciones-y-empresas-Agosto-2022-7-696x464.jpg 696w, \/wp-content\/uploads\/sites\/5\/2022\/08\/El-IGSS-reconoce-a-instituciones-y-empresas-Agosto-2022-7-1068x712.jpg 1068w, \/wp-content\/uploads\/sites\/5\/2022\/08\/El-IGSS-reconoce-a-instituciones-y-empresas-Agosto-2022-7-534x356.jpg 534w\" sizes=\"auto, (max-width: 1280px) 100vw, 1280px\" \/><\/a><\/p>\n<p>Convencidos de que las alianzas son la \u00fanica forma de superar la pandemia del coronavirus, directivos del Seguro Social y representantes invitados coincidieron en que los desaf\u00edos de la naturaleza se vencen con la uni\u00f3n de toda la sociedad.<\/p>\n<p>\u201cAgradecemos a todos por creer en el Instituto y facilitarnos sus instalaciones para vacunar a los trabajadores y al p\u00fablico en general. Hoy nos amenaza otro virus, pero estamos seguros de que lo enfrentaremos exitosamente tras este ejercicio conjunto\u201d, expres\u00f3 Adolfo Lacs, directivo del IGSS.<\/p>\n<blockquote>\n<p>Agradecemos a todos por creer en el Instituto y facilitarnos sus instalaciones para vacunar a los trabajadores y al p\u00fablico en general.<\/p>\n<\/blockquote>\n<p>El licenciado Edson Javier Rivera M\u00e9ndez, gerente en funciones, destac\u00f3 el apoyo en infraestructura para atender con calidad y calidez a miles de afiliados y poblaci\u00f3n en general, y permitirles la protecci\u00f3n contra el COVID-19.<\/p>\n<p>\u201cAgradecemos a las instituciones por su valioso soporte, ya que fueron, sin lugar a duda, una pieza fundamental en la atenci\u00f3n a la poblaci\u00f3n durante la pandemia que atravesamos a nivel mundial\u201d, reiter\u00f3 Rivera, para dar paso a la entrega de las distinciones.<\/p>\n<p><a href=\"https:\/\/www.igssgt.org\/noticias\/?attachment_id=29257\"><img loading=\"lazy\" decoding=\"async\" class=\"alignnone wp-image-29257 size-full\" src=\"\/wp-content\/uploads\/sites\/5\/2022\/08\/El-IGSS-reconoce-a-instituciones-y-empresas-Agosto-2022-1.jpg\" alt=\"\" width=\"1280\" height=\"852\" srcset=\"\/wp-content\/uploads\/sites\/5\/2022\/08\/El-IGSS-reconoce-a-instituciones-y-empresas-Agosto-2022-1.jpg 1280w, \/wp-content\/uploads\/sites\/5\/2022\/08\/El-IGSS-reconoce-a-instituciones-y-empresas-Agosto-2022-1-300x200.jpg 300w, \/wp-content\/uploads\/sites\/5\/2022\/08\/El-IGSS-reconoce-a-instituciones-y-empresas-Agosto-2022-1-768x511.jpg 768w, \/wp-content\/uploads\/sites\/5\/2022\/08\/El-IGSS-reconoce-a-instituciones-y-empresas-Agosto-2022-1-1024x682.jpg 1024w, \/wp-content\/uploads\/sites\/5\/2022\/08\/El-IGSS-reconoce-a-instituciones-y-empresas-Agosto-2022-1-631x420.jpg 631w, \/wp-content\/uploads\/sites\/5\/2022\/08\/El-IGSS-reconoce-a-instituciones-y-empresas-Agosto-2022-1-696x463.jpg 696w, \/wp-content\/uploads\/sites\/5\/2022\/08\/El-IGSS-reconoce-a-instituciones-y-empresas-Agosto-2022-1-1068x711.jpg 1068w, \/wp-content\/uploads\/sites\/5\/2022\/08\/El-IGSS-reconoce-a-instituciones-y-empresas-Agosto-2022-1-534x355.jpg 534w\" sizes=\"auto, (max-width: 1280px) 100vw, 1280px\" \/><\/a><\/p>\n<h3><strong>Reconocimientos entregados<\/strong><\/h3>\n<p><strong>Instituciones:<\/strong><\/p>\n<ul>\n<li>Universidad de San Carlos de Guatemala<\/li>\n<li>Primera Brigada de Polic\u00eda Militar Guardia de Honor<\/li>\n<li>Universidad Mariano G\u00e1lvez<\/li>\n<\/ul>\n<p><strong>Del sector privado:<\/strong><\/p>\n<ul>\n<li>Femsa Guatemala (Coca-Cola)<\/li>\n<li>Banrural<\/li>\n<li>Bantrab<\/li>\n<\/ul>\n\n\n\n\r\n                <style type=\"text\/css\">\r\n                    \r\n                    #tdi_1  .td-doubleSlider-2 .td-item1 {\r\n                        background: url(\/wp-content\/uploads\/sites\/5\/2022\/08\/El-IGSS-reconoce-a-instituciones-y-empresas-Agosto-2022-5-80x60.jpg) 0 0 no-repeat;\r\n                    }\r\n                    #tdi_1  .td-doubleSlider-2 .td-item2 {\r\n                        background: url(\/wp-content\/uploads\/sites\/5\/2022\/08\/El-IGSS-reconoce-a-instituciones-y-empresas-Agosto-2022-9-80x60.jpg) 0 0 no-repeat;\r\n                    }\r\n                    #tdi_1  .td-doubleSlider-2 .td-item3 {\r\n                        background: url(\/wp-content\/uploads\/sites\/5\/2022\/08\/El-IGSS-reconoce-a-instituciones-y-empresas-Agosto-2022-6-80x60.jpg) 0 0 no-repeat;\r\n                    }\r\n                    #tdi_1  .td-doubleSlider-2 .td-item4 {\r\n                        background: url(\/wp-content\/uploads\/sites\/5\/2022\/08\/El-IGSS-reconoce-a-instituciones-y-empresas-Agosto-2022-2-80x60.jpg) 0 0 no-repeat;\r\n                    }\r\n                    #tdi_1  .td-doubleSlider-2 .td-item5 {\r\n                        background: url(\/wp-content\/uploads\/sites\/5\/2022\/08\/El-IGSS-reconoce-a-instituciones-y-empresas-Agosto-2022-8-80x60.jpg) 0 0 no-repeat;\r\n                    }\r\n                    #tdi_1  .td-doubleSlider-2 .td-item6 {\r\n                        background: url(\/wp-content\/uploads\/sites\/5\/2022\/08\/El-IGSS-reconoce-a-instituciones-y-empresas-Agosto-2022-3-80x60.jpg) 0 0 no-repeat;\r\n                    }\r\n                <\/style>\r\n\r\n                <div id=\"tdi_1\" class=\"td-gallery td-slide-on-2-columns\">\r\n                    <div class=\"post_td_gallery\">\r\n                        <div class=\"td-gallery-slide-top\">\r\n                           <div class=\"td-gallery-title\"><\/div>\r\n\r\n                            <div class=\"td-gallery-controls-wrapper\">\r\n                                <div class=\"td-gallery-slide-count\"><span class=\"td-gallery-slide-item-focus\">1<\/span> de 6<\/div>\r\n                                <div class=\"td-gallery-slide-prev-next-but\">\r\n                                    <i class = \"td-icon-left doubleSliderPrevButton\"><\/i>\r\n                                    <i class = \"td-icon-right doubleSliderNextButton\"><\/i>\r\n                                <\/div>\r\n                            <\/div>\r\n                        <\/div>\r\n\r\n                        <div class = \"td-doubleSlider-1 \">\r\n                            <div class = \"td-slider\">\r\n                                \r\n                    <div class = \"td-slide-item td-item1\">\r\n                        <figure class=\"td-slide-galery-figure td-slide-popup-gallery\">\r\n                            <a class=\"slide-gallery-image-link\" href=\"\/wp-content\/uploads\/sites\/5\/2022\/08\/El-IGSS-reconoce-a-instituciones-y-empresas-Agosto-2022-5.jpg\" title=\"El IGSS reconoce a instituciones y empresas Agosto 2022-5\"  data-caption=\"\"  data-description=\"\">\r\n                                <img decoding=\"async\" src=\"\/wp-content\/uploads\/sites\/5\/2022\/08\/El-IGSS-reconoce-a-instituciones-y-empresas-Agosto-2022-5-601x420.jpg\" srcset=\"\/wp-content\/uploads\/sites\/5\/2022\/08\/El-IGSS-reconoce-a-instituciones-y-empresas-Agosto-2022-5-601x420.jpg 601w, \/wp-content\/uploads\/sites\/5\/2022\/08\/El-IGSS-reconoce-a-instituciones-y-empresas-Agosto-2022-5-300x210.jpg 300w, \/wp-content\/uploads\/sites\/5\/2022\/08\/El-IGSS-reconoce-a-instituciones-y-empresas-Agosto-2022-5-768x536.jpg 768w, \/wp-content\/uploads\/sites\/5\/2022\/08\/El-IGSS-reconoce-a-instituciones-y-empresas-Agosto-2022-5-1024x715.jpg 1024w, \/wp-content\/uploads\/sites\/5\/2022\/08\/El-IGSS-reconoce-a-instituciones-y-empresas-Agosto-2022-5-696x486.jpg 696w, \/wp-content\/uploads\/sites\/5\/2022\/08\/El-IGSS-reconoce-a-instituciones-y-empresas-Agosto-2022-5-1068x746.jpg 1068w, \/wp-content\/uploads\/sites\/5\/2022\/08\/El-IGSS-reconoce-a-instituciones-y-empresas-Agosto-2022-5-100x70.jpg 100w, \/wp-content\/uploads\/sites\/5\/2022\/08\/El-IGSS-reconoce-a-instituciones-y-empresas-Agosto-2022-5-534x373.jpg 534w, \/wp-content\/uploads\/sites\/5\/2022\/08\/El-IGSS-reconoce-a-instituciones-y-empresas-Agosto-2022-5.jpg 1280w\" sizes=\"(max-width: 601px) 100vw, 601px\" alt=\"\">\r\n                            <\/a>\r\n                            \r\n                        <\/figure>\r\n                    <\/div>\r\n                    <div class = \"td-slide-item td-item2\">\r\n                        <figure class=\"td-slide-galery-figure td-slide-popup-gallery\">\r\n                            <a class=\"slide-gallery-image-link\" href=\"\/wp-content\/uploads\/sites\/5\/2022\/08\/El-IGSS-reconoce-a-instituciones-y-empresas-Agosto-2022-9.jpg\" title=\"El IGSS reconoce a instituciones y empresas Agosto 2022-9\"  data-caption=\"\"  data-description=\"\">\r\n                                <img decoding=\"async\" src=\"\/wp-content\/uploads\/sites\/5\/2022\/08\/El-IGSS-reconoce-a-instituciones-y-empresas-Agosto-2022-9-579x420.jpg\" srcset=\"\/wp-content\/uploads\/sites\/5\/2022\/08\/El-IGSS-reconoce-a-instituciones-y-empresas-Agosto-2022-9-579x420.jpg 579w, \/wp-content\/uploads\/sites\/5\/2022\/08\/El-IGSS-reconoce-a-instituciones-y-empresas-Agosto-2022-9-300x218.jpg 300w, \/wp-content\/uploads\/sites\/5\/2022\/08\/El-IGSS-reconoce-a-instituciones-y-empresas-Agosto-2022-9-768x557.jpg 768w, \/wp-content\/uploads\/sites\/5\/2022\/08\/El-IGSS-reconoce-a-instituciones-y-empresas-Agosto-2022-9-1024x743.jpg 1024w, \/wp-content\/uploads\/sites\/5\/2022\/08\/El-IGSS-reconoce-a-instituciones-y-empresas-Agosto-2022-9-696x505.jpg 696w, \/wp-content\/uploads\/sites\/5\/2022\/08\/El-IGSS-reconoce-a-instituciones-y-empresas-Agosto-2022-9-1068x775.jpg 1068w, \/wp-content\/uploads\/sites\/5\/2022\/08\/El-IGSS-reconoce-a-instituciones-y-empresas-Agosto-2022-9-324x235.jpg 324w, \/wp-content\/uploads\/sites\/5\/2022\/08\/El-IGSS-reconoce-a-instituciones-y-empresas-Agosto-2022-9-534x388.jpg 534w, \/wp-content\/uploads\/sites\/5\/2022\/08\/El-IGSS-reconoce-a-instituciones-y-empresas-Agosto-2022-9.jpg 1280w\" sizes=\"(max-width: 579px) 100vw, 579px\" alt=\"\">\r\n                            <\/a>\r\n                            \r\n                        <\/figure>\r\n                    <\/div>\r\n                    <div class = \"td-slide-item td-item3\">\r\n                        <figure class=\"td-slide-galery-figure td-slide-popup-gallery\">\r\n                            <a class=\"slide-gallery-image-link\" href=\"\/wp-content\/uploads\/sites\/5\/2022\/08\/El-IGSS-reconoce-a-instituciones-y-empresas-Agosto-2022-6.jpg\" title=\"El IGSS reconoce a instituciones y empresas Agosto 2022-6\"  data-caption=\"\"  data-description=\"\">\r\n                                <img decoding=\"async\" src=\"\/wp-content\/uploads\/sites\/5\/2022\/08\/El-IGSS-reconoce-a-instituciones-y-empresas-Agosto-2022-6-609x420.jpg\" srcset=\"\/wp-content\/uploads\/sites\/5\/2022\/08\/El-IGSS-reconoce-a-instituciones-y-empresas-Agosto-2022-6-609x420.jpg 609w, \/wp-content\/uploads\/sites\/5\/2022\/08\/El-IGSS-reconoce-a-instituciones-y-empresas-Agosto-2022-6-300x207.jpg 300w, \/wp-content\/uploads\/sites\/5\/2022\/08\/El-IGSS-reconoce-a-instituciones-y-empresas-Agosto-2022-6-768x530.jpg 768w, \/wp-content\/uploads\/sites\/5\/2022\/08\/El-IGSS-reconoce-a-instituciones-y-empresas-Agosto-2022-6-1024x706.jpg 1024w, \/wp-content\/uploads\/sites\/5\/2022\/08\/El-IGSS-reconoce-a-instituciones-y-empresas-Agosto-2022-6-218x150.jpg 218w, \/wp-content\/uploads\/sites\/5\/2022\/08\/El-IGSS-reconoce-a-instituciones-y-empresas-Agosto-2022-6-696x480.jpg 696w, \/wp-content\/uploads\/sites\/5\/2022\/08\/El-IGSS-reconoce-a-instituciones-y-empresas-Agosto-2022-6-1068x737.jpg 1068w, \/wp-content\/uploads\/sites\/5\/2022\/08\/El-IGSS-reconoce-a-instituciones-y-empresas-Agosto-2022-6-100x70.jpg 100w, \/wp-content\/uploads\/sites\/5\/2022\/08\/El-IGSS-reconoce-a-instituciones-y-empresas-Agosto-2022-6-534x368.jpg 534w, \/wp-content\/uploads\/sites\/5\/2022\/08\/El-IGSS-reconoce-a-instituciones-y-empresas-Agosto-2022-6.jpg 1280w\" sizes=\"(max-width: 609px) 100vw, 609px\" alt=\"\">\r\n                            <\/a>\r\n                            \r\n                        <\/figure>\r\n                    <\/div>\r\n                    <div class = \"td-slide-item td-item4\">\r\n                        <figure class=\"td-slide-galery-figure td-slide-popup-gallery\">\r\n                            <a class=\"slide-gallery-image-link\" href=\"\/wp-content\/uploads\/sites\/5\/2022\/08\/El-IGSS-reconoce-a-instituciones-y-empresas-Agosto-2022-2.jpg\" title=\"El IGSS reconoce a instituciones y empresas Agosto 2022-2\"  data-caption=\"\"  data-description=\"\">\r\n                                <img decoding=\"async\" src=\"\/wp-content\/uploads\/sites\/5\/2022\/08\/El-IGSS-reconoce-a-instituciones-y-empresas-Agosto-2022-2-573x420.jpg\" srcset=\"\/wp-content\/uploads\/sites\/5\/2022\/08\/El-IGSS-reconoce-a-instituciones-y-empresas-Agosto-2022-2-573x420.jpg 573w, \/wp-content\/uploads\/sites\/5\/2022\/08\/El-IGSS-reconoce-a-instituciones-y-empresas-Agosto-2022-2-300x220.jpg 300w, \/wp-content\/uploads\/sites\/5\/2022\/08\/El-IGSS-reconoce-a-instituciones-y-empresas-Agosto-2022-2-768x563.jpg 768w, \/wp-content\/uploads\/sites\/5\/2022\/08\/El-IGSS-reconoce-a-instituciones-y-empresas-Agosto-2022-2-1024x751.jpg 1024w, \/wp-content\/uploads\/sites\/5\/2022\/08\/El-IGSS-reconoce-a-instituciones-y-empresas-Agosto-2022-2-80x60.jpg 80w, \/wp-content\/uploads\/sites\/5\/2022\/08\/El-IGSS-reconoce-a-instituciones-y-empresas-Agosto-2022-2-696x511.jpg 696w, \/wp-content\/uploads\/sites\/5\/2022\/08\/El-IGSS-reconoce-a-instituciones-y-empresas-Agosto-2022-2-1068x783.jpg 1068w, \/wp-content\/uploads\/sites\/5\/2022\/08\/El-IGSS-reconoce-a-instituciones-y-empresas-Agosto-2022-2-534x392.jpg 534w, \/wp-content\/uploads\/sites\/5\/2022\/08\/El-IGSS-reconoce-a-instituciones-y-empresas-Agosto-2022-2.jpg 1280w\" sizes=\"(max-width: 573px) 100vw, 573px\" alt=\"\">\r\n                            <\/a>\r\n                            \r\n                        <\/figure>\r\n                    <\/div>\r\n                    <div class = \"td-slide-item td-item5\">\r\n                        <figure class=\"td-slide-galery-figure td-slide-popup-gallery\">\r\n                            <a class=\"slide-gallery-image-link\" href=\"\/wp-content\/uploads\/sites\/5\/2022\/08\/El-IGSS-reconoce-a-instituciones-y-empresas-Agosto-2022-8.jpg\" title=\"El IGSS reconoce a instituciones y empresas Agosto 2022-8\"  data-caption=\"\"  data-description=\"\">\r\n                                <img decoding=\"async\" src=\"\/wp-content\/uploads\/sites\/5\/2022\/08\/El-IGSS-reconoce-a-instituciones-y-empresas-Agosto-2022-8-624x420.jpg\" srcset=\"\/wp-content\/uploads\/sites\/5\/2022\/08\/El-IGSS-reconoce-a-instituciones-y-empresas-Agosto-2022-8-624x420.jpg 624w, \/wp-content\/uploads\/sites\/5\/2022\/08\/El-IGSS-reconoce-a-instituciones-y-empresas-Agosto-2022-8-300x202.jpg 300w, \/wp-content\/uploads\/sites\/5\/2022\/08\/El-IGSS-reconoce-a-instituciones-y-empresas-Agosto-2022-8-768x517.jpg 768w, \/wp-content\/uploads\/sites\/5\/2022\/08\/El-IGSS-reconoce-a-instituciones-y-empresas-Agosto-2022-8-1024x689.jpg 1024w, \/wp-content\/uploads\/sites\/5\/2022\/08\/El-IGSS-reconoce-a-instituciones-y-empresas-Agosto-2022-8-696x468.jpg 696w, \/wp-content\/uploads\/sites\/5\/2022\/08\/El-IGSS-reconoce-a-instituciones-y-empresas-Agosto-2022-8-1068x718.jpg 1068w, \/wp-content\/uploads\/sites\/5\/2022\/08\/El-IGSS-reconoce-a-instituciones-y-empresas-Agosto-2022-8-534x359.jpg 534w, \/wp-content\/uploads\/sites\/5\/2022\/08\/El-IGSS-reconoce-a-instituciones-y-empresas-Agosto-2022-8.jpg 1280w\" sizes=\"(max-width: 624px) 100vw, 624px\" alt=\"\">\r\n                            <\/a>\r\n                            \r\n                        <\/figure>\r\n                    <\/div>\r\n                    <div class = \"td-slide-item td-item6\">\r\n                        <figure class=\"td-slide-galery-figure td-slide-popup-gallery\">\r\n                            <a class=\"slide-gallery-image-link\" href=\"\/wp-content\/uploads\/sites\/5\/2022\/08\/El-IGSS-reconoce-a-instituciones-y-empresas-Agosto-2022-3.jpg\" title=\"El IGSS reconoce a instituciones y empresas Agosto 2022-3\"  data-caption=\"\"  data-description=\"\">\r\n                                <img decoding=\"async\" src=\"\/wp-content\/uploads\/sites\/5\/2022\/08\/El-IGSS-reconoce-a-instituciones-y-empresas-Agosto-2022-3-645x420.jpg\" srcset=\"\/wp-content\/uploads\/sites\/5\/2022\/08\/El-IGSS-reconoce-a-instituciones-y-empresas-Agosto-2022-3-645x420.jpg 645w, \/wp-content\/uploads\/sites\/5\/2022\/08\/El-IGSS-reconoce-a-instituciones-y-empresas-Agosto-2022-3-300x195.jpg 300w, \/wp-content\/uploads\/sites\/5\/2022\/08\/El-IGSS-reconoce-a-instituciones-y-empresas-Agosto-2022-3-768x500.jpg 768w, \/wp-content\/uploads\/sites\/5\/2022\/08\/El-IGSS-reconoce-a-instituciones-y-empresas-Agosto-2022-3-1024x667.jpg 1024w, \/wp-content\/uploads\/sites\/5\/2022\/08\/El-IGSS-reconoce-a-instituciones-y-empresas-Agosto-2022-3-696x453.jpg 696w, \/wp-content\/uploads\/sites\/5\/2022\/08\/El-IGSS-reconoce-a-instituciones-y-empresas-Agosto-2022-3-1068x696.jpg 1068w, \/wp-content\/uploads\/sites\/5\/2022\/08\/El-IGSS-reconoce-a-instituciones-y-empresas-Agosto-2022-3-534x348.jpg 534w, \/wp-content\/uploads\/sites\/5\/2022\/08\/El-IGSS-reconoce-a-instituciones-y-empresas-Agosto-2022-3.jpg 1280w\" sizes=\"(max-width: 645px) 100vw, 645px\" alt=\"\">\r\n                            <\/a>\r\n                            \r\n                        <\/figure>\r\n                    <\/div>\r\n                            <\/div>\r\n                        <\/div>\r\n\r\n                        <div class = \"td-doubleSlider-2\">\r\n                            <div class = \"td-slider\">\r\n                                \r\n                    <div class = \"td-button td-item1\">\r\n                        <div class = \"td-border\"><\/div>\r\n                    <\/div>\r\n                    <div class = \"td-button td-item2\">\r\n                        <div class = \"td-border\"><\/div>\r\n                    <\/div>\r\n                    <div class = \"td-button td-item3\">\r\n                        <div class = \"td-border\"><\/div>\r\n                    <\/div>\r\n                    <div class = \"td-button td-item4\">\r\n                        <div class = \"td-border\"><\/div>\r\n                    <\/div>\r\n                    <div class = \"td-button td-item5\">\r\n                        <div class = \"td-border\"><\/div>\r\n                    <\/div>\r\n                    <div class = \"td-button td-item6\">\r\n                        <div class = \"td-border\"><\/div>\r\n                    <\/div>\r\n                            <\/div>\r\n                        <\/div>\r\n\r\n                    <\/div>\r\n\r\n                <\/div>\r\n                \n","protected":false},"excerpt":{"rendered":"<p>En la etapa en que era imprescindible vacunar a la mayor poblaci\u00f3n posible para protegerla del COVID-19, se sumaron instituciones y empresas privadas que se convirtieron en un brazo importante para acelerar el objetivo previsto por el Instituto Guatemalteco de Seguridad Social (IGSS), en apoyo al Plan Nacional de Vacunaci\u00f3n. Por tal raz\u00f3n, el IGSS [&hellip;]<\/p>\n","protected":false},"author":1961,"featured_media":29267,"comment_status":"closed","ping_status":"closed","sticky":false,"template":"","format":"standard","meta":{"footnotes":""},"categories":[3,23],"tags":[1152,1155,671,1194,750],"coauthors":[],"class_list":{"0":"post-29254","1":"post","2":"type-post","3":"status-publish","4":"format-standard","5":"has-post-thumbnail","7":"category-actualidad","8":"category-patronos","9":"tag-coronavirus","10":"tag-covid-19","11":"tag-oficinas-centrales-igss","12":"tag-pandemia","13":"tag-reconocimiento"},"_links":{"self":[{"href":"https:\/\/www.igssgt.org\/noticias\/wp-json\/wp\/v2\/posts\/29254","targetHints":{"allow":["GET"]}}],"collection":[{"href":"https:\/\/www.igssgt.org\/noticias\/wp-json\/wp\/v2\/posts"}],"about":[{"href":"https:\/\/www.igssgt.org\/noticias\/wp-json\/wp\/v2\/types\/post"}],"author":[{"embeddable":true,"href":"https:\/\/www.igssgt.org\/noticias\/wp-json\/wp\/v2\/users\/1961"}],"replies":[{"embeddable":true,"href":"https:\/\/www.igssgt.org\/noticias\/wp-json\/wp\/v2\/comments?post=29254"}],"version-history":[{"count":4,"href":"https:\/\/www.igssgt.org\/noticias\/wp-json\/wp\/v2\/posts\/29254\/revisions"}],"predecessor-version":[{"id":51258,"href":"https:\/\/www.igssgt.org\/noticias\/wp-json\/wp\/v2\/posts\/29254\/revisions\/51258"}],"wp:featuredmedia":[{"embeddable":true,"href":"https:\/\/www.igssgt.org\/noticias\/wp-json\/wp\/v2\/media\/29267"}],"wp:attachment":[{"href":"https:\/\/www.igssgt.org\/noticias\/wp-json\/wp\/v2\/media?parent=29254"}],"wp:term":[{"taxonomy":"category","embeddable":true,"href":"https:\/\/www.igssgt.org\/noticias\/wp-json\/wp\/v2\/categories?post=29254"},{"taxonomy":"post_tag","embeddable":true,"href":"https:\/\/www.igssgt.org\/noticias\/wp-json\/wp\/v2\/tags?post=29254"},{"taxonomy":"author","embeddable":true,"href":"https:\/\/www.igssgt.org\/noticias\/wp-json\/wp\/v2\/coauthors?post=29254"}],"curies":[{"name":"wp","href":"https:\/\/api.w.org\/{rel}","templated":true}]}}