{"id":29351,"date":"2022-08-08T16:07:01","date_gmt":"2022-08-08T22:07:01","guid":{"rendered":"https:\/\/www.igssgt.org\/noticias\/?p=29351"},"modified":"2022-08-09T12:22:29","modified_gmt":"2022-08-09T18:22:29","slug":"el-igss-lleva-a-cabo-primera-videoconferencia-de-la-semana-de-la-nutricion","status":"publish","type":"post","link":"https:\/\/www.igssgt.org\/noticias\/2022\/08\/08\/el-igss-lleva-a-cabo-primera-videoconferencia-de-la-semana-de-la-nutricion\/","title":{"rendered":"El IGSS lleva a cabo primera videoconferencia de la Semana de la Nutrici\u00f3n"},"content":{"rendered":"\n<p class=\"has-drop-cap\">El Instituto Guatemala de Seguridad Social (IGSS) y la Subgerencia de Prestaciones en Salud inici\u00f3 la Semana de la Nutrici\u00f3n con temas que est\u00e1n dirigidos a los profesionales que intervienen en el tratamiento y recuperaci\u00f3n de la salud de los pacientes, as\u00ed como al p\u00fablico en general interesado en el tema.<\/p>\n\n\n\n<p>Estas actividades contribuyen a la salud del afiliado para que tenga una mejor calidad y estilo de vida, se impartir\u00e1n del 8 al 12 de agosto de 10:00 a 12:00 del medio d\u00eda.<\/p>\n<p><a href=\"https:\/\/www.igssgt.org\/noticias\/?attachment_id=29369\"><img loading=\"lazy\" decoding=\"async\" class=\"alignnone wp-image-29369 size-full\" src=\"\/wp-content\/uploads\/sites\/5\/2022\/08\/primera-videoconferencia-de-la-Semana-de-la-Nutricion-Agosto-2022-2.jpg\" alt=\"\" width=\"1296\" height=\"864\" srcset=\"\/wp-content\/uploads\/sites\/5\/2022\/08\/primera-videoconferencia-de-la-Semana-de-la-Nutricion-Agosto-2022-2.jpg 1296w, \/wp-content\/uploads\/sites\/5\/2022\/08\/primera-videoconferencia-de-la-Semana-de-la-Nutricion-Agosto-2022-2-300x200.jpg 300w, \/wp-content\/uploads\/sites\/5\/2022\/08\/primera-videoconferencia-de-la-Semana-de-la-Nutricion-Agosto-2022-2-768x512.jpg 768w, \/wp-content\/uploads\/sites\/5\/2022\/08\/primera-videoconferencia-de-la-Semana-de-la-Nutricion-Agosto-2022-2-1024x683.jpg 1024w, \/wp-content\/uploads\/sites\/5\/2022\/08\/primera-videoconferencia-de-la-Semana-de-la-Nutricion-Agosto-2022-2-630x420.jpg 630w, \/wp-content\/uploads\/sites\/5\/2022\/08\/primera-videoconferencia-de-la-Semana-de-la-Nutricion-Agosto-2022-2-696x464.jpg 696w, \/wp-content\/uploads\/sites\/5\/2022\/08\/primera-videoconferencia-de-la-Semana-de-la-Nutricion-Agosto-2022-2-1068x712.jpg 1068w, \/wp-content\/uploads\/sites\/5\/2022\/08\/primera-videoconferencia-de-la-Semana-de-la-Nutricion-Agosto-2022-2-534x356.jpg 534w\" sizes=\"auto, (max-width: 1296px) 100vw, 1296px\" \/><\/a><\/p>\n<p>La primera por videoconferencia la imparti\u00f3 la doctora Evangelina Hern\u00e1ndez, nutri\u00f3loga del\u00a0 Hospital General Doctor Juan Jos\u00e9 Ar\u00e9valo Bermejo de la zona 6, quien abord\u00f3 la Nutrigen\u00f3mica, la cual consiste en el estudio en que los alimentos afectan los genes de una persona y de la forma que los genes afectan la reacci\u00f3n del cuerpo a los alimentos. Tambi\u00e9n disert\u00f3 sobre la Nutigen\u00e9tica, la cual investiga las variantes gen\u00e9ticas que causan una determinada enfermedad y su riesgo.<\/p>\n<p>La doctora Hern\u00e1ndez aconsej\u00f3 sobre la importancia de mantener una buena salud para evitar futuras enfermedades y enfatiz\u00f3 que un plato saludable de alimentos debe estar adecuadamente balanceado con los nutrientes necesarios y evitar los productos procesados. En la conferencia tambi\u00e9n hubo \u00a0participaci\u00f3n de los asistentes quienes aclararon sus dudas sobre cada uno de los temas.<\/p>\n<blockquote>\n<p>Un plato saludable de alimentos debe estar adecuadamente balanceado con los nutrientes necesarios.<\/p>\n<\/blockquote>\n<h3>Los temas de la semana<\/h3>\n<p>En marco de la Semana de la Nutrici\u00f3n, este 9 de agosto se abordar\u00e1 el tema Nutrici\u00f3n para embarazadas y mujeres lactantes, con la nutricionistas del Fondo de las Naciones Unidas para el Infancia (UNICEF) Susana Aguilar. El resto de los temas tambi\u00e9n ser\u00e1n impartidos por expertos del Seguro Social, estos son: Tamizaje Nutricional Hospitalario, Nutrici\u00f3n en Obesidad y S\u00edndrome Metab\u00f3lico y Nutrici\u00f3n en Enfermedad Oncol\u00f3gica.<\/p>\n<p>Para\u00a0 participar en las \u00a0videoconferencias puede ingresar a nuestras redes sociales donde ubicar\u00e1 el link y ser part\u00edcipe de las actividades de esta especial semana que el IGSS le brinda a toda la poblaci\u00f3n.<\/p>\n<p><a href=\"https:\/\/www.igssgt.org\/noticias\/?attachment_id=29370\"><img loading=\"lazy\" decoding=\"async\" class=\"alignnone wp-image-29370 size-full\" src=\"\/wp-content\/uploads\/sites\/5\/2022\/08\/primera-videoconferencia-de-la-Semana-de-la-Nutricion-Agosto-2022-3.jpg\" alt=\"\" width=\"1600\" height=\"900\" srcset=\"\/wp-content\/uploads\/sites\/5\/2022\/08\/primera-videoconferencia-de-la-Semana-de-la-Nutricion-Agosto-2022-3.jpg 1600w, \/wp-content\/uploads\/sites\/5\/2022\/08\/primera-videoconferencia-de-la-Semana-de-la-Nutricion-Agosto-2022-3-300x169.jpg 300w, \/wp-content\/uploads\/sites\/5\/2022\/08\/primera-videoconferencia-de-la-Semana-de-la-Nutricion-Agosto-2022-3-768x432.jpg 768w, \/wp-content\/uploads\/sites\/5\/2022\/08\/primera-videoconferencia-de-la-Semana-de-la-Nutricion-Agosto-2022-3-1024x576.jpg 1024w, \/wp-content\/uploads\/sites\/5\/2022\/08\/primera-videoconferencia-de-la-Semana-de-la-Nutricion-Agosto-2022-3-1536x864.jpg 1536w, \/wp-content\/uploads\/sites\/5\/2022\/08\/primera-videoconferencia-de-la-Semana-de-la-Nutricion-Agosto-2022-3-747x420.jpg 747w, \/wp-content\/uploads\/sites\/5\/2022\/08\/primera-videoconferencia-de-la-Semana-de-la-Nutricion-Agosto-2022-3-696x392.jpg 696w, \/wp-content\/uploads\/sites\/5\/2022\/08\/primera-videoconferencia-de-la-Semana-de-la-Nutricion-Agosto-2022-3-1068x601.jpg 1068w, \/wp-content\/uploads\/sites\/5\/2022\/08\/primera-videoconferencia-de-la-Semana-de-la-Nutricion-Agosto-2022-3-534x300.jpg 534w\" sizes=\"auto, (max-width: 1600px) 100vw, 1600px\" \/><\/a><\/p>\n","protected":false},"excerpt":{"rendered":"<p>El Instituto Guatemala de Seguridad Social (IGSS) y la Subgerencia de Prestaciones en Salud inici\u00f3 la Semana de la Nutrici\u00f3n con temas que est\u00e1n dirigidos a los profesionales que intervienen en el tratamiento y recuperaci\u00f3n de la salud de los pacientes, as\u00ed como al p\u00fablico en general interesado en el tema. Estas actividades contribuyen a [&hellip;]<\/p>\n","protected":false},"author":1961,"featured_media":29380,"comment_status":"closed","ping_status":"closed","sticky":false,"template":"","format":"video","meta":{"footnotes":""},"categories":[3],"tags":[479,490,1511],"coauthors":[],"class_list":{"0":"post-29351","1":"post","2":"type-post","3":"status-publish","4":"format-video","5":"has-post-thumbnail","7":"category-actualidad","8":"tag-hospital-dr-juan-jose-arevalo-bermejo","9":"tag-igss","10":"tag-semana-de-la-nutricion","11":"post_format-post-format-video"},"_links":{"self":[{"href":"https:\/\/www.igssgt.org\/noticias\/wp-json\/wp\/v2\/posts\/29351","targetHints":{"allow":["GET"]}}],"collection":[{"href":"https:\/\/www.igssgt.org\/noticias\/wp-json\/wp\/v2\/posts"}],"about":[{"href":"https:\/\/www.igssgt.org\/noticias\/wp-json\/wp\/v2\/types\/post"}],"author":[{"embeddable":true,"href":"https:\/\/www.igssgt.org\/noticias\/wp-json\/wp\/v2\/users\/1961"}],"replies":[{"embeddable":true,"href":"https:\/\/www.igssgt.org\/noticias\/wp-json\/wp\/v2\/comments?post=29351"}],"version-history":[{"count":7,"href":"https:\/\/www.igssgt.org\/noticias\/wp-json\/wp\/v2\/posts\/29351\/revisions"}],"predecessor-version":[{"id":29387,"href":"https:\/\/www.igssgt.org\/noticias\/wp-json\/wp\/v2\/posts\/29351\/revisions\/29387"}],"wp:featuredmedia":[{"embeddable":true,"href":"https:\/\/www.igssgt.org\/noticias\/wp-json\/wp\/v2\/media\/29380"}],"wp:attachment":[{"href":"https:\/\/www.igssgt.org\/noticias\/wp-json\/wp\/v2\/media?parent=29351"}],"wp:term":[{"taxonomy":"category","embeddable":true,"href":"https:\/\/www.igssgt.org\/noticias\/wp-json\/wp\/v2\/categories?post=29351"},{"taxonomy":"post_tag","embeddable":true,"href":"https:\/\/www.igssgt.org\/noticias\/wp-json\/wp\/v2\/tags?post=29351"},{"taxonomy":"author","embeddable":true,"href":"https:\/\/www.igssgt.org\/noticias\/wp-json\/wp\/v2\/coauthors?post=29351"}],"curies":[{"name":"wp","href":"https:\/\/api.w.org\/{rel}","templated":true}]}}