{"id":29572,"date":"2022-08-25T15:59:51","date_gmt":"2022-08-25T21:59:51","guid":{"rendered":"https:\/\/www.igssgt.org\/noticias\/?p=29572"},"modified":"2022-08-25T15:59:52","modified_gmt":"2022-08-25T21:59:52","slug":"prevenga-el-covid-19-y-sus-secuelas-neurologicas","status":"publish","type":"post","link":"https:\/\/www.igssgt.org\/noticias\/2022\/08\/25\/prevenga-el-covid-19-y-sus-secuelas-neurologicas\/","title":{"rendered":"Prevenga el COVID-19 y sus secuelas neurol\u00f3gicas"},"content":{"rendered":"\n<p class=\"has-drop-cap\">El Instituto Guatemalteco de Seguridad Social (IGSS) hizo un llamado para continuar con las medidas sanitarias para evitar contagios de COVID- 19, pues la enfermedad sigue afectando a nivel mundial y en algunos casos la infecci\u00f3n ha dejado secuelas neurol\u00f3gicas en los pacientes.<\/p>\n\n\n\n<p>El doctor Francisco Quijibix, m\u00e9dico residente de Neurolog\u00eda del Hospital de Enfermedades, indic\u00f3 que el COVID-19 causa da\u00f1os al cerebro, no importando la edad, por lo que puede dejar consecuencias en los pacientes tanto en el proceso de la enfermedad como despu\u00e9s del contagio. Las manifestaciones neurol\u00f3gicas que se han reportado en un 36.4 por ciento de pacientes con COVID-19 incluyen dolores de cabeza, mareos, alteraci\u00f3n de la conciencia y convulsiones.<\/p>\n<p><a href=\"https:\/\/www.igssgt.org\/noticias\/?attachment_id=29577\"><img loading=\"lazy\" decoding=\"async\" class=\"alignnone wp-image-29577 size-full\" src=\"\/wp-content\/uploads\/sites\/5\/2022\/08\/secuelas-covid-agosto-2022-1.jpg\" alt=\"\" width=\"1429\" height=\"997\" srcset=\"\/wp-content\/uploads\/sites\/5\/2022\/08\/secuelas-covid-agosto-2022-1.jpg 1429w, \/wp-content\/uploads\/sites\/5\/2022\/08\/secuelas-covid-agosto-2022-1-300x209.jpg 300w, \/wp-content\/uploads\/sites\/5\/2022\/08\/secuelas-covid-agosto-2022-1-768x536.jpg 768w, \/wp-content\/uploads\/sites\/5\/2022\/08\/secuelas-covid-agosto-2022-1-1024x714.jpg 1024w, \/wp-content\/uploads\/sites\/5\/2022\/08\/secuelas-covid-agosto-2022-1-602x420.jpg 602w, \/wp-content\/uploads\/sites\/5\/2022\/08\/secuelas-covid-agosto-2022-1-696x486.jpg 696w, \/wp-content\/uploads\/sites\/5\/2022\/08\/secuelas-covid-agosto-2022-1-1068x745.jpg 1068w, \/wp-content\/uploads\/sites\/5\/2022\/08\/secuelas-covid-agosto-2022-1-100x70.jpg 100w, \/wp-content\/uploads\/sites\/5\/2022\/08\/secuelas-covid-agosto-2022-1-534x373.jpg 534w\" sizes=\"auto, (max-width: 1429px) 100vw, 1429px\" \/><\/a><\/p>\n<p>\u201cA esas afecciones se suman casos de encefalitis, que consiste en la alteraci\u00f3n global del cerebro. Esta se manifiesta como una alteraci\u00f3n del estado de la conciencia y el paciente puede presentar fiebre, alteraci\u00f3n de la conducta, problemas neuropsiqui\u00e1tricos en el curso de la enfermedad, esto es m\u00e1s frecuente en los adultos mayores\u201d, destac\u00f3 el doctor David Navarro Loarca, neur\u00f3logo de la unidad mencionada.<\/p>\n<blockquote>\n<p>El COVID-19 sigue afectando a nivel mundial y en algunos casos la infecci\u00f3n ha dejado secuelas neurol\u00f3gicas en los paciente.<\/p>\n<\/blockquote>\n<p>Otras de las secuelas del COVID-19 es la mielitis, una inflamaci\u00f3n de un segmento de la m\u00e9dula espinal, p\u00e9rdida de la fuerza muscular y alteraciones en las extremidades, y afecci\u00f3n en la vejiga, lo cual causa problemas para ir al ba\u00f1o; tambi\u00e9n se puede padecer miositis, es decir, inflamaci\u00f3n de los m\u00fasculos.<\/p>\n<p><iframe loading=\"lazy\" title=\"El COVID-19 causa da\u00f1os al cerebro, deja secuelas neurol\u00f3gicas, IGSS TV 232\" width=\"696\" height=\"392\" src=\"https:\/\/www.youtube.com\/embed\/DyiSF_5MapA?feature=oembed\" frameborder=\"0\" allow=\"accelerometer; autoplay; clipboard-write; encrypted-media; gyroscope; picture-in-picture\" allowfullscreen><\/iframe><\/p>\n<p>El coronavirus afecta todo el neuroeje, desde la cabeza hasta el nervio perif\u00e9rico. Una de los principales manifestaciones que muchas personas han experimentado son las alteraciones en la percepci\u00f3n de los sabores y olores. \u201cEl 60 por ciento de los pacientes han resultado con discapacidad en los sentidos del gusto y el olfato, en algunos casos se recuperan hasta los seis meses\u201d, dijo el m\u00e9dico residente Ra\u00fal Alejandro Suc, de Neurolog\u00eda del Hospital de Enfermedades.<\/p>\n<p>El doctor Loarca puntualiz\u00f3 que el COVID-19 persistente o cr\u00f3nico es real, hay s\u00edntomas que se pueden extender m\u00e1s de seis semanas, en muchos casos genera fatiga mental y est\u00e1 asociada a un s\u00edndrome de fatiga cr\u00f3nica generalizada, esto debido a que la percepci\u00f3n de cansancio o como el paciente se siente en el d\u00eda a d\u00eda se vuelve m\u00e1s pesado o cansado, debido a la inflamaci\u00f3n cr\u00f3nica a la que el cerebro se expuso por el virus, y todo esto va crear cambios en los estilos de vida, en el rendimiento laboral y acad\u00e9mico personal y familiar.<\/p>\n<p><a href=\"https:\/\/www.igssgt.org\/noticias\/?attachment_id=29578\"><img loading=\"lazy\" decoding=\"async\" class=\"alignnone wp-image-29578 size-full\" src=\"\/wp-content\/uploads\/sites\/5\/2022\/08\/secuelas-covid-agosto-2022-3.png\" alt=\"\" width=\"1654\" height=\"814\" srcset=\"\/wp-content\/uploads\/sites\/5\/2022\/08\/secuelas-covid-agosto-2022-3.png 1654w, \/wp-content\/uploads\/sites\/5\/2022\/08\/secuelas-covid-agosto-2022-3-300x148.png 300w, \/wp-content\/uploads\/sites\/5\/2022\/08\/secuelas-covid-agosto-2022-3-768x378.png 768w, \/wp-content\/uploads\/sites\/5\/2022\/08\/secuelas-covid-agosto-2022-3-1024x504.png 1024w, \/wp-content\/uploads\/sites\/5\/2022\/08\/secuelas-covid-agosto-2022-3-1536x756.png 1536w, \/wp-content\/uploads\/sites\/5\/2022\/08\/secuelas-covid-agosto-2022-3-853x420.png 853w, \/wp-content\/uploads\/sites\/5\/2022\/08\/secuelas-covid-agosto-2022-3-696x343.png 696w, \/wp-content\/uploads\/sites\/5\/2022\/08\/secuelas-covid-agosto-2022-3-1068x526.png 1068w, \/wp-content\/uploads\/sites\/5\/2022\/08\/secuelas-covid-agosto-2022-3-324x160.png 324w, \/wp-content\/uploads\/sites\/5\/2022\/08\/secuelas-covid-agosto-2022-3-533x261.png 533w, \/wp-content\/uploads\/sites\/5\/2022\/08\/secuelas-covid-agosto-2022-3-534x263.png 534w\" sizes=\"auto, (max-width: 1654px) 100vw, 1654px\" \/><\/a><\/p>\n","protected":false},"excerpt":{"rendered":"<p>El Instituto Guatemalteco de Seguridad Social (IGSS) hizo un llamado para continuar con las medidas sanitarias para evitar contagios de COVID- 19, pues la enfermedad sigue afectando a nivel mundial y en algunos casos la infecci\u00f3n ha dejado secuelas neurol\u00f3gicas en los pacientes. El doctor Francisco Quijibix, m\u00e9dico residente de Neurolog\u00eda del Hospital de Enfermedades, [&hellip;]<\/p>\n","protected":false},"author":1961,"featured_media":29580,"comment_status":"closed","ping_status":"closed","sticky":false,"template":"","format":"standard","meta":{"footnotes":""},"categories":[3],"tags":[1155,659,1518],"coauthors":[],"class_list":{"0":"post-29572","1":"post","2":"type-post","3":"status-publish","4":"format-standard","5":"has-post-thumbnail","7":"category-actualidad","8":"tag-covid-19","9":"tag-neurologia","10":"tag-secuelas"},"_links":{"self":[{"href":"https:\/\/www.igssgt.org\/noticias\/wp-json\/wp\/v2\/posts\/29572","targetHints":{"allow":["GET"]}}],"collection":[{"href":"https:\/\/www.igssgt.org\/noticias\/wp-json\/wp\/v2\/posts"}],"about":[{"href":"https:\/\/www.igssgt.org\/noticias\/wp-json\/wp\/v2\/types\/post"}],"author":[{"embeddable":true,"href":"https:\/\/www.igssgt.org\/noticias\/wp-json\/wp\/v2\/users\/1961"}],"replies":[{"embeddable":true,"href":"https:\/\/www.igssgt.org\/noticias\/wp-json\/wp\/v2\/comments?post=29572"}],"version-history":[{"count":4,"href":"https:\/\/www.igssgt.org\/noticias\/wp-json\/wp\/v2\/posts\/29572\/revisions"}],"predecessor-version":[{"id":29579,"href":"https:\/\/www.igssgt.org\/noticias\/wp-json\/wp\/v2\/posts\/29572\/revisions\/29579"}],"wp:featuredmedia":[{"embeddable":true,"href":"https:\/\/www.igssgt.org\/noticias\/wp-json\/wp\/v2\/media\/29580"}],"wp:attachment":[{"href":"https:\/\/www.igssgt.org\/noticias\/wp-json\/wp\/v2\/media?parent=29572"}],"wp:term":[{"taxonomy":"category","embeddable":true,"href":"https:\/\/www.igssgt.org\/noticias\/wp-json\/wp\/v2\/categories?post=29572"},{"taxonomy":"post_tag","embeddable":true,"href":"https:\/\/www.igssgt.org\/noticias\/wp-json\/wp\/v2\/tags?post=29572"},{"taxonomy":"author","embeddable":true,"href":"https:\/\/www.igssgt.org\/noticias\/wp-json\/wp\/v2\/coauthors?post=29572"}],"curies":[{"name":"wp","href":"https:\/\/api.w.org\/{rel}","templated":true}]}}