{"id":29582,"date":"2022-08-26T14:36:07","date_gmt":"2022-08-26T20:36:07","guid":{"rendered":"https:\/\/www.igssgt.org\/noticias\/?p=29582"},"modified":"2022-08-26T16:24:42","modified_gmt":"2022-08-26T22:24:42","slug":"gerente-del-igss-asume-cargo-con-el-compromiso-de-una-transformacion-que-garantice-servicios-de-calidad-y-calidez","status":"publish","type":"post","link":"https:\/\/www.igssgt.org\/noticias\/2022\/08\/26\/gerente-del-igss-asume-cargo-con-el-compromiso-de-una-transformacion-que-garantice-servicios-de-calidad-y-calidez\/","title":{"rendered":"Gerente del IGSS asume cargo con el compromiso de una transformaci\u00f3n que garantice servicios de calidad y calidez"},"content":{"rendered":"\n<p class=\"has-drop-cap\">La Junta Directiva del Instituto Guatemalteco de Seguridad Social (IGSS), en sesi\u00f3n extraordinaria, confirm\u00f3 en el cargo como gerente de la instituci\u00f3n al licenciado Edson Javier Rivera M\u00e9ndez, quien estaba en funciones desde abril del presente a\u00f1o.<\/p>\n\n\n\n<p><img loading=\"lazy\" decoding=\"async\" class=\"wp-image-29588 alignright\" src=\"\/wp-content\/uploads\/sites\/5\/2022\/08\/Gerente-del-IGSS-asume-cargo-Agosto-2022-5-183x300.jpg\" alt=\"\" width=\"200\" height=\"328\" srcset=\"\/wp-content\/uploads\/sites\/5\/2022\/08\/Gerente-del-IGSS-asume-cargo-Agosto-2022-5-183x300.jpg 183w, \/wp-content\/uploads\/sites\/5\/2022\/08\/Gerente-del-IGSS-asume-cargo-Agosto-2022-5-626x1024.jpg 626w, \/wp-content\/uploads\/sites\/5\/2022\/08\/Gerente-del-IGSS-asume-cargo-Agosto-2022-5-257x420.jpg 257w, \/wp-content\/uploads\/sites\/5\/2022\/08\/Gerente-del-IGSS-asume-cargo-Agosto-2022-5-696x1139.jpg 696w, \/wp-content\/uploads\/sites\/5\/2022\/08\/Gerente-del-IGSS-asume-cargo-Agosto-2022-5-282x462.jpg 282w, \/wp-content\/uploads\/sites\/5\/2022\/08\/Gerente-del-IGSS-asume-cargo-Agosto-2022-5.jpg 740w\" sizes=\"auto, (max-width: 200px) 100vw, 200px\" \/>Durante la ceremonia de juramentaci\u00f3n, Rivera M\u00e9ndez reafirm\u00f3 su compromiso de garantizar la continuidad de los procesos administrativos para el beneficio de los asegurados y de los trabajadores de la instituci\u00f3n.<\/p>\n<p>\u201cEsta es una oportunidad de trabajar para los afiliados, beneficiarios y derechohabientes, pero tambi\u00e9n para los m\u00e1s de 22 mil trabajadores que forman parte de este mecanismo institucional.\u00a0 Agradezco a la Junta Directiva, porque hoy se abre un nuevo cap\u00edtulo para materializar m\u00e1s acciones en la prestaci\u00f3n de los servicios que se ofrecen\u201d, resalt\u00f3 Rivera.<\/p>\n<p>El gerente cuenta con una trayectoria de m\u00e1s de diez a\u00f1os en la instituci\u00f3n, lo que le ha permitido formar una carrera a lo interno. Se ha desempe\u00f1ado como asistente de Direcci\u00f3n, jefe del Departamento de Recaudaci\u00f3n, subgerente administrativo en funciones y subgerente financiero.<\/p>\n<p>Entre los pilares m\u00e1s importantes dentro de su administraci\u00f3n est\u00e1 el desarrollo institucional con transparencia. \u201cEstoy preparado para trabajar, con el apoyo de las subgerencias llevaremos a esta instituci\u00f3n hacia una transformaci\u00f3n que garantice un servicio de calidad y calidez. En conjunto con la Junta Directiva haremos un gran equipo para atender a nuestros afiliados, pensionados y derechohabientes como se merecen\u201d, expres\u00f3 el funcionario.<\/p>\n<p><iframe loading=\"lazy\" title=\"El Lic. Edson Javier Rivera es designado como gerente del IGSS\" width=\"696\" height=\"392\" src=\"https:\/\/www.youtube.com\/embed\/D4HxKQxT5WE?feature=oembed\" frameborder=\"0\" allow=\"accelerometer; autoplay; clipboard-write; encrypted-media; gyroscope; picture-in-picture\" allowfullscreen><\/iframe><\/p>\n<p>Con este nombramiento, la Junta Directiva da la certeza a los patronos, afiliados, pensionados y beneficiarios que la instituci\u00f3n sigue avanzando en buscar mejoras para la prestaci\u00f3n de los servicios en todas las unidades m\u00e9dicas y en el \u00e1rea administrativa, consolidando un IGSS m\u00e1s cerca de ti.<\/p>\n\n\n\n\n\n\r\n                <style type=\"text\/css\">\r\n                    \r\n                    #tdi_1  .td-doubleSlider-2 .td-item1 {\r\n                        background: url(\/wp-content\/uploads\/sites\/5\/2022\/08\/Gerente-del-IGSS-asume-cargo-Agosto-2022-2-80x60.jpg) 0 0 no-repeat;\r\n                    }\r\n                    #tdi_1  .td-doubleSlider-2 .td-item2 {\r\n                        background: url(\/wp-content\/uploads\/sites\/5\/2022\/08\/Gerente-del-IGSS-asume-cargo-Agosto-2022-6-80x60.jpg) 0 0 no-repeat;\r\n                    }\r\n                    #tdi_1  .td-doubleSlider-2 .td-item3 {\r\n                        background: url(\/wp-content\/uploads\/sites\/5\/2022\/08\/Gerente-del-IGSS-asume-cargo-Agosto-2022-1-80x60.jpg) 0 0 no-repeat;\r\n                    }\r\n                    #tdi_1  .td-doubleSlider-2 .td-item4 {\r\n                        background: url(\/wp-content\/uploads\/sites\/5\/2022\/08\/Gerente-del-IGSS-asume-cargo-Agosto-2022-4-80x60.jpg) 0 0 no-repeat;\r\n                    }\r\n                <\/style>\r\n\r\n                <div id=\"tdi_1\" class=\"td-gallery td-slide-on-2-columns\">\r\n                    <div class=\"post_td_gallery\">\r\n                        <div class=\"td-gallery-slide-top\">\r\n                           <div class=\"td-gallery-title\"><\/div>\r\n\r\n                            <div class=\"td-gallery-controls-wrapper\">\r\n                                <div class=\"td-gallery-slide-count\"><span class=\"td-gallery-slide-item-focus\">1<\/span> de 4<\/div>\r\n                                <div class=\"td-gallery-slide-prev-next-but\">\r\n                                    <i class = \"td-icon-left doubleSliderPrevButton\"><\/i>\r\n                                    <i class = \"td-icon-right doubleSliderNextButton\"><\/i>\r\n                                <\/div>\r\n                            <\/div>\r\n                        <\/div>\r\n\r\n                        <div class = \"td-doubleSlider-1 \">\r\n                            <div class = \"td-slider\">\r\n                                \r\n                    <div class = \"td-slide-item td-item1\">\r\n                        <figure class=\"td-slide-galery-figure td-slide-popup-gallery\">\r\n                            <a class=\"slide-gallery-image-link\" href=\"\/wp-content\/uploads\/sites\/5\/2022\/08\/Gerente-del-IGSS-asume-cargo-Agosto-2022-2.jpg\" title=\"Gerente del IGSS asume cargo Agosto 2022-2\"  data-caption=\"\"  data-description=\"\">\r\n                                <img decoding=\"async\" src=\"\/wp-content\/uploads\/sites\/5\/2022\/08\/Gerente-del-IGSS-asume-cargo-Agosto-2022-2-630x420.jpg\" srcset=\"\/wp-content\/uploads\/sites\/5\/2022\/08\/Gerente-del-IGSS-asume-cargo-Agosto-2022-2-630x420.jpg 630w, \/wp-content\/uploads\/sites\/5\/2022\/08\/Gerente-del-IGSS-asume-cargo-Agosto-2022-2-300x200.jpg 300w, \/wp-content\/uploads\/sites\/5\/2022\/08\/Gerente-del-IGSS-asume-cargo-Agosto-2022-2-768x512.jpg 768w, \/wp-content\/uploads\/sites\/5\/2022\/08\/Gerente-del-IGSS-asume-cargo-Agosto-2022-2-1024x683.jpg 1024w, \/wp-content\/uploads\/sites\/5\/2022\/08\/Gerente-del-IGSS-asume-cargo-Agosto-2022-2-696x464.jpg 696w, \/wp-content\/uploads\/sites\/5\/2022\/08\/Gerente-del-IGSS-asume-cargo-Agosto-2022-2-1068x712.jpg 1068w, \/wp-content\/uploads\/sites\/5\/2022\/08\/Gerente-del-IGSS-asume-cargo-Agosto-2022-2-534x356.jpg 534w, \/wp-content\/uploads\/sites\/5\/2022\/08\/Gerente-del-IGSS-asume-cargo-Agosto-2022-2.jpg 1413w\" sizes=\"(max-width: 630px) 100vw, 630px\" alt=\"\">\r\n                            <\/a>\r\n                            \r\n                        <\/figure>\r\n                    <\/div>\r\n                    <div class = \"td-slide-item td-item2\">\r\n                        <figure class=\"td-slide-galery-figure td-slide-popup-gallery\">\r\n                            <a class=\"slide-gallery-image-link\" href=\"\/wp-content\/uploads\/sites\/5\/2022\/08\/Gerente-del-IGSS-asume-cargo-Agosto-2022-6.jpg\" title=\"Gerente del IGSS asume cargo Agosto 2022-6\"  data-caption=\"\"  data-description=\"\">\r\n                                <img decoding=\"async\" src=\"\/wp-content\/uploads\/sites\/5\/2022\/08\/Gerente-del-IGSS-asume-cargo-Agosto-2022-6-534x420.jpg\" srcset=\"\/wp-content\/uploads\/sites\/5\/2022\/08\/Gerente-del-IGSS-asume-cargo-Agosto-2022-6-534x420.jpg 534w, \/wp-content\/uploads\/sites\/5\/2022\/08\/Gerente-del-IGSS-asume-cargo-Agosto-2022-6-300x236.jpg 300w, \/wp-content\/uploads\/sites\/5\/2022\/08\/Gerente-del-IGSS-asume-cargo-Agosto-2022-6-768x604.jpg 768w, \/wp-content\/uploads\/sites\/5\/2022\/08\/Gerente-del-IGSS-asume-cargo-Agosto-2022-6-1024x805.jpg 1024w, \/wp-content\/uploads\/sites\/5\/2022\/08\/Gerente-del-IGSS-asume-cargo-Agosto-2022-6-696x547.jpg 696w, \/wp-content\/uploads\/sites\/5\/2022\/08\/Gerente-del-IGSS-asume-cargo-Agosto-2022-6-1068x840.jpg 1068w, \/wp-content\/uploads\/sites\/5\/2022\/08\/Gerente-del-IGSS-asume-cargo-Agosto-2022-6.jpg 1141w\" sizes=\"(max-width: 534px) 100vw, 534px\" alt=\"\">\r\n                            <\/a>\r\n                            \r\n                        <\/figure>\r\n                    <\/div>\r\n                    <div class = \"td-slide-item td-item3\">\r\n                        <figure class=\"td-slide-galery-figure td-slide-popup-gallery\">\r\n                            <a class=\"slide-gallery-image-link\" href=\"\/wp-content\/uploads\/sites\/5\/2022\/08\/Gerente-del-IGSS-asume-cargo-Agosto-2022-1.jpg\" title=\"Gerente del IGSS asume cargo Agosto 2022-1\"  data-caption=\"\"  data-description=\"\">\r\n                                <img decoding=\"async\" src=\"\/wp-content\/uploads\/sites\/5\/2022\/08\/Gerente-del-IGSS-asume-cargo-Agosto-2022-1-608x420.jpg\" srcset=\"\/wp-content\/uploads\/sites\/5\/2022\/08\/Gerente-del-IGSS-asume-cargo-Agosto-2022-1-608x420.jpg 608w, \/wp-content\/uploads\/sites\/5\/2022\/08\/Gerente-del-IGSS-asume-cargo-Agosto-2022-1-300x207.jpg 300w, \/wp-content\/uploads\/sites\/5\/2022\/08\/Gerente-del-IGSS-asume-cargo-Agosto-2022-1-768x530.jpg 768w, \/wp-content\/uploads\/sites\/5\/2022\/08\/Gerente-del-IGSS-asume-cargo-Agosto-2022-1-1024x707.jpg 1024w, \/wp-content\/uploads\/sites\/5\/2022\/08\/Gerente-del-IGSS-asume-cargo-Agosto-2022-1-218x150.jpg 218w, \/wp-content\/uploads\/sites\/5\/2022\/08\/Gerente-del-IGSS-asume-cargo-Agosto-2022-1-696x480.jpg 696w, \/wp-content\/uploads\/sites\/5\/2022\/08\/Gerente-del-IGSS-asume-cargo-Agosto-2022-1-1068x737.jpg 1068w, \/wp-content\/uploads\/sites\/5\/2022\/08\/Gerente-del-IGSS-asume-cargo-Agosto-2022-1-100x70.jpg 100w, \/wp-content\/uploads\/sites\/5\/2022\/08\/Gerente-del-IGSS-asume-cargo-Agosto-2022-1-534x369.jpg 534w, \/wp-content\/uploads\/sites\/5\/2022\/08\/Gerente-del-IGSS-asume-cargo-Agosto-2022-1.jpg 1308w\" sizes=\"(max-width: 608px) 100vw, 608px\" alt=\"\">\r\n                            <\/a>\r\n                            \r\n                        <\/figure>\r\n                    <\/div>\r\n                    <div class = \"td-slide-item td-item4\">\r\n                        <figure class=\"td-slide-galery-figure td-slide-popup-gallery\">\r\n                            <a class=\"slide-gallery-image-link\" href=\"\/wp-content\/uploads\/sites\/5\/2022\/08\/Gerente-del-IGSS-asume-cargo-Agosto-2022-4.jpg\" title=\"Gerente del IGSS asume cargo Agosto 2022-4\"  data-caption=\"\"  data-description=\"\">\r\n                                <img decoding=\"async\" src=\"\/wp-content\/uploads\/sites\/5\/2022\/08\/Gerente-del-IGSS-asume-cargo-Agosto-2022-4-730x420.jpg\" srcset=\"\/wp-content\/uploads\/sites\/5\/2022\/08\/Gerente-del-IGSS-asume-cargo-Agosto-2022-4-730x420.jpg 730w, \/wp-content\/uploads\/sites\/5\/2022\/08\/Gerente-del-IGSS-asume-cargo-Agosto-2022-4-300x173.jpg 300w, \/wp-content\/uploads\/sites\/5\/2022\/08\/Gerente-del-IGSS-asume-cargo-Agosto-2022-4-768x442.jpg 768w, \/wp-content\/uploads\/sites\/5\/2022\/08\/Gerente-del-IGSS-asume-cargo-Agosto-2022-4-1024x589.jpg 1024w, \/wp-content\/uploads\/sites\/5\/2022\/08\/Gerente-del-IGSS-asume-cargo-Agosto-2022-4-1536x884.jpg 1536w, \/wp-content\/uploads\/sites\/5\/2022\/08\/Gerente-del-IGSS-asume-cargo-Agosto-2022-4-696x401.jpg 696w, \/wp-content\/uploads\/sites\/5\/2022\/08\/Gerente-del-IGSS-asume-cargo-Agosto-2022-4-1068x615.jpg 1068w, \/wp-content\/uploads\/sites\/5\/2022\/08\/Gerente-del-IGSS-asume-cargo-Agosto-2022-4-534x307.jpg 534w, \/wp-content\/uploads\/sites\/5\/2022\/08\/Gerente-del-IGSS-asume-cargo-Agosto-2022-4.jpg 1541w\" sizes=\"(max-width: 730px) 100vw, 730px\" alt=\"\">\r\n                            <\/a>\r\n                            \r\n                        <\/figure>\r\n                    <\/div>\r\n                            <\/div>\r\n                        <\/div>\r\n\r\n                        <div class = \"td-doubleSlider-2\">\r\n                            <div class = \"td-slider\">\r\n                                \r\n                    <div class = \"td-button td-item1\">\r\n                        <div class = \"td-border\"><\/div>\r\n                    <\/div>\r\n                    <div class = \"td-button td-item2\">\r\n                        <div class = \"td-border\"><\/div>\r\n                    <\/div>\r\n                    <div class = \"td-button td-item3\">\r\n                        <div class = \"td-border\"><\/div>\r\n                    <\/div>\r\n                    <div class = \"td-button td-item4\">\r\n                        <div class = \"td-border\"><\/div>\r\n                    <\/div>\r\n                            <\/div>\r\n                        <\/div>\r\n\r\n                    <\/div>\r\n\r\n                <\/div>\r\n                \n","protected":false},"excerpt":{"rendered":"<p>La Junta Directiva del Instituto Guatemalteco de Seguridad Social (IGSS), en sesi\u00f3n extraordinaria, confirm\u00f3 en el cargo como gerente de la instituci\u00f3n al licenciado Edson Javier Rivera M\u00e9ndez, quien estaba en funciones desde abril del presente a\u00f1o. Durante la ceremonia de juramentaci\u00f3n, Rivera M\u00e9ndez reafirm\u00f3 su compromiso de garantizar la continuidad de los procesos administrativos [&hellip;]<\/p>\n","protected":false},"author":1961,"featured_media":29586,"comment_status":"closed","ping_status":"closed","sticky":false,"template":"","format":"standard","meta":{"footnotes":""},"categories":[3,15,21],"tags":[544,568],"coauthors":[],"class_list":{"0":"post-29582","1":"post","2":"type-post","3":"status-publish","4":"format-standard","5":"has-post-thumbnail","7":"category-actualidad","8":"category-destacado","9":"category-junta-directiva-igss","10":"tag-junta-directiva-igss","11":"tag-lic-edson-rivera"},"_links":{"self":[{"href":"https:\/\/www.igssgt.org\/noticias\/wp-json\/wp\/v2\/posts\/29582","targetHints":{"allow":["GET"]}}],"collection":[{"href":"https:\/\/www.igssgt.org\/noticias\/wp-json\/wp\/v2\/posts"}],"about":[{"href":"https:\/\/www.igssgt.org\/noticias\/wp-json\/wp\/v2\/types\/post"}],"author":[{"embeddable":true,"href":"https:\/\/www.igssgt.org\/noticias\/wp-json\/wp\/v2\/users\/1961"}],"replies":[{"embeddable":true,"href":"https:\/\/www.igssgt.org\/noticias\/wp-json\/wp\/v2\/comments?post=29582"}],"version-history":[{"count":7,"href":"https:\/\/www.igssgt.org\/noticias\/wp-json\/wp\/v2\/posts\/29582\/revisions"}],"predecessor-version":[{"id":29606,"href":"https:\/\/www.igssgt.org\/noticias\/wp-json\/wp\/v2\/posts\/29582\/revisions\/29606"}],"wp:featuredmedia":[{"embeddable":true,"href":"https:\/\/www.igssgt.org\/noticias\/wp-json\/wp\/v2\/media\/29586"}],"wp:attachment":[{"href":"https:\/\/www.igssgt.org\/noticias\/wp-json\/wp\/v2\/media?parent=29582"}],"wp:term":[{"taxonomy":"category","embeddable":true,"href":"https:\/\/www.igssgt.org\/noticias\/wp-json\/wp\/v2\/categories?post=29582"},{"taxonomy":"post_tag","embeddable":true,"href":"https:\/\/www.igssgt.org\/noticias\/wp-json\/wp\/v2\/tags?post=29582"},{"taxonomy":"author","embeddable":true,"href":"https:\/\/www.igssgt.org\/noticias\/wp-json\/wp\/v2\/coauthors?post=29582"}],"curies":[{"name":"wp","href":"https:\/\/api.w.org\/{rel}","templated":true}]}}