{"id":29610,"date":"2022-08-30T05:00:00","date_gmt":"2022-08-30T11:00:00","guid":{"rendered":"https:\/\/www.igssgt.org\/noticias\/?p=29610"},"modified":"2022-08-30T11:54:12","modified_gmt":"2022-08-30T17:54:12","slug":"el-igss-invita-a-participar-en-la-convocatoria-de-la-plaza-analista-a","status":"publish","type":"post","link":"https:\/\/www.igssgt.org\/noticias\/2022\/08\/30\/el-igss-invita-a-participar-en-la-convocatoria-de-la-plaza-analista-a\/","title":{"rendered":"El IGSS invita a participar en la convocatoria de la plaza: Analista A"},"content":{"rendered":"\n<h3>Para el Hospital del IGSS en Cob\u00e1n, Alta Verapaz<\/h3>\n<h4>Fecha l\u00edmite de recepci\u00f3n de solicitudes: 7 de septiembre de 2022<\/h4>\n<p><a href=\"\/wp-content\/uploads\/sites\/5\/2022\/08\/Convocatoria-plaza-IGSS-Analista-A-Coban-Alta-Verapaz-2022.jpg\"><img loading=\"lazy\" decoding=\"async\" class=\"aligncenter size-full wp-image-29616\" src=\"\/wp-content\/uploads\/sites\/5\/2022\/08\/Convocatoria-plaza-IGSS-Analista-A-Coban-Alta-Verapaz-2022.jpg\" alt=\"\" width=\"800\" height=\"1280\" srcset=\"\/wp-content\/uploads\/sites\/5\/2022\/08\/Convocatoria-plaza-IGSS-Analista-A-Coban-Alta-Verapaz-2022.jpg 800w, \/wp-content\/uploads\/sites\/5\/2022\/08\/Convocatoria-plaza-IGSS-Analista-A-Coban-Alta-Verapaz-2022-188x300.jpg 188w, \/wp-content\/uploads\/sites\/5\/2022\/08\/Convocatoria-plaza-IGSS-Analista-A-Coban-Alta-Verapaz-2022-768x1229.jpg 768w, \/wp-content\/uploads\/sites\/5\/2022\/08\/Convocatoria-plaza-IGSS-Analista-A-Coban-Alta-Verapaz-2022-640x1024.jpg 640w, \/wp-content\/uploads\/sites\/5\/2022\/08\/Convocatoria-plaza-IGSS-Analista-A-Coban-Alta-Verapaz-2022-263x420.jpg 263w, \/wp-content\/uploads\/sites\/5\/2022\/08\/Convocatoria-plaza-IGSS-Analista-A-Coban-Alta-Verapaz-2022-696x1114.jpg 696w, \/wp-content\/uploads\/sites\/5\/2022\/08\/Convocatoria-plaza-IGSS-Analista-A-Coban-Alta-Verapaz-2022-289x462.jpg 289w\" sizes=\"auto, (max-width: 800px) 100vw, 800px\" \/><\/a><\/p>\n","protected":false},"excerpt":{"rendered":"<p>Para el Hospital del IGSS en Cob\u00e1n, Alta Verapaz Fecha l\u00edmite de recepci\u00f3n de solicitudes: 7 de septiembre de 2022<\/p>\n","protected":false},"author":4,"featured_media":29616,"comment_status":"closed","ping_status":"closed","sticky":false,"template":"","format":"standard","meta":{"footnotes":""},"categories":[1299],"tags":[213,1300],"coauthors":[],"class_list":{"0":"post-29610","1":"post","2":"type-post","3":"status-publish","4":"format-standard","5":"has-post-thumbnail","7":"category-plazas-vacantes","8":"tag-convocatoria-plazas-igss","9":"tag-empleos-igss"},"_links":{"self":[{"href":"https:\/\/www.igssgt.org\/noticias\/wp-json\/wp\/v2\/posts\/29610","targetHints":{"allow":["GET"]}}],"collection":[{"href":"https:\/\/www.igssgt.org\/noticias\/wp-json\/wp\/v2\/posts"}],"about":[{"href":"https:\/\/www.igssgt.org\/noticias\/wp-json\/wp\/v2\/types\/post"}],"author":[{"embeddable":true,"href":"https:\/\/www.igssgt.org\/noticias\/wp-json\/wp\/v2\/users\/4"}],"replies":[{"embeddable":true,"href":"https:\/\/www.igssgt.org\/noticias\/wp-json\/wp\/v2\/comments?post=29610"}],"version-history":[{"count":1,"href":"https:\/\/www.igssgt.org\/noticias\/wp-json\/wp\/v2\/posts\/29610\/revisions"}],"predecessor-version":[{"id":29617,"href":"https:\/\/www.igssgt.org\/noticias\/wp-json\/wp\/v2\/posts\/29610\/revisions\/29617"}],"wp:featuredmedia":[{"embeddable":true,"href":"https:\/\/www.igssgt.org\/noticias\/wp-json\/wp\/v2\/media\/29616"}],"wp:attachment":[{"href":"https:\/\/www.igssgt.org\/noticias\/wp-json\/wp\/v2\/media?parent=29610"}],"wp:term":[{"taxonomy":"category","embeddable":true,"href":"https:\/\/www.igssgt.org\/noticias\/wp-json\/wp\/v2\/categories?post=29610"},{"taxonomy":"post_tag","embeddable":true,"href":"https:\/\/www.igssgt.org\/noticias\/wp-json\/wp\/v2\/tags?post=29610"},{"taxonomy":"author","embeddable":true,"href":"https:\/\/www.igssgt.org\/noticias\/wp-json\/wp\/v2\/coauthors?post=29610"}],"curies":[{"name":"wp","href":"https:\/\/api.w.org\/{rel}","templated":true}]}}