{"id":29637,"date":"2022-08-31T10:28:53","date_gmt":"2022-08-31T16:28:53","guid":{"rendered":"https:\/\/www.igssgt.org\/noticias\/?p=29637"},"modified":"2022-09-14T12:00:22","modified_gmt":"2022-09-14T18:00:22","slug":"autoridades-del-igss-juramentan-a-dos-nuevos-subgerentes","status":"publish","type":"post","link":"https:\/\/www.igssgt.org\/noticias\/2022\/08\/31\/autoridades-del-igss-juramentan-a-dos-nuevos-subgerentes\/","title":{"rendered":"Autoridades del IGSS juramentan a dos nuevos subgerentes"},"content":{"rendered":"\n<p class=\"has-drop-cap\">El licenciado Jos\u00e9 Adolfo Flamenco Jau, presidente de la Junta Directiva (JD) del Instituto Guatemalteco de Seguridad Social (IGSS), jurament\u00f3 al doctor Francisco Javier G\u00f3dinez Jerez como Subgerente de Prestaciones en Salud y al licenciado Carlos Alberto Franco Antonio como Subgerente de Planificaci\u00f3n y Desarrollo.<\/p>\n\n\n\n<figure id=\"attachment_29646\" aria-describedby=\"caption-attachment-29646\" style=\"width: 250px\" class=\"wp-caption alignleft\"><a href=\"\/wp-content\/uploads\/sites\/5\/2022\/08\/juramentacion-Agosto-2022-2.jpg\" target=\"_blank\" rel=\"noopener\"><img loading=\"lazy\" decoding=\"async\" class=\"wp-image-29646\" src=\"\/wp-content\/uploads\/sites\/5\/2022\/08\/juramentacion-Agosto-2022-2-264x300.jpg\" alt=\"\" width=\"250\" height=\"284\" srcset=\"\/wp-content\/uploads\/sites\/5\/2022\/08\/juramentacion-Agosto-2022-2-264x300.jpg 264w, \/wp-content\/uploads\/sites\/5\/2022\/08\/juramentacion-Agosto-2022-2-768x874.jpg 768w, \/wp-content\/uploads\/sites\/5\/2022\/08\/juramentacion-Agosto-2022-2-900x1024.jpg 900w, \/wp-content\/uploads\/sites\/5\/2022\/08\/juramentacion-Agosto-2022-2-369x420.jpg 369w, \/wp-content\/uploads\/sites\/5\/2022\/08\/juramentacion-Agosto-2022-2-696x792.jpg 696w, \/wp-content\/uploads\/sites\/5\/2022\/08\/juramentacion-Agosto-2022-2-406x462.jpg 406w, \/wp-content\/uploads\/sites\/5\/2022\/08\/juramentacion-Agosto-2022-2.jpg 1012w\" sizes=\"auto, (max-width: 250px) 100vw, 250px\" \/><\/a><figcaption id=\"caption-attachment-29646\" class=\"wp-caption-text\">Doctor Francisco Javier G\u00f3dinez Jerez.<\/figcaption><\/figure>\n<p>El doctor G\u00f3dinez Jerez es m\u00e9dico y cirujano, tiene m\u00e1s de 30 a\u00f1os de laborar en el Instituto, desempe\u00f1ado cargos como asesor de Gerencia y Jefe de Servicio de Hematolog\u00eda, entre otros. Cuenta con el grado de licenciado en Medicina y Cirug\u00eda, por la Universidad de San Carlos de Guatemala, con una especialidad en Medicina Interna y una subespecialidad en Hematolog\u00eda por el Instituto Nacional de Nutrici\u00f3n Salvador Zubir\u00e1n, M\u00e9xico, D.F.<\/p>\n<p>\u201cMi meta como nuevo Subgerente de Prestaciones en Salud es brindar al afiliado una salud integral, f\u00edsica, mental y social para que tengan una mejor calidad de vida y que est\u00e9n seguros que siempre velaremos por sus intereses. Al sector de salud del Seguro Social les pido que se sientan apoyados en esta nueva gesti\u00f3n\u201d, destac\u00f3.<\/p>\n<figure id=\"attachment_29650\" aria-describedby=\"caption-attachment-29650\" style=\"width: 249px\" class=\"wp-caption alignright\"><a href=\"\/wp-content\/uploads\/sites\/5\/2022\/08\/juramentacion-Agosto-2022-6.jpg\" target=\"_blank\" rel=\"noopener\"><img loading=\"lazy\" decoding=\"async\" class=\"wp-image-29650\" src=\"\/wp-content\/uploads\/sites\/5\/2022\/08\/juramentacion-Agosto-2022-6-261x300.jpg\" alt=\"\" width=\"249\" height=\"286\" srcset=\"\/wp-content\/uploads\/sites\/5\/2022\/08\/juramentacion-Agosto-2022-6-261x300.jpg 261w, \/wp-content\/uploads\/sites\/5\/2022\/08\/juramentacion-Agosto-2022-6-768x884.jpg 768w, \/wp-content\/uploads\/sites\/5\/2022\/08\/juramentacion-Agosto-2022-6-890x1024.jpg 890w, \/wp-content\/uploads\/sites\/5\/2022\/08\/juramentacion-Agosto-2022-6-365x420.jpg 365w, \/wp-content\/uploads\/sites\/5\/2022\/08\/juramentacion-Agosto-2022-6-696x801.jpg 696w, \/wp-content\/uploads\/sites\/5\/2022\/08\/juramentacion-Agosto-2022-6-1068x1229.jpg 1068w, \/wp-content\/uploads\/sites\/5\/2022\/08\/juramentacion-Agosto-2022-6-401x462.jpg 401w, \/wp-content\/uploads\/sites\/5\/2022\/08\/juramentacion-Agosto-2022-6.jpg 1112w\" sizes=\"auto, (max-width: 249px) 100vw, 249px\" \/><\/a><figcaption id=\"caption-attachment-29650\" class=\"wp-caption-text\">Licenciado Carlos Alberto Franco Antonio.<\/figcaption><\/figure>\n<p>Por su parte, el licenciado Franco Antonio es Contador P\u00fablico y Auditor, desempe\u00f1\u00e1ndose desde el 2015 como Director Administrativo Financiero en la Unidad de Consulta Externa de Especialidades M\u00e9dico Quir\u00fargicas Gerona del IGSS, entre otros. Cuenta con una Maestr\u00eda en Fiscalizaci\u00f3n de la Administraci\u00f3n P\u00fablica por la Universidad Galileo de Guatemala.<\/p>\n<p>\u201cS\u00e9 de la importancia de la Subgerencia de Planificaci\u00f3n y Desarrollo, que es un eje fundamental para establecer los planes y metas institucionales a corto, mediano y largo plazo. Mi compromiso es centrarnos para alcanzar estos objetivos en beneficio de nuestra poblaci\u00f3n asegurada y del personal de la instituci\u00f3n\u201d, concluy\u00f3 en el breve acto celebrado durante la realizaci\u00f3n de la asamblea ordinaria de la Junta Directiva del Seguro Social el pasado martes.<\/p>\n<p><iframe loading=\"lazy\" title=\"Autoridades del IGSS juramentan a dos nuevos subgerentes\" width=\"696\" height=\"392\" src=\"https:\/\/www.youtube.com\/embed\/JrG1HZlCqyY?feature=oembed\" frameborder=\"0\" allow=\"accelerometer; autoplay; clipboard-write; encrypted-media; gyroscope; picture-in-picture\" allowfullscreen><\/iframe><\/p>\n<h3><strong>Galer\u00eda de im\u00e1genes<\/strong><\/h3>\n\n\n\n\r\n                <style type=\"text\/css\">\r\n                    \r\n                    #tdi_1  .td-doubleSlider-2 .td-item1 {\r\n                        background: url(\/wp-content\/uploads\/sites\/5\/2022\/08\/juramentacion-Agosto-2022-1-80x60.jpg) 0 0 no-repeat;\r\n                    }\r\n                    #tdi_1  .td-doubleSlider-2 .td-item2 {\r\n                        background: url(\/wp-content\/uploads\/sites\/5\/2022\/08\/juramentacion-Agosto-2022-3-80x60.jpg) 0 0 no-repeat;\r\n                    }\r\n                    #tdi_1  .td-doubleSlider-2 .td-item3 {\r\n                        background: url(\/wp-content\/uploads\/sites\/5\/2022\/08\/juramentacion-Agosto-2022-4-80x60.jpg) 0 0 no-repeat;\r\n                    }\r\n                    #tdi_1  .td-doubleSlider-2 .td-item4 {\r\n                        background: url(\/wp-content\/uploads\/sites\/5\/2022\/08\/juramentacion-Agosto-2022-7-80x60.jpg) 0 0 no-repeat;\r\n                    }\r\n                <\/style>\r\n\r\n                <div id=\"tdi_1\" class=\"td-gallery td-slide-on-2-columns\">\r\n                    <div class=\"post_td_gallery\">\r\n                        <div class=\"td-gallery-slide-top\">\r\n                           <div class=\"td-gallery-title\"><\/div>\r\n\r\n                            <div class=\"td-gallery-controls-wrapper\">\r\n                                <div class=\"td-gallery-slide-count\"><span class=\"td-gallery-slide-item-focus\">1<\/span> de 4<\/div>\r\n                                <div class=\"td-gallery-slide-prev-next-but\">\r\n                                    <i class = \"td-icon-left doubleSliderPrevButton\"><\/i>\r\n                                    <i class = \"td-icon-right doubleSliderNextButton\"><\/i>\r\n                                <\/div>\r\n                            <\/div>\r\n                        <\/div>\r\n\r\n                        <div class = \"td-doubleSlider-1 \">\r\n                            <div class = \"td-slider\">\r\n                                \r\n                    <div class = \"td-slide-item td-item1\">\r\n                        <figure class=\"td-slide-galery-figure td-slide-popup-gallery\">\r\n                            <a class=\"slide-gallery-image-link\" href=\"\/wp-content\/uploads\/sites\/5\/2022\/08\/juramentacion-Agosto-2022-1.jpg\" title=\"juramentacion Agosto 2022-1\"  data-caption=\"\"  data-description=\"\">\r\n                                <img decoding=\"async\" src=\"\/wp-content\/uploads\/sites\/5\/2022\/08\/juramentacion-Agosto-2022-1-533x420.jpg\" srcset=\"\/wp-content\/uploads\/sites\/5\/2022\/08\/juramentacion-Agosto-2022-1-533x420.jpg 533w, \/wp-content\/uploads\/sites\/5\/2022\/08\/juramentacion-Agosto-2022-1-300x237.jpg 300w, \/wp-content\/uploads\/sites\/5\/2022\/08\/juramentacion-Agosto-2022-1-768x606.jpg 768w, \/wp-content\/uploads\/sites\/5\/2022\/08\/juramentacion-Agosto-2022-1-1024x808.jpg 1024w, \/wp-content\/uploads\/sites\/5\/2022\/08\/juramentacion-Agosto-2022-1-696x549.jpg 696w, \/wp-content\/uploads\/sites\/5\/2022\/08\/juramentacion-Agosto-2022-1-1068x842.jpg 1068w, \/wp-content\/uploads\/sites\/5\/2022\/08\/juramentacion-Agosto-2022-1-534x421.jpg 534w, \/wp-content\/uploads\/sites\/5\/2022\/08\/juramentacion-Agosto-2022-1.jpg 1282w\" sizes=\"(max-width: 533px) 100vw, 533px\" alt=\"\">\r\n                            <\/a>\r\n                            \r\n                        <\/figure>\r\n                    <\/div>\r\n                    <div class = \"td-slide-item td-item2\">\r\n                        <figure class=\"td-slide-galery-figure td-slide-popup-gallery\">\r\n                            <a class=\"slide-gallery-image-link\" href=\"\/wp-content\/uploads\/sites\/5\/2022\/08\/juramentacion-Agosto-2022-3.jpg\" title=\"juramentacion Agosto 2022-3\"  data-caption=\"\"  data-description=\"\">\r\n                                <img decoding=\"async\" src=\"\/wp-content\/uploads\/sites\/5\/2022\/08\/juramentacion-Agosto-2022-3-584x420.jpg\" srcset=\"\/wp-content\/uploads\/sites\/5\/2022\/08\/juramentacion-Agosto-2022-3-584x420.jpg 584w, \/wp-content\/uploads\/sites\/5\/2022\/08\/juramentacion-Agosto-2022-3-300x216.jpg 300w, \/wp-content\/uploads\/sites\/5\/2022\/08\/juramentacion-Agosto-2022-3-768x553.jpg 768w, \/wp-content\/uploads\/sites\/5\/2022\/08\/juramentacion-Agosto-2022-3-1024x737.jpg 1024w, \/wp-content\/uploads\/sites\/5\/2022\/08\/juramentacion-Agosto-2022-3-696x501.jpg 696w, \/wp-content\/uploads\/sites\/5\/2022\/08\/juramentacion-Agosto-2022-3-1068x768.jpg 1068w, \/wp-content\/uploads\/sites\/5\/2022\/08\/juramentacion-Agosto-2022-3-534x384.jpg 534w, \/wp-content\/uploads\/sites\/5\/2022\/08\/juramentacion-Agosto-2022-3.jpg 1437w\" sizes=\"(max-width: 584px) 100vw, 584px\" alt=\"\">\r\n                            <\/a>\r\n                            \r\n                        <\/figure>\r\n                    <\/div>\r\n                    <div class = \"td-slide-item td-item3\">\r\n                        <figure class=\"td-slide-galery-figure td-slide-popup-gallery\">\r\n                            <a class=\"slide-gallery-image-link\" href=\"\/wp-content\/uploads\/sites\/5\/2022\/08\/juramentacion-Agosto-2022-4.jpg\" title=\"juramentacion Agosto 2022-4\"  data-caption=\"\"  data-description=\"\">\r\n                                <img decoding=\"async\" src=\"\/wp-content\/uploads\/sites\/5\/2022\/08\/juramentacion-Agosto-2022-4-577x420.jpg\" srcset=\"\/wp-content\/uploads\/sites\/5\/2022\/08\/juramentacion-Agosto-2022-4-577x420.jpg 577w, \/wp-content\/uploads\/sites\/5\/2022\/08\/juramentacion-Agosto-2022-4-300x218.jpg 300w, \/wp-content\/uploads\/sites\/5\/2022\/08\/juramentacion-Agosto-2022-4-768x559.jpg 768w, \/wp-content\/uploads\/sites\/5\/2022\/08\/juramentacion-Agosto-2022-4-1024x745.jpg 1024w, \/wp-content\/uploads\/sites\/5\/2022\/08\/juramentacion-Agosto-2022-4-696x506.jpg 696w, \/wp-content\/uploads\/sites\/5\/2022\/08\/juramentacion-Agosto-2022-4-1068x777.jpg 1068w, \/wp-content\/uploads\/sites\/5\/2022\/08\/juramentacion-Agosto-2022-4-324x235.jpg 324w, \/wp-content\/uploads\/sites\/5\/2022\/08\/juramentacion-Agosto-2022-4-534x389.jpg 534w, \/wp-content\/uploads\/sites\/5\/2022\/08\/juramentacion-Agosto-2022-4.jpg 1406w\" sizes=\"(max-width: 577px) 100vw, 577px\" alt=\"\">\r\n                            <\/a>\r\n                            \r\n                        <\/figure>\r\n                    <\/div>\r\n                    <div class = \"td-slide-item td-item4\">\r\n                        <figure class=\"td-slide-galery-figure td-slide-popup-gallery\">\r\n                            <a class=\"slide-gallery-image-link\" href=\"\/wp-content\/uploads\/sites\/5\/2022\/08\/juramentacion-Agosto-2022-7.jpg\" title=\"juramentacion Agosto 2022-7\"  data-caption=\"\"  data-description=\"\">\r\n                                <img decoding=\"async\" src=\"\/wp-content\/uploads\/sites\/5\/2022\/08\/juramentacion-Agosto-2022-7-582x420.jpg\" srcset=\"\/wp-content\/uploads\/sites\/5\/2022\/08\/juramentacion-Agosto-2022-7-582x420.jpg 582w, \/wp-content\/uploads\/sites\/5\/2022\/08\/juramentacion-Agosto-2022-7-300x217.jpg 300w, \/wp-content\/uploads\/sites\/5\/2022\/08\/juramentacion-Agosto-2022-7-768x555.jpg 768w, \/wp-content\/uploads\/sites\/5\/2022\/08\/juramentacion-Agosto-2022-7-1024x740.jpg 1024w, \/wp-content\/uploads\/sites\/5\/2022\/08\/juramentacion-Agosto-2022-7-696x503.jpg 696w, \/wp-content\/uploads\/sites\/5\/2022\/08\/juramentacion-Agosto-2022-7-1068x771.jpg 1068w, \/wp-content\/uploads\/sites\/5\/2022\/08\/juramentacion-Agosto-2022-7-324x235.jpg 324w, \/wp-content\/uploads\/sites\/5\/2022\/08\/juramentacion-Agosto-2022-7-534x386.jpg 534w, \/wp-content\/uploads\/sites\/5\/2022\/08\/juramentacion-Agosto-2022-7.jpg 1404w\" sizes=\"(max-width: 582px) 100vw, 582px\" alt=\"\">\r\n                            <\/a>\r\n                            \r\n                        <\/figure>\r\n                    <\/div>\r\n                            <\/div>\r\n                        <\/div>\r\n\r\n                        <div class = \"td-doubleSlider-2\">\r\n                            <div class = \"td-slider\">\r\n                                \r\n                    <div class = \"td-button td-item1\">\r\n                        <div class = \"td-border\"><\/div>\r\n                    <\/div>\r\n                    <div class = \"td-button td-item2\">\r\n                        <div class = \"td-border\"><\/div>\r\n                    <\/div>\r\n                    <div class = \"td-button td-item3\">\r\n                        <div class = \"td-border\"><\/div>\r\n                    <\/div>\r\n                    <div class = \"td-button td-item4\">\r\n                        <div class = \"td-border\"><\/div>\r\n                    <\/div>\r\n                            <\/div>\r\n                        <\/div>\r\n\r\n                    <\/div>\r\n\r\n                <\/div>\r\n                \n","protected":false},"excerpt":{"rendered":"<p>El licenciado Jos\u00e9 Adolfo Flamenco Jau, presidente de la Junta Directiva (JD) del Instituto Guatemalteco de Seguridad Social (IGSS), jurament\u00f3 al doctor Francisco Javier G\u00f3dinez Jerez como Subgerente de Prestaciones en Salud y al licenciado Carlos Alberto Franco Antonio como Subgerente de Planificaci\u00f3n y Desarrollo. El doctor G\u00f3dinez Jerez es m\u00e9dico y cirujano, tiene m\u00e1s [&hellip;]<\/p>\n","protected":false},"author":1961,"featured_media":29649,"comment_status":"closed","ping_status":"closed","sticky":false,"template":"","format":"standard","meta":{"footnotes":""},"categories":[3,21],"tags":[544],"coauthors":[],"class_list":{"0":"post-29637","1":"post","2":"type-post","3":"status-publish","4":"format-standard","5":"has-post-thumbnail","7":"category-actualidad","8":"category-junta-directiva-igss","9":"tag-junta-directiva-igss"},"_links":{"self":[{"href":"https:\/\/www.igssgt.org\/noticias\/wp-json\/wp\/v2\/posts\/29637","targetHints":{"allow":["GET"]}}],"collection":[{"href":"https:\/\/www.igssgt.org\/noticias\/wp-json\/wp\/v2\/posts"}],"about":[{"href":"https:\/\/www.igssgt.org\/noticias\/wp-json\/wp\/v2\/types\/post"}],"author":[{"embeddable":true,"href":"https:\/\/www.igssgt.org\/noticias\/wp-json\/wp\/v2\/users\/1961"}],"replies":[{"embeddable":true,"href":"https:\/\/www.igssgt.org\/noticias\/wp-json\/wp\/v2\/comments?post=29637"}],"version-history":[{"count":20,"href":"https:\/\/www.igssgt.org\/noticias\/wp-json\/wp\/v2\/posts\/29637\/revisions"}],"predecessor-version":[{"id":29670,"href":"https:\/\/www.igssgt.org\/noticias\/wp-json\/wp\/v2\/posts\/29637\/revisions\/29670"}],"wp:featuredmedia":[{"embeddable":true,"href":"https:\/\/www.igssgt.org\/noticias\/wp-json\/wp\/v2\/media\/29649"}],"wp:attachment":[{"href":"https:\/\/www.igssgt.org\/noticias\/wp-json\/wp\/v2\/media?parent=29637"}],"wp:term":[{"taxonomy":"category","embeddable":true,"href":"https:\/\/www.igssgt.org\/noticias\/wp-json\/wp\/v2\/categories?post=29637"},{"taxonomy":"post_tag","embeddable":true,"href":"https:\/\/www.igssgt.org\/noticias\/wp-json\/wp\/v2\/tags?post=29637"},{"taxonomy":"author","embeddable":true,"href":"https:\/\/www.igssgt.org\/noticias\/wp-json\/wp\/v2\/coauthors?post=29637"}],"curies":[{"name":"wp","href":"https:\/\/api.w.org\/{rel}","templated":true}]}}