{"id":29694,"date":"2022-09-02T09:39:34","date_gmt":"2022-09-02T15:39:34","guid":{"rendered":"https:\/\/www.igssgt.org\/noticias\/?p=29694"},"modified":"2022-09-02T09:39:35","modified_gmt":"2022-09-02T15:39:35","slug":"el-igss-invita-a-participar-en-la-convocatoria-de-la-plaza-medico-general-de-4-horas-2","status":"publish","type":"post","link":"https:\/\/www.igssgt.org\/noticias\/2022\/09\/02\/el-igss-invita-a-participar-en-la-convocatoria-de-la-plaza-medico-general-de-4-horas-2\/","title":{"rendered":"El IGSS invita a participar en la convocatoria de la plaza: M\u00e9dico General de 4 horas"},"content":{"rendered":"\n<h3>Para el Hospital del IGSS en Santa Luc\u00eda Cotzumalguapa, Escuintla<\/h3>\n<h4>Fecha l\u00edmite de recepci\u00f3n de solicitudes: 12 de septiembre de 2022<\/h4>\n<p><a href=\"\/wp-content\/uploads\/sites\/5\/2022\/09\/medico-general-4-horas-Septiembre-2022.jpg\" target=\"_blank\" rel=\"noopener\"><img loading=\"lazy\" decoding=\"async\" class=\"alignnone wp-image-29695 size-full\" src=\"\/wp-content\/uploads\/sites\/5\/2022\/09\/medico-general-4-horas-Septiembre-2022.jpg\" alt=\"\" width=\"800\" height=\"1280\" srcset=\"\/wp-content\/uploads\/sites\/5\/2022\/09\/medico-general-4-horas-Septiembre-2022.jpg 800w, \/wp-content\/uploads\/sites\/5\/2022\/09\/medico-general-4-horas-Septiembre-2022-188x300.jpg 188w, \/wp-content\/uploads\/sites\/5\/2022\/09\/medico-general-4-horas-Septiembre-2022-768x1229.jpg 768w, \/wp-content\/uploads\/sites\/5\/2022\/09\/medico-general-4-horas-Septiembre-2022-640x1024.jpg 640w, \/wp-content\/uploads\/sites\/5\/2022\/09\/medico-general-4-horas-Septiembre-2022-263x420.jpg 263w, \/wp-content\/uploads\/sites\/5\/2022\/09\/medico-general-4-horas-Septiembre-2022-696x1114.jpg 696w, \/wp-content\/uploads\/sites\/5\/2022\/09\/medico-general-4-horas-Septiembre-2022-289x462.jpg 289w\" sizes=\"auto, (max-width: 800px) 100vw, 800px\" \/><\/a><\/p>\n","protected":false},"excerpt":{"rendered":"<p>Para el Hospital del IGSS en Santa Luc\u00eda Cotzumalguapa, Escuintla Fecha l\u00edmite de recepci\u00f3n de solicitudes: 12 de septiembre de 2022<\/p>\n","protected":false},"author":1961,"featured_media":29695,"comment_status":"closed","ping_status":"closed","sticky":false,"template":"","format":"standard","meta":{"footnotes":""},"categories":[1299,29],"tags":[213,1300],"coauthors":[],"class_list":{"0":"post-29694","1":"post","2":"type-post","3":"status-publish","4":"format-standard","5":"has-post-thumbnail","7":"category-plazas-vacantes","8":"category-publicaciones","9":"tag-convocatoria-plazas-igss","10":"tag-empleos-igss"},"_links":{"self":[{"href":"https:\/\/www.igssgt.org\/noticias\/wp-json\/wp\/v2\/posts\/29694","targetHints":{"allow":["GET"]}}],"collection":[{"href":"https:\/\/www.igssgt.org\/noticias\/wp-json\/wp\/v2\/posts"}],"about":[{"href":"https:\/\/www.igssgt.org\/noticias\/wp-json\/wp\/v2\/types\/post"}],"author":[{"embeddable":true,"href":"https:\/\/www.igssgt.org\/noticias\/wp-json\/wp\/v2\/users\/1961"}],"replies":[{"embeddable":true,"href":"https:\/\/www.igssgt.org\/noticias\/wp-json\/wp\/v2\/comments?post=29694"}],"version-history":[{"count":2,"href":"https:\/\/www.igssgt.org\/noticias\/wp-json\/wp\/v2\/posts\/29694\/revisions"}],"predecessor-version":[{"id":29697,"href":"https:\/\/www.igssgt.org\/noticias\/wp-json\/wp\/v2\/posts\/29694\/revisions\/29697"}],"wp:featuredmedia":[{"embeddable":true,"href":"https:\/\/www.igssgt.org\/noticias\/wp-json\/wp\/v2\/media\/29695"}],"wp:attachment":[{"href":"https:\/\/www.igssgt.org\/noticias\/wp-json\/wp\/v2\/media?parent=29694"}],"wp:term":[{"taxonomy":"category","embeddable":true,"href":"https:\/\/www.igssgt.org\/noticias\/wp-json\/wp\/v2\/categories?post=29694"},{"taxonomy":"post_tag","embeddable":true,"href":"https:\/\/www.igssgt.org\/noticias\/wp-json\/wp\/v2\/tags?post=29694"},{"taxonomy":"author","embeddable":true,"href":"https:\/\/www.igssgt.org\/noticias\/wp-json\/wp\/v2\/coauthors?post=29694"}],"curies":[{"name":"wp","href":"https:\/\/api.w.org\/{rel}","templated":true}]}}