{"id":29699,"date":"2022-09-02T10:00:00","date_gmt":"2022-09-02T16:00:00","guid":{"rendered":"https:\/\/www.igssgt.org\/noticias\/?p=29699"},"modified":"2022-09-02T12:10:48","modified_gmt":"2022-09-02T18:10:48","slug":"el-igss-invita-a-participar-en-la-convocatoria-de-las-plazas-odontologo-general-y-medicos-especialistas","status":"publish","type":"post","link":"https:\/\/www.igssgt.org\/noticias\/2022\/09\/02\/el-igss-invita-a-participar-en-la-convocatoria-de-las-plazas-odontologo-general-y-medicos-especialistas\/","title":{"rendered":"El IGSS invita a participar en la convocatoria de las plazas: Odont\u00f3logo General y M\u00e9dicos Especialistas"},"content":{"rendered":"\n<h3>Para el Consultorio y Sala Anexa al Hospital Nacional Solol\u00e1<\/h3>\n<h4>Fecha l\u00edmite de recepci\u00f3n de solicitudes: 16 de septiembre de 2022.<\/h4>\n<p><a href=\"\/wp-content\/uploads\/sites\/5\/2022\/09\/Convocatoria-plazas-IGSS-odontologo-y-medicos-especialistas-Consultorio-Solola-2022.jpg\"><img loading=\"lazy\" decoding=\"async\" class=\"aligncenter size-full wp-image-29700\" src=\"\/wp-content\/uploads\/sites\/5\/2022\/09\/Convocatoria-plazas-IGSS-odontologo-y-medicos-especialistas-Consultorio-Solola-2022.jpg\" alt=\"\" width=\"784\" height=\"1280\" srcset=\"\/wp-content\/uploads\/sites\/5\/2022\/09\/Convocatoria-plazas-IGSS-odontologo-y-medicos-especialistas-Consultorio-Solola-2022.jpg 784w, \/wp-content\/uploads\/sites\/5\/2022\/09\/Convocatoria-plazas-IGSS-odontologo-y-medicos-especialistas-Consultorio-Solola-2022-184x300.jpg 184w, \/wp-content\/uploads\/sites\/5\/2022\/09\/Convocatoria-plazas-IGSS-odontologo-y-medicos-especialistas-Consultorio-Solola-2022-768x1254.jpg 768w, \/wp-content\/uploads\/sites\/5\/2022\/09\/Convocatoria-plazas-IGSS-odontologo-y-medicos-especialistas-Consultorio-Solola-2022-627x1024.jpg 627w, \/wp-content\/uploads\/sites\/5\/2022\/09\/Convocatoria-plazas-IGSS-odontologo-y-medicos-especialistas-Consultorio-Solola-2022-257x420.jpg 257w, \/wp-content\/uploads\/sites\/5\/2022\/09\/Convocatoria-plazas-IGSS-odontologo-y-medicos-especialistas-Consultorio-Solola-2022-696x1136.jpg 696w, \/wp-content\/uploads\/sites\/5\/2022\/09\/Convocatoria-plazas-IGSS-odontologo-y-medicos-especialistas-Consultorio-Solola-2022-283x462.jpg 283w\" sizes=\"auto, (max-width: 784px) 100vw, 784px\" \/><\/a><\/p>\n<p>\u00a0<\/p>\n","protected":false},"excerpt":{"rendered":"<p>Para el Consultorio y Sala Anexa al Hospital Nacional Solol\u00e1 Fecha l\u00edmite de recepci\u00f3n de solicitudes: 16 de septiembre de 2022. \u00a0<\/p>\n","protected":false},"author":4,"featured_media":29700,"comment_status":"closed","ping_status":"closed","sticky":false,"template":"","format":"standard","meta":{"footnotes":""},"categories":[1299],"tags":[213,1300],"coauthors":[],"class_list":{"0":"post-29699","1":"post","2":"type-post","3":"status-publish","4":"format-standard","5":"has-post-thumbnail","7":"category-plazas-vacantes","8":"tag-convocatoria-plazas-igss","9":"tag-empleos-igss"},"_links":{"self":[{"href":"https:\/\/www.igssgt.org\/noticias\/wp-json\/wp\/v2\/posts\/29699","targetHints":{"allow":["GET"]}}],"collection":[{"href":"https:\/\/www.igssgt.org\/noticias\/wp-json\/wp\/v2\/posts"}],"about":[{"href":"https:\/\/www.igssgt.org\/noticias\/wp-json\/wp\/v2\/types\/post"}],"author":[{"embeddable":true,"href":"https:\/\/www.igssgt.org\/noticias\/wp-json\/wp\/v2\/users\/4"}],"replies":[{"embeddable":true,"href":"https:\/\/www.igssgt.org\/noticias\/wp-json\/wp\/v2\/comments?post=29699"}],"version-history":[{"count":1,"href":"https:\/\/www.igssgt.org\/noticias\/wp-json\/wp\/v2\/posts\/29699\/revisions"}],"predecessor-version":[{"id":29701,"href":"https:\/\/www.igssgt.org\/noticias\/wp-json\/wp\/v2\/posts\/29699\/revisions\/29701"}],"wp:featuredmedia":[{"embeddable":true,"href":"https:\/\/www.igssgt.org\/noticias\/wp-json\/wp\/v2\/media\/29700"}],"wp:attachment":[{"href":"https:\/\/www.igssgt.org\/noticias\/wp-json\/wp\/v2\/media?parent=29699"}],"wp:term":[{"taxonomy":"category","embeddable":true,"href":"https:\/\/www.igssgt.org\/noticias\/wp-json\/wp\/v2\/categories?post=29699"},{"taxonomy":"post_tag","embeddable":true,"href":"https:\/\/www.igssgt.org\/noticias\/wp-json\/wp\/v2\/tags?post=29699"},{"taxonomy":"author","embeddable":true,"href":"https:\/\/www.igssgt.org\/noticias\/wp-json\/wp\/v2\/coauthors?post=29699"}],"curies":[{"name":"wp","href":"https:\/\/api.w.org\/{rel}","templated":true}]}}