{"id":29966,"date":"2022-09-13T14:15:00","date_gmt":"2022-09-13T20:15:00","guid":{"rendered":"https:\/\/www.igssgt.org\/noticias\/?p=29966"},"modified":"2022-09-14T11:57:50","modified_gmt":"2022-09-14T17:57:50","slug":"plaza-civica-del-igss-se-llena-de-espiritu-patrio-al-son-de-la-marimba-y-banda-estudiantil","status":"publish","type":"post","link":"https:\/\/www.igssgt.org\/noticias\/2022\/09\/13\/plaza-civica-del-igss-se-llena-de-espiritu-patrio-al-son-de-la-marimba-y-banda-estudiantil\/","title":{"rendered":"Plaza c\u00edvica del IGSS se llena de esp\u00edritu patrio al son de la marimba y banda estudiantil"},"content":{"rendered":"\n<figure id=\"attachment_29983\" aria-describedby=\"caption-attachment-29983\" style=\"width: 1280px\" class=\"wp-caption alignnone\"><a href=\"\/wp-content\/uploads\/sites\/5\/2022\/09\/Plaza-ci\u0301vica-del-IGSS-se-llena-de-espiritu-patrio-Septiembre-2022-11.jpg\" target=\"_blank\" rel=\"noopener\"><img loading=\"lazy\" decoding=\"async\" class=\"wp-image-29983 size-full\" src=\"\/wp-content\/uploads\/sites\/5\/2022\/09\/Plaza-ci\u0301vica-del-IGSS-se-llena-de-espiritu-patrio-Septiembre-2022-11.jpg\" alt=\"\" width=\"1280\" height=\"848\" srcset=\"\/wp-content\/uploads\/sites\/5\/2022\/09\/Plaza-ci\u0301vica-del-IGSS-se-llena-de-espiritu-patrio-Septiembre-2022-11.jpg 1280w, \/wp-content\/uploads\/sites\/5\/2022\/09\/Plaza-ci\u0301vica-del-IGSS-se-llena-de-espiritu-patrio-Septiembre-2022-11-300x199.jpg 300w, \/wp-content\/uploads\/sites\/5\/2022\/09\/Plaza-ci\u0301vica-del-IGSS-se-llena-de-espiritu-patrio-Septiembre-2022-11-768x509.jpg 768w, \/wp-content\/uploads\/sites\/5\/2022\/09\/Plaza-ci\u0301vica-del-IGSS-se-llena-de-espiritu-patrio-Septiembre-2022-11-1024x678.jpg 1024w, \/wp-content\/uploads\/sites\/5\/2022\/09\/Plaza-ci\u0301vica-del-IGSS-se-llena-de-espiritu-patrio-Septiembre-2022-11-634x420.jpg 634w, \/wp-content\/uploads\/sites\/5\/2022\/09\/Plaza-ci\u0301vica-del-IGSS-se-llena-de-espiritu-patrio-Septiembre-2022-11-696x461.jpg 696w, \/wp-content\/uploads\/sites\/5\/2022\/09\/Plaza-ci\u0301vica-del-IGSS-se-llena-de-espiritu-patrio-Septiembre-2022-11-1068x708.jpg 1068w, \/wp-content\/uploads\/sites\/5\/2022\/09\/Plaza-ci\u0301vica-del-IGSS-se-llena-de-espiritu-patrio-Septiembre-2022-11-534x354.jpg 534w\" sizes=\"auto, (max-width: 1280px) 100vw, 1280px\" \/><\/a><figcaption id=\"caption-attachment-29983\" class=\"wp-caption-text\">Integrantes de la Junta Directiva y la Gerencia del IGSS participaron en el acto conmemorativo de los 201 a\u00f1os de independencia.<\/figcaption><\/figure>\n\n\n\n<p class=\"has-drop-cap\">Los redoblantes, trompetas y las ic\u00f3nicas notas de la marimba despertaron nuevamente el esp\u00edritu patrio y la alegr\u00eda por la celebraci\u00f3n de Independencia en la Plaza de las Banderas del Instituto Guatemalteco de Seguridad Social (IGSS), luego de un par de a\u00f1os de actividades opacadas por el COVID-19.<\/p>\n\n\n\n<blockquote>\n<p>\u201cEn estos 201 a\u00f1os de Independencia esta administraci\u00f3n refrenda su compromiso de continuar trabajando por una mejor seguridad social para todos\u201d. Lic. Edson Javier Rivera M\u00e9ndez, gerente.<\/p>\n<\/blockquote>\n<p>En la v\u00edspera del 201 aniversario de Independencia que se celebrar\u00e1 este 15 de septiembre, no pod\u00eda faltar el homenaje de las autoridades del IGSS, encabezadas por el licenciado Jos\u00e9 Adolfo Flamenco Jau, presidente de la Junta Directiva, y el licenciado Edson Javier Rivera M\u00e9ndez, gerente. Asistieron directivos, subgerentes y p\u00fablico visitante.<\/p>\n<p><a href=\"\/wp-content\/uploads\/sites\/5\/2022\/09\/post-it-13-sept-2022.jpg\"><img loading=\"lazy\" decoding=\"async\" class=\"wp-image-29969 alignleft\" src=\"\/wp-content\/uploads\/sites\/5\/2022\/09\/post-it-13-sept-2022.jpg\" alt=\"\" width=\"212\" height=\"240\" srcset=\"\/wp-content\/uploads\/sites\/5\/2022\/09\/post-it-13-sept-2022.jpg 576w, \/wp-content\/uploads\/sites\/5\/2022\/09\/post-it-13-sept-2022-265x300.jpg 265w, \/wp-content\/uploads\/sites\/5\/2022\/09\/post-it-13-sept-2022-370x420.jpg 370w, \/wp-content\/uploads\/sites\/5\/2022\/09\/post-it-13-sept-2022-408x462.jpg 408w\" sizes=\"auto, (max-width: 212px) 100vw, 212px\" \/><\/a>\u201cEs oportuno se\u00f1alar que estamos ampliando la cobertura, mejorando los insumos, la parte tecnol\u00f3gica e infraestructura para acercar los servicios a m\u00e1s poblaci\u00f3n, as\u00ed como a las familias de los migrantes que hoy recuerdan especialmente esta fecha. Los exhorto a que cada d\u00eda del a\u00f1o nos sintamos orgullos de ser guatemaltecos para decir de todo coraz\u00f3n Guatemala tu nombre inmortal, feliz 15 de Septiembre\u201d, comparti\u00f3 en parte de su discurso el licenciado Flamenco Jau.<\/p>\n<p>Mientras que Rivera M\u00e9ndez destac\u00f3 el especial significado que tiene la Plaza de las Banderas para la familia IGSS. \u201cUna ondea el fervor y el patriotismo que en septiembre florece en cada uno de nosotros. Por el otro lado, la bandera que representa a la instituci\u00f3n m\u00e1s noble de Guatemala, la del Seguro Social, que protege a millones de ciudadanos\u201d.<\/p>\n<p><a href=\"\/wp-content\/uploads\/sites\/5\/2022\/09\/Plaza-ci\u0301vica-del-IGSS-se-llena-de-espiritu-patrio-Septiembre-2022-2.jpg\" target=\"_blank\" rel=\"noopener\"><img loading=\"lazy\" decoding=\"async\" class=\"alignnone wp-image-29974 size-full\" src=\"\/wp-content\/uploads\/sites\/5\/2022\/09\/Plaza-ci\u0301vica-del-IGSS-se-llena-de-espiritu-patrio-Septiembre-2022-2.jpg\" alt=\"\" width=\"1277\" height=\"978\" srcset=\"\/wp-content\/uploads\/sites\/5\/2022\/09\/Plaza-ci\u0301vica-del-IGSS-se-llena-de-espiritu-patrio-Septiembre-2022-2.jpg 1277w, \/wp-content\/uploads\/sites\/5\/2022\/09\/Plaza-ci\u0301vica-del-IGSS-se-llena-de-espiritu-patrio-Septiembre-2022-2-300x230.jpg 300w, \/wp-content\/uploads\/sites\/5\/2022\/09\/Plaza-ci\u0301vica-del-IGSS-se-llena-de-espiritu-patrio-Septiembre-2022-2-768x588.jpg 768w, \/wp-content\/uploads\/sites\/5\/2022\/09\/Plaza-ci\u0301vica-del-IGSS-se-llena-de-espiritu-patrio-Septiembre-2022-2-1024x784.jpg 1024w, \/wp-content\/uploads\/sites\/5\/2022\/09\/Plaza-ci\u0301vica-del-IGSS-se-llena-de-espiritu-patrio-Septiembre-2022-2-548x420.jpg 548w, \/wp-content\/uploads\/sites\/5\/2022\/09\/Plaza-ci\u0301vica-del-IGSS-se-llena-de-espiritu-patrio-Septiembre-2022-2-80x60.jpg 80w, \/wp-content\/uploads\/sites\/5\/2022\/09\/Plaza-ci\u0301vica-del-IGSS-se-llena-de-espiritu-patrio-Septiembre-2022-2-696x533.jpg 696w, \/wp-content\/uploads\/sites\/5\/2022\/09\/Plaza-ci\u0301vica-del-IGSS-se-llena-de-espiritu-patrio-Septiembre-2022-2-1068x818.jpg 1068w, \/wp-content\/uploads\/sites\/5\/2022\/09\/Plaza-ci\u0301vica-del-IGSS-se-llena-de-espiritu-patrio-Septiembre-2022-2-534x409.jpg 534w\" sizes=\"auto, (max-width: 1277px) 100vw, 1277px\" \/><\/a><\/p>\n<p>El acto c\u00edvico fue engalanado por la banda del Instituto Normal para Se\u00f1oritas Centroam\u00e9rica (INCA) que con su presentaci\u00f3n volvi\u00f3 a encender el fervor y orgullo por los entra\u00f1ables festejos patrios.<\/p>\n<p><iframe loading=\"lazy\" title=\"Acto c\u00edvico por 201 a\u00f1os de independencia\" width=\"696\" height=\"392\" src=\"https:\/\/www.youtube.com\/embed\/fMc9lJhhrrI?feature=oembed\" frameborder=\"0\" allow=\"accelerometer; autoplay; clipboard-write; encrypted-media; gyroscope; picture-in-picture\" allowfullscreen><\/iframe><\/p>\n<p>Las alumnas Meribeth L\u00f3pez y G\u00e9nesis Cano recibieron en nombre del INCA un reconocimiento por parte de las autoridades del IGSS, ya que al igual que este, su g\u00e9nesis devino del movimiento revolucionario del 20 de octubre de 1944.<\/p>\n<p>La jura a la Bandera estuvo a cargo del doctor Angel Gabriel Herrera de la Roca, asistente de Direcci\u00f3n de la Subgerencia de Prestaciones en Salud, del IGSS.<\/p>\n\n\n\n\r\n                <style type=\"text\/css\">\r\n                    \r\n                    #tdi_1  .td-doubleSlider-2 .td-item1 {\r\n                        background: url(\/wp-content\/uploads\/sites\/5\/2022\/09\/Plaza-ci\u0301vica-del-IGSS-se-llena-de-espiritu-patrio-Septiembre-2022-4-80x60.jpg) 0 0 no-repeat;\r\n                    }\r\n                    #tdi_1  .td-doubleSlider-2 .td-item2 {\r\n                        background: url(\/wp-content\/uploads\/sites\/5\/2022\/09\/Plaza-ci\u0301vica-del-IGSS-se-llena-de-espiritu-patrio-Septiembre-2022-20-80x60.jpg) 0 0 no-repeat;\r\n                    }\r\n                    #tdi_1  .td-doubleSlider-2 .td-item3 {\r\n                        background: url(\/wp-content\/uploads\/sites\/5\/2022\/09\/Plaza-ci\u0301vica-del-IGSS-se-llena-de-espiritu-patrio-Septiembre-2022-14-80x60.jpg) 0 0 no-repeat;\r\n                    }\r\n                    #tdi_1  .td-doubleSlider-2 .td-item4 {\r\n                        background: url(\/wp-content\/uploads\/sites\/5\/2022\/09\/Plaza-ci\u0301vica-del-IGSS-se-llena-de-espiritu-patrio-Septiembre-2022-5-80x60.jpg) 0 0 no-repeat;\r\n                    }\r\n                    #tdi_1  .td-doubleSlider-2 .td-item5 {\r\n                        background: url(\/wp-content\/uploads\/sites\/5\/2022\/09\/Plaza-ci\u0301vica-del-IGSS-se-llena-de-espiritu-patrio-Septiembre-2022-18-80x60.jpg) 0 0 no-repeat;\r\n                    }\r\n                    #tdi_1  .td-doubleSlider-2 .td-item6 {\r\n                        background: url(\/wp-content\/uploads\/sites\/5\/2022\/09\/Plaza-ci\u0301vica-del-IGSS-se-llena-de-espiritu-patrio-Septiembre-2022-8-80x60.jpg) 0 0 no-repeat;\r\n                    }\r\n                    #tdi_1  .td-doubleSlider-2 .td-item7 {\r\n                        background: url(\/wp-content\/uploads\/sites\/5\/2022\/09\/Plaza-ci\u0301vica-del-IGSS-se-llena-de-espiritu-patrio-Septiembre-2022-13-80x60.jpg) 0 0 no-repeat;\r\n                    }\r\n                    #tdi_1  .td-doubleSlider-2 .td-item8 {\r\n                        background: url(\/wp-content\/uploads\/sites\/5\/2022\/09\/Plaza-ci\u0301vica-del-IGSS-se-llena-de-espiritu-patrio-Septiembre-2022-10-80x60.jpg) 0 0 no-repeat;\r\n                    }\r\n                    #tdi_1  .td-doubleSlider-2 .td-item9 {\r\n                        background: url(\/wp-content\/uploads\/sites\/5\/2022\/09\/Plaza-ci\u0301vica-del-IGSS-se-llena-de-espiritu-patrio-Septiembre-2022-15-80x60.jpg) 0 0 no-repeat;\r\n                    }\r\n                    #tdi_1  .td-doubleSlider-2 .td-item10 {\r\n                        background: url(\/wp-content\/uploads\/sites\/5\/2022\/09\/Plaza-ci\u0301vica-del-IGSS-se-llena-de-espiritu-patrio-Septiembre-2022-1-80x60.jpg) 0 0 no-repeat;\r\n                    }\r\n                    #tdi_1  .td-doubleSlider-2 .td-item11 {\r\n                        background: url(\/wp-content\/uploads\/sites\/5\/2022\/09\/Plaza-ci\u0301vica-del-IGSS-se-llena-de-espiritu-patrio-Septiembre-2022-16-80x60.jpg) 0 0 no-repeat;\r\n                    }\r\n                    #tdi_1  .td-doubleSlider-2 .td-item12 {\r\n                        background: url(\/wp-content\/uploads\/sites\/5\/2022\/09\/Plaza-ci\u0301vica-del-IGSS-se-llena-de-espiritu-patrio-Septiembre-2022-3-80x60.jpg) 0 0 no-repeat;\r\n                    }\r\n                    #tdi_1  .td-doubleSlider-2 .td-item13 {\r\n                        background: url(\/wp-content\/uploads\/sites\/5\/2022\/09\/Plaza-ci\u0301vica-del-IGSS-se-llena-de-espiritu-patrio-Septiembre-2022-17-80x60.jpg) 0 0 no-repeat;\r\n                    }\r\n                    #tdi_1  .td-doubleSlider-2 .td-item14 {\r\n                        background: url(\/wp-content\/uploads\/sites\/5\/2022\/09\/Plaza-ci\u0301vica-del-IGSS-se-llena-de-espiritu-patrio-Septiembre-2022-19-80x60.jpg) 0 0 no-repeat;\r\n                    }\r\n                    #tdi_1  .td-doubleSlider-2 .td-item15 {\r\n                        background: url(\/wp-content\/uploads\/sites\/5\/2022\/09\/Plaza-ci\u0301vica-del-IGSS-se-llena-de-espiritu-patrio-Septiembre-2022-12-80x60.jpg) 0 0 no-repeat;\r\n                    }\r\n                    #tdi_1  .td-doubleSlider-2 .td-item16 {\r\n                        background: url(\/wp-content\/uploads\/sites\/5\/2022\/09\/Plaza-ci\u0301vica-del-IGSS-se-llena-de-espiritu-patrio-Septiembre-2022-21-80x60.jpg) 0 0 no-repeat;\r\n                    }\r\n                    #tdi_1  .td-doubleSlider-2 .td-item17 {\r\n                        background: url(\/wp-content\/uploads\/sites\/5\/2022\/09\/Plaza-ci\u0301vica-del-IGSS-se-llena-de-espiritu-patrio-Septiembre-2022-9-80x60.jpg) 0 0 no-repeat;\r\n                    }\r\n                <\/style>\r\n\r\n                <div id=\"tdi_1\" class=\"td-gallery td-slide-on-2-columns\">\r\n                    <div class=\"post_td_gallery\">\r\n                        <div class=\"td-gallery-slide-top\">\r\n                           <div class=\"td-gallery-title\"><\/div>\r\n\r\n                            <div class=\"td-gallery-controls-wrapper\">\r\n                                <div class=\"td-gallery-slide-count\"><span class=\"td-gallery-slide-item-focus\">1<\/span> de 17<\/div>\r\n                                <div class=\"td-gallery-slide-prev-next-but\">\r\n                                    <i class = \"td-icon-left doubleSliderPrevButton\"><\/i>\r\n                                    <i class = \"td-icon-right doubleSliderNextButton\"><\/i>\r\n                                <\/div>\r\n                            <\/div>\r\n                        <\/div>\r\n\r\n                        <div class = \"td-doubleSlider-1 \">\r\n                            <div class = \"td-slider\">\r\n                                \r\n                    <div class = \"td-slide-item td-item1\">\r\n                        <figure class=\"td-slide-galery-figure td-slide-popup-gallery\">\r\n                            <a class=\"slide-gallery-image-link\" href=\"\/wp-content\/uploads\/sites\/5\/2022\/09\/Plaza-ci\u0301vica-del-IGSS-se-llena-de-espiritu-patrio-Septiembre-2022-4.jpg\" title=\"Plaza ci\u0301vica del IGSS se llena de espiritu patrio Septiembre 2022-4\"  data-caption=\"\"  data-description=\"\">\r\n                                <img decoding=\"async\" src=\"\/wp-content\/uploads\/sites\/5\/2022\/09\/Plaza-ci\u0301vica-del-IGSS-se-llena-de-espiritu-patrio-Septiembre-2022-4-630x420.jpg\" srcset=\"\/wp-content\/uploads\/sites\/5\/2022\/09\/Plaza-ci\u0301vica-del-IGSS-se-llena-de-espiritu-patrio-Septiembre-2022-4-630x420.jpg 630w, \/wp-content\/uploads\/sites\/5\/2022\/09\/Plaza-ci\u0301vica-del-IGSS-se-llena-de-espiritu-patrio-Septiembre-2022-4-300x200.jpg 300w, \/wp-content\/uploads\/sites\/5\/2022\/09\/Plaza-ci\u0301vica-del-IGSS-se-llena-de-espiritu-patrio-Septiembre-2022-4-768x512.jpg 768w, \/wp-content\/uploads\/sites\/5\/2022\/09\/Plaza-ci\u0301vica-del-IGSS-se-llena-de-espiritu-patrio-Septiembre-2022-4-1024x682.jpg 1024w, \/wp-content\/uploads\/sites\/5\/2022\/09\/Plaza-ci\u0301vica-del-IGSS-se-llena-de-espiritu-patrio-Septiembre-2022-4-696x464.jpg 696w, \/wp-content\/uploads\/sites\/5\/2022\/09\/Plaza-ci\u0301vica-del-IGSS-se-llena-de-espiritu-patrio-Septiembre-2022-4-1068x712.jpg 1068w, \/wp-content\/uploads\/sites\/5\/2022\/09\/Plaza-ci\u0301vica-del-IGSS-se-llena-de-espiritu-patrio-Septiembre-2022-4-534x356.jpg 534w, \/wp-content\/uploads\/sites\/5\/2022\/09\/Plaza-ci\u0301vica-del-IGSS-se-llena-de-espiritu-patrio-Septiembre-2022-4.jpg 1280w\" sizes=\"(max-width: 630px) 100vw, 630px\" alt=\"\">\r\n                            <\/a>\r\n                            \r\n                        <\/figure>\r\n                    <\/div>\r\n                    <div class = \"td-slide-item td-item2\">\r\n                        <figure class=\"td-slide-galery-figure td-slide-popup-gallery\">\r\n                            <a class=\"slide-gallery-image-link\" href=\"\/wp-content\/uploads\/sites\/5\/2022\/09\/Plaza-ci\u0301vica-del-IGSS-se-llena-de-espiritu-patrio-Septiembre-2022-20.jpg\" title=\"Plaza ci\u0301vica del IGSS se llena de espiritu patrio Septiembre 2022-20\"  data-caption=\"\"  data-description=\"\">\r\n                                <img decoding=\"async\" src=\"\/wp-content\/uploads\/sites\/5\/2022\/09\/Plaza-ci\u0301vica-del-IGSS-se-llena-de-espiritu-patrio-Septiembre-2022-20-561x420.jpg\" srcset=\"\/wp-content\/uploads\/sites\/5\/2022\/09\/Plaza-ci\u0301vica-del-IGSS-se-llena-de-espiritu-patrio-Septiembre-2022-20-561x420.jpg 561w, \/wp-content\/uploads\/sites\/5\/2022\/09\/Plaza-ci\u0301vica-del-IGSS-se-llena-de-espiritu-patrio-Septiembre-2022-20-300x225.jpg 300w, \/wp-content\/uploads\/sites\/5\/2022\/09\/Plaza-ci\u0301vica-del-IGSS-se-llena-de-espiritu-patrio-Septiembre-2022-20-768x575.jpg 768w, \/wp-content\/uploads\/sites\/5\/2022\/09\/Plaza-ci\u0301vica-del-IGSS-se-llena-de-espiritu-patrio-Septiembre-2022-20-1024x766.jpg 1024w, \/wp-content\/uploads\/sites\/5\/2022\/09\/Plaza-ci\u0301vica-del-IGSS-se-llena-de-espiritu-patrio-Septiembre-2022-20-80x60.jpg 80w, \/wp-content\/uploads\/sites\/5\/2022\/09\/Plaza-ci\u0301vica-del-IGSS-se-llena-de-espiritu-patrio-Septiembre-2022-20-696x521.jpg 696w, \/wp-content\/uploads\/sites\/5\/2022\/09\/Plaza-ci\u0301vica-del-IGSS-se-llena-de-espiritu-patrio-Septiembre-2022-20-1068x799.jpg 1068w, \/wp-content\/uploads\/sites\/5\/2022\/09\/Plaza-ci\u0301vica-del-IGSS-se-llena-de-espiritu-patrio-Septiembre-2022-20-265x198.jpg 265w, \/wp-content\/uploads\/sites\/5\/2022\/09\/Plaza-ci\u0301vica-del-IGSS-se-llena-de-espiritu-patrio-Septiembre-2022-20-534x400.jpg 534w, \/wp-content\/uploads\/sites\/5\/2022\/09\/Plaza-ci\u0301vica-del-IGSS-se-llena-de-espiritu-patrio-Septiembre-2022-20.jpg 1280w\" sizes=\"(max-width: 561px) 100vw, 561px\" alt=\"\">\r\n                            <\/a>\r\n                            \r\n                        <\/figure>\r\n                    <\/div>\r\n                    <div class = \"td-slide-item td-item3\">\r\n                        <figure class=\"td-slide-galery-figure td-slide-popup-gallery\">\r\n                            <a class=\"slide-gallery-image-link\" href=\"\/wp-content\/uploads\/sites\/5\/2022\/09\/Plaza-ci\u0301vica-del-IGSS-se-llena-de-espiritu-patrio-Septiembre-2022-14.jpg\" title=\"Plaza ci\u0301vica del IGSS se llena de espiritu patrio Septiembre 2022-14\"  data-caption=\"\"  data-description=\"\">\r\n                                <img decoding=\"async\" src=\"\/wp-content\/uploads\/sites\/5\/2022\/09\/Plaza-ci\u0301vica-del-IGSS-se-llena-de-espiritu-patrio-Septiembre-2022-14-630x420.jpg\" srcset=\"\/wp-content\/uploads\/sites\/5\/2022\/09\/Plaza-ci\u0301vica-del-IGSS-se-llena-de-espiritu-patrio-Septiembre-2022-14-630x420.jpg 630w, \/wp-content\/uploads\/sites\/5\/2022\/09\/Plaza-ci\u0301vica-del-IGSS-se-llena-de-espiritu-patrio-Septiembre-2022-14-300x200.jpg 300w, \/wp-content\/uploads\/sites\/5\/2022\/09\/Plaza-ci\u0301vica-del-IGSS-se-llena-de-espiritu-patrio-Septiembre-2022-14-768x512.jpg 768w, \/wp-content\/uploads\/sites\/5\/2022\/09\/Plaza-ci\u0301vica-del-IGSS-se-llena-de-espiritu-patrio-Septiembre-2022-14-1024x682.jpg 1024w, \/wp-content\/uploads\/sites\/5\/2022\/09\/Plaza-ci\u0301vica-del-IGSS-se-llena-de-espiritu-patrio-Septiembre-2022-14-1536x1023.jpg 1536w, \/wp-content\/uploads\/sites\/5\/2022\/09\/Plaza-ci\u0301vica-del-IGSS-se-llena-de-espiritu-patrio-Septiembre-2022-14-696x464.jpg 696w, \/wp-content\/uploads\/sites\/5\/2022\/09\/Plaza-ci\u0301vica-del-IGSS-se-llena-de-espiritu-patrio-Septiembre-2022-14-1068x712.jpg 1068w, \/wp-content\/uploads\/sites\/5\/2022\/09\/Plaza-ci\u0301vica-del-IGSS-se-llena-de-espiritu-patrio-Septiembre-2022-14-534x356.jpg 534w, \/wp-content\/uploads\/sites\/5\/2022\/09\/Plaza-ci\u0301vica-del-IGSS-se-llena-de-espiritu-patrio-Septiembre-2022-14.jpg 1600w\" sizes=\"(max-width: 630px) 100vw, 630px\" alt=\"\">\r\n                            <\/a>\r\n                            \r\n                        <\/figure>\r\n                    <\/div>\r\n                    <div class = \"td-slide-item td-item4\">\r\n                        <figure class=\"td-slide-galery-figure td-slide-popup-gallery\">\r\n                            <a class=\"slide-gallery-image-link\" href=\"\/wp-content\/uploads\/sites\/5\/2022\/09\/Plaza-ci\u0301vica-del-IGSS-se-llena-de-espiritu-patrio-Septiembre-2022-5.jpg\" title=\"Plaza ci\u0301vica del IGSS se llena de espiritu patrio Septiembre 2022-5\"  data-caption=\"\"  data-description=\"\">\r\n                                <img decoding=\"async\" src=\"\/wp-content\/uploads\/sites\/5\/2022\/09\/Plaza-ci\u0301vica-del-IGSS-se-llena-de-espiritu-patrio-Septiembre-2022-5-559x420.jpg\" srcset=\"\/wp-content\/uploads\/sites\/5\/2022\/09\/Plaza-ci\u0301vica-del-IGSS-se-llena-de-espiritu-patrio-Septiembre-2022-5-559x420.jpg 559w, \/wp-content\/uploads\/sites\/5\/2022\/09\/Plaza-ci\u0301vica-del-IGSS-se-llena-de-espiritu-patrio-Septiembre-2022-5-300x225.jpg 300w, \/wp-content\/uploads\/sites\/5\/2022\/09\/Plaza-ci\u0301vica-del-IGSS-se-llena-de-espiritu-patrio-Septiembre-2022-5-768x577.jpg 768w, \/wp-content\/uploads\/sites\/5\/2022\/09\/Plaza-ci\u0301vica-del-IGSS-se-llena-de-espiritu-patrio-Septiembre-2022-5-1024x770.jpg 1024w, \/wp-content\/uploads\/sites\/5\/2022\/09\/Plaza-ci\u0301vica-del-IGSS-se-llena-de-espiritu-patrio-Septiembre-2022-5-80x60.jpg 80w, \/wp-content\/uploads\/sites\/5\/2022\/09\/Plaza-ci\u0301vica-del-IGSS-se-llena-de-espiritu-patrio-Septiembre-2022-5-696x523.jpg 696w, \/wp-content\/uploads\/sites\/5\/2022\/09\/Plaza-ci\u0301vica-del-IGSS-se-llena-de-espiritu-patrio-Septiembre-2022-5-1068x803.jpg 1068w, \/wp-content\/uploads\/sites\/5\/2022\/09\/Plaza-ci\u0301vica-del-IGSS-se-llena-de-espiritu-patrio-Septiembre-2022-5-265x198.jpg 265w, \/wp-content\/uploads\/sites\/5\/2022\/09\/Plaza-ci\u0301vica-del-IGSS-se-llena-de-espiritu-patrio-Septiembre-2022-5-534x401.jpg 534w, \/wp-content\/uploads\/sites\/5\/2022\/09\/Plaza-ci\u0301vica-del-IGSS-se-llena-de-espiritu-patrio-Septiembre-2022-5.jpg 1373w\" sizes=\"(max-width: 559px) 100vw, 559px\" alt=\"\">\r\n                            <\/a>\r\n                            \r\n                        <\/figure>\r\n                    <\/div>\r\n                    <div class = \"td-slide-item td-item5\">\r\n                        <figure class=\"td-slide-galery-figure td-slide-popup-gallery\">\r\n                            <a class=\"slide-gallery-image-link\" href=\"\/wp-content\/uploads\/sites\/5\/2022\/09\/Plaza-ci\u0301vica-del-IGSS-se-llena-de-espiritu-patrio-Septiembre-2022-18.jpg\" title=\"Plaza ci\u0301vica del IGSS se llena de espiritu patrio Septiembre 2022-18\"  data-caption=\"\"  data-description=\"\">\r\n                                <img decoding=\"async\" src=\"\/wp-content\/uploads\/sites\/5\/2022\/09\/Plaza-ci\u0301vica-del-IGSS-se-llena-de-espiritu-patrio-Septiembre-2022-18-630x420.jpg\" srcset=\"\/wp-content\/uploads\/sites\/5\/2022\/09\/Plaza-ci\u0301vica-del-IGSS-se-llena-de-espiritu-patrio-Septiembre-2022-18-630x420.jpg 630w, \/wp-content\/uploads\/sites\/5\/2022\/09\/Plaza-ci\u0301vica-del-IGSS-se-llena-de-espiritu-patrio-Septiembre-2022-18-300x200.jpg 300w, \/wp-content\/uploads\/sites\/5\/2022\/09\/Plaza-ci\u0301vica-del-IGSS-se-llena-de-espiritu-patrio-Septiembre-2022-18-768x512.jpg 768w, \/wp-content\/uploads\/sites\/5\/2022\/09\/Plaza-ci\u0301vica-del-IGSS-se-llena-de-espiritu-patrio-Septiembre-2022-18-1024x682.jpg 1024w, \/wp-content\/uploads\/sites\/5\/2022\/09\/Plaza-ci\u0301vica-del-IGSS-se-llena-de-espiritu-patrio-Septiembre-2022-18-1536x1023.jpg 1536w, \/wp-content\/uploads\/sites\/5\/2022\/09\/Plaza-ci\u0301vica-del-IGSS-se-llena-de-espiritu-patrio-Septiembre-2022-18-696x464.jpg 696w, \/wp-content\/uploads\/sites\/5\/2022\/09\/Plaza-ci\u0301vica-del-IGSS-se-llena-de-espiritu-patrio-Septiembre-2022-18-1068x712.jpg 1068w, \/wp-content\/uploads\/sites\/5\/2022\/09\/Plaza-ci\u0301vica-del-IGSS-se-llena-de-espiritu-patrio-Septiembre-2022-18-534x356.jpg 534w, \/wp-content\/uploads\/sites\/5\/2022\/09\/Plaza-ci\u0301vica-del-IGSS-se-llena-de-espiritu-patrio-Septiembre-2022-18.jpg 1600w\" sizes=\"(max-width: 630px) 100vw, 630px\" alt=\"\">\r\n                            <\/a>\r\n                            \r\n                        <\/figure>\r\n                    <\/div>\r\n                    <div class = \"td-slide-item td-item6\">\r\n                        <figure class=\"td-slide-galery-figure td-slide-popup-gallery\">\r\n                            <a class=\"slide-gallery-image-link\" href=\"\/wp-content\/uploads\/sites\/5\/2022\/09\/Plaza-ci\u0301vica-del-IGSS-se-llena-de-espiritu-patrio-Septiembre-2022-8.jpg\" title=\"Plaza ci\u0301vica del IGSS se llena de espiritu patrio Septiembre 2022-8\"  data-caption=\"\"  data-description=\"\">\r\n                                <img decoding=\"async\" src=\"\/wp-content\/uploads\/sites\/5\/2022\/09\/Plaza-ci\u0301vica-del-IGSS-se-llena-de-espiritu-patrio-Septiembre-2022-8-280x420.jpg\" srcset=\"\/wp-content\/uploads\/sites\/5\/2022\/09\/Plaza-ci\u0301vica-del-IGSS-se-llena-de-espiritu-patrio-Septiembre-2022-8-280x420.jpg 280w, \/wp-content\/uploads\/sites\/5\/2022\/09\/Plaza-ci\u0301vica-del-IGSS-se-llena-de-espiritu-patrio-Septiembre-2022-8-200x300.jpg 200w, \/wp-content\/uploads\/sites\/5\/2022\/09\/Plaza-ci\u0301vica-del-IGSS-se-llena-de-espiritu-patrio-Septiembre-2022-8-768x1153.jpg 768w, \/wp-content\/uploads\/sites\/5\/2022\/09\/Plaza-ci\u0301vica-del-IGSS-se-llena-de-espiritu-patrio-Septiembre-2022-8-682x1024.jpg 682w, \/wp-content\/uploads\/sites\/5\/2022\/09\/Plaza-ci\u0301vica-del-IGSS-se-llena-de-espiritu-patrio-Septiembre-2022-8-1023x1536.jpg 1023w, \/wp-content\/uploads\/sites\/5\/2022\/09\/Plaza-ci\u0301vica-del-IGSS-se-llena-de-espiritu-patrio-Septiembre-2022-8-696x1045.jpg 696w, \/wp-content\/uploads\/sites\/5\/2022\/09\/Plaza-ci\u0301vica-del-IGSS-se-llena-de-espiritu-patrio-Septiembre-2022-8-308x462.jpg 308w, \/wp-content\/uploads\/sites\/5\/2022\/09\/Plaza-ci\u0301vica-del-IGSS-se-llena-de-espiritu-patrio-Septiembre-2022-8.jpg 1066w\" sizes=\"(max-width: 280px) 100vw, 280px\" alt=\"\">\r\n                            <\/a>\r\n                            \r\n                        <\/figure>\r\n                    <\/div>\r\n                    <div class = \"td-slide-item td-item7\">\r\n                        <figure class=\"td-slide-galery-figure td-slide-popup-gallery\">\r\n                            <a class=\"slide-gallery-image-link\" href=\"\/wp-content\/uploads\/sites\/5\/2022\/09\/Plaza-ci\u0301vica-del-IGSS-se-llena-de-espiritu-patrio-Septiembre-2022-13.jpg\" title=\"Plaza ci\u0301vica del IGSS se llena de espiritu patrio Septiembre 2022-13\"  data-caption=\"\"  data-description=\"\">\r\n                                <img decoding=\"async\" src=\"\/wp-content\/uploads\/sites\/5\/2022\/09\/Plaza-ci\u0301vica-del-IGSS-se-llena-de-espiritu-patrio-Septiembre-2022-13-255x420.jpg\" srcset=\"\/wp-content\/uploads\/sites\/5\/2022\/09\/Plaza-ci\u0301vica-del-IGSS-se-llena-de-espiritu-patrio-Septiembre-2022-13-255x420.jpg 255w, \/wp-content\/uploads\/sites\/5\/2022\/09\/Plaza-ci\u0301vica-del-IGSS-se-llena-de-espiritu-patrio-Septiembre-2022-13-182x300.jpg 182w, \/wp-content\/uploads\/sites\/5\/2022\/09\/Plaza-ci\u0301vica-del-IGSS-se-llena-de-espiritu-patrio-Septiembre-2022-13-768x1265.jpg 768w, \/wp-content\/uploads\/sites\/5\/2022\/09\/Plaza-ci\u0301vica-del-IGSS-se-llena-de-espiritu-patrio-Septiembre-2022-13-622x1024.jpg 622w, \/wp-content\/uploads\/sites\/5\/2022\/09\/Plaza-ci\u0301vica-del-IGSS-se-llena-de-espiritu-patrio-Septiembre-2022-13-696x1147.jpg 696w, \/wp-content\/uploads\/sites\/5\/2022\/09\/Plaza-ci\u0301vica-del-IGSS-se-llena-de-espiritu-patrio-Septiembre-2022-13-280x462.jpg 280w, \/wp-content\/uploads\/sites\/5\/2022\/09\/Plaza-ci\u0301vica-del-IGSS-se-llena-de-espiritu-patrio-Septiembre-2022-13.jpg 777w\" sizes=\"(max-width: 255px) 100vw, 255px\" alt=\"\">\r\n                            <\/a>\r\n                            \r\n                        <\/figure>\r\n                    <\/div>\r\n                    <div class = \"td-slide-item td-item8\">\r\n                        <figure class=\"td-slide-galery-figure td-slide-popup-gallery\">\r\n                            <a class=\"slide-gallery-image-link\" href=\"\/wp-content\/uploads\/sites\/5\/2022\/09\/Plaza-ci\u0301vica-del-IGSS-se-llena-de-espiritu-patrio-Septiembre-2022-10.jpg\" title=\"Plaza ci\u0301vica del IGSS se llena de espiritu patrio Septiembre 2022-10\"  data-caption=\"\"  data-description=\"\">\r\n                                <img decoding=\"async\" src=\"\/wp-content\/uploads\/sites\/5\/2022\/09\/Plaza-ci\u0301vica-del-IGSS-se-llena-de-espiritu-patrio-Septiembre-2022-10-572x420.jpg\" srcset=\"\/wp-content\/uploads\/sites\/5\/2022\/09\/Plaza-ci\u0301vica-del-IGSS-se-llena-de-espiritu-patrio-Septiembre-2022-10-572x420.jpg 572w, \/wp-content\/uploads\/sites\/5\/2022\/09\/Plaza-ci\u0301vica-del-IGSS-se-llena-de-espiritu-patrio-Septiembre-2022-10-300x220.jpg 300w, \/wp-content\/uploads\/sites\/5\/2022\/09\/Plaza-ci\u0301vica-del-IGSS-se-llena-de-espiritu-patrio-Septiembre-2022-10-768x564.jpg 768w, \/wp-content\/uploads\/sites\/5\/2022\/09\/Plaza-ci\u0301vica-del-IGSS-se-llena-de-espiritu-patrio-Septiembre-2022-10-1024x752.jpg 1024w, \/wp-content\/uploads\/sites\/5\/2022\/09\/Plaza-ci\u0301vica-del-IGSS-se-llena-de-espiritu-patrio-Septiembre-2022-10-80x60.jpg 80w, \/wp-content\/uploads\/sites\/5\/2022\/09\/Plaza-ci\u0301vica-del-IGSS-se-llena-de-espiritu-patrio-Septiembre-2022-10-696x511.jpg 696w, \/wp-content\/uploads\/sites\/5\/2022\/09\/Plaza-ci\u0301vica-del-IGSS-se-llena-de-espiritu-patrio-Septiembre-2022-10-1068x784.jpg 1068w, \/wp-content\/uploads\/sites\/5\/2022\/09\/Plaza-ci\u0301vica-del-IGSS-se-llena-de-espiritu-patrio-Septiembre-2022-10-534x392.jpg 534w, \/wp-content\/uploads\/sites\/5\/2022\/09\/Plaza-ci\u0301vica-del-IGSS-se-llena-de-espiritu-patrio-Septiembre-2022-10.jpg 1280w\" sizes=\"(max-width: 572px) 100vw, 572px\" alt=\"\">\r\n                            <\/a>\r\n                            \r\n                        <\/figure>\r\n                    <\/div>\r\n                    <div class = \"td-slide-item td-item9\">\r\n                        <figure class=\"td-slide-galery-figure td-slide-popup-gallery\">\r\n                            <a class=\"slide-gallery-image-link\" href=\"\/wp-content\/uploads\/sites\/5\/2022\/09\/Plaza-ci\u0301vica-del-IGSS-se-llena-de-espiritu-patrio-Septiembre-2022-15.jpg\" title=\"Plaza ci\u0301vica del IGSS se llena de espiritu patrio Septiembre 2022-15\"  data-caption=\"\"  data-description=\"\">\r\n                                <img decoding=\"async\" src=\"\/wp-content\/uploads\/sites\/5\/2022\/09\/Plaza-ci\u0301vica-del-IGSS-se-llena-de-espiritu-patrio-Septiembre-2022-15-603x420.jpg\" srcset=\"\/wp-content\/uploads\/sites\/5\/2022\/09\/Plaza-ci\u0301vica-del-IGSS-se-llena-de-espiritu-patrio-Septiembre-2022-15-603x420.jpg 603w, \/wp-content\/uploads\/sites\/5\/2022\/09\/Plaza-ci\u0301vica-del-IGSS-se-llena-de-espiritu-patrio-Septiembre-2022-15-300x209.jpg 300w, \/wp-content\/uploads\/sites\/5\/2022\/09\/Plaza-ci\u0301vica-del-IGSS-se-llena-de-espiritu-patrio-Septiembre-2022-15-768x535.jpg 768w, \/wp-content\/uploads\/sites\/5\/2022\/09\/Plaza-ci\u0301vica-del-IGSS-se-llena-de-espiritu-patrio-Septiembre-2022-15-1024x713.jpg 1024w, \/wp-content\/uploads\/sites\/5\/2022\/09\/Plaza-ci\u0301vica-del-IGSS-se-llena-de-espiritu-patrio-Septiembre-2022-15-696x484.jpg 696w, \/wp-content\/uploads\/sites\/5\/2022\/09\/Plaza-ci\u0301vica-del-IGSS-se-llena-de-espiritu-patrio-Septiembre-2022-15-1068x743.jpg 1068w, \/wp-content\/uploads\/sites\/5\/2022\/09\/Plaza-ci\u0301vica-del-IGSS-se-llena-de-espiritu-patrio-Septiembre-2022-15-100x70.jpg 100w, \/wp-content\/uploads\/sites\/5\/2022\/09\/Plaza-ci\u0301vica-del-IGSS-se-llena-de-espiritu-patrio-Septiembre-2022-15-534x372.jpg 534w, \/wp-content\/uploads\/sites\/5\/2022\/09\/Plaza-ci\u0301vica-del-IGSS-se-llena-de-espiritu-patrio-Septiembre-2022-15.jpg 1280w\" sizes=\"(max-width: 603px) 100vw, 603px\" alt=\"\">\r\n                            <\/a>\r\n                            \r\n                        <\/figure>\r\n                    <\/div>\r\n                    <div class = \"td-slide-item td-item10\">\r\n                        <figure class=\"td-slide-galery-figure td-slide-popup-gallery\">\r\n                            <a class=\"slide-gallery-image-link\" href=\"\/wp-content\/uploads\/sites\/5\/2022\/09\/Plaza-ci\u0301vica-del-IGSS-se-llena-de-espiritu-patrio-Septiembre-2022-1.jpg\" title=\"Plaza ci\u0301vica del IGSS se llena de espiritu patrio Septiembre 2022-1\"  data-caption=\"\"  data-description=\"\">\r\n                                <img decoding=\"async\" src=\"\/wp-content\/uploads\/sites\/5\/2022\/09\/Plaza-ci\u0301vica-del-IGSS-se-llena-de-espiritu-patrio-Septiembre-2022-1-273x420.jpg\" srcset=\"\/wp-content\/uploads\/sites\/5\/2022\/09\/Plaza-ci\u0301vica-del-IGSS-se-llena-de-espiritu-patrio-Septiembre-2022-1-273x420.jpg 273w, \/wp-content\/uploads\/sites\/5\/2022\/09\/Plaza-ci\u0301vica-del-IGSS-se-llena-de-espiritu-patrio-Septiembre-2022-1-195x300.jpg 195w, \/wp-content\/uploads\/sites\/5\/2022\/09\/Plaza-ci\u0301vica-del-IGSS-se-llena-de-espiritu-patrio-Septiembre-2022-1-768x1182.jpg 768w, \/wp-content\/uploads\/sites\/5\/2022\/09\/Plaza-ci\u0301vica-del-IGSS-se-llena-de-espiritu-patrio-Septiembre-2022-1-666x1024.jpg 666w, \/wp-content\/uploads\/sites\/5\/2022\/09\/Plaza-ci\u0301vica-del-IGSS-se-llena-de-espiritu-patrio-Septiembre-2022-1-696x1071.jpg 696w, \/wp-content\/uploads\/sites\/5\/2022\/09\/Plaza-ci\u0301vica-del-IGSS-se-llena-de-espiritu-patrio-Septiembre-2022-1-300x462.jpg 300w, \/wp-content\/uploads\/sites\/5\/2022\/09\/Plaza-ci\u0301vica-del-IGSS-se-llena-de-espiritu-patrio-Septiembre-2022-1.jpg 832w\" sizes=\"(max-width: 273px) 100vw, 273px\" alt=\"\">\r\n                            <\/a>\r\n                            \r\n                        <\/figure>\r\n                    <\/div>\r\n                    <div class = \"td-slide-item td-item11\">\r\n                        <figure class=\"td-slide-galery-figure td-slide-popup-gallery\">\r\n                            <a class=\"slide-gallery-image-link\" href=\"\/wp-content\/uploads\/sites\/5\/2022\/09\/Plaza-ci\u0301vica-del-IGSS-se-llena-de-espiritu-patrio-Septiembre-2022-16.jpg\" title=\"Plaza ci\u0301vica del IGSS se llena de espiritu patrio Septiembre 2022-16\"  data-caption=\"\"  data-description=\"\">\r\n                                <img decoding=\"async\" src=\"\/wp-content\/uploads\/sites\/5\/2022\/09\/Plaza-ci\u0301vica-del-IGSS-se-llena-de-espiritu-patrio-Septiembre-2022-16-595x420.jpg\" srcset=\"\/wp-content\/uploads\/sites\/5\/2022\/09\/Plaza-ci\u0301vica-del-IGSS-se-llena-de-espiritu-patrio-Septiembre-2022-16-595x420.jpg 595w, \/wp-content\/uploads\/sites\/5\/2022\/09\/Plaza-ci\u0301vica-del-IGSS-se-llena-de-espiritu-patrio-Septiembre-2022-16-300x212.jpg 300w, \/wp-content\/uploads\/sites\/5\/2022\/09\/Plaza-ci\u0301vica-del-IGSS-se-llena-de-espiritu-patrio-Septiembre-2022-16-768x542.jpg 768w, \/wp-content\/uploads\/sites\/5\/2022\/09\/Plaza-ci\u0301vica-del-IGSS-se-llena-de-espiritu-patrio-Septiembre-2022-16-1024x723.jpg 1024w, \/wp-content\/uploads\/sites\/5\/2022\/09\/Plaza-ci\u0301vica-del-IGSS-se-llena-de-espiritu-patrio-Septiembre-2022-16-696x491.jpg 696w, \/wp-content\/uploads\/sites\/5\/2022\/09\/Plaza-ci\u0301vica-del-IGSS-se-llena-de-espiritu-patrio-Septiembre-2022-16-1068x754.jpg 1068w, \/wp-content\/uploads\/sites\/5\/2022\/09\/Plaza-ci\u0301vica-del-IGSS-se-llena-de-espiritu-patrio-Septiembre-2022-16-100x70.jpg 100w, \/wp-content\/uploads\/sites\/5\/2022\/09\/Plaza-ci\u0301vica-del-IGSS-se-llena-de-espiritu-patrio-Septiembre-2022-16-534x377.jpg 534w, \/wp-content\/uploads\/sites\/5\/2022\/09\/Plaza-ci\u0301vica-del-IGSS-se-llena-de-espiritu-patrio-Septiembre-2022-16.jpg 1101w\" sizes=\"(max-width: 595px) 100vw, 595px\" alt=\"\">\r\n                            <\/a>\r\n                            \r\n                        <\/figure>\r\n                    <\/div>\r\n                    <div class = \"td-slide-item td-item12\">\r\n                        <figure class=\"td-slide-galery-figure td-slide-popup-gallery\">\r\n                            <a class=\"slide-gallery-image-link\" href=\"\/wp-content\/uploads\/sites\/5\/2022\/09\/Plaza-ci\u0301vica-del-IGSS-se-llena-de-espiritu-patrio-Septiembre-2022-3.jpg\" title=\"Plaza ci\u0301vica del IGSS se llena de espiritu patrio Septiembre 2022-3\"  data-caption=\"\"  data-description=\"\">\r\n                                <img decoding=\"async\" src=\"\/wp-content\/uploads\/sites\/5\/2022\/09\/Plaza-ci\u0301vica-del-IGSS-se-llena-de-espiritu-patrio-Septiembre-2022-3-647x420.jpg\" srcset=\"\/wp-content\/uploads\/sites\/5\/2022\/09\/Plaza-ci\u0301vica-del-IGSS-se-llena-de-espiritu-patrio-Septiembre-2022-3-647x420.jpg 647w, \/wp-content\/uploads\/sites\/5\/2022\/09\/Plaza-ci\u0301vica-del-IGSS-se-llena-de-espiritu-patrio-Septiembre-2022-3-300x195.jpg 300w, \/wp-content\/uploads\/sites\/5\/2022\/09\/Plaza-ci\u0301vica-del-IGSS-se-llena-de-espiritu-patrio-Septiembre-2022-3-768x498.jpg 768w, \/wp-content\/uploads\/sites\/5\/2022\/09\/Plaza-ci\u0301vica-del-IGSS-se-llena-de-espiritu-patrio-Septiembre-2022-3-1024x665.jpg 1024w, \/wp-content\/uploads\/sites\/5\/2022\/09\/Plaza-ci\u0301vica-del-IGSS-se-llena-de-espiritu-patrio-Septiembre-2022-3-696x452.jpg 696w, \/wp-content\/uploads\/sites\/5\/2022\/09\/Plaza-ci\u0301vica-del-IGSS-se-llena-de-espiritu-patrio-Septiembre-2022-3-1068x693.jpg 1068w, \/wp-content\/uploads\/sites\/5\/2022\/09\/Plaza-ci\u0301vica-del-IGSS-se-llena-de-espiritu-patrio-Septiembre-2022-3-534x347.jpg 534w, \/wp-content\/uploads\/sites\/5\/2022\/09\/Plaza-ci\u0301vica-del-IGSS-se-llena-de-espiritu-patrio-Septiembre-2022-3.jpg 1459w\" sizes=\"(max-width: 647px) 100vw, 647px\" alt=\"\">\r\n                            <\/a>\r\n                            \r\n                        <\/figure>\r\n                    <\/div>\r\n                    <div class = \"td-slide-item td-item13\">\r\n                        <figure class=\"td-slide-galery-figure td-slide-popup-gallery\">\r\n                            <a class=\"slide-gallery-image-link\" href=\"\/wp-content\/uploads\/sites\/5\/2022\/09\/Plaza-ci\u0301vica-del-IGSS-se-llena-de-espiritu-patrio-Septiembre-2022-17.jpg\" title=\"Plaza ci\u0301vica del IGSS se llena de espiritu patrio Septiembre 2022-17\"  data-caption=\"\"  data-description=\"\">\r\n                                <img decoding=\"async\" src=\"\/wp-content\/uploads\/sites\/5\/2022\/09\/Plaza-ci\u0301vica-del-IGSS-se-llena-de-espiritu-patrio-Septiembre-2022-17-621x420.jpg\" srcset=\"\/wp-content\/uploads\/sites\/5\/2022\/09\/Plaza-ci\u0301vica-del-IGSS-se-llena-de-espiritu-patrio-Septiembre-2022-17-621x420.jpg 621w, \/wp-content\/uploads\/sites\/5\/2022\/09\/Plaza-ci\u0301vica-del-IGSS-se-llena-de-espiritu-patrio-Septiembre-2022-17-300x203.jpg 300w, \/wp-content\/uploads\/sites\/5\/2022\/09\/Plaza-ci\u0301vica-del-IGSS-se-llena-de-espiritu-patrio-Septiembre-2022-17-768x520.jpg 768w, \/wp-content\/uploads\/sites\/5\/2022\/09\/Plaza-ci\u0301vica-del-IGSS-se-llena-de-espiritu-patrio-Septiembre-2022-17-1024x693.jpg 1024w, \/wp-content\/uploads\/sites\/5\/2022\/09\/Plaza-ci\u0301vica-del-IGSS-se-llena-de-espiritu-patrio-Septiembre-2022-17-696x471.jpg 696w, \/wp-content\/uploads\/sites\/5\/2022\/09\/Plaza-ci\u0301vica-del-IGSS-se-llena-de-espiritu-patrio-Septiembre-2022-17-1068x723.jpg 1068w, \/wp-content\/uploads\/sites\/5\/2022\/09\/Plaza-ci\u0301vica-del-IGSS-se-llena-de-espiritu-patrio-Septiembre-2022-17-534x361.jpg 534w, \/wp-content\/uploads\/sites\/5\/2022\/09\/Plaza-ci\u0301vica-del-IGSS-se-llena-de-espiritu-patrio-Septiembre-2022-17.jpg 1280w\" sizes=\"(max-width: 621px) 100vw, 621px\" alt=\"\">\r\n                            <\/a>\r\n                            \r\n                        <\/figure>\r\n                    <\/div>\r\n                    <div class = \"td-slide-item td-item14\">\r\n                        <figure class=\"td-slide-galery-figure td-slide-popup-gallery\">\r\n                            <a class=\"slide-gallery-image-link\" href=\"\/wp-content\/uploads\/sites\/5\/2022\/09\/Plaza-ci\u0301vica-del-IGSS-se-llena-de-espiritu-patrio-Septiembre-2022-19.jpg\" title=\"Plaza ci\u0301vica del IGSS se llena de espiritu patrio Septiembre 2022-19\"  data-caption=\"\"  data-description=\"\">\r\n                                <img decoding=\"async\" src=\"\/wp-content\/uploads\/sites\/5\/2022\/09\/Plaza-ci\u0301vica-del-IGSS-se-llena-de-espiritu-patrio-Septiembre-2022-19-630x420.jpg\" srcset=\"\/wp-content\/uploads\/sites\/5\/2022\/09\/Plaza-ci\u0301vica-del-IGSS-se-llena-de-espiritu-patrio-Septiembre-2022-19-630x420.jpg 630w, \/wp-content\/uploads\/sites\/5\/2022\/09\/Plaza-ci\u0301vica-del-IGSS-se-llena-de-espiritu-patrio-Septiembre-2022-19-300x200.jpg 300w, \/wp-content\/uploads\/sites\/5\/2022\/09\/Plaza-ci\u0301vica-del-IGSS-se-llena-de-espiritu-patrio-Septiembre-2022-19-768x512.jpg 768w, \/wp-content\/uploads\/sites\/5\/2022\/09\/Plaza-ci\u0301vica-del-IGSS-se-llena-de-espiritu-patrio-Septiembre-2022-19-1024x682.jpg 1024w, \/wp-content\/uploads\/sites\/5\/2022\/09\/Plaza-ci\u0301vica-del-IGSS-se-llena-de-espiritu-patrio-Septiembre-2022-19-1536x1023.jpg 1536w, \/wp-content\/uploads\/sites\/5\/2022\/09\/Plaza-ci\u0301vica-del-IGSS-se-llena-de-espiritu-patrio-Septiembre-2022-19-696x464.jpg 696w, \/wp-content\/uploads\/sites\/5\/2022\/09\/Plaza-ci\u0301vica-del-IGSS-se-llena-de-espiritu-patrio-Septiembre-2022-19-1068x712.jpg 1068w, \/wp-content\/uploads\/sites\/5\/2022\/09\/Plaza-ci\u0301vica-del-IGSS-se-llena-de-espiritu-patrio-Septiembre-2022-19-534x356.jpg 534w, \/wp-content\/uploads\/sites\/5\/2022\/09\/Plaza-ci\u0301vica-del-IGSS-se-llena-de-espiritu-patrio-Septiembre-2022-19.jpg 1600w\" sizes=\"(max-width: 630px) 100vw, 630px\" alt=\"\">\r\n                            <\/a>\r\n                            \r\n                        <\/figure>\r\n                    <\/div>\r\n                    <div class = \"td-slide-item td-item15\">\r\n                        <figure class=\"td-slide-galery-figure td-slide-popup-gallery\">\r\n                            <a class=\"slide-gallery-image-link\" href=\"\/wp-content\/uploads\/sites\/5\/2022\/09\/Plaza-ci\u0301vica-del-IGSS-se-llena-de-espiritu-patrio-Septiembre-2022-12.jpg\" title=\"Plaza ci\u0301vica del IGSS se llena de espiritu patrio Septiembre 2022-12\"  data-caption=\"\"  data-description=\"\">\r\n                                <img decoding=\"async\" src=\"\/wp-content\/uploads\/sites\/5\/2022\/09\/Plaza-ci\u0301vica-del-IGSS-se-llena-de-espiritu-patrio-Septiembre-2022-12-630x420.jpg\" srcset=\"\/wp-content\/uploads\/sites\/5\/2022\/09\/Plaza-ci\u0301vica-del-IGSS-se-llena-de-espiritu-patrio-Septiembre-2022-12-630x420.jpg 630w, \/wp-content\/uploads\/sites\/5\/2022\/09\/Plaza-ci\u0301vica-del-IGSS-se-llena-de-espiritu-patrio-Septiembre-2022-12-300x200.jpg 300w, \/wp-content\/uploads\/sites\/5\/2022\/09\/Plaza-ci\u0301vica-del-IGSS-se-llena-de-espiritu-patrio-Septiembre-2022-12-768x512.jpg 768w, \/wp-content\/uploads\/sites\/5\/2022\/09\/Plaza-ci\u0301vica-del-IGSS-se-llena-de-espiritu-patrio-Septiembre-2022-12-1024x682.jpg 1024w, \/wp-content\/uploads\/sites\/5\/2022\/09\/Plaza-ci\u0301vica-del-IGSS-se-llena-de-espiritu-patrio-Septiembre-2022-12-1536x1023.jpg 1536w, \/wp-content\/uploads\/sites\/5\/2022\/09\/Plaza-ci\u0301vica-del-IGSS-se-llena-de-espiritu-patrio-Septiembre-2022-12-696x464.jpg 696w, \/wp-content\/uploads\/sites\/5\/2022\/09\/Plaza-ci\u0301vica-del-IGSS-se-llena-de-espiritu-patrio-Septiembre-2022-12-1068x712.jpg 1068w, \/wp-content\/uploads\/sites\/5\/2022\/09\/Plaza-ci\u0301vica-del-IGSS-se-llena-de-espiritu-patrio-Septiembre-2022-12-534x356.jpg 534w, \/wp-content\/uploads\/sites\/5\/2022\/09\/Plaza-ci\u0301vica-del-IGSS-se-llena-de-espiritu-patrio-Septiembre-2022-12.jpg 1600w\" sizes=\"(max-width: 630px) 100vw, 630px\" alt=\"\">\r\n                            <\/a>\r\n                            \r\n                        <\/figure>\r\n                    <\/div>\r\n                    <div class = \"td-slide-item td-item16\">\r\n                        <figure class=\"td-slide-galery-figure td-slide-popup-gallery\">\r\n                            <a class=\"slide-gallery-image-link\" href=\"\/wp-content\/uploads\/sites\/5\/2022\/09\/Plaza-ci\u0301vica-del-IGSS-se-llena-de-espiritu-patrio-Septiembre-2022-21.jpg\" title=\"Plaza ci\u0301vica del IGSS se llena de espiritu patrio Septiembre 2022-21\"  data-caption=\"\"  data-description=\"\">\r\n                                <img decoding=\"async\" src=\"\/wp-content\/uploads\/sites\/5\/2022\/09\/Plaza-ci\u0301vica-del-IGSS-se-llena-de-espiritu-patrio-Septiembre-2022-21-630x420.jpg\" srcset=\"\/wp-content\/uploads\/sites\/5\/2022\/09\/Plaza-ci\u0301vica-del-IGSS-se-llena-de-espiritu-patrio-Septiembre-2022-21-630x420.jpg 630w, \/wp-content\/uploads\/sites\/5\/2022\/09\/Plaza-ci\u0301vica-del-IGSS-se-llena-de-espiritu-patrio-Septiembre-2022-21-300x200.jpg 300w, \/wp-content\/uploads\/sites\/5\/2022\/09\/Plaza-ci\u0301vica-del-IGSS-se-llena-de-espiritu-patrio-Septiembre-2022-21-768x512.jpg 768w, \/wp-content\/uploads\/sites\/5\/2022\/09\/Plaza-ci\u0301vica-del-IGSS-se-llena-de-espiritu-patrio-Septiembre-2022-21-1024x683.jpg 1024w, \/wp-content\/uploads\/sites\/5\/2022\/09\/Plaza-ci\u0301vica-del-IGSS-se-llena-de-espiritu-patrio-Septiembre-2022-21-1536x1024.jpg 1536w, \/wp-content\/uploads\/sites\/5\/2022\/09\/Plaza-ci\u0301vica-del-IGSS-se-llena-de-espiritu-patrio-Septiembre-2022-21-696x464.jpg 696w, \/wp-content\/uploads\/sites\/5\/2022\/09\/Plaza-ci\u0301vica-del-IGSS-se-llena-de-espiritu-patrio-Septiembre-2022-21-1068x712.jpg 1068w, \/wp-content\/uploads\/sites\/5\/2022\/09\/Plaza-ci\u0301vica-del-IGSS-se-llena-de-espiritu-patrio-Septiembre-2022-21-534x356.jpg 534w, \/wp-content\/uploads\/sites\/5\/2022\/09\/Plaza-ci\u0301vica-del-IGSS-se-llena-de-espiritu-patrio-Septiembre-2022-21.jpg 1599w\" sizes=\"(max-width: 630px) 100vw, 630px\" alt=\"\">\r\n                            <\/a>\r\n                            \r\n                        <\/figure>\r\n                    <\/div>\r\n                    <div class = \"td-slide-item td-item17\">\r\n                        <figure class=\"td-slide-galery-figure td-slide-popup-gallery\">\r\n                            <a class=\"slide-gallery-image-link\" href=\"\/wp-content\/uploads\/sites\/5\/2022\/09\/Plaza-ci\u0301vica-del-IGSS-se-llena-de-espiritu-patrio-Septiembre-2022-9.jpg\" title=\"Plaza ci\u0301vica del IGSS se llena de espiritu patrio Septiembre 2022-9\"  data-caption=\"\"  data-description=\"\">\r\n                                <img decoding=\"async\" src=\"\/wp-content\/uploads\/sites\/5\/2022\/09\/Plaza-ci\u0301vica-del-IGSS-se-llena-de-espiritu-patrio-Septiembre-2022-9-591x420.jpg\" srcset=\"\/wp-content\/uploads\/sites\/5\/2022\/09\/Plaza-ci\u0301vica-del-IGSS-se-llena-de-espiritu-patrio-Septiembre-2022-9-591x420.jpg 591w, \/wp-content\/uploads\/sites\/5\/2022\/09\/Plaza-ci\u0301vica-del-IGSS-se-llena-de-espiritu-patrio-Septiembre-2022-9-300x213.jpg 300w, \/wp-content\/uploads\/sites\/5\/2022\/09\/Plaza-ci\u0301vica-del-IGSS-se-llena-de-espiritu-patrio-Septiembre-2022-9-768x545.jpg 768w, \/wp-content\/uploads\/sites\/5\/2022\/09\/Plaza-ci\u0301vica-del-IGSS-se-llena-de-espiritu-patrio-Septiembre-2022-9-1024x727.jpg 1024w, \/wp-content\/uploads\/sites\/5\/2022\/09\/Plaza-ci\u0301vica-del-IGSS-se-llena-de-espiritu-patrio-Septiembre-2022-9-696x494.jpg 696w, \/wp-content\/uploads\/sites\/5\/2022\/09\/Plaza-ci\u0301vica-del-IGSS-se-llena-de-espiritu-patrio-Septiembre-2022-9-1068x758.jpg 1068w, \/wp-content\/uploads\/sites\/5\/2022\/09\/Plaza-ci\u0301vica-del-IGSS-se-llena-de-espiritu-patrio-Septiembre-2022-9-100x70.jpg 100w, \/wp-content\/uploads\/sites\/5\/2022\/09\/Plaza-ci\u0301vica-del-IGSS-se-llena-de-espiritu-patrio-Septiembre-2022-9-534x379.jpg 534w, \/wp-content\/uploads\/sites\/5\/2022\/09\/Plaza-ci\u0301vica-del-IGSS-se-llena-de-espiritu-patrio-Septiembre-2022-9.jpg 1280w\" sizes=\"(max-width: 591px) 100vw, 591px\" alt=\"\">\r\n                            <\/a>\r\n                            \r\n                        <\/figure>\r\n                    <\/div>\r\n                            <\/div>\r\n                        <\/div>\r\n\r\n                        <div class = \"td-doubleSlider-2\">\r\n                            <div class = \"td-slider\">\r\n                                \r\n                    <div class = \"td-button td-item1\">\r\n                        <div class = \"td-border\"><\/div>\r\n                    <\/div>\r\n                    <div class = \"td-button td-item2\">\r\n                        <div class = \"td-border\"><\/div>\r\n                    <\/div>\r\n                    <div class = \"td-button td-item3\">\r\n                        <div class = \"td-border\"><\/div>\r\n                    <\/div>\r\n                    <div class = \"td-button td-item4\">\r\n                        <div class = \"td-border\"><\/div>\r\n                    <\/div>\r\n                    <div class = \"td-button td-item5\">\r\n                        <div class = \"td-border\"><\/div>\r\n                    <\/div>\r\n                    <div class = \"td-button td-item6\">\r\n                        <div class = \"td-border\"><\/div>\r\n                    <\/div>\r\n                    <div class = \"td-button td-item7\">\r\n                        <div class = \"td-border\"><\/div>\r\n                    <\/div>\r\n                    <div class = \"td-button td-item8\">\r\n                        <div class = \"td-border\"><\/div>\r\n                    <\/div>\r\n                    <div class = \"td-button td-item9\">\r\n                        <div class = \"td-border\"><\/div>\r\n                    <\/div>\r\n                    <div class = \"td-button td-item10\">\r\n                        <div class = \"td-border\"><\/div>\r\n                    <\/div>\r\n                    <div class = \"td-button td-item11\">\r\n                        <div class = \"td-border\"><\/div>\r\n                    <\/div>\r\n                    <div class = \"td-button td-item12\">\r\n                        <div class = \"td-border\"><\/div>\r\n                    <\/div>\r\n                    <div class = \"td-button td-item13\">\r\n                        <div class = \"td-border\"><\/div>\r\n                    <\/div>\r\n                    <div class = \"td-button td-item14\">\r\n                        <div class = \"td-border\"><\/div>\r\n                    <\/div>\r\n                    <div class = \"td-button td-item15\">\r\n                        <div class = \"td-border\"><\/div>\r\n                    <\/div>\r\n                    <div class = \"td-button td-item16\">\r\n                        <div class = \"td-border\"><\/div>\r\n                    <\/div>\r\n                    <div class = \"td-button td-item17\">\r\n                        <div class = \"td-border\"><\/div>\r\n                    <\/div>\r\n                            <\/div>\r\n                        <\/div>\r\n\r\n                    <\/div>\r\n\r\n                <\/div>\r\n                \n","protected":false},"excerpt":{"rendered":"<p>Los redoblantes, trompetas y las ic\u00f3nicas notas de la marimba despertaron nuevamente el esp\u00edritu patrio y la alegr\u00eda por la celebraci\u00f3n de Independencia en la Plaza de las Banderas del Instituto Guatemalteco de Seguridad Social (IGSS), luego de un par de a\u00f1os de actividades opacadas por el COVID-19.<\/p>\n","protected":false},"author":1961,"featured_media":29978,"comment_status":"closed","ping_status":"closed","sticky":false,"template":"","format":"standard","meta":{"footnotes":""},"categories":[3],"tags":[568,1340],"coauthors":[],"class_list":{"0":"post-29966","1":"post","2":"type-post","3":"status-publish","4":"format-standard","5":"has-post-thumbnail","7":"category-actualidad","8":"tag-lic-edson-rivera","9":"tag-lic-jose-adolfo-flamenco-jau"},"_links":{"self":[{"href":"https:\/\/www.igssgt.org\/noticias\/wp-json\/wp\/v2\/posts\/29966","targetHints":{"allow":["GET"]}}],"collection":[{"href":"https:\/\/www.igssgt.org\/noticias\/wp-json\/wp\/v2\/posts"}],"about":[{"href":"https:\/\/www.igssgt.org\/noticias\/wp-json\/wp\/v2\/types\/post"}],"author":[{"embeddable":true,"href":"https:\/\/www.igssgt.org\/noticias\/wp-json\/wp\/v2\/users\/1961"}],"replies":[{"embeddable":true,"href":"https:\/\/www.igssgt.org\/noticias\/wp-json\/wp\/v2\/comments?post=29966"}],"version-history":[{"count":13,"href":"https:\/\/www.igssgt.org\/noticias\/wp-json\/wp\/v2\/posts\/29966\/revisions"}],"predecessor-version":[{"id":30022,"href":"https:\/\/www.igssgt.org\/noticias\/wp-json\/wp\/v2\/posts\/29966\/revisions\/30022"}],"wp:featuredmedia":[{"embeddable":true,"href":"https:\/\/www.igssgt.org\/noticias\/wp-json\/wp\/v2\/media\/29978"}],"wp:attachment":[{"href":"https:\/\/www.igssgt.org\/noticias\/wp-json\/wp\/v2\/media?parent=29966"}],"wp:term":[{"taxonomy":"category","embeddable":true,"href":"https:\/\/www.igssgt.org\/noticias\/wp-json\/wp\/v2\/categories?post=29966"},{"taxonomy":"post_tag","embeddable":true,"href":"https:\/\/www.igssgt.org\/noticias\/wp-json\/wp\/v2\/tags?post=29966"},{"taxonomy":"author","embeddable":true,"href":"https:\/\/www.igssgt.org\/noticias\/wp-json\/wp\/v2\/coauthors?post=29966"}],"curies":[{"name":"wp","href":"https:\/\/api.w.org\/{rel}","templated":true}]}}