{"id":30004,"date":"2022-09-14T07:05:00","date_gmt":"2022-09-14T13:05:00","guid":{"rendered":"https:\/\/www.igssgt.org\/noticias\/?p=30004"},"modified":"2022-09-19T12:05:23","modified_gmt":"2022-09-19T18:05:23","slug":"el-igss-refuerza-prevencion-por-las-fiestas-de-independencia","status":"publish","type":"post","link":"https:\/\/www.igssgt.org\/noticias\/2022\/09\/14\/el-igss-refuerza-prevencion-por-las-fiestas-de-independencia\/","title":{"rendered":"El IGSS refuerza prevenci\u00f3n por las fiestas de Independencia"},"content":{"rendered":"\n<p class=\"has-drop-cap\">El Instituto Guatemalteco de Seguridad Social (IGSS) estar\u00e1 atento en la prevenci\u00f3n de accidentes o emergencias que puedan suscitarse durante este descanso largo por celebrarse 201 a\u00f1os de independencia patria.<\/p>\n\n\n\n<p>El doctor Mynor Mej\u00eda Andrade, jefe de las Secci\u00f3n de Salud y Seguridad Ocupacional del Departamento de Medicina Preventiva, destac\u00f3 que en este a\u00f1o que se retoman las actividades c\u00edvicas como desfiles, antorchas y conciertos, as\u00ed como los viajes y paseos familiares por el largo asueto, entre otras actividades. El IGSS fortalece las campa\u00f1as de prevenci\u00f3n para evitar los incidentes o incluso que personas pierdan la vida al ser atropelladas en las carreteras o por conducir sus veh\u00edculos con exceso de velocidad, uso indebido del celular o el consumo de bebidas alcoh\u00f3licas.<\/p>\n<p><a href=\"\/wp-content\/uploads\/sites\/5\/2022\/09\/playas-salvavidas-IGSS-2022.jpg\"><img loading=\"lazy\" decoding=\"async\" class=\"aligncenter size-full wp-image-30007\" src=\"\/wp-content\/uploads\/sites\/5\/2022\/09\/playas-salvavidas-IGSS-2022.jpg\" alt=\"\" width=\"1280\" height=\"853\" srcset=\"\/wp-content\/uploads\/sites\/5\/2022\/09\/playas-salvavidas-IGSS-2022.jpg 1280w, \/wp-content\/uploads\/sites\/5\/2022\/09\/playas-salvavidas-IGSS-2022-300x200.jpg 300w, \/wp-content\/uploads\/sites\/5\/2022\/09\/playas-salvavidas-IGSS-2022-768x512.jpg 768w, \/wp-content\/uploads\/sites\/5\/2022\/09\/playas-salvavidas-IGSS-2022-1024x682.jpg 1024w, \/wp-content\/uploads\/sites\/5\/2022\/09\/playas-salvavidas-IGSS-2022-630x420.jpg 630w, \/wp-content\/uploads\/sites\/5\/2022\/09\/playas-salvavidas-IGSS-2022-696x464.jpg 696w, \/wp-content\/uploads\/sites\/5\/2022\/09\/playas-salvavidas-IGSS-2022-1068x712.jpg 1068w, \/wp-content\/uploads\/sites\/5\/2022\/09\/playas-salvavidas-IGSS-2022-534x356.jpg 534w\" sizes=\"auto, (max-width: 1280px) 100vw, 1280px\" \/><\/a><\/p>\n<p>Adem\u00e1s, destac\u00f3 que el Cuerpo de Salvamento del Instituto tendr\u00e1 cobertura especial y vigilancia permanente\u00a0 por la afluencia de visitantes en lugares tur\u00edsticos como Puerto San Jos\u00e9, Monterrico, Tilapa, La Empalizada, Tulate, Champerico, lago de Atittl\u00e1n y Las Lisas, del mi\u00e9rcoles 14 al 18 de septiembre, de seis de la ma\u00f1ana a seis de la tarde. Al transportar las tradicionales antochas se recomienda evitar ba\u00f1arse de noche en las playas.<\/p>\n<p><a href=\"\/wp-content\/uploads\/sites\/5\/2022\/09\/Plaza-ci\u0301vica-del-IGSS-se-llena-de-espiritu-patrio-Septiembre-2022-14.jpg\"><img loading=\"lazy\" decoding=\"async\" class=\"aligncenter size-full wp-image-29986\" src=\"\/wp-content\/uploads\/sites\/5\/2022\/09\/Plaza-ci\u0301vica-del-IGSS-se-llena-de-espiritu-patrio-Septiembre-2022-14.jpg\" alt=\"\" width=\"1600\" height=\"1066\" srcset=\"\/wp-content\/uploads\/sites\/5\/2022\/09\/Plaza-ci\u0301vica-del-IGSS-se-llena-de-espiritu-patrio-Septiembre-2022-14.jpg 1600w, \/wp-content\/uploads\/sites\/5\/2022\/09\/Plaza-ci\u0301vica-del-IGSS-se-llena-de-espiritu-patrio-Septiembre-2022-14-300x200.jpg 300w, \/wp-content\/uploads\/sites\/5\/2022\/09\/Plaza-ci\u0301vica-del-IGSS-se-llena-de-espiritu-patrio-Septiembre-2022-14-768x512.jpg 768w, \/wp-content\/uploads\/sites\/5\/2022\/09\/Plaza-ci\u0301vica-del-IGSS-se-llena-de-espiritu-patrio-Septiembre-2022-14-1024x682.jpg 1024w, \/wp-content\/uploads\/sites\/5\/2022\/09\/Plaza-ci\u0301vica-del-IGSS-se-llena-de-espiritu-patrio-Septiembre-2022-14-1536x1023.jpg 1536w, \/wp-content\/uploads\/sites\/5\/2022\/09\/Plaza-ci\u0301vica-del-IGSS-se-llena-de-espiritu-patrio-Septiembre-2022-14-630x420.jpg 630w, \/wp-content\/uploads\/sites\/5\/2022\/09\/Plaza-ci\u0301vica-del-IGSS-se-llena-de-espiritu-patrio-Septiembre-2022-14-696x464.jpg 696w, \/wp-content\/uploads\/sites\/5\/2022\/09\/Plaza-ci\u0301vica-del-IGSS-se-llena-de-espiritu-patrio-Septiembre-2022-14-1068x712.jpg 1068w, \/wp-content\/uploads\/sites\/5\/2022\/09\/Plaza-ci\u0301vica-del-IGSS-se-llena-de-espiritu-patrio-Septiembre-2022-14-534x356.jpg 534w\" sizes=\"auto, (max-width: 1600px) 100vw, 1600px\" \/><\/a><\/p>\n<p>Entre las recomendaciones brindadas est\u00e1n el cuidado de los ni\u00f1os y del adulto mayor al momento de asistir a actividades escolares o viajes, mantenerlos hidratados para evitar\u00a0 golpes de calor, usar protector solar y tomar su medicamento puntualmente, consejos importantes para evitar exponerlos a incidentes innecesarios.\u00a0<\/p>\n<p>Asimismo, se debe continuar con las medidas de bioseguridad como el uso de mascarilla, lavado de manos constante, uso de gel y distanciamiento f\u00edsico.<\/p>\n<p><iframe loading=\"lazy\" title=\"El IGSS refuerza prevenci\u00f3n por las fiestas de independencia\" width=\"696\" height=\"392\" src=\"https:\/\/www.youtube.com\/embed\/j6h1hKSZYP8?feature=oembed\" frameborder=\"0\" allow=\"accelerometer; autoplay; clipboard-write; encrypted-media; gyroscope; picture-in-picture\" allowfullscreen><\/iframe><\/p>\n<h3><strong>Atenci\u00f3n durante el asueto<\/strong><\/h3>\n<p><a href=\"\/wp-content\/uploads\/sites\/5\/2022\/09\/Comunicado-IGSS-asueto-16-de-septiembre-de-2022.jpg\" target=\"_blank\" rel=\"noopener\"><img loading=\"lazy\" decoding=\"async\" class=\"aligncenter wp-image-30005 size-full\" style=\"border: 1px solid;color: black\" src=\"\/wp-content\/uploads\/sites\/5\/2022\/09\/Comunicado-IGSS-asueto-16-de-septiembre-de-2022.jpg\" alt=\"\" width=\"1025\" height=\"1280\" srcset=\"\/wp-content\/uploads\/sites\/5\/2022\/09\/Comunicado-IGSS-asueto-16-de-septiembre-de-2022.jpg 1025w, \/wp-content\/uploads\/sites\/5\/2022\/09\/Comunicado-IGSS-asueto-16-de-septiembre-de-2022-240x300.jpg 240w, \/wp-content\/uploads\/sites\/5\/2022\/09\/Comunicado-IGSS-asueto-16-de-septiembre-de-2022-768x959.jpg 768w, \/wp-content\/uploads\/sites\/5\/2022\/09\/Comunicado-IGSS-asueto-16-de-septiembre-de-2022-820x1024.jpg 820w, \/wp-content\/uploads\/sites\/5\/2022\/09\/Comunicado-IGSS-asueto-16-de-septiembre-de-2022-336x420.jpg 336w, \/wp-content\/uploads\/sites\/5\/2022\/09\/Comunicado-IGSS-asueto-16-de-septiembre-de-2022-696x869.jpg 696w, \/wp-content\/uploads\/sites\/5\/2022\/09\/Comunicado-IGSS-asueto-16-de-septiembre-de-2022-370x462.jpg 370w\" sizes=\"auto, (max-width: 1025px) 100vw, 1025px\" \/><\/a><\/p>\n","protected":false},"excerpt":{"rendered":"<p>El Instituto Guatemalteco de Seguridad Social (IGSS) estar\u00e1 atento en la prevenci\u00f3n de accidentes o emergencias que puedan suscitarse durante este descanso largo por celebrarse 201 a\u00f1os de independencia patria.<\/p>\n","protected":false},"author":4,"featured_media":30006,"comment_status":"closed","ping_status":"closed","sticky":false,"template":"","format":"standard","meta":{"footnotes":""},"categories":[3,27],"tags":[320,439,726,770],"coauthors":[881],"class_list":{"0":"post-30004","1":"post","2":"type-post","3":"status-publish","4":"format-standard","5":"has-post-thumbnail","7":"category-actualidad","8":"category-prevencion-en-salud","9":"tag-dr-mynor-mejia","10":"tag-fiestas-patrias-guatemala","11":"tag-prevencion-en-salud","12":"tag-salvavidas-igss"},"_links":{"self":[{"href":"https:\/\/www.igssgt.org\/noticias\/wp-json\/wp\/v2\/posts\/30004","targetHints":{"allow":["GET"]}}],"collection":[{"href":"https:\/\/www.igssgt.org\/noticias\/wp-json\/wp\/v2\/posts"}],"about":[{"href":"https:\/\/www.igssgt.org\/noticias\/wp-json\/wp\/v2\/types\/post"}],"author":[{"embeddable":true,"href":"https:\/\/www.igssgt.org\/noticias\/wp-json\/wp\/v2\/users\/4"}],"replies":[{"embeddable":true,"href":"https:\/\/www.igssgt.org\/noticias\/wp-json\/wp\/v2\/comments?post=30004"}],"version-history":[{"count":5,"href":"https:\/\/www.igssgt.org\/noticias\/wp-json\/wp\/v2\/posts\/30004\/revisions"}],"predecessor-version":[{"id":30024,"href":"https:\/\/www.igssgt.org\/noticias\/wp-json\/wp\/v2\/posts\/30004\/revisions\/30024"}],"wp:featuredmedia":[{"embeddable":true,"href":"https:\/\/www.igssgt.org\/noticias\/wp-json\/wp\/v2\/media\/30006"}],"wp:attachment":[{"href":"https:\/\/www.igssgt.org\/noticias\/wp-json\/wp\/v2\/media?parent=30004"}],"wp:term":[{"taxonomy":"category","embeddable":true,"href":"https:\/\/www.igssgt.org\/noticias\/wp-json\/wp\/v2\/categories?post=30004"},{"taxonomy":"post_tag","embeddable":true,"href":"https:\/\/www.igssgt.org\/noticias\/wp-json\/wp\/v2\/tags?post=30004"},{"taxonomy":"author","embeddable":true,"href":"https:\/\/www.igssgt.org\/noticias\/wp-json\/wp\/v2\/coauthors?post=30004"}],"curies":[{"name":"wp","href":"https:\/\/api.w.org\/{rel}","templated":true}]}}