{"id":30180,"date":"2022-09-27T10:35:00","date_gmt":"2022-09-27T16:35:00","guid":{"rendered":"https:\/\/www.igssgt.org\/noticias\/?p=30180"},"modified":"2022-10-03T11:37:09","modified_gmt":"2022-10-03T17:37:09","slug":"capacitan-al-recurso-humano-del-igss","status":"publish","type":"post","link":"https:\/\/www.igssgt.org\/noticias\/2022\/09\/27\/capacitan-al-recurso-humano-del-igss\/","title":{"rendered":"Capacitan al recurso humano del IGSS"},"content":{"rendered":"\n<p class=\"has-drop-cap\">Autoridades del Instituto Guatemalteco de Seguridad Social (IGSS) y del Instituto T\u00e9cnico de Capacitaci\u00f3n y Productividad (Intecap) firmaron un convenio con el objetivo de aunar esfuerzos para capacitar al recurso humano del Seguro Social para el desarrollo de sus capacidades en materia de salud.<\/p>\n\n\n\n<p>El convenio fue firmado por el licenciado Edson Javier Rivera M\u00e9ndez, gerente del IGSS, y el doctor Dennis Iv\u00e1n Rodas Anzueto, gerente del Intecap, quienes coincidieron que se da un gran paso para el intercambio de conocimientos.<\/p>\n<p><a href=\"\/wp-content\/uploads\/sites\/5\/2022\/09\/Convenio-IGSS-INTECAP-capacitacion-2022-2.jpg\"><img loading=\"lazy\" decoding=\"async\" class=\"aligncenter size-full wp-image-30182\" src=\"\/wp-content\/uploads\/sites\/5\/2022\/09\/Convenio-IGSS-INTECAP-capacitacion-2022-2.jpg\" alt=\"\" width=\"1280\" height=\"802\" srcset=\"\/wp-content\/uploads\/sites\/5\/2022\/09\/Convenio-IGSS-INTECAP-capacitacion-2022-2.jpg 1280w, \/wp-content\/uploads\/sites\/5\/2022\/09\/Convenio-IGSS-INTECAP-capacitacion-2022-2-300x188.jpg 300w, \/wp-content\/uploads\/sites\/5\/2022\/09\/Convenio-IGSS-INTECAP-capacitacion-2022-2-768x481.jpg 768w, \/wp-content\/uploads\/sites\/5\/2022\/09\/Convenio-IGSS-INTECAP-capacitacion-2022-2-1024x642.jpg 1024w, \/wp-content\/uploads\/sites\/5\/2022\/09\/Convenio-IGSS-INTECAP-capacitacion-2022-2-670x420.jpg 670w, \/wp-content\/uploads\/sites\/5\/2022\/09\/Convenio-IGSS-INTECAP-capacitacion-2022-2-696x436.jpg 696w, \/wp-content\/uploads\/sites\/5\/2022\/09\/Convenio-IGSS-INTECAP-capacitacion-2022-2-1068x669.jpg 1068w, \/wp-content\/uploads\/sites\/5\/2022\/09\/Convenio-IGSS-INTECAP-capacitacion-2022-2-534x335.jpg 534w\" sizes=\"auto, (max-width: 1280px) 100vw, 1280px\" \/><\/a><\/p>\n<p>Con la r\u00fabrica de este documento son beneficiados los trabajadores del Seguro Social en cuanto a capacitaci\u00f3n, certificaci\u00f3n laboral e intercambio y transferencia de conocimientos de acuerdo al diagn\u00f3stico de la instituci\u00f3n, as\u00ed como en lo relativo a pr\u00e1cticas supervisadas de alumnos del Intecap seg\u00fan las competencias y \u00e1mbito de actuaci\u00f3n de cada entidad y de acuerdo con el diagn\u00f3stico de necesidades de ambas instituciones.<\/p>\n<p>\u201cCumplimos 50 a\u00f1os de apoyar en varias \u00e1reas a las instituciones del pa\u00eds y el IGSS es un socio estrat\u00e9gico para compartir esos conocimientos en algunas \u00e1reas debido a que esta instituci\u00f3n es muy amplia en la realizaci\u00f3n de los servicios que presta\u201d, dijo Rodas Anzueto.<\/p>\n<figure id=\"attachment_30183\" aria-describedby=\"caption-attachment-30183\" style=\"width: 1600px\" class=\"wp-caption aligncenter\"><a href=\"\/wp-content\/uploads\/sites\/5\/2022\/09\/Convenio-IGSS-INTECAP-capacitacion-2022-3.jpg\"><img loading=\"lazy\" decoding=\"async\" class=\"wp-image-30183 size-full\" src=\"\/wp-content\/uploads\/sites\/5\/2022\/09\/Convenio-IGSS-INTECAP-capacitacion-2022-3.jpg\" alt=\"\" width=\"1600\" height=\"1066\" srcset=\"\/wp-content\/uploads\/sites\/5\/2022\/09\/Convenio-IGSS-INTECAP-capacitacion-2022-3.jpg 1600w, \/wp-content\/uploads\/sites\/5\/2022\/09\/Convenio-IGSS-INTECAP-capacitacion-2022-3-300x200.jpg 300w, \/wp-content\/uploads\/sites\/5\/2022\/09\/Convenio-IGSS-INTECAP-capacitacion-2022-3-768x512.jpg 768w, \/wp-content\/uploads\/sites\/5\/2022\/09\/Convenio-IGSS-INTECAP-capacitacion-2022-3-1024x682.jpg 1024w, \/wp-content\/uploads\/sites\/5\/2022\/09\/Convenio-IGSS-INTECAP-capacitacion-2022-3-1536x1023.jpg 1536w, \/wp-content\/uploads\/sites\/5\/2022\/09\/Convenio-IGSS-INTECAP-capacitacion-2022-3-630x420.jpg 630w, \/wp-content\/uploads\/sites\/5\/2022\/09\/Convenio-IGSS-INTECAP-capacitacion-2022-3-696x464.jpg 696w, \/wp-content\/uploads\/sites\/5\/2022\/09\/Convenio-IGSS-INTECAP-capacitacion-2022-3-1068x712.jpg 1068w, \/wp-content\/uploads\/sites\/5\/2022\/09\/Convenio-IGSS-INTECAP-capacitacion-2022-3-534x356.jpg 534w\" sizes=\"auto, (max-width: 1600px) 100vw, 1600px\" \/><\/a><figcaption id=\"caption-attachment-30183\" class=\"wp-caption-text\">Lic. Edson Javier Rivera M\u00e9ndez, gerente del IGSS.<\/figcaption><\/figure>\n<p>El licenciado Rivera M\u00e9ndez expres\u00f3 que con esta firma se reafirman los compromisos que asume el Seguro Social en beneficio de los asegurados para brindar un servicio de calidad y calidez en esta gesti\u00f3n.<\/p>\n<p>\u201cCon este acto nos comprometemos para el desarrollo de la instituci\u00f3n, pues es de vital importancia que el recurso humano acceda a las aprendizajes para adquirir conocimientos, herramientas, habilidades y actitudes para interactuar en el entorno laboral y cumplir con el trabajo que se le encomienda\u201d, agreg\u00f3 el gerente.<\/p>\n<p>A esta actividad tambi\u00e9n asistieron por parte del IGSS la licenciada Z\u00e1mara Yohana Vel\u00e1squez Ramos, subgerente de Recursos Humanos, y el licenciado Carlos Alberto Franco Antonio, subgerente de Planificaci\u00f3n y Desarrollo. \u00a0\u00a0<\/p>\n<p><a href=\"\/wp-content\/uploads\/sites\/5\/2022\/09\/Convenio-IGSS-INTECAP-capacitacion-2022-6.jpg\"><img loading=\"lazy\" decoding=\"async\" class=\"aligncenter size-full wp-image-30184\" src=\"\/wp-content\/uploads\/sites\/5\/2022\/09\/Convenio-IGSS-INTECAP-capacitacion-2022-6.jpg\" alt=\"\" width=\"1289\" height=\"822\" srcset=\"\/wp-content\/uploads\/sites\/5\/2022\/09\/Convenio-IGSS-INTECAP-capacitacion-2022-6.jpg 1289w, \/wp-content\/uploads\/sites\/5\/2022\/09\/Convenio-IGSS-INTECAP-capacitacion-2022-6-300x191.jpg 300w, \/wp-content\/uploads\/sites\/5\/2022\/09\/Convenio-IGSS-INTECAP-capacitacion-2022-6-768x490.jpg 768w, \/wp-content\/uploads\/sites\/5\/2022\/09\/Convenio-IGSS-INTECAP-capacitacion-2022-6-1024x653.jpg 1024w, \/wp-content\/uploads\/sites\/5\/2022\/09\/Convenio-IGSS-INTECAP-capacitacion-2022-6-659x420.jpg 659w, \/wp-content\/uploads\/sites\/5\/2022\/09\/Convenio-IGSS-INTECAP-capacitacion-2022-6-696x444.jpg 696w, \/wp-content\/uploads\/sites\/5\/2022\/09\/Convenio-IGSS-INTECAP-capacitacion-2022-6-1068x681.jpg 1068w, \/wp-content\/uploads\/sites\/5\/2022\/09\/Convenio-IGSS-INTECAP-capacitacion-2022-6-534x341.jpg 534w\" sizes=\"auto, (max-width: 1289px) 100vw, 1289px\" \/><\/a><\/p>\n","protected":false},"excerpt":{"rendered":"<p>Autoridades del Instituto Guatemalteco de Seguridad Social (IGSS) y del Instituto T\u00e9cnico de Capacitaci\u00f3n y Productividad (Intecap) firmaron un convenio con el objetivo de aunar esfuerzos para capacitar al recurso humano del Seguro Social para el desarrollo de sus capacidades en materia de salud.<\/p>\n","protected":false},"author":4,"featured_media":30181,"comment_status":"closed","ping_status":"closed","sticky":false,"template":"","format":"standard","meta":{"footnotes":""},"categories":[3,15,17],"tags":[160,1522,521,568],"coauthors":[],"class_list":{"0":"post-30180","1":"post","2":"type-post","3":"status-publish","4":"format-standard","5":"has-post-thumbnail","7":"category-actualidad","8":"category-destacado","9":"category-formacion-y-desarrollo","10":"tag-capacitacion","11":"tag-dr-dennis-ivan-rodas","12":"tag-intecap","13":"tag-lic-edson-rivera"},"_links":{"self":[{"href":"https:\/\/www.igssgt.org\/noticias\/wp-json\/wp\/v2\/posts\/30180","targetHints":{"allow":["GET"]}}],"collection":[{"href":"https:\/\/www.igssgt.org\/noticias\/wp-json\/wp\/v2\/posts"}],"about":[{"href":"https:\/\/www.igssgt.org\/noticias\/wp-json\/wp\/v2\/types\/post"}],"author":[{"embeddable":true,"href":"https:\/\/www.igssgt.org\/noticias\/wp-json\/wp\/v2\/users\/4"}],"replies":[{"embeddable":true,"href":"https:\/\/www.igssgt.org\/noticias\/wp-json\/wp\/v2\/comments?post=30180"}],"version-history":[{"count":3,"href":"https:\/\/www.igssgt.org\/noticias\/wp-json\/wp\/v2\/posts\/30180\/revisions"}],"predecessor-version":[{"id":30352,"href":"https:\/\/www.igssgt.org\/noticias\/wp-json\/wp\/v2\/posts\/30180\/revisions\/30352"}],"wp:featuredmedia":[{"embeddable":true,"href":"https:\/\/www.igssgt.org\/noticias\/wp-json\/wp\/v2\/media\/30181"}],"wp:attachment":[{"href":"https:\/\/www.igssgt.org\/noticias\/wp-json\/wp\/v2\/media?parent=30180"}],"wp:term":[{"taxonomy":"category","embeddable":true,"href":"https:\/\/www.igssgt.org\/noticias\/wp-json\/wp\/v2\/categories?post=30180"},{"taxonomy":"post_tag","embeddable":true,"href":"https:\/\/www.igssgt.org\/noticias\/wp-json\/wp\/v2\/tags?post=30180"},{"taxonomy":"author","embeddable":true,"href":"https:\/\/www.igssgt.org\/noticias\/wp-json\/wp\/v2\/coauthors?post=30180"}],"curies":[{"name":"wp","href":"https:\/\/api.w.org\/{rel}","templated":true}]}}