{"id":30661,"date":"2022-10-07T16:25:00","date_gmt":"2022-10-07T22:25:00","guid":{"rendered":"https:\/\/www.igssgt.org\/noticias\/?p=30661"},"modified":"2025-10-03T13:32:21","modified_gmt":"2025-10-03T19:32:21","slug":"se-realiza-seminario-de-expertos-internacionales-sobre-medicina-familiar-y-comunitaria","status":"publish","type":"post","link":"https:\/\/www.igssgt.org\/noticias\/2022\/10\/07\/se-realiza-seminario-de-expertos-internacionales-sobre-medicina-familiar-y-comunitaria\/","title":{"rendered":"Se realiza seminario de expertos internacionales sobre Medicina Familiar y Comunitaria"},"content":{"rendered":"\n<p class=\"has-drop-cap\">El Instituto Guatemalteco de Seguridad Social (IGSS), con el apoyo del Ministerio de Salud P\u00fablica y Asistencia Social (MSPAS), finaliz\u00f3 con \u00e9xito el Seminario Nacional de Medicina Familiar y Comunitaria en Guatemala, Oportunidades y Desaf\u00edos, donde fueron fortalecidos y ampliados los conocimientos basados en experiencias compartidas por panelistas internacionales.<\/p>\n\n\n\n<p>Entre los objetivos de este foro que dur\u00f3 dos d\u00edas est\u00e1n reforzar los principios te\u00f3ricos- metodol\u00f3gicos de la medicina familiar y comunitaria, la articulaci\u00f3n con la estrategia de atenci\u00f3n primaria de Salud y los avances en el \u00e1mbito regional, para implementar estrategias que orienten y fortalezcan el tema en Guatemala.<\/p>\n<figure id=\"attachment_30664\" aria-describedby=\"caption-attachment-30664\" style=\"width: 1280px\" class=\"wp-caption aligncenter\"><a href=\"\/wp-content\/uploads\/sites\/5\/2022\/10\/Seminario-Nacional-de-Medicina-Familiar-y-Comunitaria-IGSS-2022-01.jpg\"><img loading=\"lazy\" decoding=\"async\" class=\"wp-image-30664 size-full\" src=\"\/wp-content\/uploads\/sites\/5\/2022\/10\/Seminario-Nacional-de-Medicina-Familiar-y-Comunitaria-IGSS-2022-01.jpg\" alt=\"\" width=\"1280\" height=\"884\" srcset=\"\/wp-content\/uploads\/sites\/5\/2022\/10\/Seminario-Nacional-de-Medicina-Familiar-y-Comunitaria-IGSS-2022-01.jpg 1280w, \/wp-content\/uploads\/sites\/5\/2022\/10\/Seminario-Nacional-de-Medicina-Familiar-y-Comunitaria-IGSS-2022-01-300x207.jpg 300w, \/wp-content\/uploads\/sites\/5\/2022\/10\/Seminario-Nacional-de-Medicina-Familiar-y-Comunitaria-IGSS-2022-01-768x530.jpg 768w, \/wp-content\/uploads\/sites\/5\/2022\/10\/Seminario-Nacional-de-Medicina-Familiar-y-Comunitaria-IGSS-2022-01-1024x707.jpg 1024w, \/wp-content\/uploads\/sites\/5\/2022\/10\/Seminario-Nacional-de-Medicina-Familiar-y-Comunitaria-IGSS-2022-01-608x420.jpg 608w, \/wp-content\/uploads\/sites\/5\/2022\/10\/Seminario-Nacional-de-Medicina-Familiar-y-Comunitaria-IGSS-2022-01-218x150.jpg 218w, \/wp-content\/uploads\/sites\/5\/2022\/10\/Seminario-Nacional-de-Medicina-Familiar-y-Comunitaria-IGSS-2022-01-696x481.jpg 696w, \/wp-content\/uploads\/sites\/5\/2022\/10\/Seminario-Nacional-de-Medicina-Familiar-y-Comunitaria-IGSS-2022-01-1068x738.jpg 1068w, \/wp-content\/uploads\/sites\/5\/2022\/10\/Seminario-Nacional-de-Medicina-Familiar-y-Comunitaria-IGSS-2022-01-100x70.jpg 100w, \/wp-content\/uploads\/sites\/5\/2022\/10\/Seminario-Nacional-de-Medicina-Familiar-y-Comunitaria-IGSS-2022-01-534x369.jpg 534w\" sizes=\"auto, (max-width: 1280px) 100vw, 1280px\" \/><\/a><figcaption id=\"caption-attachment-30664\" class=\"wp-caption-text\">Lic. Jos\u00e9 Adolfo Flamenco Jau.<\/figcaption><\/figure>\n<p>El licenciado Jos\u00e9 Adolfo Flamenco Jau, presidente de la Junta Directiva del Seguro Social, durante la apertura oficial destac\u00f3 que la medicina familiar y comunitaria es un compromiso en todos los niveles de atenci\u00f3n en salud y debe ser un esfuerzo interinstitucional con el MSPAS y la Organizaci\u00f3n Mundial de la Salud (OMS).<\/p>\n<p>\u201cEste es el \u00faltimo seminario preparatorio, previo a la VIII Cumbre Iberoamericana de Medicina Familiar\/Comunitaria a realizarse el 10 y 11 de noviembre del presente a\u00f1o en Guatemala, la cual fortalecer\u00e1 el modelo de atenci\u00f3n en salud y ser\u00e1 un compromiso social para hacer m\u00e1s eficiente la atenci\u00f3n hospitalaria\u201d, destac\u00f3 el licenciado Flamenco Jau.<\/p>\n<p>El doctor Gerardo Hern\u00e1ndez, viceministro de Hospitales del MSPAS, resalt\u00f3 que la medicina familiar y comunitaria contribuye a evitar la saturaci\u00f3n en los centros hospitalarios y es un cambio en los sistemas de salud que pasan de ser reactivos a preventivos.<\/p>\n<p>En el seminario participaron m\u00e9dicos del IGSS y representantes de OMS, Organizaci\u00f3n Panamericana de la Salud (OPS) en Guatemala, Wonca Iberoamericana CIMF y los panelistas internacionales de Argentina, Brasil, Estados Unidos, Canad\u00e1 y Espa\u00f1a. Ellos compartieron de forma virtual sus experiencias relacionadas con el tema de Medicina Familiar en sus pa\u00edses.<\/p>\n<figure id=\"attachment_30674\" aria-describedby=\"caption-attachment-30674\" style=\"width: 1280px\" class=\"wp-caption aligncenter\"><a href=\"\/wp-content\/uploads\/sites\/5\/2022\/10\/Seminario-Nacional-de-Medicina-Familiar-y-Comunitaria-IGSS-2022-11.jpg\"><img loading=\"lazy\" decoding=\"async\" class=\"wp-image-30674 size-full\" src=\"\/wp-content\/uploads\/sites\/5\/2022\/10\/Seminario-Nacional-de-Medicina-Familiar-y-Comunitaria-IGSS-2022-11.jpg\" alt=\"\" width=\"1280\" height=\"865\" srcset=\"\/wp-content\/uploads\/sites\/5\/2022\/10\/Seminario-Nacional-de-Medicina-Familiar-y-Comunitaria-IGSS-2022-11.jpg 1280w, \/wp-content\/uploads\/sites\/5\/2022\/10\/Seminario-Nacional-de-Medicina-Familiar-y-Comunitaria-IGSS-2022-11-300x203.jpg 300w, \/wp-content\/uploads\/sites\/5\/2022\/10\/Seminario-Nacional-de-Medicina-Familiar-y-Comunitaria-IGSS-2022-11-768x519.jpg 768w, \/wp-content\/uploads\/sites\/5\/2022\/10\/Seminario-Nacional-de-Medicina-Familiar-y-Comunitaria-IGSS-2022-11-1024x692.jpg 1024w, \/wp-content\/uploads\/sites\/5\/2022\/10\/Seminario-Nacional-de-Medicina-Familiar-y-Comunitaria-IGSS-2022-11-622x420.jpg 622w, \/wp-content\/uploads\/sites\/5\/2022\/10\/Seminario-Nacional-de-Medicina-Familiar-y-Comunitaria-IGSS-2022-11-696x470.jpg 696w, \/wp-content\/uploads\/sites\/5\/2022\/10\/Seminario-Nacional-de-Medicina-Familiar-y-Comunitaria-IGSS-2022-11-1068x722.jpg 1068w, \/wp-content\/uploads\/sites\/5\/2022\/10\/Seminario-Nacional-de-Medicina-Familiar-y-Comunitaria-IGSS-2022-11-534x361.jpg 534w\" sizes=\"auto, (max-width: 1280px) 100vw, 1280px\" \/><\/a><figcaption id=\"caption-attachment-30674\" class=\"wp-caption-text\">Doctor Gerardo Hern\u00e1ndez.<\/figcaption><\/figure>\n<p>El tema \u201cMedicina Familiar y Comunitaria proyecciones para Guatemala\u201d fue presentado por el doctor Julio Vald\u00e9s, presidente del Consejo T\u00e9cnico del IGSS, quien brind\u00f3 una visi\u00f3n de la implementaci\u00f3n de este modelo en el pa\u00eds.<\/p>\n<p>El doctor Jacques Girard, de la Universidad de Laval en Canad\u00e1, present\u00f3 los elementos te\u00f3ricos metodol\u00f3gicos de la medicina familiar y su rol fundamental en la transformaci\u00f3n de la atenci\u00f3n en salud. La doctora Jacqueline Ponzo, presidente de Wonca Iberoam\u00e9rica CIMF, explic\u00f3 qu\u00e9 es la medicina familiar y comunitaria, sus competencias como disciplina y sus caracter\u00edsticas como recurso dentro de los sistemas de salud.<\/p>\n<p>\u00a0\u201cLos programas de medicina familiar y comunitaria han permitido ampliar la cobertura al 72% de los municipios de Brasil, dando cobertura y acceso a servicios a 63 millones de ciudadanos\u201d, resalt\u00f3 el doctor Alexandre Florenxio.<\/p>\n<p>La doctora Jennifer Hoock comparti\u00f3 la experiencia en Estados Unidos en medicina familiar, dijo que la especialidad existe desde hace 53 a\u00f1os y aunque hay sistemas de salud basados en atenci\u00f3n primaria no tienen un sistema de salud nacional.<\/p>\n<p>Por el IGSS, el doctor Edgar Gonz\u00e1lez plante\u00f3 las necesidades contextuales y expectativas en Guatemala enmarcadas en la medicina familiar y comunitaria; adem\u00e1s, destac\u00f3 que el IGSS y el MSPAS son las principales instituciones p\u00fablicas prestadoras de servicios de salud en el pa\u00eds, cada una tiene caracter\u00edsticas particulares que diferencian su campo de acci\u00f3n y los servicios que ofrecen a la poblaci\u00f3n.<\/p>\n<p>El representante de la OMS, doctor Carlos Rosales, destac\u00f3 que la Atenci\u00f3n Primaria en Salud es una estrategia multidimensional para transformar los sistemas de salud de manera que pueda lograr cobertura sanitaria para todos, mientras que el doctor Gerardo Alfaro, representante de la OPS en Guatemala, enfatiz\u00f3 la importancia de la medicina familiar y comunitaria para ampliar los servicios de salud y llegar a todas las comunidades con un modelo integral.<\/p>\n<p><a href=\"\/wp-content\/uploads\/sites\/5\/2022\/10\/Seminario-Nacional-de-Medicina-Familiar-y-Comunitaria-IGSS-2022-18.jpg\"><img loading=\"lazy\" decoding=\"async\" class=\"aligncenter size-full wp-image-30685\" src=\"\/wp-content\/uploads\/sites\/5\/2022\/10\/Seminario-Nacional-de-Medicina-Familiar-y-Comunitaria-IGSS-2022-18.jpg\" alt=\"\" width=\"1426\" height=\"937\" srcset=\"\/wp-content\/uploads\/sites\/5\/2022\/10\/Seminario-Nacional-de-Medicina-Familiar-y-Comunitaria-IGSS-2022-18.jpg 1426w, \/wp-content\/uploads\/sites\/5\/2022\/10\/Seminario-Nacional-de-Medicina-Familiar-y-Comunitaria-IGSS-2022-18-300x197.jpg 300w, \/wp-content\/uploads\/sites\/5\/2022\/10\/Seminario-Nacional-de-Medicina-Familiar-y-Comunitaria-IGSS-2022-18-768x505.jpg 768w, \/wp-content\/uploads\/sites\/5\/2022\/10\/Seminario-Nacional-de-Medicina-Familiar-y-Comunitaria-IGSS-2022-18-1024x673.jpg 1024w, \/wp-content\/uploads\/sites\/5\/2022\/10\/Seminario-Nacional-de-Medicina-Familiar-y-Comunitaria-IGSS-2022-18-639x420.jpg 639w, \/wp-content\/uploads\/sites\/5\/2022\/10\/Seminario-Nacional-de-Medicina-Familiar-y-Comunitaria-IGSS-2022-18-696x457.jpg 696w, \/wp-content\/uploads\/sites\/5\/2022\/10\/Seminario-Nacional-de-Medicina-Familiar-y-Comunitaria-IGSS-2022-18-1068x702.jpg 1068w, \/wp-content\/uploads\/sites\/5\/2022\/10\/Seminario-Nacional-de-Medicina-Familiar-y-Comunitaria-IGSS-2022-18-534x351.jpg 534w, \/wp-content\/uploads\/sites\/5\/2022\/10\/Seminario-Nacional-de-Medicina-Familiar-y-Comunitaria-IGSS-2022-18-741x486.jpg 741w\" sizes=\"auto, (max-width: 1426px) 100vw, 1426px\" \/><\/a><\/p>\n<p>La doctora Alejandra Zarazua, del IGSS, present\u00f3 la construcci\u00f3n del proceso para la formaci\u00f3n del m\u00e9dico de familia en Guatemala, la cual es una responsabilidad interinstitucional del Seguro Social, Ministerio de Salud y la Universidad de San Carlos de Guatemala.<\/p>\n<p>La inserci\u00f3n del m\u00e9dico de familia en el sistema de prestaci\u00f3n de servicios de salud fue el tema presentado por el doctor Thomas Meo\u00f1o, coordinador ejecutivo de Wonca Iberoamericana CIMF.<\/p>\n<p>El m\u00e9dico espa\u00f1ol Sergio Minue expuso sobre los elementos necesarios desde la academia para el desarrollo de la residencia de medicina familiar y comunitaria.<\/p>\n<p>La experiencia de medicina familiar y comunitaria en Argentina fue presentada por el doctor Adolfo Rubinstein, exministro de Salud y actual vicepresidente de la Organizaci\u00f3n Mundial de M\u00e9dicos de Familia para Iberoam\u00e9rica, el experto resalt\u00f3 que para la atenci\u00f3n de la poblaci\u00f3n en su pa\u00eds se cre\u00f3 el Programa Nacional de Salud Familiar y Comunitaria, y se implement\u00f3 una red digital en los centros de salud de todo el pa\u00eds.<\/p>\n<p>La consultora internacional de medicina familiar y comunitaria de la OPS en Guatemala, doctora Sandra Fraifer, de Argentina, abord\u00f3 las oportunidades y retos de la implementaci\u00f3n de estudios en medicina familiar en las instituciones universitarias.<\/p>\n<p>Al finalizar el evento el licenciado Carlos Franco Antonio, subgerente de Planificaci\u00f3n y Desarrollo del IGSS, destac\u00f3 el compromiso del Instituto y del MSPAS para impulsar el modelo de Medicina Familiar y Comunitaria. \u201cEste seminario nos permiti\u00f3 compartir las experiencias por expertos nacionales e internacionales, gracias por compartir sus conocimientos sobre la medicina familiar, esto nos indica que estamos en el camino correcto y nos impulsa a alcanzar los objetivos y beneficios a la poblaci\u00f3n del pa\u00eds\u201d, concluy\u00f3.<\/p>\n\r\n                <style type=\"text\/css\">\r\n                    \r\n                    #tdi_1  .td-doubleSlider-2 .td-item1 {\r\n                        background: url(\/wp-content\/uploads\/sites\/5\/2022\/10\/Seminario-Nacional-de-Medicina-Familiar-y-Comunitaria-IGSS-2022-2-80x60.jpg) 0 0 no-repeat;\r\n                    }\r\n                    #tdi_1  .td-doubleSlider-2 .td-item2 {\r\n                        background: url(\/wp-content\/uploads\/sites\/5\/2022\/10\/Seminario-Nacional-de-Medicina-Familiar-y-Comunitaria-IGSS-2022-11-80x60.jpg) 0 0 no-repeat;\r\n                    }\r\n                    #tdi_1  .td-doubleSlider-2 .td-item3 {\r\n                        background: url(\/wp-content\/uploads\/sites\/5\/2022\/10\/Seminario-Nacional-de-Medicina-Familiar-y-Comunitaria-IGSS-2022-3-80x60.jpg) 0 0 no-repeat;\r\n                    }\r\n                    #tdi_1  .td-doubleSlider-2 .td-item4 {\r\n                        background: url(\/wp-content\/uploads\/sites\/5\/2022\/10\/Seminario-Nacional-de-Medicina-Familiar-y-Comunitaria-IGSS-2022-18-80x60.jpg) 0 0 no-repeat;\r\n                    }\r\n                    #tdi_1  .td-doubleSlider-2 .td-item5 {\r\n                        background: url(\/wp-content\/uploads\/sites\/5\/2022\/10\/Seminario-Nacional-de-Medicina-Familiar-y-Comunitaria-IGSS-2022-5-80x60.jpg) 0 0 no-repeat;\r\n                    }\r\n                    #tdi_1  .td-doubleSlider-2 .td-item6 {\r\n                        background: url(\/wp-content\/uploads\/sites\/5\/2022\/10\/Seminario-Nacional-de-Medicina-Familiar-y-Comunitaria-IGSS-2022-4-80x60.jpg) 0 0 no-repeat;\r\n                    }\r\n                    #tdi_1  .td-doubleSlider-2 .td-item7 {\r\n                        background: url(\/wp-content\/uploads\/sites\/5\/2022\/10\/Seminario-Nacional-de-Medicina-Familiar-y-Comunitaria-IGSS-2022-6-80x60.jpg) 0 0 no-repeat;\r\n                    }\r\n                    #tdi_1  .td-doubleSlider-2 .td-item8 {\r\n                        background: url(\/wp-content\/uploads\/sites\/5\/2022\/10\/Seminario-Nacional-de-Medicina-Familiar-y-Comunitaria-IGSS-2022-8-80x60.jpg) 0 0 no-repeat;\r\n                    }\r\n                    #tdi_1  .td-doubleSlider-2 .td-item9 {\r\n                        background: url(\/wp-content\/uploads\/sites\/5\/2022\/10\/Seminario-Nacional-de-Medicina-Familiar-y-Comunitaria-IGSS-2022-7-80x60.jpg) 0 0 no-repeat;\r\n                    }\r\n                    #tdi_1  .td-doubleSlider-2 .td-item10 {\r\n                        background: url(\/wp-content\/uploads\/sites\/5\/2022\/10\/Seminario-Nacional-de-Medicina-Familiar-y-Comunitaria-IGSS-2022-9-80x60.jpg) 0 0 no-repeat;\r\n                    }\r\n                    #tdi_1  .td-doubleSlider-2 .td-item11 {\r\n                        background: url(\/wp-content\/uploads\/sites\/5\/2022\/10\/Seminario-Nacional-de-Medicina-Familiar-y-Comunitaria-IGSS-2022-12-80x60.jpg) 0 0 no-repeat;\r\n                    }\r\n                    #tdi_1  .td-doubleSlider-2 .td-item12 {\r\n                        background: url(\/wp-content\/uploads\/sites\/5\/2022\/10\/Seminario-Nacional-de-Medicina-Familiar-y-Comunitaria-IGSS-2022-14-80x60.jpg) 0 0 no-repeat;\r\n                    }\r\n                    #tdi_1  .td-doubleSlider-2 .td-item13 {\r\n                        background: url(\/wp-content\/uploads\/sites\/5\/2022\/10\/Seminario-Nacional-de-Medicina-Familiar-y-Comunitaria-IGSS-2022-15-80x60.jpg) 0 0 no-repeat;\r\n                    }\r\n                    #tdi_1  .td-doubleSlider-2 .td-item14 {\r\n                        background: url(\/wp-content\/uploads\/sites\/5\/2022\/10\/Seminario-Nacional-de-Medicina-Familiar-y-Comunitaria-IGSS-2022-16-80x60.jpg) 0 0 no-repeat;\r\n                    }\r\n                    #tdi_1  .td-doubleSlider-2 .td-item15 {\r\n                        background: url(\/wp-content\/uploads\/sites\/5\/2022\/10\/Seminario-Nacional-de-Medicina-Familiar-y-Comunitaria-IGSS-2022-10-80x60.jpg) 0 0 no-repeat;\r\n                    }\r\n                    #tdi_1  .td-doubleSlider-2 .td-item16 {\r\n                        background: url(\/wp-content\/uploads\/sites\/5\/2022\/10\/Seminario-Nacional-de-Medicina-Familiar-y-Comunitaria-IGSS-2022-17-80x60.jpg) 0 0 no-repeat;\r\n                    }\r\n                    #tdi_1  .td-doubleSlider-2 .td-item17 {\r\n                        background: url(\/wp-content\/uploads\/sites\/5\/2022\/10\/Seminario-Nacional-de-Medicina-Familiar-y-Comunitaria-IGSS-2022-13-80x60.jpg) 0 0 no-repeat;\r\n                    }\r\n                    #tdi_1  .td-doubleSlider-2 .td-item18 {\r\n                        background: url(\/wp-content\/uploads\/sites\/5\/2022\/10\/Seminario-Nacional-de-Medicina-Familiar-y-Comunitaria-IGSS-2022-19-80x60.jpg) 0 0 no-repeat;\r\n                    }\r\n                    #tdi_1  .td-doubleSlider-2 .td-item19 {\r\n                        background: url(\/wp-content\/uploads\/sites\/5\/2022\/10\/Seminario-Nacional-de-Medicina-Familiar-y-Comunitaria-IGSS-2022-20-80x60.jpg) 0 0 no-repeat;\r\n                    }\r\n                    #tdi_1  .td-doubleSlider-2 .td-item20 {\r\n                        background: url(\/wp-content\/uploads\/sites\/5\/2022\/10\/Seminario-Nacional-de-Medicina-Familiar-y-Comunitaria-IGSS-2022-21-80x60.jpg) 0 0 no-repeat;\r\n                    }\r\n                <\/style>\r\n\r\n                <div id=\"tdi_1\" class=\"td-gallery td-slide-on-2-columns\">\r\n                    <div class=\"post_td_gallery\">\r\n                        <div class=\"td-gallery-slide-top\">\r\n                           <div class=\"td-gallery-title\">Galer\u00eda de Im\u00e1genes<\/div>\r\n\r\n                            <div class=\"td-gallery-controls-wrapper\">\r\n                                <div class=\"td-gallery-slide-count\"><span class=\"td-gallery-slide-item-focus\">1<\/span> de 20<\/div>\r\n                                <div class=\"td-gallery-slide-prev-next-but\">\r\n                                    <i class = \"td-icon-left doubleSliderPrevButton\"><\/i>\r\n                                    <i class = \"td-icon-right doubleSliderNextButton\"><\/i>\r\n                                <\/div>\r\n                            <\/div>\r\n                        <\/div>\r\n\r\n                        <div class = \"td-doubleSlider-1 \">\r\n                            <div class = \"td-slider\">\r\n                                \r\n                    <div class = \"td-slide-item td-item1\">\r\n                        <figure class=\"td-slide-galery-figure td-slide-popup-gallery\">\r\n                            <a class=\"slide-gallery-image-link\" href=\"\/wp-content\/uploads\/sites\/5\/2022\/10\/Seminario-Nacional-de-Medicina-Familiar-y-Comunitaria-IGSS-2022-2.jpg\" title=\"Seminario Nacional de Medicina Familiar y Comunitaria IGSS 2022-2\"  data-caption=\"\"  data-description=\"\">\r\n                                <img decoding=\"async\" src=\"\/wp-content\/uploads\/sites\/5\/2022\/10\/Seminario-Nacional-de-Medicina-Familiar-y-Comunitaria-IGSS-2022-2-541x420.jpg\" srcset=\"\/wp-content\/uploads\/sites\/5\/2022\/10\/Seminario-Nacional-de-Medicina-Familiar-y-Comunitaria-IGSS-2022-2-541x420.jpg 541w, \/wp-content\/uploads\/sites\/5\/2022\/10\/Seminario-Nacional-de-Medicina-Familiar-y-Comunitaria-IGSS-2022-2-300x233.jpg 300w, \/wp-content\/uploads\/sites\/5\/2022\/10\/Seminario-Nacional-de-Medicina-Familiar-y-Comunitaria-IGSS-2022-2-768x597.jpg 768w, \/wp-content\/uploads\/sites\/5\/2022\/10\/Seminario-Nacional-de-Medicina-Familiar-y-Comunitaria-IGSS-2022-2-696x541.jpg 696w, \/wp-content\/uploads\/sites\/5\/2022\/10\/Seminario-Nacional-de-Medicina-Familiar-y-Comunitaria-IGSS-2022-2-534x415.jpg 534w, \/wp-content\/uploads\/sites\/5\/2022\/10\/Seminario-Nacional-de-Medicina-Familiar-y-Comunitaria-IGSS-2022-2.jpg 928w\" sizes=\"(max-width: 541px) 100vw, 541px\" alt=\"\">\r\n                            <\/a>\r\n                            \r\n                        <\/figure>\r\n                    <\/div>\r\n                    <div class = \"td-slide-item td-item2\">\r\n                        <figure class=\"td-slide-galery-figure td-slide-popup-gallery\">\r\n                            <a class=\"slide-gallery-image-link\" href=\"\/wp-content\/uploads\/sites\/5\/2022\/10\/Seminario-Nacional-de-Medicina-Familiar-y-Comunitaria-IGSS-2022-11.jpg\" title=\"Seminario Nacional de Medicina Familiar y Comunitaria IGSS 2022-11\"  data-caption=\"\"  data-description=\"\">\r\n                                <img decoding=\"async\" src=\"\/wp-content\/uploads\/sites\/5\/2022\/10\/Seminario-Nacional-de-Medicina-Familiar-y-Comunitaria-IGSS-2022-11-622x420.jpg\" srcset=\"\/wp-content\/uploads\/sites\/5\/2022\/10\/Seminario-Nacional-de-Medicina-Familiar-y-Comunitaria-IGSS-2022-11-622x420.jpg 622w, \/wp-content\/uploads\/sites\/5\/2022\/10\/Seminario-Nacional-de-Medicina-Familiar-y-Comunitaria-IGSS-2022-11-300x203.jpg 300w, \/wp-content\/uploads\/sites\/5\/2022\/10\/Seminario-Nacional-de-Medicina-Familiar-y-Comunitaria-IGSS-2022-11-768x519.jpg 768w, \/wp-content\/uploads\/sites\/5\/2022\/10\/Seminario-Nacional-de-Medicina-Familiar-y-Comunitaria-IGSS-2022-11-1024x692.jpg 1024w, \/wp-content\/uploads\/sites\/5\/2022\/10\/Seminario-Nacional-de-Medicina-Familiar-y-Comunitaria-IGSS-2022-11-696x470.jpg 696w, \/wp-content\/uploads\/sites\/5\/2022\/10\/Seminario-Nacional-de-Medicina-Familiar-y-Comunitaria-IGSS-2022-11-1068x722.jpg 1068w, \/wp-content\/uploads\/sites\/5\/2022\/10\/Seminario-Nacional-de-Medicina-Familiar-y-Comunitaria-IGSS-2022-11-534x361.jpg 534w, \/wp-content\/uploads\/sites\/5\/2022\/10\/Seminario-Nacional-de-Medicina-Familiar-y-Comunitaria-IGSS-2022-11.jpg 1280w\" sizes=\"(max-width: 622px) 100vw, 622px\" alt=\"\">\r\n                            <\/a>\r\n                            \r\n                        <\/figure>\r\n                    <\/div>\r\n                    <div class = \"td-slide-item td-item3\">\r\n                        <figure class=\"td-slide-galery-figure td-slide-popup-gallery\">\r\n                            <a class=\"slide-gallery-image-link\" href=\"\/wp-content\/uploads\/sites\/5\/2022\/10\/Seminario-Nacional-de-Medicina-Familiar-y-Comunitaria-IGSS-2022-3.jpg\" title=\"Seminario Nacional de Medicina Familiar y Comunitaria IGSS 2022-3\"  data-caption=\"\"  data-description=\"\">\r\n                                <img decoding=\"async\" src=\"\/wp-content\/uploads\/sites\/5\/2022\/10\/Seminario-Nacional-de-Medicina-Familiar-y-Comunitaria-IGSS-2022-3-585x420.jpg\" srcset=\"\/wp-content\/uploads\/sites\/5\/2022\/10\/Seminario-Nacional-de-Medicina-Familiar-y-Comunitaria-IGSS-2022-3-585x420.jpg 585w, \/wp-content\/uploads\/sites\/5\/2022\/10\/Seminario-Nacional-de-Medicina-Familiar-y-Comunitaria-IGSS-2022-3-300x215.jpg 300w, \/wp-content\/uploads\/sites\/5\/2022\/10\/Seminario-Nacional-de-Medicina-Familiar-y-Comunitaria-IGSS-2022-3-768x552.jpg 768w, \/wp-content\/uploads\/sites\/5\/2022\/10\/Seminario-Nacional-de-Medicina-Familiar-y-Comunitaria-IGSS-2022-3-1024x735.jpg 1024w, \/wp-content\/uploads\/sites\/5\/2022\/10\/Seminario-Nacional-de-Medicina-Familiar-y-Comunitaria-IGSS-2022-3-696x500.jpg 696w, \/wp-content\/uploads\/sites\/5\/2022\/10\/Seminario-Nacional-de-Medicina-Familiar-y-Comunitaria-IGSS-2022-3-1068x767.jpg 1068w, \/wp-content\/uploads\/sites\/5\/2022\/10\/Seminario-Nacional-de-Medicina-Familiar-y-Comunitaria-IGSS-2022-3-534x383.jpg 534w, \/wp-content\/uploads\/sites\/5\/2022\/10\/Seminario-Nacional-de-Medicina-Familiar-y-Comunitaria-IGSS-2022-3.jpg 1146w\" sizes=\"(max-width: 585px) 100vw, 585px\" alt=\"\">\r\n                            <\/a>\r\n                            \r\n                        <\/figure>\r\n                    <\/div>\r\n                    <div class = \"td-slide-item td-item4\">\r\n                        <figure class=\"td-slide-galery-figure td-slide-popup-gallery\">\r\n                            <a class=\"slide-gallery-image-link\" href=\"\/wp-content\/uploads\/sites\/5\/2022\/10\/Seminario-Nacional-de-Medicina-Familiar-y-Comunitaria-IGSS-2022-18.jpg\" title=\"Seminario Nacional de Medicina Familiar y Comunitaria IGSS 2022-18\"  data-caption=\"\"  data-description=\"\">\r\n                                <img decoding=\"async\" src=\"\/wp-content\/uploads\/sites\/5\/2022\/10\/Seminario-Nacional-de-Medicina-Familiar-y-Comunitaria-IGSS-2022-18-639x420.jpg\" srcset=\"\/wp-content\/uploads\/sites\/5\/2022\/10\/Seminario-Nacional-de-Medicina-Familiar-y-Comunitaria-IGSS-2022-18-639x420.jpg 639w, \/wp-content\/uploads\/sites\/5\/2022\/10\/Seminario-Nacional-de-Medicina-Familiar-y-Comunitaria-IGSS-2022-18-300x197.jpg 300w, \/wp-content\/uploads\/sites\/5\/2022\/10\/Seminario-Nacional-de-Medicina-Familiar-y-Comunitaria-IGSS-2022-18-768x505.jpg 768w, \/wp-content\/uploads\/sites\/5\/2022\/10\/Seminario-Nacional-de-Medicina-Familiar-y-Comunitaria-IGSS-2022-18-1024x673.jpg 1024w, \/wp-content\/uploads\/sites\/5\/2022\/10\/Seminario-Nacional-de-Medicina-Familiar-y-Comunitaria-IGSS-2022-18-696x457.jpg 696w, \/wp-content\/uploads\/sites\/5\/2022\/10\/Seminario-Nacional-de-Medicina-Familiar-y-Comunitaria-IGSS-2022-18-1068x702.jpg 1068w, \/wp-content\/uploads\/sites\/5\/2022\/10\/Seminario-Nacional-de-Medicina-Familiar-y-Comunitaria-IGSS-2022-18-534x351.jpg 534w, \/wp-content\/uploads\/sites\/5\/2022\/10\/Seminario-Nacional-de-Medicina-Familiar-y-Comunitaria-IGSS-2022-18-741x486.jpg 741w, \/wp-content\/uploads\/sites\/5\/2022\/10\/Seminario-Nacional-de-Medicina-Familiar-y-Comunitaria-IGSS-2022-18.jpg 1426w\" sizes=\"(max-width: 639px) 100vw, 639px\" alt=\"\">\r\n                            <\/a>\r\n                            \r\n                        <\/figure>\r\n                    <\/div>\r\n                    <div class = \"td-slide-item td-item5\">\r\n                        <figure class=\"td-slide-galery-figure td-slide-popup-gallery\">\r\n                            <a class=\"slide-gallery-image-link\" href=\"\/wp-content\/uploads\/sites\/5\/2022\/10\/Seminario-Nacional-de-Medicina-Familiar-y-Comunitaria-IGSS-2022-5.jpg\" title=\"Seminario Nacional de Medicina Familiar y Comunitaria IGSS 2022-5\"  data-caption=\"\"  data-description=\"\">\r\n                                <img decoding=\"async\" src=\"\/wp-content\/uploads\/sites\/5\/2022\/10\/Seminario-Nacional-de-Medicina-Familiar-y-Comunitaria-IGSS-2022-5-630x420.jpg\" srcset=\"\/wp-content\/uploads\/sites\/5\/2022\/10\/Seminario-Nacional-de-Medicina-Familiar-y-Comunitaria-IGSS-2022-5-630x420.jpg 630w, \/wp-content\/uploads\/sites\/5\/2022\/10\/Seminario-Nacional-de-Medicina-Familiar-y-Comunitaria-IGSS-2022-5-300x200.jpg 300w, \/wp-content\/uploads\/sites\/5\/2022\/10\/Seminario-Nacional-de-Medicina-Familiar-y-Comunitaria-IGSS-2022-5-768x512.jpg 768w, \/wp-content\/uploads\/sites\/5\/2022\/10\/Seminario-Nacional-de-Medicina-Familiar-y-Comunitaria-IGSS-2022-5-1024x682.jpg 1024w, \/wp-content\/uploads\/sites\/5\/2022\/10\/Seminario-Nacional-de-Medicina-Familiar-y-Comunitaria-IGSS-2022-5-1536x1023.jpg 1536w, \/wp-content\/uploads\/sites\/5\/2022\/10\/Seminario-Nacional-de-Medicina-Familiar-y-Comunitaria-IGSS-2022-5-696x464.jpg 696w, \/wp-content\/uploads\/sites\/5\/2022\/10\/Seminario-Nacional-de-Medicina-Familiar-y-Comunitaria-IGSS-2022-5-1068x712.jpg 1068w, \/wp-content\/uploads\/sites\/5\/2022\/10\/Seminario-Nacional-de-Medicina-Familiar-y-Comunitaria-IGSS-2022-5-534x356.jpg 534w, \/wp-content\/uploads\/sites\/5\/2022\/10\/Seminario-Nacional-de-Medicina-Familiar-y-Comunitaria-IGSS-2022-5.jpg 1600w\" sizes=\"(max-width: 630px) 100vw, 630px\" alt=\"\">\r\n                            <\/a>\r\n                            \r\n                        <\/figure>\r\n                    <\/div>\r\n                    <div class = \"td-slide-item td-item6\">\r\n                        <figure class=\"td-slide-galery-figure td-slide-popup-gallery\">\r\n                            <a class=\"slide-gallery-image-link\" href=\"\/wp-content\/uploads\/sites\/5\/2022\/10\/Seminario-Nacional-de-Medicina-Familiar-y-Comunitaria-IGSS-2022-4.jpg\" title=\"Seminario Nacional de Medicina Familiar y Comunitaria IGSS 2022-4\"  data-caption=\"\"  data-description=\"\">\r\n                                <img decoding=\"async\" src=\"\/wp-content\/uploads\/sites\/5\/2022\/10\/Seminario-Nacional-de-Medicina-Familiar-y-Comunitaria-IGSS-2022-4-613x420.jpg\" srcset=\"\/wp-content\/uploads\/sites\/5\/2022\/10\/Seminario-Nacional-de-Medicina-Familiar-y-Comunitaria-IGSS-2022-4-613x420.jpg 613w, \/wp-content\/uploads\/sites\/5\/2022\/10\/Seminario-Nacional-de-Medicina-Familiar-y-Comunitaria-IGSS-2022-4-300x206.jpg 300w, \/wp-content\/uploads\/sites\/5\/2022\/10\/Seminario-Nacional-de-Medicina-Familiar-y-Comunitaria-IGSS-2022-4-768x526.jpg 768w, \/wp-content\/uploads\/sites\/5\/2022\/10\/Seminario-Nacional-de-Medicina-Familiar-y-Comunitaria-IGSS-2022-4-1024x702.jpg 1024w, \/wp-content\/uploads\/sites\/5\/2022\/10\/Seminario-Nacional-de-Medicina-Familiar-y-Comunitaria-IGSS-2022-4-1536x1052.jpg 1536w, \/wp-content\/uploads\/sites\/5\/2022\/10\/Seminario-Nacional-de-Medicina-Familiar-y-Comunitaria-IGSS-2022-4-218x150.jpg 218w, \/wp-content\/uploads\/sites\/5\/2022\/10\/Seminario-Nacional-de-Medicina-Familiar-y-Comunitaria-IGSS-2022-4-696x477.jpg 696w, \/wp-content\/uploads\/sites\/5\/2022\/10\/Seminario-Nacional-de-Medicina-Familiar-y-Comunitaria-IGSS-2022-4-1068x732.jpg 1068w, \/wp-content\/uploads\/sites\/5\/2022\/10\/Seminario-Nacional-de-Medicina-Familiar-y-Comunitaria-IGSS-2022-4-100x70.jpg 100w, \/wp-content\/uploads\/sites\/5\/2022\/10\/Seminario-Nacional-de-Medicina-Familiar-y-Comunitaria-IGSS-2022-4-534x366.jpg 534w, \/wp-content\/uploads\/sites\/5\/2022\/10\/Seminario-Nacional-de-Medicina-Familiar-y-Comunitaria-IGSS-2022-4.jpg 1556w\" sizes=\"(max-width: 613px) 100vw, 613px\" alt=\"\">\r\n                            <\/a>\r\n                            \r\n                        <\/figure>\r\n                    <\/div>\r\n                    <div class = \"td-slide-item td-item7\">\r\n                        <figure class=\"td-slide-galery-figure td-slide-popup-gallery\">\r\n                            <a class=\"slide-gallery-image-link\" href=\"\/wp-content\/uploads\/sites\/5\/2022\/10\/Seminario-Nacional-de-Medicina-Familiar-y-Comunitaria-IGSS-2022-6.jpg\" title=\"Seminario Nacional de Medicina Familiar y Comunitaria IGSS 2022-6\"  data-caption=\"\"  data-description=\"\">\r\n                                <img decoding=\"async\" src=\"\/wp-content\/uploads\/sites\/5\/2022\/10\/Seminario-Nacional-de-Medicina-Familiar-y-Comunitaria-IGSS-2022-6-729x420.jpg\" srcset=\"\/wp-content\/uploads\/sites\/5\/2022\/10\/Seminario-Nacional-de-Medicina-Familiar-y-Comunitaria-IGSS-2022-6-729x420.jpg 729w, \/wp-content\/uploads\/sites\/5\/2022\/10\/Seminario-Nacional-de-Medicina-Familiar-y-Comunitaria-IGSS-2022-6-300x173.jpg 300w, \/wp-content\/uploads\/sites\/5\/2022\/10\/Seminario-Nacional-de-Medicina-Familiar-y-Comunitaria-IGSS-2022-6-768x442.jpg 768w, \/wp-content\/uploads\/sites\/5\/2022\/10\/Seminario-Nacional-de-Medicina-Familiar-y-Comunitaria-IGSS-2022-6-1024x590.jpg 1024w, \/wp-content\/uploads\/sites\/5\/2022\/10\/Seminario-Nacional-de-Medicina-Familiar-y-Comunitaria-IGSS-2022-6-696x401.jpg 696w, \/wp-content\/uploads\/sites\/5\/2022\/10\/Seminario-Nacional-de-Medicina-Familiar-y-Comunitaria-IGSS-2022-6-1068x615.jpg 1068w, \/wp-content\/uploads\/sites\/5\/2022\/10\/Seminario-Nacional-de-Medicina-Familiar-y-Comunitaria-IGSS-2022-6-534x307.jpg 534w, \/wp-content\/uploads\/sites\/5\/2022\/10\/Seminario-Nacional-de-Medicina-Familiar-y-Comunitaria-IGSS-2022-6.jpg 1207w\" sizes=\"(max-width: 729px) 100vw, 729px\" alt=\"\">\r\n                            <\/a>\r\n                            \r\n                        <\/figure>\r\n                    <\/div>\r\n                    <div class = \"td-slide-item td-item8\">\r\n                        <figure class=\"td-slide-galery-figure td-slide-popup-gallery\">\r\n                            <a class=\"slide-gallery-image-link\" href=\"\/wp-content\/uploads\/sites\/5\/2022\/10\/Seminario-Nacional-de-Medicina-Familiar-y-Comunitaria-IGSS-2022-8.jpg\" title=\"Seminario Nacional de Medicina Familiar y Comunitaria IGSS 2022-8\"  data-caption=\"\"  data-description=\"\">\r\n                                <img decoding=\"async\" src=\"\/wp-content\/uploads\/sites\/5\/2022\/10\/Seminario-Nacional-de-Medicina-Familiar-y-Comunitaria-IGSS-2022-8-736x420.jpg\" srcset=\"\/wp-content\/uploads\/sites\/5\/2022\/10\/Seminario-Nacional-de-Medicina-Familiar-y-Comunitaria-IGSS-2022-8-736x420.jpg 736w, \/wp-content\/uploads\/sites\/5\/2022\/10\/Seminario-Nacional-de-Medicina-Familiar-y-Comunitaria-IGSS-2022-8-300x171.jpg 300w, \/wp-content\/uploads\/sites\/5\/2022\/10\/Seminario-Nacional-de-Medicina-Familiar-y-Comunitaria-IGSS-2022-8-768x438.jpg 768w, \/wp-content\/uploads\/sites\/5\/2022\/10\/Seminario-Nacional-de-Medicina-Familiar-y-Comunitaria-IGSS-2022-8-1024x584.jpg 1024w, \/wp-content\/uploads\/sites\/5\/2022\/10\/Seminario-Nacional-de-Medicina-Familiar-y-Comunitaria-IGSS-2022-8-696x397.jpg 696w, \/wp-content\/uploads\/sites\/5\/2022\/10\/Seminario-Nacional-de-Medicina-Familiar-y-Comunitaria-IGSS-2022-8-1068x609.jpg 1068w, \/wp-content\/uploads\/sites\/5\/2022\/10\/Seminario-Nacional-de-Medicina-Familiar-y-Comunitaria-IGSS-2022-8-534x305.jpg 534w, \/wp-content\/uploads\/sites\/5\/2022\/10\/Seminario-Nacional-de-Medicina-Familiar-y-Comunitaria-IGSS-2022-8.jpg 1511w\" sizes=\"(max-width: 736px) 100vw, 736px\" alt=\"\">\r\n                            <\/a>\r\n                            \r\n                        <\/figure>\r\n                    <\/div>\r\n                    <div class = \"td-slide-item td-item9\">\r\n                        <figure class=\"td-slide-galery-figure td-slide-popup-gallery\">\r\n                            <a class=\"slide-gallery-image-link\" href=\"\/wp-content\/uploads\/sites\/5\/2022\/10\/Seminario-Nacional-de-Medicina-Familiar-y-Comunitaria-IGSS-2022-7.jpg\" title=\"Seminario Nacional de Medicina Familiar y Comunitaria IGSS 2022-7\"  data-caption=\"\"  data-description=\"\">\r\n                                <img decoding=\"async\" src=\"\/wp-content\/uploads\/sites\/5\/2022\/10\/Seminario-Nacional-de-Medicina-Familiar-y-Comunitaria-IGSS-2022-7-760x420.jpg\" srcset=\"\/wp-content\/uploads\/sites\/5\/2022\/10\/Seminario-Nacional-de-Medicina-Familiar-y-Comunitaria-IGSS-2022-7-760x420.jpg 760w, \/wp-content\/uploads\/sites\/5\/2022\/10\/Seminario-Nacional-de-Medicina-Familiar-y-Comunitaria-IGSS-2022-7-300x166.jpg 300w, \/wp-content\/uploads\/sites\/5\/2022\/10\/Seminario-Nacional-de-Medicina-Familiar-y-Comunitaria-IGSS-2022-7-768x424.jpg 768w, \/wp-content\/uploads\/sites\/5\/2022\/10\/Seminario-Nacional-de-Medicina-Familiar-y-Comunitaria-IGSS-2022-7-1024x566.jpg 1024w, \/wp-content\/uploads\/sites\/5\/2022\/10\/Seminario-Nacional-de-Medicina-Familiar-y-Comunitaria-IGSS-2022-7-696x385.jpg 696w, \/wp-content\/uploads\/sites\/5\/2022\/10\/Seminario-Nacional-de-Medicina-Familiar-y-Comunitaria-IGSS-2022-7-1068x590.jpg 1068w, \/wp-content\/uploads\/sites\/5\/2022\/10\/Seminario-Nacional-de-Medicina-Familiar-y-Comunitaria-IGSS-2022-7-534x295.jpg 534w, \/wp-content\/uploads\/sites\/5\/2022\/10\/Seminario-Nacional-de-Medicina-Familiar-y-Comunitaria-IGSS-2022-7.jpg 1280w\" sizes=\"(max-width: 760px) 100vw, 760px\" alt=\"\">\r\n                            <\/a>\r\n                            \r\n                        <\/figure>\r\n                    <\/div>\r\n                    <div class = \"td-slide-item td-item10\">\r\n                        <figure class=\"td-slide-galery-figure td-slide-popup-gallery\">\r\n                            <a class=\"slide-gallery-image-link\" href=\"\/wp-content\/uploads\/sites\/5\/2022\/10\/Seminario-Nacional-de-Medicina-Familiar-y-Comunitaria-IGSS-2022-9.jpg\" title=\"Seminario Nacional de Medicina Familiar y Comunitaria IGSS 2022-9\"  data-caption=\"\"  data-description=\"\">\r\n                                <img decoding=\"async\" src=\"\/wp-content\/uploads\/sites\/5\/2022\/10\/Seminario-Nacional-de-Medicina-Familiar-y-Comunitaria-IGSS-2022-9-730x420.jpg\" srcset=\"\/wp-content\/uploads\/sites\/5\/2022\/10\/Seminario-Nacional-de-Medicina-Familiar-y-Comunitaria-IGSS-2022-9-730x420.jpg 730w, \/wp-content\/uploads\/sites\/5\/2022\/10\/Seminario-Nacional-de-Medicina-Familiar-y-Comunitaria-IGSS-2022-9-300x173.jpg 300w, \/wp-content\/uploads\/sites\/5\/2022\/10\/Seminario-Nacional-de-Medicina-Familiar-y-Comunitaria-IGSS-2022-9-768x442.jpg 768w, \/wp-content\/uploads\/sites\/5\/2022\/10\/Seminario-Nacional-de-Medicina-Familiar-y-Comunitaria-IGSS-2022-9-1024x589.jpg 1024w, \/wp-content\/uploads\/sites\/5\/2022\/10\/Seminario-Nacional-de-Medicina-Familiar-y-Comunitaria-IGSS-2022-9-1536x884.jpg 1536w, \/wp-content\/uploads\/sites\/5\/2022\/10\/Seminario-Nacional-de-Medicina-Familiar-y-Comunitaria-IGSS-2022-9-696x401.jpg 696w, \/wp-content\/uploads\/sites\/5\/2022\/10\/Seminario-Nacional-de-Medicina-Familiar-y-Comunitaria-IGSS-2022-9-1068x615.jpg 1068w, \/wp-content\/uploads\/sites\/5\/2022\/10\/Seminario-Nacional-de-Medicina-Familiar-y-Comunitaria-IGSS-2022-9-534x307.jpg 534w, \/wp-content\/uploads\/sites\/5\/2022\/10\/Seminario-Nacional-de-Medicina-Familiar-y-Comunitaria-IGSS-2022-9.jpg 1600w\" sizes=\"(max-width: 730px) 100vw, 730px\" alt=\"\">\r\n                            <\/a>\r\n                            \r\n                        <\/figure>\r\n                    <\/div>\r\n                    <div class = \"td-slide-item td-item11\">\r\n                        <figure class=\"td-slide-galery-figure td-slide-popup-gallery\">\r\n                            <a class=\"slide-gallery-image-link\" href=\"\/wp-content\/uploads\/sites\/5\/2022\/10\/Seminario-Nacional-de-Medicina-Familiar-y-Comunitaria-IGSS-2022-12.jpg\" title=\"Seminario Nacional de Medicina Familiar y Comunitaria IGSS 2022-12\"  data-caption=\"\"  data-description=\"\">\r\n                                <img decoding=\"async\" src=\"\/wp-content\/uploads\/sites\/5\/2022\/10\/Seminario-Nacional-de-Medicina-Familiar-y-Comunitaria-IGSS-2022-12-559x420.jpg\" srcset=\"\/wp-content\/uploads\/sites\/5\/2022\/10\/Seminario-Nacional-de-Medicina-Familiar-y-Comunitaria-IGSS-2022-12-559x420.jpg 559w, \/wp-content\/uploads\/sites\/5\/2022\/10\/Seminario-Nacional-de-Medicina-Familiar-y-Comunitaria-IGSS-2022-12-300x226.jpg 300w, \/wp-content\/uploads\/sites\/5\/2022\/10\/Seminario-Nacional-de-Medicina-Familiar-y-Comunitaria-IGSS-2022-12-768x577.jpg 768w, \/wp-content\/uploads\/sites\/5\/2022\/10\/Seminario-Nacional-de-Medicina-Familiar-y-Comunitaria-IGSS-2022-12-1024x770.jpg 1024w, \/wp-content\/uploads\/sites\/5\/2022\/10\/Seminario-Nacional-de-Medicina-Familiar-y-Comunitaria-IGSS-2022-12-80x60.jpg 80w, \/wp-content\/uploads\/sites\/5\/2022\/10\/Seminario-Nacional-de-Medicina-Familiar-y-Comunitaria-IGSS-2022-12-696x523.jpg 696w, \/wp-content\/uploads\/sites\/5\/2022\/10\/Seminario-Nacional-de-Medicina-Familiar-y-Comunitaria-IGSS-2022-12-1068x803.jpg 1068w, \/wp-content\/uploads\/sites\/5\/2022\/10\/Seminario-Nacional-de-Medicina-Familiar-y-Comunitaria-IGSS-2022-12-265x198.jpg 265w, \/wp-content\/uploads\/sites\/5\/2022\/10\/Seminario-Nacional-de-Medicina-Familiar-y-Comunitaria-IGSS-2022-12-534x401.jpg 534w, \/wp-content\/uploads\/sites\/5\/2022\/10\/Seminario-Nacional-de-Medicina-Familiar-y-Comunitaria-IGSS-2022-12.jpg 1450w\" sizes=\"(max-width: 559px) 100vw, 559px\" alt=\"\">\r\n                            <\/a>\r\n                            \r\n                        <\/figure>\r\n                    <\/div>\r\n                    <div class = \"td-slide-item td-item12\">\r\n                        <figure class=\"td-slide-galery-figure td-slide-popup-gallery\">\r\n                            <a class=\"slide-gallery-image-link\" href=\"\/wp-content\/uploads\/sites\/5\/2022\/10\/Seminario-Nacional-de-Medicina-Familiar-y-Comunitaria-IGSS-2022-14.jpg\" title=\"Seminario Nacional de Medicina Familiar y Comunitaria IGSS 2022-14\"  data-caption=\"\"  data-description=\"\">\r\n                                <img decoding=\"async\" src=\"\/wp-content\/uploads\/sites\/5\/2022\/10\/Seminario-Nacional-de-Medicina-Familiar-y-Comunitaria-IGSS-2022-14-580x420.jpg\" srcset=\"\/wp-content\/uploads\/sites\/5\/2022\/10\/Seminario-Nacional-de-Medicina-Familiar-y-Comunitaria-IGSS-2022-14-580x420.jpg 580w, \/wp-content\/uploads\/sites\/5\/2022\/10\/Seminario-Nacional-de-Medicina-Familiar-y-Comunitaria-IGSS-2022-14-300x217.jpg 300w, \/wp-content\/uploads\/sites\/5\/2022\/10\/Seminario-Nacional-de-Medicina-Familiar-y-Comunitaria-IGSS-2022-14-768x556.jpg 768w, \/wp-content\/uploads\/sites\/5\/2022\/10\/Seminario-Nacional-de-Medicina-Familiar-y-Comunitaria-IGSS-2022-14-1024x742.jpg 1024w, \/wp-content\/uploads\/sites\/5\/2022\/10\/Seminario-Nacional-de-Medicina-Familiar-y-Comunitaria-IGSS-2022-14-696x504.jpg 696w, \/wp-content\/uploads\/sites\/5\/2022\/10\/Seminario-Nacional-de-Medicina-Familiar-y-Comunitaria-IGSS-2022-14-1068x774.jpg 1068w, \/wp-content\/uploads\/sites\/5\/2022\/10\/Seminario-Nacional-de-Medicina-Familiar-y-Comunitaria-IGSS-2022-14-324x235.jpg 324w, \/wp-content\/uploads\/sites\/5\/2022\/10\/Seminario-Nacional-de-Medicina-Familiar-y-Comunitaria-IGSS-2022-14-534x387.jpg 534w, \/wp-content\/uploads\/sites\/5\/2022\/10\/Seminario-Nacional-de-Medicina-Familiar-y-Comunitaria-IGSS-2022-14.jpg 1433w\" sizes=\"(max-width: 580px) 100vw, 580px\" alt=\"\">\r\n                            <\/a>\r\n                            \r\n                        <\/figure>\r\n                    <\/div>\r\n                    <div class = \"td-slide-item td-item13\">\r\n                        <figure class=\"td-slide-galery-figure td-slide-popup-gallery\">\r\n                            <a class=\"slide-gallery-image-link\" href=\"\/wp-content\/uploads\/sites\/5\/2022\/10\/Seminario-Nacional-de-Medicina-Familiar-y-Comunitaria-IGSS-2022-15.jpg\" title=\"Seminario Nacional de Medicina Familiar y Comunitaria IGSS 2022-15\"  data-caption=\"\"  data-description=\"\">\r\n                                <img decoding=\"async\" src=\"\/wp-content\/uploads\/sites\/5\/2022\/10\/Seminario-Nacional-de-Medicina-Familiar-y-Comunitaria-IGSS-2022-15-630x420.jpg\" srcset=\"\/wp-content\/uploads\/sites\/5\/2022\/10\/Seminario-Nacional-de-Medicina-Familiar-y-Comunitaria-IGSS-2022-15-630x420.jpg 630w, \/wp-content\/uploads\/sites\/5\/2022\/10\/Seminario-Nacional-de-Medicina-Familiar-y-Comunitaria-IGSS-2022-15-300x200.jpg 300w, \/wp-content\/uploads\/sites\/5\/2022\/10\/Seminario-Nacional-de-Medicina-Familiar-y-Comunitaria-IGSS-2022-15-768x512.jpg 768w, \/wp-content\/uploads\/sites\/5\/2022\/10\/Seminario-Nacional-de-Medicina-Familiar-y-Comunitaria-IGSS-2022-15-1024x682.jpg 1024w, \/wp-content\/uploads\/sites\/5\/2022\/10\/Seminario-Nacional-de-Medicina-Familiar-y-Comunitaria-IGSS-2022-15-1536x1023.jpg 1536w, \/wp-content\/uploads\/sites\/5\/2022\/10\/Seminario-Nacional-de-Medicina-Familiar-y-Comunitaria-IGSS-2022-15-696x464.jpg 696w, \/wp-content\/uploads\/sites\/5\/2022\/10\/Seminario-Nacional-de-Medicina-Familiar-y-Comunitaria-IGSS-2022-15-1068x712.jpg 1068w, \/wp-content\/uploads\/sites\/5\/2022\/10\/Seminario-Nacional-de-Medicina-Familiar-y-Comunitaria-IGSS-2022-15-534x356.jpg 534w, \/wp-content\/uploads\/sites\/5\/2022\/10\/Seminario-Nacional-de-Medicina-Familiar-y-Comunitaria-IGSS-2022-15.jpg 1600w\" sizes=\"(max-width: 630px) 100vw, 630px\" alt=\"\">\r\n                            <\/a>\r\n                            \r\n                        <\/figure>\r\n                    <\/div>\r\n                    <div class = \"td-slide-item td-item14\">\r\n                        <figure class=\"td-slide-galery-figure td-slide-popup-gallery\">\r\n                            <a class=\"slide-gallery-image-link\" href=\"\/wp-content\/uploads\/sites\/5\/2022\/10\/Seminario-Nacional-de-Medicina-Familiar-y-Comunitaria-IGSS-2022-16.jpg\" title=\"Seminario Nacional de Medicina Familiar y Comunitaria IGSS 2022-16\"  data-caption=\"\"  data-description=\"\">\r\n                                <img decoding=\"async\" src=\"\/wp-content\/uploads\/sites\/5\/2022\/10\/Seminario-Nacional-de-Medicina-Familiar-y-Comunitaria-IGSS-2022-16-630x420.jpg\" srcset=\"\/wp-content\/uploads\/sites\/5\/2022\/10\/Seminario-Nacional-de-Medicina-Familiar-y-Comunitaria-IGSS-2022-16-630x420.jpg 630w, \/wp-content\/uploads\/sites\/5\/2022\/10\/Seminario-Nacional-de-Medicina-Familiar-y-Comunitaria-IGSS-2022-16-300x200.jpg 300w, \/wp-content\/uploads\/sites\/5\/2022\/10\/Seminario-Nacional-de-Medicina-Familiar-y-Comunitaria-IGSS-2022-16-768x512.jpg 768w, \/wp-content\/uploads\/sites\/5\/2022\/10\/Seminario-Nacional-de-Medicina-Familiar-y-Comunitaria-IGSS-2022-16-1024x682.jpg 1024w, \/wp-content\/uploads\/sites\/5\/2022\/10\/Seminario-Nacional-de-Medicina-Familiar-y-Comunitaria-IGSS-2022-16-1536x1023.jpg 1536w, \/wp-content\/uploads\/sites\/5\/2022\/10\/Seminario-Nacional-de-Medicina-Familiar-y-Comunitaria-IGSS-2022-16-696x464.jpg 696w, \/wp-content\/uploads\/sites\/5\/2022\/10\/Seminario-Nacional-de-Medicina-Familiar-y-Comunitaria-IGSS-2022-16-1068x712.jpg 1068w, \/wp-content\/uploads\/sites\/5\/2022\/10\/Seminario-Nacional-de-Medicina-Familiar-y-Comunitaria-IGSS-2022-16-534x356.jpg 534w, \/wp-content\/uploads\/sites\/5\/2022\/10\/Seminario-Nacional-de-Medicina-Familiar-y-Comunitaria-IGSS-2022-16.jpg 1600w\" sizes=\"(max-width: 630px) 100vw, 630px\" alt=\"\">\r\n                            <\/a>\r\n                            \r\n                        <\/figure>\r\n                    <\/div>\r\n                    <div class = \"td-slide-item td-item15\">\r\n                        <figure class=\"td-slide-galery-figure td-slide-popup-gallery\">\r\n                            <a class=\"slide-gallery-image-link\" href=\"\/wp-content\/uploads\/sites\/5\/2022\/10\/Seminario-Nacional-de-Medicina-Familiar-y-Comunitaria-IGSS-2022-10.jpg\" title=\"Seminario Nacional de Medicina Familiar y Comunitaria IGSS 2022-10\"  data-caption=\"\"  data-description=\"\">\r\n                                <img decoding=\"async\" src=\"\/wp-content\/uploads\/sites\/5\/2022\/10\/Seminario-Nacional-de-Medicina-Familiar-y-Comunitaria-IGSS-2022-10-698x420.jpg\" srcset=\"\/wp-content\/uploads\/sites\/5\/2022\/10\/Seminario-Nacional-de-Medicina-Familiar-y-Comunitaria-IGSS-2022-10-698x420.jpg 698w, \/wp-content\/uploads\/sites\/5\/2022\/10\/Seminario-Nacional-de-Medicina-Familiar-y-Comunitaria-IGSS-2022-10-300x181.jpg 300w, \/wp-content\/uploads\/sites\/5\/2022\/10\/Seminario-Nacional-de-Medicina-Familiar-y-Comunitaria-IGSS-2022-10-768x462.jpg 768w, \/wp-content\/uploads\/sites\/5\/2022\/10\/Seminario-Nacional-de-Medicina-Familiar-y-Comunitaria-IGSS-2022-10-1024x616.jpg 1024w, \/wp-content\/uploads\/sites\/5\/2022\/10\/Seminario-Nacional-de-Medicina-Familiar-y-Comunitaria-IGSS-2022-10-1536x925.jpg 1536w, \/wp-content\/uploads\/sites\/5\/2022\/10\/Seminario-Nacional-de-Medicina-Familiar-y-Comunitaria-IGSS-2022-10-696x419.jpg 696w, \/wp-content\/uploads\/sites\/5\/2022\/10\/Seminario-Nacional-de-Medicina-Familiar-y-Comunitaria-IGSS-2022-10-1068x643.jpg 1068w, \/wp-content\/uploads\/sites\/5\/2022\/10\/Seminario-Nacional-de-Medicina-Familiar-y-Comunitaria-IGSS-2022-10-534x321.jpg 534w, \/wp-content\/uploads\/sites\/5\/2022\/10\/Seminario-Nacional-de-Medicina-Familiar-y-Comunitaria-IGSS-2022-10.jpg 1623w\" sizes=\"(max-width: 698px) 100vw, 698px\" alt=\"\">\r\n                            <\/a>\r\n                            \r\n                        <\/figure>\r\n                    <\/div>\r\n                    <div class = \"td-slide-item td-item16\">\r\n                        <figure class=\"td-slide-galery-figure td-slide-popup-gallery\">\r\n                            <a class=\"slide-gallery-image-link\" href=\"\/wp-content\/uploads\/sites\/5\/2022\/10\/Seminario-Nacional-de-Medicina-Familiar-y-Comunitaria-IGSS-2022-17.jpg\" title=\"Seminario Nacional de Medicina Familiar y Comunitaria IGSS 2022-17\"  data-caption=\"\"  data-description=\"\">\r\n                                <img decoding=\"async\" src=\"\/wp-content\/uploads\/sites\/5\/2022\/10\/Seminario-Nacional-de-Medicina-Familiar-y-Comunitaria-IGSS-2022-17-590x420.jpg\" srcset=\"\/wp-content\/uploads\/sites\/5\/2022\/10\/Seminario-Nacional-de-Medicina-Familiar-y-Comunitaria-IGSS-2022-17-590x420.jpg 590w, \/wp-content\/uploads\/sites\/5\/2022\/10\/Seminario-Nacional-de-Medicina-Familiar-y-Comunitaria-IGSS-2022-17-300x214.jpg 300w, \/wp-content\/uploads\/sites\/5\/2022\/10\/Seminario-Nacional-de-Medicina-Familiar-y-Comunitaria-IGSS-2022-17-768x547.jpg 768w, \/wp-content\/uploads\/sites\/5\/2022\/10\/Seminario-Nacional-de-Medicina-Familiar-y-Comunitaria-IGSS-2022-17-1024x729.jpg 1024w, \/wp-content\/uploads\/sites\/5\/2022\/10\/Seminario-Nacional-de-Medicina-Familiar-y-Comunitaria-IGSS-2022-17-696x496.jpg 696w, \/wp-content\/uploads\/sites\/5\/2022\/10\/Seminario-Nacional-de-Medicina-Familiar-y-Comunitaria-IGSS-2022-17-1068x761.jpg 1068w, \/wp-content\/uploads\/sites\/5\/2022\/10\/Seminario-Nacional-de-Medicina-Familiar-y-Comunitaria-IGSS-2022-17-100x70.jpg 100w, \/wp-content\/uploads\/sites\/5\/2022\/10\/Seminario-Nacional-de-Medicina-Familiar-y-Comunitaria-IGSS-2022-17-534x380.jpg 534w, \/wp-content\/uploads\/sites\/5\/2022\/10\/Seminario-Nacional-de-Medicina-Familiar-y-Comunitaria-IGSS-2022-17.jpg 1497w\" sizes=\"(max-width: 590px) 100vw, 590px\" alt=\"\">\r\n                            <\/a>\r\n                            \r\n                        <\/figure>\r\n                    <\/div>\r\n                    <div class = \"td-slide-item td-item17\">\r\n                        <figure class=\"td-slide-galery-figure td-slide-popup-gallery\">\r\n                            <a class=\"slide-gallery-image-link\" href=\"\/wp-content\/uploads\/sites\/5\/2022\/10\/Seminario-Nacional-de-Medicina-Familiar-y-Comunitaria-IGSS-2022-13.jpg\" title=\"Seminario Nacional de Medicina Familiar y Comunitaria IGSS 2022-13\"  data-caption=\"\"  data-description=\"\">\r\n                                <img decoding=\"async\" src=\"\/wp-content\/uploads\/sites\/5\/2022\/10\/Seminario-Nacional-de-Medicina-Familiar-y-Comunitaria-IGSS-2022-13-586x420.jpg\" srcset=\"\/wp-content\/uploads\/sites\/5\/2022\/10\/Seminario-Nacional-de-Medicina-Familiar-y-Comunitaria-IGSS-2022-13-586x420.jpg 586w, \/wp-content\/uploads\/sites\/5\/2022\/10\/Seminario-Nacional-de-Medicina-Familiar-y-Comunitaria-IGSS-2022-13-300x215.jpg 300w, \/wp-content\/uploads\/sites\/5\/2022\/10\/Seminario-Nacional-de-Medicina-Familiar-y-Comunitaria-IGSS-2022-13-768x550.jpg 768w, \/wp-content\/uploads\/sites\/5\/2022\/10\/Seminario-Nacional-de-Medicina-Familiar-y-Comunitaria-IGSS-2022-13-1024x734.jpg 1024w, \/wp-content\/uploads\/sites\/5\/2022\/10\/Seminario-Nacional-de-Medicina-Familiar-y-Comunitaria-IGSS-2022-13-696x499.jpg 696w, \/wp-content\/uploads\/sites\/5\/2022\/10\/Seminario-Nacional-de-Medicina-Familiar-y-Comunitaria-IGSS-2022-13-1068x765.jpg 1068w, \/wp-content\/uploads\/sites\/5\/2022\/10\/Seminario-Nacional-de-Medicina-Familiar-y-Comunitaria-IGSS-2022-13-534x383.jpg 534w, \/wp-content\/uploads\/sites\/5\/2022\/10\/Seminario-Nacional-de-Medicina-Familiar-y-Comunitaria-IGSS-2022-13.jpg 1193w\" sizes=\"(max-width: 586px) 100vw, 586px\" alt=\"\">\r\n                            <\/a>\r\n                            \r\n                        <\/figure>\r\n                    <\/div>\r\n                    <div class = \"td-slide-item td-item18\">\r\n                        <figure class=\"td-slide-galery-figure td-slide-popup-gallery\">\r\n                            <a class=\"slide-gallery-image-link\" href=\"\/wp-content\/uploads\/sites\/5\/2022\/10\/Seminario-Nacional-de-Medicina-Familiar-y-Comunitaria-IGSS-2022-19.jpg\" title=\"Seminario Nacional de Medicina Familiar y Comunitaria IGSS 2022-19\"  data-caption=\"\"  data-description=\"\">\r\n                                <img decoding=\"async\" src=\"\/wp-content\/uploads\/sites\/5\/2022\/10\/Seminario-Nacional-de-Medicina-Familiar-y-Comunitaria-IGSS-2022-19-752x420.jpg\" srcset=\"\/wp-content\/uploads\/sites\/5\/2022\/10\/Seminario-Nacional-de-Medicina-Familiar-y-Comunitaria-IGSS-2022-19-752x420.jpg 752w, \/wp-content\/uploads\/sites\/5\/2022\/10\/Seminario-Nacional-de-Medicina-Familiar-y-Comunitaria-IGSS-2022-19-1920x1072.jpg 1920w, \/wp-content\/uploads\/sites\/5\/2022\/10\/Seminario-Nacional-de-Medicina-Familiar-y-Comunitaria-IGSS-2022-19-300x168.jpg 300w, \/wp-content\/uploads\/sites\/5\/2022\/10\/Seminario-Nacional-de-Medicina-Familiar-y-Comunitaria-IGSS-2022-19-768x429.jpg 768w, \/wp-content\/uploads\/sites\/5\/2022\/10\/Seminario-Nacional-de-Medicina-Familiar-y-Comunitaria-IGSS-2022-19-1024x572.jpg 1024w, \/wp-content\/uploads\/sites\/5\/2022\/10\/Seminario-Nacional-de-Medicina-Familiar-y-Comunitaria-IGSS-2022-19-1536x858.jpg 1536w, \/wp-content\/uploads\/sites\/5\/2022\/10\/Seminario-Nacional-de-Medicina-Familiar-y-Comunitaria-IGSS-2022-19-2048x1144.jpg 2048w, \/wp-content\/uploads\/sites\/5\/2022\/10\/Seminario-Nacional-de-Medicina-Familiar-y-Comunitaria-IGSS-2022-19-696x389.jpg 696w, \/wp-content\/uploads\/sites\/5\/2022\/10\/Seminario-Nacional-de-Medicina-Familiar-y-Comunitaria-IGSS-2022-19-1068x596.jpg 1068w, \/wp-content\/uploads\/sites\/5\/2022\/10\/Seminario-Nacional-de-Medicina-Familiar-y-Comunitaria-IGSS-2022-19-534x298.jpg 534w\" sizes=\"(max-width: 752px) 100vw, 752px\" alt=\"\">\r\n                            <\/a>\r\n                            \r\n                        <\/figure>\r\n                    <\/div>\r\n                    <div class = \"td-slide-item td-item19\">\r\n                        <figure class=\"td-slide-galery-figure td-slide-popup-gallery\">\r\n                            <a class=\"slide-gallery-image-link\" href=\"\/wp-content\/uploads\/sites\/5\/2022\/10\/Seminario-Nacional-de-Medicina-Familiar-y-Comunitaria-IGSS-2022-20.jpg\" title=\"Seminario Nacional de Medicina Familiar y Comunitaria IGSS 2022-20\"  data-caption=\"\"  data-description=\"\">\r\n                                <img decoding=\"async\" src=\"\/wp-content\/uploads\/sites\/5\/2022\/10\/Seminario-Nacional-de-Medicina-Familiar-y-Comunitaria-IGSS-2022-20-566x420.jpg\" srcset=\"\/wp-content\/uploads\/sites\/5\/2022\/10\/Seminario-Nacional-de-Medicina-Familiar-y-Comunitaria-IGSS-2022-20-566x420.jpg 566w, \/wp-content\/uploads\/sites\/5\/2022\/10\/Seminario-Nacional-de-Medicina-Familiar-y-Comunitaria-IGSS-2022-20-485x360.jpg 485w, \/wp-content\/uploads\/sites\/5\/2022\/10\/Seminario-Nacional-de-Medicina-Familiar-y-Comunitaria-IGSS-2022-20-300x222.jpg 300w, \/wp-content\/uploads\/sites\/5\/2022\/10\/Seminario-Nacional-de-Medicina-Familiar-y-Comunitaria-IGSS-2022-20-768x570.jpg 768w, \/wp-content\/uploads\/sites\/5\/2022\/10\/Seminario-Nacional-de-Medicina-Familiar-y-Comunitaria-IGSS-2022-20-1024x759.jpg 1024w, \/wp-content\/uploads\/sites\/5\/2022\/10\/Seminario-Nacional-de-Medicina-Familiar-y-Comunitaria-IGSS-2022-20-80x60.jpg 80w, \/wp-content\/uploads\/sites\/5\/2022\/10\/Seminario-Nacional-de-Medicina-Familiar-y-Comunitaria-IGSS-2022-20-696x516.jpg 696w, \/wp-content\/uploads\/sites\/5\/2022\/10\/Seminario-Nacional-de-Medicina-Familiar-y-Comunitaria-IGSS-2022-20-1068x792.jpg 1068w, \/wp-content\/uploads\/sites\/5\/2022\/10\/Seminario-Nacional-de-Medicina-Familiar-y-Comunitaria-IGSS-2022-20-265x198.jpg 265w, \/wp-content\/uploads\/sites\/5\/2022\/10\/Seminario-Nacional-de-Medicina-Familiar-y-Comunitaria-IGSS-2022-20-534x396.jpg 534w, \/wp-content\/uploads\/sites\/5\/2022\/10\/Seminario-Nacional-de-Medicina-Familiar-y-Comunitaria-IGSS-2022-20.jpg 1397w\" sizes=\"(max-width: 566px) 100vw, 566px\" alt=\"\">\r\n                            <\/a>\r\n                            \r\n                        <\/figure>\r\n                    <\/div>\r\n                    <div class = \"td-slide-item td-item20\">\r\n                        <figure class=\"td-slide-galery-figure td-slide-popup-gallery\">\r\n                            <a class=\"slide-gallery-image-link\" href=\"\/wp-content\/uploads\/sites\/5\/2022\/10\/Seminario-Nacional-de-Medicina-Familiar-y-Comunitaria-IGSS-2022-21.jpg\" title=\"Seminario Nacional de Medicina Familiar y Comunitaria IGSS 2022-21\"  data-caption=\"\"  data-description=\"\">\r\n                                <img decoding=\"async\" src=\"\/wp-content\/uploads\/sites\/5\/2022\/10\/Seminario-Nacional-de-Medicina-Familiar-y-Comunitaria-IGSS-2022-21-798x420.jpg\" srcset=\"\/wp-content\/uploads\/sites\/5\/2022\/10\/Seminario-Nacional-de-Medicina-Familiar-y-Comunitaria-IGSS-2022-21-798x420.jpg 798w, \/wp-content\/uploads\/sites\/5\/2022\/10\/Seminario-Nacional-de-Medicina-Familiar-y-Comunitaria-IGSS-2022-21-300x158.jpg 300w, \/wp-content\/uploads\/sites\/5\/2022\/10\/Seminario-Nacional-de-Medicina-Familiar-y-Comunitaria-IGSS-2022-21-768x404.jpg 768w, \/wp-content\/uploads\/sites\/5\/2022\/10\/Seminario-Nacional-de-Medicina-Familiar-y-Comunitaria-IGSS-2022-21-1024x539.jpg 1024w, \/wp-content\/uploads\/sites\/5\/2022\/10\/Seminario-Nacional-de-Medicina-Familiar-y-Comunitaria-IGSS-2022-21-696x366.jpg 696w, \/wp-content\/uploads\/sites\/5\/2022\/10\/Seminario-Nacional-de-Medicina-Familiar-y-Comunitaria-IGSS-2022-21-1068x562.jpg 1068w, \/wp-content\/uploads\/sites\/5\/2022\/10\/Seminario-Nacional-de-Medicina-Familiar-y-Comunitaria-IGSS-2022-21-534x281.jpg 534w, \/wp-content\/uploads\/sites\/5\/2022\/10\/Seminario-Nacional-de-Medicina-Familiar-y-Comunitaria-IGSS-2022-21.jpg 1418w\" sizes=\"(max-width: 798px) 100vw, 798px\" alt=\"\">\r\n                            <\/a>\r\n                            \r\n                        <\/figure>\r\n                    <\/div>\r\n                            <\/div>\r\n                        <\/div>\r\n\r\n                        <div class = \"td-doubleSlider-2\">\r\n                            <div class = \"td-slider\">\r\n                                \r\n                    <div class = \"td-button td-item1\">\r\n                        <div class = \"td-border\"><\/div>\r\n                    <\/div>\r\n                    <div class = \"td-button td-item2\">\r\n                        <div class = \"td-border\"><\/div>\r\n                    <\/div>\r\n                    <div class = \"td-button td-item3\">\r\n                        <div class = \"td-border\"><\/div>\r\n                    <\/div>\r\n                    <div class = \"td-button td-item4\">\r\n                        <div class = \"td-border\"><\/div>\r\n                    <\/div>\r\n                    <div class = \"td-button td-item5\">\r\n                        <div class = \"td-border\"><\/div>\r\n                    <\/div>\r\n                    <div class = \"td-button td-item6\">\r\n                        <div class = \"td-border\"><\/div>\r\n                    <\/div>\r\n                    <div class = \"td-button td-item7\">\r\n                        <div class = \"td-border\"><\/div>\r\n                    <\/div>\r\n                    <div class = \"td-button td-item8\">\r\n                        <div class = \"td-border\"><\/div>\r\n                    <\/div>\r\n                    <div class = \"td-button td-item9\">\r\n                        <div class = \"td-border\"><\/div>\r\n                    <\/div>\r\n                    <div class = \"td-button td-item10\">\r\n                        <div class = \"td-border\"><\/div>\r\n                    <\/div>\r\n                    <div class = \"td-button td-item11\">\r\n                        <div class = \"td-border\"><\/div>\r\n                    <\/div>\r\n                    <div class = \"td-button td-item12\">\r\n                        <div class = \"td-border\"><\/div>\r\n                    <\/div>\r\n                    <div class = \"td-button td-item13\">\r\n                        <div class = \"td-border\"><\/div>\r\n                    <\/div>\r\n                    <div class = \"td-button td-item14\">\r\n                        <div class = \"td-border\"><\/div>\r\n                    <\/div>\r\n                    <div class = \"td-button td-item15\">\r\n                        <div class = \"td-border\"><\/div>\r\n                    <\/div>\r\n                    <div class = \"td-button td-item16\">\r\n                        <div class = \"td-border\"><\/div>\r\n                    <\/div>\r\n                    <div class = \"td-button td-item17\">\r\n                        <div class = \"td-border\"><\/div>\r\n                    <\/div>\r\n                    <div class = \"td-button td-item18\">\r\n                        <div class = \"td-border\"><\/div>\r\n                    <\/div>\r\n                    <div class = \"td-button td-item19\">\r\n                        <div class = \"td-border\"><\/div>\r\n                    <\/div>\r\n                    <div class = \"td-button td-item20\">\r\n                        <div class = \"td-border\"><\/div>\r\n                    <\/div>\r\n                            <\/div>\r\n                        <\/div>\r\n\r\n                    <\/div>\r\n\r\n                <\/div>\r\n                \n","protected":false},"excerpt":{"rendered":"<p>Entre los objetivos de este foro que dur\u00f3 dos d\u00edas est\u00e1n reforzar los principios te\u00f3ricos- metodol\u00f3gicos de la medicina familiar y comunitaria, la articulaci\u00f3n con la estrategia de atenci\u00f3n primaria de Salud y los avances en el \u00e1mbito regional, para implementar estrategias que orienten y fortalezcan el tema en Guatemala.<\/p>\n","protected":false},"author":4,"featured_media":30662,"comment_status":"closed","ping_status":"closed","sticky":false,"template":"","format":"standard","meta":{"footnotes":""},"categories":[3,17,2427],"tags":[964,1533],"coauthors":[],"class_list":{"0":"post-30661","1":"post","2":"type-post","3":"status-publish","4":"format-standard","5":"has-post-thumbnail","7":"category-actualidad","8":"category-formacion-y-desarrollo","9":"category-medicina-familiar-y-comunitaria","10":"tag-formacion-y-desarrollo","11":"tag-medicina-familiar-y-comunitaria"},"_links":{"self":[{"href":"https:\/\/www.igssgt.org\/noticias\/wp-json\/wp\/v2\/posts\/30661","targetHints":{"allow":["GET"]}}],"collection":[{"href":"https:\/\/www.igssgt.org\/noticias\/wp-json\/wp\/v2\/posts"}],"about":[{"href":"https:\/\/www.igssgt.org\/noticias\/wp-json\/wp\/v2\/types\/post"}],"author":[{"embeddable":true,"href":"https:\/\/www.igssgt.org\/noticias\/wp-json\/wp\/v2\/users\/4"}],"replies":[{"embeddable":true,"href":"https:\/\/www.igssgt.org\/noticias\/wp-json\/wp\/v2\/comments?post=30661"}],"version-history":[{"count":5,"href":"https:\/\/www.igssgt.org\/noticias\/wp-json\/wp\/v2\/posts\/30661\/revisions"}],"predecessor-version":[{"id":30693,"href":"https:\/\/www.igssgt.org\/noticias\/wp-json\/wp\/v2\/posts\/30661\/revisions\/30693"}],"wp:featuredmedia":[{"embeddable":true,"href":"https:\/\/www.igssgt.org\/noticias\/wp-json\/wp\/v2\/media\/30662"}],"wp:attachment":[{"href":"https:\/\/www.igssgt.org\/noticias\/wp-json\/wp\/v2\/media?parent=30661"}],"wp:term":[{"taxonomy":"category","embeddable":true,"href":"https:\/\/www.igssgt.org\/noticias\/wp-json\/wp\/v2\/categories?post=30661"},{"taxonomy":"post_tag","embeddable":true,"href":"https:\/\/www.igssgt.org\/noticias\/wp-json\/wp\/v2\/tags?post=30661"},{"taxonomy":"author","embeddable":true,"href":"https:\/\/www.igssgt.org\/noticias\/wp-json\/wp\/v2\/coauthors?post=30661"}],"curies":[{"name":"wp","href":"https:\/\/api.w.org\/{rel}","templated":true}]}}