{"id":30727,"date":"2022-10-14T15:52:24","date_gmt":"2022-10-14T21:52:24","guid":{"rendered":"https:\/\/www.igssgt.org\/noticias\/?p=30727"},"modified":"2022-10-17T15:11:33","modified_gmt":"2022-10-17T21:11:33","slug":"mas-de-mil-trabajadores-del-sector-industrial-reciben-atencion-medica","status":"publish","type":"post","link":"https:\/\/www.igssgt.org\/noticias\/2022\/10\/14\/mas-de-mil-trabajadores-del-sector-industrial-reciben-atencion-medica\/","title":{"rendered":"M\u00e1s de mil trabajadores del sector industrial reciben atenci\u00f3n m\u00e9dica"},"content":{"rendered":"\n<p class=\"has-drop-cap\">El Instituto Guatemalteco de Seguridad Social (IGSS) realiza una jornada de la Seguridad Social en la empresa Accesorios Globales, ubicada en San Miguel Petapa, zona 8, con el fin de obtener un diagn\u00f3stico temprano de las enfermedades que pudieran estar afectando a los asegurados.<\/p>\n\n\n\n<p><a href=\"\/wp-content\/uploads\/sites\/5\/2022\/10\/mil-trabajadores-del-sector-industrial-9.jpg\" target=\"_blank\" rel=\"noopener\"><img loading=\"lazy\" decoding=\"async\" class=\"alignnone wp-image-30737 size-full\" src=\"\/wp-content\/uploads\/sites\/5\/2022\/10\/mil-trabajadores-del-sector-industrial-9.jpg\" alt=\"\" width=\"1600\" height=\"900\" srcset=\"\/wp-content\/uploads\/sites\/5\/2022\/10\/mil-trabajadores-del-sector-industrial-9.jpg 1600w, \/wp-content\/uploads\/sites\/5\/2022\/10\/mil-trabajadores-del-sector-industrial-9-300x169.jpg 300w, \/wp-content\/uploads\/sites\/5\/2022\/10\/mil-trabajadores-del-sector-industrial-9-768x432.jpg 768w, \/wp-content\/uploads\/sites\/5\/2022\/10\/mil-trabajadores-del-sector-industrial-9-1024x576.jpg 1024w, \/wp-content\/uploads\/sites\/5\/2022\/10\/mil-trabajadores-del-sector-industrial-9-1536x864.jpg 1536w, \/wp-content\/uploads\/sites\/5\/2022\/10\/mil-trabajadores-del-sector-industrial-9-747x420.jpg 747w, \/wp-content\/uploads\/sites\/5\/2022\/10\/mil-trabajadores-del-sector-industrial-9-696x392.jpg 696w, \/wp-content\/uploads\/sites\/5\/2022\/10\/mil-trabajadores-del-sector-industrial-9-1068x601.jpg 1068w, \/wp-content\/uploads\/sites\/5\/2022\/10\/mil-trabajadores-del-sector-industrial-9-534x300.jpg 534w\" sizes=\"auto, (max-width: 1600px) 100vw, 1600px\" \/><\/a><\/p>\n<p>La doctora Ada Vargas, encargada del Departamento de Medicina Preventiva del Instituto, destac\u00f3 que en esta jornada m\u00e9dica fueron beneficiados m\u00e1s de mil trabajadores del sector industrial y sus familias, todos pueden recibir atenci\u00f3n en los servicios m\u00e9dicos generales, &nbsp;ginecolog\u00eda, pediatr\u00eda, odontolog\u00eda y nutrici\u00f3n. \u201cHoy acercamos una vez m\u00e1s los servicios del Instituto por medio de estas acciones preventivas con un IGSS m\u00e1s cerca de ti\u201d, resalt\u00f3.<\/p>\n<p>La jornada se inici\u00f3 a las ocho de la ma\u00f1ana y finaliz\u00f3 las dos de la tarde,&nbsp; posteriormente los trabajadores de la citada empresa y sus familias recibieron una clase de zumba dirigida por Samuel Medrano, instructor del Seguro Social.<\/p>\n<p><iframe loading=\"lazy\" title=\"M\u00e1s de mil trabajadores del sector industrial reciben atenci\u00f3n m\u00e9dica\" width=\"696\" height=\"392\" src=\"https:\/\/www.youtube.com\/embed\/NgCxYiAsTNA?feature=oembed\" frameborder=\"0\" allow=\"accelerometer; autoplay; clipboard-write; encrypted-media; gyroscope; picture-in-picture\" allowfullscreen><\/iframe><\/p>\n<p>El gerente financiero de Accesorios Globales, Julio Arce, agradeci\u00f3 al Instituto por esta labor humanitaria y social con la cual el IGSS atiende a los colaboradores de una manera pronta.<\/p>\n<p>La doctora Jennifer Sumal\u00e9, de Cl\u00ednica de Empresa de dicha compa\u00f1\u00eda, resalt\u00f3 que se sienten honrados y atendidos por el Seguro Social. \u201cConsideramos que la medicina preventiva es importante para detectar &nbsp;las enfermedades y que los trabajadores puedan ser tratados a tiempo\u201d, coment\u00f3.<\/p>\n\n\n\n\r\n                <style type=\"text\/css\">\r\n                    \r\n                    #tdi_1  .td-doubleSlider-2 .td-item1 {\r\n                        background: url(\/wp-content\/uploads\/sites\/5\/2022\/10\/mil-trabajadores-del-sector-industrial-1-80x60.jpg) 0 0 no-repeat;\r\n                    }\r\n                    #tdi_1  .td-doubleSlider-2 .td-item2 {\r\n                        background: url(\/wp-content\/uploads\/sites\/5\/2022\/10\/mil-trabajadores-del-sector-industrial-10-80x60.jpg) 0 0 no-repeat;\r\n                    }\r\n                    #tdi_1  .td-doubleSlider-2 .td-item3 {\r\n                        background: url(\/wp-content\/uploads\/sites\/5\/2022\/10\/mil-trabajadores-del-sector-industrial-5-80x60.jpg) 0 0 no-repeat;\r\n                    }\r\n                    #tdi_1  .td-doubleSlider-2 .td-item4 {\r\n                        background: url(\/wp-content\/uploads\/sites\/5\/2022\/10\/mil-trabajadores-del-sector-industrial-8-80x60.jpg) 0 0 no-repeat;\r\n                    }\r\n                    #tdi_1  .td-doubleSlider-2 .td-item5 {\r\n                        background: url(\/wp-content\/uploads\/sites\/5\/2022\/10\/mil-trabajadores-del-sector-industrial-7-80x60.jpg) 0 0 no-repeat;\r\n                    }\r\n                    #tdi_1  .td-doubleSlider-2 .td-item6 {\r\n                        background: url(\/wp-content\/uploads\/sites\/5\/2022\/10\/mil-trabajadores-del-sector-industrial-2-80x60.jpg) 0 0 no-repeat;\r\n                    }\r\n                    #tdi_1  .td-doubleSlider-2 .td-item7 {\r\n                        background: url(\/wp-content\/uploads\/sites\/5\/2022\/10\/mil-trabajadores-del-sector-industrial-6-80x60.jpg) 0 0 no-repeat;\r\n                    }\r\n                    #tdi_1  .td-doubleSlider-2 .td-item8 {\r\n                        background: url(\/wp-content\/uploads\/sites\/5\/2022\/10\/mil-trabajadores-del-sector-industrial-4-80x60.jpg) 0 0 no-repeat;\r\n                    }\r\n                <\/style>\r\n\r\n                <div id=\"tdi_1\" class=\"td-gallery td-slide-on-2-columns\">\r\n                    <div class=\"post_td_gallery\">\r\n                        <div class=\"td-gallery-slide-top\">\r\n                           <div class=\"td-gallery-title\"><\/div>\r\n\r\n                            <div class=\"td-gallery-controls-wrapper\">\r\n                                <div class=\"td-gallery-slide-count\"><span class=\"td-gallery-slide-item-focus\">1<\/span> de 8<\/div>\r\n                                <div class=\"td-gallery-slide-prev-next-but\">\r\n                                    <i class = \"td-icon-left doubleSliderPrevButton\"><\/i>\r\n                                    <i class = \"td-icon-right doubleSliderNextButton\"><\/i>\r\n                                <\/div>\r\n                            <\/div>\r\n                        <\/div>\r\n\r\n                        <div class = \"td-doubleSlider-1 \">\r\n                            <div class = \"td-slider\">\r\n                                \r\n                    <div class = \"td-slide-item td-item1\">\r\n                        <figure class=\"td-slide-galery-figure td-slide-popup-gallery\">\r\n                            <a class=\"slide-gallery-image-link\" href=\"\/wp-content\/uploads\/sites\/5\/2022\/10\/mil-trabajadores-del-sector-industrial-1.jpg\" title=\"mil trabajadores del sector industrial-1\"  data-caption=\"\"  data-description=\"\">\r\n                                <img decoding=\"async\" src=\"\/wp-content\/uploads\/sites\/5\/2022\/10\/mil-trabajadores-del-sector-industrial-1-747x420.jpg\" srcset=\"\/wp-content\/uploads\/sites\/5\/2022\/10\/mil-trabajadores-del-sector-industrial-1-747x420.jpg 747w, \/wp-content\/uploads\/sites\/5\/2022\/10\/mil-trabajadores-del-sector-industrial-1-300x169.jpg 300w, \/wp-content\/uploads\/sites\/5\/2022\/10\/mil-trabajadores-del-sector-industrial-1-768x432.jpg 768w, \/wp-content\/uploads\/sites\/5\/2022\/10\/mil-trabajadores-del-sector-industrial-1-1024x576.jpg 1024w, \/wp-content\/uploads\/sites\/5\/2022\/10\/mil-trabajadores-del-sector-industrial-1-1536x864.jpg 1536w, \/wp-content\/uploads\/sites\/5\/2022\/10\/mil-trabajadores-del-sector-industrial-1-696x392.jpg 696w, \/wp-content\/uploads\/sites\/5\/2022\/10\/mil-trabajadores-del-sector-industrial-1-1068x601.jpg 1068w, \/wp-content\/uploads\/sites\/5\/2022\/10\/mil-trabajadores-del-sector-industrial-1-534x300.jpg 534w, \/wp-content\/uploads\/sites\/5\/2022\/10\/mil-trabajadores-del-sector-industrial-1.jpg 1600w\" sizes=\"(max-width: 747px) 100vw, 747px\" alt=\"\">\r\n                            <\/a>\r\n                            \r\n                        <\/figure>\r\n                    <\/div>\r\n                    <div class = \"td-slide-item td-item2\">\r\n                        <figure class=\"td-slide-galery-figure td-slide-popup-gallery\">\r\n                            <a class=\"slide-gallery-image-link\" href=\"\/wp-content\/uploads\/sites\/5\/2022\/10\/mil-trabajadores-del-sector-industrial-10.jpg\" title=\"mil trabajadores del sector industrial-10\"  data-caption=\"\"  data-description=\"\">\r\n                                <img decoding=\"async\" src=\"\/wp-content\/uploads\/sites\/5\/2022\/10\/mil-trabajadores-del-sector-industrial-10-747x420.jpg\" srcset=\"\/wp-content\/uploads\/sites\/5\/2022\/10\/mil-trabajadores-del-sector-industrial-10-747x420.jpg 747w, \/wp-content\/uploads\/sites\/5\/2022\/10\/mil-trabajadores-del-sector-industrial-10-300x169.jpg 300w, \/wp-content\/uploads\/sites\/5\/2022\/10\/mil-trabajadores-del-sector-industrial-10-768x432.jpg 768w, \/wp-content\/uploads\/sites\/5\/2022\/10\/mil-trabajadores-del-sector-industrial-10-1024x576.jpg 1024w, \/wp-content\/uploads\/sites\/5\/2022\/10\/mil-trabajadores-del-sector-industrial-10-1536x864.jpg 1536w, \/wp-content\/uploads\/sites\/5\/2022\/10\/mil-trabajadores-del-sector-industrial-10-696x392.jpg 696w, \/wp-content\/uploads\/sites\/5\/2022\/10\/mil-trabajadores-del-sector-industrial-10-1068x601.jpg 1068w, \/wp-content\/uploads\/sites\/5\/2022\/10\/mil-trabajadores-del-sector-industrial-10-534x300.jpg 534w, \/wp-content\/uploads\/sites\/5\/2022\/10\/mil-trabajadores-del-sector-industrial-10.jpg 1600w\" sizes=\"(max-width: 747px) 100vw, 747px\" alt=\"\">\r\n                            <\/a>\r\n                            \r\n                        <\/figure>\r\n                    <\/div>\r\n                    <div class = \"td-slide-item td-item3\">\r\n                        <figure class=\"td-slide-galery-figure td-slide-popup-gallery\">\r\n                            <a class=\"slide-gallery-image-link\" href=\"\/wp-content\/uploads\/sites\/5\/2022\/10\/mil-trabajadores-del-sector-industrial-5.jpg\" title=\"mil trabajadores del sector industrial-5\"  data-caption=\"\"  data-description=\"\">\r\n                                <img decoding=\"async\" src=\"\/wp-content\/uploads\/sites\/5\/2022\/10\/mil-trabajadores-del-sector-industrial-5-747x420.jpg\" srcset=\"\/wp-content\/uploads\/sites\/5\/2022\/10\/mil-trabajadores-del-sector-industrial-5-747x420.jpg 747w, \/wp-content\/uploads\/sites\/5\/2022\/10\/mil-trabajadores-del-sector-industrial-5-300x169.jpg 300w, \/wp-content\/uploads\/sites\/5\/2022\/10\/mil-trabajadores-del-sector-industrial-5-768x432.jpg 768w, \/wp-content\/uploads\/sites\/5\/2022\/10\/mil-trabajadores-del-sector-industrial-5-1024x576.jpg 1024w, \/wp-content\/uploads\/sites\/5\/2022\/10\/mil-trabajadores-del-sector-industrial-5-1536x864.jpg 1536w, \/wp-content\/uploads\/sites\/5\/2022\/10\/mil-trabajadores-del-sector-industrial-5-696x392.jpg 696w, \/wp-content\/uploads\/sites\/5\/2022\/10\/mil-trabajadores-del-sector-industrial-5-1068x601.jpg 1068w, \/wp-content\/uploads\/sites\/5\/2022\/10\/mil-trabajadores-del-sector-industrial-5-534x300.jpg 534w, \/wp-content\/uploads\/sites\/5\/2022\/10\/mil-trabajadores-del-sector-industrial-5.jpg 1600w\" sizes=\"(max-width: 747px) 100vw, 747px\" alt=\"\">\r\n                            <\/a>\r\n                            \r\n                        <\/figure>\r\n                    <\/div>\r\n                    <div class = \"td-slide-item td-item4\">\r\n                        <figure class=\"td-slide-galery-figure td-slide-popup-gallery\">\r\n                            <a class=\"slide-gallery-image-link\" href=\"\/wp-content\/uploads\/sites\/5\/2022\/10\/mil-trabajadores-del-sector-industrial-8.jpg\" title=\"mil trabajadores del sector industrial-8\"  data-caption=\"\"  data-description=\"\">\r\n                                <img decoding=\"async\" src=\"\/wp-content\/uploads\/sites\/5\/2022\/10\/mil-trabajadores-del-sector-industrial-8-747x420.jpg\" srcset=\"\/wp-content\/uploads\/sites\/5\/2022\/10\/mil-trabajadores-del-sector-industrial-8-747x420.jpg 747w, \/wp-content\/uploads\/sites\/5\/2022\/10\/mil-trabajadores-del-sector-industrial-8-300x169.jpg 300w, \/wp-content\/uploads\/sites\/5\/2022\/10\/mil-trabajadores-del-sector-industrial-8-768x432.jpg 768w, \/wp-content\/uploads\/sites\/5\/2022\/10\/mil-trabajadores-del-sector-industrial-8-1024x576.jpg 1024w, \/wp-content\/uploads\/sites\/5\/2022\/10\/mil-trabajadores-del-sector-industrial-8-1536x864.jpg 1536w, \/wp-content\/uploads\/sites\/5\/2022\/10\/mil-trabajadores-del-sector-industrial-8-696x392.jpg 696w, \/wp-content\/uploads\/sites\/5\/2022\/10\/mil-trabajadores-del-sector-industrial-8-1068x601.jpg 1068w, \/wp-content\/uploads\/sites\/5\/2022\/10\/mil-trabajadores-del-sector-industrial-8-534x300.jpg 534w, \/wp-content\/uploads\/sites\/5\/2022\/10\/mil-trabajadores-del-sector-industrial-8.jpg 1600w\" sizes=\"(max-width: 747px) 100vw, 747px\" alt=\"\">\r\n                            <\/a>\r\n                            \r\n                        <\/figure>\r\n                    <\/div>\r\n                    <div class = \"td-slide-item td-item5\">\r\n                        <figure class=\"td-slide-galery-figure td-slide-popup-gallery\">\r\n                            <a class=\"slide-gallery-image-link\" href=\"\/wp-content\/uploads\/sites\/5\/2022\/10\/mil-trabajadores-del-sector-industrial-7.jpg\" title=\"mil trabajadores del sector industrial-7\"  data-caption=\"\"  data-description=\"\">\r\n                                <img decoding=\"async\" src=\"\/wp-content\/uploads\/sites\/5\/2022\/10\/mil-trabajadores-del-sector-industrial-7-747x420.jpg\" srcset=\"\/wp-content\/uploads\/sites\/5\/2022\/10\/mil-trabajadores-del-sector-industrial-7-747x420.jpg 747w, \/wp-content\/uploads\/sites\/5\/2022\/10\/mil-trabajadores-del-sector-industrial-7-300x169.jpg 300w, \/wp-content\/uploads\/sites\/5\/2022\/10\/mil-trabajadores-del-sector-industrial-7-768x432.jpg 768w, \/wp-content\/uploads\/sites\/5\/2022\/10\/mil-trabajadores-del-sector-industrial-7-1024x576.jpg 1024w, \/wp-content\/uploads\/sites\/5\/2022\/10\/mil-trabajadores-del-sector-industrial-7-1536x864.jpg 1536w, \/wp-content\/uploads\/sites\/5\/2022\/10\/mil-trabajadores-del-sector-industrial-7-696x392.jpg 696w, \/wp-content\/uploads\/sites\/5\/2022\/10\/mil-trabajadores-del-sector-industrial-7-1068x601.jpg 1068w, \/wp-content\/uploads\/sites\/5\/2022\/10\/mil-trabajadores-del-sector-industrial-7-534x300.jpg 534w, \/wp-content\/uploads\/sites\/5\/2022\/10\/mil-trabajadores-del-sector-industrial-7.jpg 1600w\" sizes=\"(max-width: 747px) 100vw, 747px\" alt=\"\">\r\n                            <\/a>\r\n                            \r\n                        <\/figure>\r\n                    <\/div>\r\n                    <div class = \"td-slide-item td-item6\">\r\n                        <figure class=\"td-slide-galery-figure td-slide-popup-gallery\">\r\n                            <a class=\"slide-gallery-image-link\" href=\"\/wp-content\/uploads\/sites\/5\/2022\/10\/mil-trabajadores-del-sector-industrial-2.jpg\" title=\"mil trabajadores del sector industrial-2\"  data-caption=\"\"  data-description=\"\">\r\n                                <img decoding=\"async\" src=\"\/wp-content\/uploads\/sites\/5\/2022\/10\/mil-trabajadores-del-sector-industrial-2-747x420.jpg\" srcset=\"\/wp-content\/uploads\/sites\/5\/2022\/10\/mil-trabajadores-del-sector-industrial-2-747x420.jpg 747w, \/wp-content\/uploads\/sites\/5\/2022\/10\/mil-trabajadores-del-sector-industrial-2-300x169.jpg 300w, \/wp-content\/uploads\/sites\/5\/2022\/10\/mil-trabajadores-del-sector-industrial-2-768x432.jpg 768w, \/wp-content\/uploads\/sites\/5\/2022\/10\/mil-trabajadores-del-sector-industrial-2-1024x576.jpg 1024w, \/wp-content\/uploads\/sites\/5\/2022\/10\/mil-trabajadores-del-sector-industrial-2-1536x864.jpg 1536w, \/wp-content\/uploads\/sites\/5\/2022\/10\/mil-trabajadores-del-sector-industrial-2-696x392.jpg 696w, \/wp-content\/uploads\/sites\/5\/2022\/10\/mil-trabajadores-del-sector-industrial-2-1068x601.jpg 1068w, \/wp-content\/uploads\/sites\/5\/2022\/10\/mil-trabajadores-del-sector-industrial-2-534x300.jpg 534w, \/wp-content\/uploads\/sites\/5\/2022\/10\/mil-trabajadores-del-sector-industrial-2.jpg 1600w\" sizes=\"(max-width: 747px) 100vw, 747px\" alt=\"\">\r\n                            <\/a>\r\n                            \r\n                        <\/figure>\r\n                    <\/div>\r\n                    <div class = \"td-slide-item td-item7\">\r\n                        <figure class=\"td-slide-galery-figure td-slide-popup-gallery\">\r\n                            <a class=\"slide-gallery-image-link\" href=\"\/wp-content\/uploads\/sites\/5\/2022\/10\/mil-trabajadores-del-sector-industrial-6.jpg\" title=\"mil trabajadores del sector industrial-6\"  data-caption=\"\"  data-description=\"\">\r\n                                <img decoding=\"async\" src=\"\/wp-content\/uploads\/sites\/5\/2022\/10\/mil-trabajadores-del-sector-industrial-6-747x420.jpg\" srcset=\"\/wp-content\/uploads\/sites\/5\/2022\/10\/mil-trabajadores-del-sector-industrial-6-747x420.jpg 747w, \/wp-content\/uploads\/sites\/5\/2022\/10\/mil-trabajadores-del-sector-industrial-6-300x169.jpg 300w, \/wp-content\/uploads\/sites\/5\/2022\/10\/mil-trabajadores-del-sector-industrial-6-768x432.jpg 768w, \/wp-content\/uploads\/sites\/5\/2022\/10\/mil-trabajadores-del-sector-industrial-6-1024x576.jpg 1024w, \/wp-content\/uploads\/sites\/5\/2022\/10\/mil-trabajadores-del-sector-industrial-6-1536x864.jpg 1536w, \/wp-content\/uploads\/sites\/5\/2022\/10\/mil-trabajadores-del-sector-industrial-6-696x392.jpg 696w, \/wp-content\/uploads\/sites\/5\/2022\/10\/mil-trabajadores-del-sector-industrial-6-1068x601.jpg 1068w, \/wp-content\/uploads\/sites\/5\/2022\/10\/mil-trabajadores-del-sector-industrial-6-534x300.jpg 534w, \/wp-content\/uploads\/sites\/5\/2022\/10\/mil-trabajadores-del-sector-industrial-6.jpg 1600w\" sizes=\"(max-width: 747px) 100vw, 747px\" alt=\"\">\r\n                            <\/a>\r\n                            \r\n                        <\/figure>\r\n                    <\/div>\r\n                    <div class = \"td-slide-item td-item8\">\r\n                        <figure class=\"td-slide-galery-figure td-slide-popup-gallery\">\r\n                            <a class=\"slide-gallery-image-link\" href=\"\/wp-content\/uploads\/sites\/5\/2022\/10\/mil-trabajadores-del-sector-industrial-4.jpg\" title=\"mil trabajadores del sector industrial-4\"  data-caption=\"\"  data-description=\"\">\r\n                                <img decoding=\"async\" src=\"\/wp-content\/uploads\/sites\/5\/2022\/10\/mil-trabajadores-del-sector-industrial-4-747x420.jpg\" srcset=\"\/wp-content\/uploads\/sites\/5\/2022\/10\/mil-trabajadores-del-sector-industrial-4-747x420.jpg 747w, \/wp-content\/uploads\/sites\/5\/2022\/10\/mil-trabajadores-del-sector-industrial-4-300x169.jpg 300w, \/wp-content\/uploads\/sites\/5\/2022\/10\/mil-trabajadores-del-sector-industrial-4-768x432.jpg 768w, \/wp-content\/uploads\/sites\/5\/2022\/10\/mil-trabajadores-del-sector-industrial-4-1024x576.jpg 1024w, \/wp-content\/uploads\/sites\/5\/2022\/10\/mil-trabajadores-del-sector-industrial-4-1536x864.jpg 1536w, \/wp-content\/uploads\/sites\/5\/2022\/10\/mil-trabajadores-del-sector-industrial-4-696x392.jpg 696w, \/wp-content\/uploads\/sites\/5\/2022\/10\/mil-trabajadores-del-sector-industrial-4-1068x601.jpg 1068w, \/wp-content\/uploads\/sites\/5\/2022\/10\/mil-trabajadores-del-sector-industrial-4-534x300.jpg 534w, \/wp-content\/uploads\/sites\/5\/2022\/10\/mil-trabajadores-del-sector-industrial-4.jpg 1600w\" sizes=\"(max-width: 747px) 100vw, 747px\" alt=\"\">\r\n                            <\/a>\r\n                            \r\n                        <\/figure>\r\n                    <\/div>\r\n                            <\/div>\r\n                        <\/div>\r\n\r\n                        <div class = \"td-doubleSlider-2\">\r\n                            <div class = \"td-slider\">\r\n                                \r\n                    <div class = \"td-button td-item1\">\r\n                        <div class = \"td-border\"><\/div>\r\n                    <\/div>\r\n                    <div class = \"td-button td-item2\">\r\n                        <div class = \"td-border\"><\/div>\r\n                    <\/div>\r\n                    <div class = \"td-button td-item3\">\r\n                        <div class = \"td-border\"><\/div>\r\n                    <\/div>\r\n                    <div class = \"td-button td-item4\">\r\n                        <div class = \"td-border\"><\/div>\r\n                    <\/div>\r\n                    <div class = \"td-button td-item5\">\r\n                        <div class = \"td-border\"><\/div>\r\n                    <\/div>\r\n                    <div class = \"td-button td-item6\">\r\n                        <div class = \"td-border\"><\/div>\r\n                    <\/div>\r\n                    <div class = \"td-button td-item7\">\r\n                        <div class = \"td-border\"><\/div>\r\n                    <\/div>\r\n                    <div class = \"td-button td-item8\">\r\n                        <div class = \"td-border\"><\/div>\r\n                    <\/div>\r\n                            <\/div>\r\n                        <\/div>\r\n\r\n                    <\/div>\r\n\r\n                <\/div>\r\n                \n","protected":false},"excerpt":{"rendered":"<p>El Instituto Guatemalteco de Seguridad Social (IGSS) realiza una jornada de la Seguridad Social en la empresa Accesorios Globales, ubicada en San Miguel Petapa, zona 8, con el fin de obtener un diagn\u00f3stico temprano de las enfermedades que pudieran estar afectando a los asegurados. La doctora Ada Vargas, encargada del Departamento de Medicina Preventiva del [&hellip;]<\/p>\n","protected":false},"author":1961,"featured_media":30731,"comment_status":"closed","ping_status":"closed","sticky":false,"template":"","format":"standard","meta":{"footnotes":""},"categories":[3,15],"tags":[1538,1531],"coauthors":[],"class_list":{"0":"post-30727","1":"post","2":"type-post","3":"status-publish","4":"format-standard","5":"has-post-thumbnail","7":"category-actualidad","8":"category-destacado","9":"tag-departamento-de-medicina-preventiva-del-igss","10":"tag-un-igss-mas-cerca-de-ti"},"_links":{"self":[{"href":"https:\/\/www.igssgt.org\/noticias\/wp-json\/wp\/v2\/posts\/30727","targetHints":{"allow":["GET"]}}],"collection":[{"href":"https:\/\/www.igssgt.org\/noticias\/wp-json\/wp\/v2\/posts"}],"about":[{"href":"https:\/\/www.igssgt.org\/noticias\/wp-json\/wp\/v2\/types\/post"}],"author":[{"embeddable":true,"href":"https:\/\/www.igssgt.org\/noticias\/wp-json\/wp\/v2\/users\/1961"}],"replies":[{"embeddable":true,"href":"https:\/\/www.igssgt.org\/noticias\/wp-json\/wp\/v2\/comments?post=30727"}],"version-history":[{"count":5,"href":"https:\/\/www.igssgt.org\/noticias\/wp-json\/wp\/v2\/posts\/30727\/revisions"}],"predecessor-version":[{"id":30742,"href":"https:\/\/www.igssgt.org\/noticias\/wp-json\/wp\/v2\/posts\/30727\/revisions\/30742"}],"wp:featuredmedia":[{"embeddable":true,"href":"https:\/\/www.igssgt.org\/noticias\/wp-json\/wp\/v2\/media\/30731"}],"wp:attachment":[{"href":"https:\/\/www.igssgt.org\/noticias\/wp-json\/wp\/v2\/media?parent=30727"}],"wp:term":[{"taxonomy":"category","embeddable":true,"href":"https:\/\/www.igssgt.org\/noticias\/wp-json\/wp\/v2\/categories?post=30727"},{"taxonomy":"post_tag","embeddable":true,"href":"https:\/\/www.igssgt.org\/noticias\/wp-json\/wp\/v2\/tags?post=30727"},{"taxonomy":"author","embeddable":true,"href":"https:\/\/www.igssgt.org\/noticias\/wp-json\/wp\/v2\/coauthors?post=30727"}],"curies":[{"name":"wp","href":"https:\/\/api.w.org\/{rel}","templated":true}]}}