{"id":30825,"date":"2022-10-21T15:37:33","date_gmt":"2022-10-21T21:37:33","guid":{"rendered":"https:\/\/www.igssgt.org\/noticias\/?p=30825"},"modified":"2022-10-21T15:37:35","modified_gmt":"2022-10-21T21:37:35","slug":"destacan-por-atencion-integral-en-maternidad","status":"publish","type":"post","link":"https:\/\/www.igssgt.org\/noticias\/2022\/10\/21\/destacan-por-atencion-integral-en-maternidad\/","title":{"rendered":"Destacan por atenci\u00f3n integral en maternidad"},"content":{"rendered":"\n<p class=\"has-drop-cap\">El Hospital de Gineco Obstetricia del Instituto Guatemalteco de Seguridad Social (IGSS) inform\u00f3 que durante agosto del presente a\u00f1o se atendieron 1,014 nacimientos, de los cuales en 707 se efectu\u00f3 el procedimiento quir\u00fargico de ces\u00e1rea. Durante lo que va del a\u00f1o 2022 el total de nacimientos es de 7,700.<\/p>\n\n\n\n<p>El doctor Roberto Camposeco, director m\u00e9dico hospitalario de la unidad, indic\u00f3 que se brinda una atenci\u00f3n integral mediante un equipo multidisciplinario para las afiliadas y beneficiarias. \u201cEsta unidad es de referencia nacional, tiene un promedio de mil nacimientos mensuales\u201d, dijo el doctor Camposeco.<\/p>\n<p><a href=\"\/wp-content\/uploads\/sites\/5\/2022\/10\/atencion-integral-en-maternidad-2.jpg\"><img loading=\"lazy\" decoding=\"async\" class=\"alignnone size-full wp-image-30949\" src=\"\/wp-content\/uploads\/sites\/5\/2022\/10\/atencion-integral-en-maternidad-2.jpg\" alt=\"\" width=\"1065\" height=\"604\" srcset=\"\/wp-content\/uploads\/sites\/5\/2022\/10\/atencion-integral-en-maternidad-2.jpg 1065w, \/wp-content\/uploads\/sites\/5\/2022\/10\/atencion-integral-en-maternidad-2-300x170.jpg 300w, \/wp-content\/uploads\/sites\/5\/2022\/10\/atencion-integral-en-maternidad-2-768x436.jpg 768w, \/wp-content\/uploads\/sites\/5\/2022\/10\/atencion-integral-en-maternidad-2-1024x581.jpg 1024w, \/wp-content\/uploads\/sites\/5\/2022\/10\/atencion-integral-en-maternidad-2-741x420.jpg 741w, \/wp-content\/uploads\/sites\/5\/2022\/10\/atencion-integral-en-maternidad-2-696x395.jpg 696w, \/wp-content\/uploads\/sites\/5\/2022\/10\/atencion-integral-en-maternidad-2-534x303.jpg 534w\" sizes=\"auto, (max-width: 1065px) 100vw, 1065px\" \/><\/a><\/p>\n<p>Entre los expertos que atienden los nacimientos se encuentran gineco obstetras, anestesi\u00f3logos, neonat\u00f3logos, onc\u00f3logos ginec\u00f3logos, qu\u00edmicos bi\u00f3logos, t\u00e9cnicos de laboratorio de banco de sangre y cl\u00ednicos, odont\u00f3logos, psic\u00f3logos, psiquiatras, oftalm\u00f3loga pedi\u00e1trica y personal de enfermer\u00eda.<\/p>\n<blockquote>\n<p>\u201cEsta unidad es de referencia nacional, tiene un promedio de mil nacimientos mensuales\u201d<\/p>\n<\/blockquote>\n<p>Adem\u00e1s, el hospital cuenta con dos m\u00e9dicos materno-fetales, expertos en el acompa\u00f1amiento a la madre y al beb\u00e9, en los casos con complicaciones obst\u00e9tricas o embarazos de alto riesgo desde la gestaci\u00f3n hasta el nacimiento.<\/p>\n<table style=\"width: 100%;border-collapse: collapse;background-color: #faeec5\">\n<tbody>\n<tr>\n<td style=\"width: 25%;text-align: center\" colspan=\"4\"><strong>Atenci\u00f3n de partos y ces\u00e1reas<\/strong><\/td>\n<\/tr>\n<tr>\n<td style=\"width: 25%;text-align: center\"><strong>A\u00f1o<\/strong><\/td>\n<td style=\"width: 25%;text-align: center\"><strong>Partos<\/strong><\/td>\n<td style=\"width: 25%;text-align: center\"><strong>Ces\u00e1reas<\/strong><\/td>\n<td style=\"width: 25%;text-align: center\"><strong>Total<\/strong><\/td>\n<\/tr>\n<tr>\n<td style=\"width: 25%;text-align: center\">2020<\/td>\n<td style=\"width: 25%;text-align: center\">4,537<\/td>\n<td style=\"width: 25%;text-align: center\">6,925<\/td>\n<td style=\"width: 25%;text-align: center\">11,462<\/td>\n<\/tr>\n<tr>\n<td style=\"width: 25%;text-align: center\">2021<\/td>\n<td style=\"width: 25%;text-align: center\">3,632<\/td>\n<td style=\"width: 25%;text-align: center\">7,008<\/td>\n<td style=\"width: 25%;text-align: center\">10,640<\/td>\n<\/tr>\n<\/tbody>\n<\/table>\n<p>El centro asistencial se encuentra en Colinas de Pamplona, zona 12, desde el a\u00f1o 1976, debido a los da\u00f1os producidos por el terremoto en el Hospital General de Enfermedades, donde se daba atenci\u00f3n obst\u00e9trica. En la zona 12 contin\u00faa la atenci\u00f3n a las afiliadas en la especialidades de ginecolog\u00eda y gineco-oncolog\u00eda, y cuenta con una sala bien equipada para beb\u00e9s que nacen antes de las 40 semanas de gestaci\u00f3n.<\/p>\n\n\n\n\r\n                <style type=\"text\/css\">\r\n                    \r\n                    #tdi_1  .td-doubleSlider-2 .td-item1 {\r\n                        background: url(\/wp-content\/uploads\/sites\/5\/2022\/10\/atencion-integral-en-maternidad-1-80x60.jpg) 0 0 no-repeat;\r\n                    }\r\n                    #tdi_1  .td-doubleSlider-2 .td-item2 {\r\n                        background: url(\/wp-content\/uploads\/sites\/5\/2022\/10\/atencion-integral-en-maternidad-4-80x60.jpg) 0 0 no-repeat;\r\n                    }\r\n                    #tdi_1  .td-doubleSlider-2 .td-item3 {\r\n                        background: url(\/wp-content\/uploads\/sites\/5\/2022\/10\/atencion-integral-en-maternidad-5-80x60.jpg) 0 0 no-repeat;\r\n                    }\r\n                <\/style>\r\n\r\n                <div id=\"tdi_1\" class=\"td-gallery td-slide-on-2-columns\">\r\n                    <div class=\"post_td_gallery\">\r\n                        <div class=\"td-gallery-slide-top\">\r\n                           <div class=\"td-gallery-title\"><\/div>\r\n\r\n                            <div class=\"td-gallery-controls-wrapper\">\r\n                                <div class=\"td-gallery-slide-count\"><span class=\"td-gallery-slide-item-focus\">1<\/span> de 3<\/div>\r\n                                <div class=\"td-gallery-slide-prev-next-but\">\r\n                                    <i class = \"td-icon-left doubleSliderPrevButton\"><\/i>\r\n                                    <i class = \"td-icon-right doubleSliderNextButton\"><\/i>\r\n                                <\/div>\r\n                            <\/div>\r\n                        <\/div>\r\n\r\n                        <div class = \"td-doubleSlider-1 \">\r\n                            <div class = \"td-slider\">\r\n                                \r\n                    <div class = \"td-slide-item td-item1\">\r\n                        <figure class=\"td-slide-galery-figure td-slide-popup-gallery\">\r\n                            <a class=\"slide-gallery-image-link\" href=\"\/wp-content\/uploads\/sites\/5\/2022\/10\/atencion-integral-en-maternidad-1.jpg\" title=\"atencion integral en maternidad-1\"  data-caption=\"\"  data-description=\"\">\r\n                                <img decoding=\"async\" src=\"\/wp-content\/uploads\/sites\/5\/2022\/10\/atencion-integral-en-maternidad-1-560x420.jpg\" srcset=\"\/wp-content\/uploads\/sites\/5\/2022\/10\/atencion-integral-en-maternidad-1-560x420.jpg 560w, \/wp-content\/uploads\/sites\/5\/2022\/10\/atencion-integral-en-maternidad-1-300x225.jpg 300w, \/wp-content\/uploads\/sites\/5\/2022\/10\/atencion-integral-en-maternidad-1-768x576.jpg 768w, \/wp-content\/uploads\/sites\/5\/2022\/10\/atencion-integral-en-maternidad-1-1024x768.jpg 1024w, \/wp-content\/uploads\/sites\/5\/2022\/10\/atencion-integral-en-maternidad-1-1536x1152.jpg 1536w, \/wp-content\/uploads\/sites\/5\/2022\/10\/atencion-integral-en-maternidad-1-80x60.jpg 80w, \/wp-content\/uploads\/sites\/5\/2022\/10\/atencion-integral-en-maternidad-1-696x522.jpg 696w, \/wp-content\/uploads\/sites\/5\/2022\/10\/atencion-integral-en-maternidad-1-1068x801.jpg 1068w, \/wp-content\/uploads\/sites\/5\/2022\/10\/atencion-integral-en-maternidad-1-265x198.jpg 265w, \/wp-content\/uploads\/sites\/5\/2022\/10\/atencion-integral-en-maternidad-1-534x401.jpg 534w, \/wp-content\/uploads\/sites\/5\/2022\/10\/atencion-integral-en-maternidad-1.jpg 1600w\" sizes=\"(max-width: 560px) 100vw, 560px\" alt=\"\">\r\n                            <\/a>\r\n                            \r\n                        <\/figure>\r\n                    <\/div>\r\n                    <div class = \"td-slide-item td-item2\">\r\n                        <figure class=\"td-slide-galery-figure td-slide-popup-gallery\">\r\n                            <a class=\"slide-gallery-image-link\" href=\"\/wp-content\/uploads\/sites\/5\/2022\/10\/atencion-integral-en-maternidad-4.jpg\" title=\"atencion integral en maternidad-4\"  data-caption=\"\"  data-description=\"\">\r\n                                <img decoding=\"async\" src=\"\/wp-content\/uploads\/sites\/5\/2022\/10\/atencion-integral-en-maternidad-4-686x420.jpg\" srcset=\"\/wp-content\/uploads\/sites\/5\/2022\/10\/atencion-integral-en-maternidad-4-686x420.jpg 686w, \/wp-content\/uploads\/sites\/5\/2022\/10\/atencion-integral-en-maternidad-4-300x184.jpg 300w, \/wp-content\/uploads\/sites\/5\/2022\/10\/atencion-integral-en-maternidad-4-768x470.jpg 768w, \/wp-content\/uploads\/sites\/5\/2022\/10\/atencion-integral-en-maternidad-4-1024x627.jpg 1024w, \/wp-content\/uploads\/sites\/5\/2022\/10\/atencion-integral-en-maternidad-4-696x426.jpg 696w, \/wp-content\/uploads\/sites\/5\/2022\/10\/atencion-integral-en-maternidad-4-1068x654.jpg 1068w, \/wp-content\/uploads\/sites\/5\/2022\/10\/atencion-integral-en-maternidad-4-534x327.jpg 534w, \/wp-content\/uploads\/sites\/5\/2022\/10\/atencion-integral-en-maternidad-4.jpg 1384w\" sizes=\"(max-width: 686px) 100vw, 686px\" alt=\"\">\r\n                            <\/a>\r\n                            \r\n                        <\/figure>\r\n                    <\/div>\r\n                    <div class = \"td-slide-item td-item3\">\r\n                        <figure class=\"td-slide-galery-figure td-slide-popup-gallery\">\r\n                            <a class=\"slide-gallery-image-link\" href=\"\/wp-content\/uploads\/sites\/5\/2022\/10\/atencion-integral-en-maternidad-5.jpg\" title=\"atencion integral en maternidad-5\"  data-caption=\"\"  data-description=\"\">\r\n                                <img decoding=\"async\" src=\"\/wp-content\/uploads\/sites\/5\/2022\/10\/atencion-integral-en-maternidad-5-315x420.jpg\" srcset=\"\/wp-content\/uploads\/sites\/5\/2022\/10\/atencion-integral-en-maternidad-5-315x420.jpg 315w, \/wp-content\/uploads\/sites\/5\/2022\/10\/atencion-integral-en-maternidad-5-225x300.jpg 225w, \/wp-content\/uploads\/sites\/5\/2022\/10\/atencion-integral-en-maternidad-5-768x1024.jpg 768w, \/wp-content\/uploads\/sites\/5\/2022\/10\/atencion-integral-en-maternidad-5-1152x1536.jpg 1152w, \/wp-content\/uploads\/sites\/5\/2022\/10\/atencion-integral-en-maternidad-5-696x928.jpg 696w, \/wp-content\/uploads\/sites\/5\/2022\/10\/atencion-integral-en-maternidad-5-1068x1424.jpg 1068w, \/wp-content\/uploads\/sites\/5\/2022\/10\/atencion-integral-en-maternidad-5-347x462.jpg 347w, \/wp-content\/uploads\/sites\/5\/2022\/10\/atencion-integral-en-maternidad-5.jpg 1200w\" sizes=\"(max-width: 315px) 100vw, 315px\" alt=\"\">\r\n                            <\/a>\r\n                            \r\n                        <\/figure>\r\n                    <\/div>\r\n                            <\/div>\r\n                        <\/div>\r\n\r\n                        <div class = \"td-doubleSlider-2\">\r\n                            <div class = \"td-slider\">\r\n                                \r\n                    <div class = \"td-button td-item1\">\r\n                        <div class = \"td-border\"><\/div>\r\n                    <\/div>\r\n                    <div class = \"td-button td-item2\">\r\n                        <div class = \"td-border\"><\/div>\r\n                    <\/div>\r\n                    <div class = \"td-button td-item3\">\r\n                        <div class = \"td-border\"><\/div>\r\n                    <\/div>\r\n                            <\/div>\r\n                        <\/div>\r\n\r\n                    <\/div>\r\n\r\n                <\/div>\r\n                \n","protected":false},"excerpt":{"rendered":"<p>El Hospital de Gineco Obstetricia del Instituto Guatemalteco de Seguridad Social (IGSS) inform\u00f3 que durante agosto del presente a\u00f1o se atendieron 1,014 nacimientos, de los cuales en 707 se efectu\u00f3 el procedimiento quir\u00fargico de ces\u00e1rea. Durante lo que va del a\u00f1o 2022 el total de nacimientos es de 7,700. El doctor Roberto Camposeco, director m\u00e9dico [&hellip;]<\/p>\n","protected":false},"author":1961,"featured_media":30948,"comment_status":"closed","ping_status":"closed","sticky":false,"template":"","format":"standard","meta":{"footnotes":""},"categories":[3],"tags":[1072,477,1207,1164],"coauthors":[],"class_list":{"0":"post-30825","1":"post","2":"type-post","3":"status-publish","4":"format-standard","5":"has-post-thumbnail","7":"category-actualidad","8":"tag-embarazo","9":"tag-hospital-de-gineco-obstetricia","10":"tag-nacimientos-igss","11":"tag-partos"},"_links":{"self":[{"href":"https:\/\/www.igssgt.org\/noticias\/wp-json\/wp\/v2\/posts\/30825","targetHints":{"allow":["GET"]}}],"collection":[{"href":"https:\/\/www.igssgt.org\/noticias\/wp-json\/wp\/v2\/posts"}],"about":[{"href":"https:\/\/www.igssgt.org\/noticias\/wp-json\/wp\/v2\/types\/post"}],"author":[{"embeddable":true,"href":"https:\/\/www.igssgt.org\/noticias\/wp-json\/wp\/v2\/users\/1961"}],"replies":[{"embeddable":true,"href":"https:\/\/www.igssgt.org\/noticias\/wp-json\/wp\/v2\/comments?post=30825"}],"version-history":[{"count":7,"href":"https:\/\/www.igssgt.org\/noticias\/wp-json\/wp\/v2\/posts\/30825\/revisions"}],"predecessor-version":[{"id":30954,"href":"https:\/\/www.igssgt.org\/noticias\/wp-json\/wp\/v2\/posts\/30825\/revisions\/30954"}],"wp:featuredmedia":[{"embeddable":true,"href":"https:\/\/www.igssgt.org\/noticias\/wp-json\/wp\/v2\/media\/30948"}],"wp:attachment":[{"href":"https:\/\/www.igssgt.org\/noticias\/wp-json\/wp\/v2\/media?parent=30825"}],"wp:term":[{"taxonomy":"category","embeddable":true,"href":"https:\/\/www.igssgt.org\/noticias\/wp-json\/wp\/v2\/categories?post=30825"},{"taxonomy":"post_tag","embeddable":true,"href":"https:\/\/www.igssgt.org\/noticias\/wp-json\/wp\/v2\/tags?post=30825"},{"taxonomy":"author","embeddable":true,"href":"https:\/\/www.igssgt.org\/noticias\/wp-json\/wp\/v2\/coauthors?post=30825"}],"curies":[{"name":"wp","href":"https:\/\/api.w.org\/{rel}","templated":true}]}}