{"id":30990,"date":"2022-10-25T15:30:19","date_gmt":"2022-10-25T21:30:19","guid":{"rendered":"https:\/\/www.igssgt.org\/noticias\/?p=30990"},"modified":"2022-10-25T15:30:22","modified_gmt":"2022-10-25T21:30:22","slug":"reconocen-la-labor-de-trabajadores-que-han-servido-durante-25-anos-al-igss","status":"publish","type":"post","link":"https:\/\/www.igssgt.org\/noticias\/2022\/10\/25\/reconocen-la-labor-de-trabajadores-que-han-servido-durante-25-anos-al-igss\/","title":{"rendered":"Reconocen la labor de trabajadores que han servido durante 25 a\u00f1os al IGSS"},"content":{"rendered":"\n<p class=\"has-drop-cap\">En el marco de la conmemoraci\u00f3n del 76 aniversario de fundaci\u00f3n del IGSS, las autoridades del Instituto entregaron en las Oficinas Centrales el pin de 25 a\u00f1os de trayectoria a 318 trabajadores de diferentes \u00e1reas.<\/p>\n\n\n\n<p>En este reconocimiento se destac\u00f3 su vocaci\u00f3n y servicio para el bienestar de los asegurados. Adem\u00e1s del pin, se les entreg\u00f3 un diploma que acredita el cumplimiento de los objetivos fijados por el \u00e1rea en la que laboran. El acto \u201cCondecoraci\u00f3n por 25 A\u00f1os de Servicio\u201d fue organizado por la Subgerencia de Recursos Humanos.<\/p>\n<p><a href=\"\/wp-content\/uploads\/sites\/5\/2022\/10\/han-servido-al-IGSS-durante-25-anos-10.jpg\" target=\"_blank\" rel=\"noopener\"><img loading=\"lazy\" decoding=\"async\" class=\"alignnone wp-image-30992 size-full\" src=\"\/wp-content\/uploads\/sites\/5\/2022\/10\/han-servido-al-IGSS-durante-25-anos-10.jpg\" alt=\"\" width=\"1600\" height=\"1066\" srcset=\"\/wp-content\/uploads\/sites\/5\/2022\/10\/han-servido-al-IGSS-durante-25-anos-10.jpg 1600w, \/wp-content\/uploads\/sites\/5\/2022\/10\/han-servido-al-IGSS-durante-25-anos-10-300x200.jpg 300w, \/wp-content\/uploads\/sites\/5\/2022\/10\/han-servido-al-IGSS-durante-25-anos-10-768x512.jpg 768w, \/wp-content\/uploads\/sites\/5\/2022\/10\/han-servido-al-IGSS-durante-25-anos-10-1024x682.jpg 1024w, \/wp-content\/uploads\/sites\/5\/2022\/10\/han-servido-al-IGSS-durante-25-anos-10-1536x1023.jpg 1536w, \/wp-content\/uploads\/sites\/5\/2022\/10\/han-servido-al-IGSS-durante-25-anos-10-630x420.jpg 630w, \/wp-content\/uploads\/sites\/5\/2022\/10\/han-servido-al-IGSS-durante-25-anos-10-696x464.jpg 696w, \/wp-content\/uploads\/sites\/5\/2022\/10\/han-servido-al-IGSS-durante-25-anos-10-1068x712.jpg 1068w, \/wp-content\/uploads\/sites\/5\/2022\/10\/han-servido-al-IGSS-durante-25-anos-10-534x356.jpg 534w\" sizes=\"auto, (max-width: 1600px) 100vw, 1600px\" \/><\/a><\/p>\n<p>La M.Sc. Z\u00e1mara Yohana Vel\u00e1squez, subgerente de Recursos Humanos de la instituci\u00f3n, felicit\u00f3 al grupo de empleados por ese fruto germinado en el transcurso de estos a\u00f1os mediante un servicio de calidad y calidez, pues dejan un legado a sus compa\u00f1eros esas cualidades que se traducen en la transformaci\u00f3n de tener un IGSS m\u00e1s cerca de ti.<\/p>\n<blockquote>\n<p>Agradezco su esfuerzo continuo de parte de ustedes y les exhorto a mantener esa misma dedicaci\u00f3n para el beneficio de los asegurados<\/p>\n<\/blockquote>\n<p>\u201cAgradezco su esfuerzo continuo de parte de ustedes y les exhorto a mantener esa misma dedicaci\u00f3n para el beneficio de los asegurados para que externen ese orgullo de contar con una instituci\u00f3n que potencializa los servicios m\u00e9dicos y administrativos\u201d, expres\u00f3 le funcionaria.<\/p>\n<p><a href=\"\/wp-content\/uploads\/sites\/5\/2022\/10\/han-servido-al-IGSS-durante-25-anos-3.jpg\"><img loading=\"lazy\" decoding=\"async\" class=\"alignnone size-full wp-image-31004\" src=\"\/wp-content\/uploads\/sites\/5\/2022\/10\/han-servido-al-IGSS-durante-25-anos-3.jpg\" alt=\"\" width=\"1600\" height=\"1066\" srcset=\"\/wp-content\/uploads\/sites\/5\/2022\/10\/han-servido-al-IGSS-durante-25-anos-3.jpg 1600w, \/wp-content\/uploads\/sites\/5\/2022\/10\/han-servido-al-IGSS-durante-25-anos-3-300x200.jpg 300w, \/wp-content\/uploads\/sites\/5\/2022\/10\/han-servido-al-IGSS-durante-25-anos-3-768x512.jpg 768w, \/wp-content\/uploads\/sites\/5\/2022\/10\/han-servido-al-IGSS-durante-25-anos-3-1024x682.jpg 1024w, \/wp-content\/uploads\/sites\/5\/2022\/10\/han-servido-al-IGSS-durante-25-anos-3-1536x1023.jpg 1536w, \/wp-content\/uploads\/sites\/5\/2022\/10\/han-servido-al-IGSS-durante-25-anos-3-630x420.jpg 630w, \/wp-content\/uploads\/sites\/5\/2022\/10\/han-servido-al-IGSS-durante-25-anos-3-696x464.jpg 696w, \/wp-content\/uploads\/sites\/5\/2022\/10\/han-servido-al-IGSS-durante-25-anos-3-1068x712.jpg 1068w, \/wp-content\/uploads\/sites\/5\/2022\/10\/han-servido-al-IGSS-durante-25-anos-3-534x356.jpg 534w\" sizes=\"auto, (max-width: 1600px) 100vw, 1600px\" \/><\/a><\/p>\n<p>\u201cEl trabajar 25 a\u00f1os forma parte de una carrera destinada a prestar un servicio especial de manera ordenada en esta instituci\u00f3n dedicada al auxilio de los asegurados, y ustedes marcaron ese cambio que se refleja en la actualidad de un IGSS totalmente nuevo\u201d, dijo el licenciado Edson Javier Rivera M\u00e9ndez, gerente del Instituto.<\/p>\n<p>El licenciado Jos\u00e9 Adolfo Flamenco Jau, presidente de la Junta Directiva, por medio de un mensaje grabado en video, felicit\u00f3 a los trabajadores que fueron reconocidos por su trayectoria y los motiv\u00f3 a seguir laborando con la misma entrega. \u201cUstedes siempre van un paso adelante para el bienestar del recurso humano que integra el sector productivo, cumpliendo con los objetivos institucionales y logrando que seamos el mejor seguro del pa\u00eds\u201d, resalt\u00f3.<\/p>\n<p><a href=\"\/wp-content\/uploads\/sites\/5\/2022\/10\/han-servido-al-IGSS-durante-25-anos-15.jpg\"><img loading=\"lazy\" decoding=\"async\" class=\"alignnone size-full wp-image-30999\" src=\"\/wp-content\/uploads\/sites\/5\/2022\/10\/han-servido-al-IGSS-durante-25-anos-15.jpg\" alt=\"\" width=\"1280\" height=\"863\" srcset=\"\/wp-content\/uploads\/sites\/5\/2022\/10\/han-servido-al-IGSS-durante-25-anos-15.jpg 1280w, \/wp-content\/uploads\/sites\/5\/2022\/10\/han-servido-al-IGSS-durante-25-anos-15-300x202.jpg 300w, \/wp-content\/uploads\/sites\/5\/2022\/10\/han-servido-al-IGSS-durante-25-anos-15-768x518.jpg 768w, \/wp-content\/uploads\/sites\/5\/2022\/10\/han-servido-al-IGSS-durante-25-anos-15-1024x690.jpg 1024w, \/wp-content\/uploads\/sites\/5\/2022\/10\/han-servido-al-IGSS-durante-25-anos-15-623x420.jpg 623w, \/wp-content\/uploads\/sites\/5\/2022\/10\/han-servido-al-IGSS-durante-25-anos-15-696x469.jpg 696w, \/wp-content\/uploads\/sites\/5\/2022\/10\/han-servido-al-IGSS-durante-25-anos-15-1068x720.jpg 1068w, \/wp-content\/uploads\/sites\/5\/2022\/10\/han-servido-al-IGSS-durante-25-anos-15-534x360.jpg 534w\" sizes=\"auto, (max-width: 1280px) 100vw, 1280px\" \/><\/a><\/p>\n<h3><strong>Transmisi\u00f3n simult\u00e1nea<\/strong><\/h3>\n<p>Esta actividad se realiz\u00f3 de manera simult\u00e1nea desde las Oficinas Centrales para familiares y amigos que observaron esos momentos de alegr\u00eda cuando cada uno de los condecorados recibi\u00f3 el reconocimiento.<\/p>\n<p>Una de las homenajeadas, Belsi Sebastiana Arreaga P\u00e9rez, de la Subgerencia de Prestaciones Pecuniarias, manifest\u00f3 su alegr\u00eda por la oportunidad que le brinda el IGSS para realizar su trabajo: \u201cEstoy agradecida, en este tiempo he desarrollado mi trabajo de manera humana respetando los derechos de los afiliados\u201d.<\/p>\n<p><a href=\"\/wp-content\/uploads\/sites\/5\/2022\/10\/han-servido-al-IGSS-durante-25-anos-17.jpg\"><img loading=\"lazy\" decoding=\"async\" class=\"alignnone size-full wp-image-30998\" src=\"\/wp-content\/uploads\/sites\/5\/2022\/10\/han-servido-al-IGSS-durante-25-anos-17.jpg\" alt=\"\" width=\"1280\" height=\"852\" srcset=\"\/wp-content\/uploads\/sites\/5\/2022\/10\/han-servido-al-IGSS-durante-25-anos-17.jpg 1280w, \/wp-content\/uploads\/sites\/5\/2022\/10\/han-servido-al-IGSS-durante-25-anos-17-300x200.jpg 300w, \/wp-content\/uploads\/sites\/5\/2022\/10\/han-servido-al-IGSS-durante-25-anos-17-768x511.jpg 768w, \/wp-content\/uploads\/sites\/5\/2022\/10\/han-servido-al-IGSS-durante-25-anos-17-1024x682.jpg 1024w, \/wp-content\/uploads\/sites\/5\/2022\/10\/han-servido-al-IGSS-durante-25-anos-17-631x420.jpg 631w, \/wp-content\/uploads\/sites\/5\/2022\/10\/han-servido-al-IGSS-durante-25-anos-17-696x463.jpg 696w, \/wp-content\/uploads\/sites\/5\/2022\/10\/han-servido-al-IGSS-durante-25-anos-17-1068x711.jpg 1068w, \/wp-content\/uploads\/sites\/5\/2022\/10\/han-servido-al-IGSS-durante-25-anos-17-534x355.jpg 534w\" sizes=\"auto, (max-width: 1280px) 100vw, 1280px\" \/><\/a><\/p>\n<p>Eva Evangelina Gonz\u00e1lez Rodr\u00edguez, enfermera graduada asignada al Hospital General Juan Jos\u00e9 Ar\u00e9valo Bermejo, zona 6, indic\u00f3 que durante estos 25 a\u00f1os ha obtenido importantes logros para laborar en el \u00e1rea de salud. \u201cInici\u00e9 como asistente de hospital y busqu\u00e9 esa superaci\u00f3n la cual logr\u00e9 gracias al IGSS que me ayud\u00f3 en estos a\u00f1os, pero sobre todo me ha dado la oportunidad de trabajar\u201d, dijo.<\/p>\n<p>En esta actividad participaron el doctor Francisco Javier G\u00f3dinez Jerez, subgerente de Prestaciones en Salud; el licenciado Carlos Alberto Franco Antonio, subgerente de Planificaci\u00f3n y Desarrollo; la licenciada Sonia L\u00f3pez Luttmann, subgerente de Prestaciones Pecuniarias; el licenciado Sergio Roberto Vinicio Barillas, subgerente de Tecnolog\u00eda, y la licenciada Irma Estela Guzm\u00e1n Herrera, subgerente de Integridad y Transparencia Administrativa.<\/p>\n\n\n\n\r\n                <style type=\"text\/css\">\r\n                    \r\n                    #tdi_1  .td-doubleSlider-2 .td-item1 {\r\n                        background: url(\/wp-content\/uploads\/sites\/5\/2022\/10\/han-servido-al-IGSS-durante-25-anos-22-80x60.jpg) 0 0 no-repeat;\r\n                    }\r\n                    #tdi_1  .td-doubleSlider-2 .td-item2 {\r\n                        background: url(\/wp-content\/uploads\/sites\/5\/2022\/10\/han-servido-al-IGSS-durante-25-anos-12-80x60.jpg) 0 0 no-repeat;\r\n                    }\r\n                    #tdi_1  .td-doubleSlider-2 .td-item3 {\r\n                        background: url(\/wp-content\/uploads\/sites\/5\/2022\/10\/han-servido-al-IGSS-durante-25-anos-19-80x60.jpg) 0 0 no-repeat;\r\n                    }\r\n                    #tdi_1  .td-doubleSlider-2 .td-item4 {\r\n                        background: url(\/wp-content\/uploads\/sites\/5\/2022\/10\/han-servido-al-IGSS-durante-25-anos-21-80x60.jpg) 0 0 no-repeat;\r\n                    }\r\n                    #tdi_1  .td-doubleSlider-2 .td-item5 {\r\n                        background: url(\/wp-content\/uploads\/sites\/5\/2022\/10\/han-servido-al-IGSS-durante-25-anos-13-80x60.jpg) 0 0 no-repeat;\r\n                    }\r\n                    #tdi_1  .td-doubleSlider-2 .td-item6 {\r\n                        background: url(\/wp-content\/uploads\/sites\/5\/2022\/10\/han-servido-al-IGSS-durante-25-anos-7-80x60.jpg) 0 0 no-repeat;\r\n                    }\r\n                    #tdi_1  .td-doubleSlider-2 .td-item7 {\r\n                        background: url(\/wp-content\/uploads\/sites\/5\/2022\/10\/han-servido-al-IGSS-durante-25-anos-23-80x60.jpg) 0 0 no-repeat;\r\n                    }\r\n                    #tdi_1  .td-doubleSlider-2 .td-item8 {\r\n                        background: url(\/wp-content\/uploads\/sites\/5\/2022\/10\/han-servido-al-IGSS-durante-25-anos-16-80x60.jpg) 0 0 no-repeat;\r\n                    }\r\n                    #tdi_1  .td-doubleSlider-2 .td-item9 {\r\n                        background: url(\/wp-content\/uploads\/sites\/5\/2022\/10\/han-servido-al-IGSS-durante-25-anos-18-80x60.jpg) 0 0 no-repeat;\r\n                    }\r\n                    #tdi_1  .td-doubleSlider-2 .td-item10 {\r\n                        background: url(\/wp-content\/uploads\/sites\/5\/2022\/10\/han-servido-al-IGSS-durante-25-anos-5-80x60.jpg) 0 0 no-repeat;\r\n                    }\r\n                    #tdi_1  .td-doubleSlider-2 .td-item11 {\r\n                        background: url(\/wp-content\/uploads\/sites\/5\/2022\/10\/han-servido-al-IGSS-durante-25-anos-14-80x60.jpg) 0 0 no-repeat;\r\n                    }\r\n                    #tdi_1  .td-doubleSlider-2 .td-item12 {\r\n                        background: url(\/wp-content\/uploads\/sites\/5\/2022\/10\/han-servido-al-IGSS-durante-25-anos-9-80x60.jpg) 0 0 no-repeat;\r\n                    }\r\n                    #tdi_1  .td-doubleSlider-2 .td-item13 {\r\n                        background: url(\/wp-content\/uploads\/sites\/5\/2022\/10\/han-servido-al-IGSS-durante-25-anos-1-80x60.jpg) 0 0 no-repeat;\r\n                    }\r\n                    #tdi_1  .td-doubleSlider-2 .td-item14 {\r\n                        background: url(\/wp-content\/uploads\/sites\/5\/2022\/10\/han-servido-al-IGSS-durante-25-anos-2-80x60.jpg) 0 0 no-repeat;\r\n                    }\r\n                    #tdi_1  .td-doubleSlider-2 .td-item15 {\r\n                        background: url(\/wp-content\/uploads\/sites\/5\/2022\/10\/han-servido-al-IGSS-durante-25-anos-4-80x60.jpg) 0 0 no-repeat;\r\n                    }\r\n                    #tdi_1  .td-doubleSlider-2 .td-item16 {\r\n                        background: url(\/wp-content\/uploads\/sites\/5\/2022\/10\/han-servido-al-IGSS-durante-25-anos-11-80x60.jpg) 0 0 no-repeat;\r\n                    }\r\n                    #tdi_1  .td-doubleSlider-2 .td-item17 {\r\n                        background: url(\/wp-content\/uploads\/sites\/5\/2022\/10\/han-servido-al-IGSS-durante-25-anos-20-80x60.jpg) 0 0 no-repeat;\r\n                    }\r\n                    #tdi_1  .td-doubleSlider-2 .td-item18 {\r\n                        background: url(\/wp-content\/uploads\/sites\/5\/2022\/10\/han-servido-al-IGSS-durante-25-anos-6-80x60.jpg) 0 0 no-repeat;\r\n                    }\r\n                    #tdi_1  .td-doubleSlider-2 .td-item19 {\r\n                        background: url(\/wp-content\/uploads\/sites\/5\/2022\/10\/han-servido-al-IGSS-durante-25-anos-8-80x60.jpg) 0 0 no-repeat;\r\n                    }\r\n                <\/style>\r\n\r\n                <div id=\"tdi_1\" class=\"td-gallery td-slide-on-2-columns\">\r\n                    <div class=\"post_td_gallery\">\r\n                        <div class=\"td-gallery-slide-top\">\r\n                           <div class=\"td-gallery-title\"><\/div>\r\n\r\n                            <div class=\"td-gallery-controls-wrapper\">\r\n                                <div class=\"td-gallery-slide-count\"><span class=\"td-gallery-slide-item-focus\">1<\/span> de 19<\/div>\r\n                                <div class=\"td-gallery-slide-prev-next-but\">\r\n                                    <i class = \"td-icon-left doubleSliderPrevButton\"><\/i>\r\n                                    <i class = \"td-icon-right doubleSliderNextButton\"><\/i>\r\n                                <\/div>\r\n                            <\/div>\r\n                        <\/div>\r\n\r\n                        <div class = \"td-doubleSlider-1 \">\r\n                            <div class = \"td-slider\">\r\n                                \r\n                    <div class = \"td-slide-item td-item1\">\r\n                        <figure class=\"td-slide-galery-figure td-slide-popup-gallery\">\r\n                            <a class=\"slide-gallery-image-link\" href=\"\/wp-content\/uploads\/sites\/5\/2022\/10\/han-servido-al-IGSS-durante-25-anos-22.jpg\" title=\"han servido al IGSS durante 25 anos-22\"  data-caption=\"\"  data-description=\"\">\r\n                                <img decoding=\"async\" src=\"\/wp-content\/uploads\/sites\/5\/2022\/10\/han-servido-al-IGSS-durante-25-anos-22-592x420.jpg\" srcset=\"\/wp-content\/uploads\/sites\/5\/2022\/10\/han-servido-al-IGSS-durante-25-anos-22-592x420.jpg 592w, \/wp-content\/uploads\/sites\/5\/2022\/10\/han-servido-al-IGSS-durante-25-anos-22-300x213.jpg 300w, \/wp-content\/uploads\/sites\/5\/2022\/10\/han-servido-al-IGSS-durante-25-anos-22-768x545.jpg 768w, \/wp-content\/uploads\/sites\/5\/2022\/10\/han-servido-al-IGSS-durante-25-anos-22-1024x726.jpg 1024w, \/wp-content\/uploads\/sites\/5\/2022\/10\/han-servido-al-IGSS-durante-25-anos-22-696x494.jpg 696w, \/wp-content\/uploads\/sites\/5\/2022\/10\/han-servido-al-IGSS-durante-25-anos-22-1068x758.jpg 1068w, \/wp-content\/uploads\/sites\/5\/2022\/10\/han-servido-al-IGSS-durante-25-anos-22-100x70.jpg 100w, \/wp-content\/uploads\/sites\/5\/2022\/10\/han-servido-al-IGSS-durante-25-anos-22-534x379.jpg 534w, \/wp-content\/uploads\/sites\/5\/2022\/10\/han-servido-al-IGSS-durante-25-anos-22.jpg 1469w\" sizes=\"(max-width: 592px) 100vw, 592px\" alt=\"\">\r\n                            <\/a>\r\n                            \r\n                        <\/figure>\r\n                    <\/div>\r\n                    <div class = \"td-slide-item td-item2\">\r\n                        <figure class=\"td-slide-galery-figure td-slide-popup-gallery\">\r\n                            <a class=\"slide-gallery-image-link\" href=\"\/wp-content\/uploads\/sites\/5\/2022\/10\/han-servido-al-IGSS-durante-25-anos-12.jpg\" title=\"han servido al IGSS durante 25 anos-12\"  data-caption=\"\"  data-description=\"\">\r\n                                <img decoding=\"async\" src=\"\/wp-content\/uploads\/sites\/5\/2022\/10\/han-servido-al-IGSS-durante-25-anos-12-630x420.jpg\" srcset=\"\/wp-content\/uploads\/sites\/5\/2022\/10\/han-servido-al-IGSS-durante-25-anos-12-630x420.jpg 630w, \/wp-content\/uploads\/sites\/5\/2022\/10\/han-servido-al-IGSS-durante-25-anos-12-300x200.jpg 300w, \/wp-content\/uploads\/sites\/5\/2022\/10\/han-servido-al-IGSS-durante-25-anos-12-768x512.jpg 768w, \/wp-content\/uploads\/sites\/5\/2022\/10\/han-servido-al-IGSS-durante-25-anos-12-1024x682.jpg 1024w, \/wp-content\/uploads\/sites\/5\/2022\/10\/han-servido-al-IGSS-durante-25-anos-12-1536x1023.jpg 1536w, \/wp-content\/uploads\/sites\/5\/2022\/10\/han-servido-al-IGSS-durante-25-anos-12-696x464.jpg 696w, \/wp-content\/uploads\/sites\/5\/2022\/10\/han-servido-al-IGSS-durante-25-anos-12-1068x712.jpg 1068w, \/wp-content\/uploads\/sites\/5\/2022\/10\/han-servido-al-IGSS-durante-25-anos-12-534x356.jpg 534w, \/wp-content\/uploads\/sites\/5\/2022\/10\/han-servido-al-IGSS-durante-25-anos-12.jpg 1600w\" sizes=\"(max-width: 630px) 100vw, 630px\" alt=\"\">\r\n                            <\/a>\r\n                            \r\n                        <\/figure>\r\n                    <\/div>\r\n                    <div class = \"td-slide-item td-item3\">\r\n                        <figure class=\"td-slide-galery-figure td-slide-popup-gallery\">\r\n                            <a class=\"slide-gallery-image-link\" href=\"\/wp-content\/uploads\/sites\/5\/2022\/10\/han-servido-al-IGSS-durante-25-anos-19.jpg\" title=\"han servido al IGSS durante 25 anos-19\"  data-caption=\"\"  data-description=\"\">\r\n                                <img decoding=\"async\" src=\"\/wp-content\/uploads\/sites\/5\/2022\/10\/han-servido-al-IGSS-durante-25-anos-19-630x420.jpg\" srcset=\"\/wp-content\/uploads\/sites\/5\/2022\/10\/han-servido-al-IGSS-durante-25-anos-19-630x420.jpg 630w, \/wp-content\/uploads\/sites\/5\/2022\/10\/han-servido-al-IGSS-durante-25-anos-19-300x200.jpg 300w, \/wp-content\/uploads\/sites\/5\/2022\/10\/han-servido-al-IGSS-durante-25-anos-19-768x512.jpg 768w, \/wp-content\/uploads\/sites\/5\/2022\/10\/han-servido-al-IGSS-durante-25-anos-19-1024x682.jpg 1024w, \/wp-content\/uploads\/sites\/5\/2022\/10\/han-servido-al-IGSS-durante-25-anos-19-1536x1023.jpg 1536w, \/wp-content\/uploads\/sites\/5\/2022\/10\/han-servido-al-IGSS-durante-25-anos-19-696x464.jpg 696w, \/wp-content\/uploads\/sites\/5\/2022\/10\/han-servido-al-IGSS-durante-25-anos-19-1068x712.jpg 1068w, \/wp-content\/uploads\/sites\/5\/2022\/10\/han-servido-al-IGSS-durante-25-anos-19-534x356.jpg 534w, \/wp-content\/uploads\/sites\/5\/2022\/10\/han-servido-al-IGSS-durante-25-anos-19.jpg 1600w\" sizes=\"(max-width: 630px) 100vw, 630px\" alt=\"\">\r\n                            <\/a>\r\n                            \r\n                        <\/figure>\r\n                    <\/div>\r\n                    <div class = \"td-slide-item td-item4\">\r\n                        <figure class=\"td-slide-galery-figure td-slide-popup-gallery\">\r\n                            <a class=\"slide-gallery-image-link\" href=\"\/wp-content\/uploads\/sites\/5\/2022\/10\/han-servido-al-IGSS-durante-25-anos-21.jpg\" title=\"han servido al IGSS durante 25 anos-21\"  data-caption=\"\"  data-description=\"\">\r\n                                <img decoding=\"async\" src=\"\/wp-content\/uploads\/sites\/5\/2022\/10\/han-servido-al-IGSS-durante-25-anos-21-630x420.jpg\" srcset=\"\/wp-content\/uploads\/sites\/5\/2022\/10\/han-servido-al-IGSS-durante-25-anos-21-630x420.jpg 630w, \/wp-content\/uploads\/sites\/5\/2022\/10\/han-servido-al-IGSS-durante-25-anos-21-300x200.jpg 300w, \/wp-content\/uploads\/sites\/5\/2022\/10\/han-servido-al-IGSS-durante-25-anos-21-768x512.jpg 768w, \/wp-content\/uploads\/sites\/5\/2022\/10\/han-servido-al-IGSS-durante-25-anos-21-1024x682.jpg 1024w, \/wp-content\/uploads\/sites\/5\/2022\/10\/han-servido-al-IGSS-durante-25-anos-21-1536x1024.jpg 1536w, \/wp-content\/uploads\/sites\/5\/2022\/10\/han-servido-al-IGSS-durante-25-anos-21-696x464.jpg 696w, \/wp-content\/uploads\/sites\/5\/2022\/10\/han-servido-al-IGSS-durante-25-anos-21-1068x712.jpg 1068w, \/wp-content\/uploads\/sites\/5\/2022\/10\/han-servido-al-IGSS-durante-25-anos-21-534x356.jpg 534w, \/wp-content\/uploads\/sites\/5\/2022\/10\/han-servido-al-IGSS-durante-25-anos-21.jpg 1559w\" sizes=\"(max-width: 630px) 100vw, 630px\" alt=\"\">\r\n                            <\/a>\r\n                            \r\n                        <\/figure>\r\n                    <\/div>\r\n                    <div class = \"td-slide-item td-item5\">\r\n                        <figure class=\"td-slide-galery-figure td-slide-popup-gallery\">\r\n                            <a class=\"slide-gallery-image-link\" href=\"\/wp-content\/uploads\/sites\/5\/2022\/10\/han-servido-al-IGSS-durante-25-anos-13.jpg\" title=\"han servido al IGSS durante 25 anos-13\"  data-caption=\"\"  data-description=\"\">\r\n                                <img decoding=\"async\" src=\"\/wp-content\/uploads\/sites\/5\/2022\/10\/han-servido-al-IGSS-durante-25-anos-13-630x420.jpg\" srcset=\"\/wp-content\/uploads\/sites\/5\/2022\/10\/han-servido-al-IGSS-durante-25-anos-13-630x420.jpg 630w, \/wp-content\/uploads\/sites\/5\/2022\/10\/han-servido-al-IGSS-durante-25-anos-13-300x200.jpg 300w, \/wp-content\/uploads\/sites\/5\/2022\/10\/han-servido-al-IGSS-durante-25-anos-13-768x512.jpg 768w, \/wp-content\/uploads\/sites\/5\/2022\/10\/han-servido-al-IGSS-durante-25-anos-13-1024x682.jpg 1024w, \/wp-content\/uploads\/sites\/5\/2022\/10\/han-servido-al-IGSS-durante-25-anos-13-1536x1023.jpg 1536w, \/wp-content\/uploads\/sites\/5\/2022\/10\/han-servido-al-IGSS-durante-25-anos-13-696x464.jpg 696w, \/wp-content\/uploads\/sites\/5\/2022\/10\/han-servido-al-IGSS-durante-25-anos-13-1068x712.jpg 1068w, \/wp-content\/uploads\/sites\/5\/2022\/10\/han-servido-al-IGSS-durante-25-anos-13-534x356.jpg 534w, \/wp-content\/uploads\/sites\/5\/2022\/10\/han-servido-al-IGSS-durante-25-anos-13.jpg 1600w\" sizes=\"(max-width: 630px) 100vw, 630px\" alt=\"\">\r\n                            <\/a>\r\n                            \r\n                        <\/figure>\r\n                    <\/div>\r\n                    <div class = \"td-slide-item td-item6\">\r\n                        <figure class=\"td-slide-galery-figure td-slide-popup-gallery\">\r\n                            <a class=\"slide-gallery-image-link\" href=\"\/wp-content\/uploads\/sites\/5\/2022\/10\/han-servido-al-IGSS-durante-25-anos-7.jpg\" title=\"han servido al IGSS durante 25 anos-7\"  data-caption=\"\"  data-description=\"\">\r\n                                <img decoding=\"async\" src=\"\/wp-content\/uploads\/sites\/5\/2022\/10\/han-servido-al-IGSS-durante-25-anos-7-630x420.jpg\" srcset=\"\/wp-content\/uploads\/sites\/5\/2022\/10\/han-servido-al-IGSS-durante-25-anos-7-630x420.jpg 630w, \/wp-content\/uploads\/sites\/5\/2022\/10\/han-servido-al-IGSS-durante-25-anos-7-300x200.jpg 300w, \/wp-content\/uploads\/sites\/5\/2022\/10\/han-servido-al-IGSS-durante-25-anos-7-768x512.jpg 768w, \/wp-content\/uploads\/sites\/5\/2022\/10\/han-servido-al-IGSS-durante-25-anos-7-1024x682.jpg 1024w, \/wp-content\/uploads\/sites\/5\/2022\/10\/han-servido-al-IGSS-durante-25-anos-7-1536x1023.jpg 1536w, \/wp-content\/uploads\/sites\/5\/2022\/10\/han-servido-al-IGSS-durante-25-anos-7-696x464.jpg 696w, \/wp-content\/uploads\/sites\/5\/2022\/10\/han-servido-al-IGSS-durante-25-anos-7-1068x712.jpg 1068w, \/wp-content\/uploads\/sites\/5\/2022\/10\/han-servido-al-IGSS-durante-25-anos-7-534x356.jpg 534w, \/wp-content\/uploads\/sites\/5\/2022\/10\/han-servido-al-IGSS-durante-25-anos-7.jpg 1600w\" sizes=\"(max-width: 630px) 100vw, 630px\" alt=\"\">\r\n                            <\/a>\r\n                            \r\n                        <\/figure>\r\n                    <\/div>\r\n                    <div class = \"td-slide-item td-item7\">\r\n                        <figure class=\"td-slide-galery-figure td-slide-popup-gallery\">\r\n                            <a class=\"slide-gallery-image-link\" href=\"\/wp-content\/uploads\/sites\/5\/2022\/10\/han-servido-al-IGSS-durante-25-anos-23.jpg\" title=\"han servido al IGSS durante 25 anos-23\"  data-caption=\"\"  data-description=\"\">\r\n                                <img decoding=\"async\" src=\"\/wp-content\/uploads\/sites\/5\/2022\/10\/han-servido-al-IGSS-durante-25-anos-23-615x420.jpg\" srcset=\"\/wp-content\/uploads\/sites\/5\/2022\/10\/han-servido-al-IGSS-durante-25-anos-23-615x420.jpg 615w, \/wp-content\/uploads\/sites\/5\/2022\/10\/han-servido-al-IGSS-durante-25-anos-23-300x205.jpg 300w, \/wp-content\/uploads\/sites\/5\/2022\/10\/han-servido-al-IGSS-durante-25-anos-23-768x525.jpg 768w, \/wp-content\/uploads\/sites\/5\/2022\/10\/han-servido-al-IGSS-durante-25-anos-23-1024x699.jpg 1024w, \/wp-content\/uploads\/sites\/5\/2022\/10\/han-servido-al-IGSS-durante-25-anos-23-218x150.jpg 218w, \/wp-content\/uploads\/sites\/5\/2022\/10\/han-servido-al-IGSS-durante-25-anos-23-696x475.jpg 696w, \/wp-content\/uploads\/sites\/5\/2022\/10\/han-servido-al-IGSS-durante-25-anos-23-1068x729.jpg 1068w, \/wp-content\/uploads\/sites\/5\/2022\/10\/han-servido-al-IGSS-durante-25-anos-23-534x365.jpg 534w, \/wp-content\/uploads\/sites\/5\/2022\/10\/han-servido-al-IGSS-durante-25-anos-23.jpg 1470w\" sizes=\"(max-width: 615px) 100vw, 615px\" alt=\"\">\r\n                            <\/a>\r\n                            \r\n                        <\/figure>\r\n                    <\/div>\r\n                    <div class = \"td-slide-item td-item8\">\r\n                        <figure class=\"td-slide-galery-figure td-slide-popup-gallery\">\r\n                            <a class=\"slide-gallery-image-link\" href=\"\/wp-content\/uploads\/sites\/5\/2022\/10\/han-servido-al-IGSS-durante-25-anos-16.jpg\" title=\"han servido al IGSS durante 25 anos-16\"  data-caption=\"\"  data-description=\"\">\r\n                                <img decoding=\"async\" src=\"\/wp-content\/uploads\/sites\/5\/2022\/10\/han-servido-al-IGSS-durante-25-anos-16-598x420.jpg\" srcset=\"\/wp-content\/uploads\/sites\/5\/2022\/10\/han-servido-al-IGSS-durante-25-anos-16-598x420.jpg 598w, \/wp-content\/uploads\/sites\/5\/2022\/10\/han-servido-al-IGSS-durante-25-anos-16-300x211.jpg 300w, \/wp-content\/uploads\/sites\/5\/2022\/10\/han-servido-al-IGSS-durante-25-anos-16-768x539.jpg 768w, \/wp-content\/uploads\/sites\/5\/2022\/10\/han-servido-al-IGSS-durante-25-anos-16-1024x719.jpg 1024w, \/wp-content\/uploads\/sites\/5\/2022\/10\/han-servido-al-IGSS-durante-25-anos-16-696x488.jpg 696w, \/wp-content\/uploads\/sites\/5\/2022\/10\/han-servido-al-IGSS-durante-25-anos-16-1068x750.jpg 1068w, \/wp-content\/uploads\/sites\/5\/2022\/10\/han-servido-al-IGSS-durante-25-anos-16-100x70.jpg 100w, \/wp-content\/uploads\/sites\/5\/2022\/10\/han-servido-al-IGSS-durante-25-anos-16-534x375.jpg 534w, \/wp-content\/uploads\/sites\/5\/2022\/10\/han-servido-al-IGSS-durante-25-anos-16.jpg 1432w\" sizes=\"(max-width: 598px) 100vw, 598px\" alt=\"\">\r\n                            <\/a>\r\n                            \r\n                        <\/figure>\r\n                    <\/div>\r\n                    <div class = \"td-slide-item td-item9\">\r\n                        <figure class=\"td-slide-galery-figure td-slide-popup-gallery\">\r\n                            <a class=\"slide-gallery-image-link\" href=\"\/wp-content\/uploads\/sites\/5\/2022\/10\/han-servido-al-IGSS-durante-25-anos-18.jpg\" title=\"han servido al IGSS durante 25 anos-18\"  data-caption=\"\"  data-description=\"\">\r\n                                <img decoding=\"async\" src=\"\/wp-content\/uploads\/sites\/5\/2022\/10\/han-servido-al-IGSS-durante-25-anos-18-606x420.jpg\" srcset=\"\/wp-content\/uploads\/sites\/5\/2022\/10\/han-servido-al-IGSS-durante-25-anos-18-606x420.jpg 606w, \/wp-content\/uploads\/sites\/5\/2022\/10\/han-servido-al-IGSS-durante-25-anos-18-300x208.jpg 300w, \/wp-content\/uploads\/sites\/5\/2022\/10\/han-servido-al-IGSS-durante-25-anos-18-768x532.jpg 768w, \/wp-content\/uploads\/sites\/5\/2022\/10\/han-servido-al-IGSS-durante-25-anos-18-1024x710.jpg 1024w, \/wp-content\/uploads\/sites\/5\/2022\/10\/han-servido-al-IGSS-durante-25-anos-18-218x150.jpg 218w, \/wp-content\/uploads\/sites\/5\/2022\/10\/han-servido-al-IGSS-durante-25-anos-18-696x482.jpg 696w, \/wp-content\/uploads\/sites\/5\/2022\/10\/han-servido-al-IGSS-durante-25-anos-18-1068x740.jpg 1068w, \/wp-content\/uploads\/sites\/5\/2022\/10\/han-servido-al-IGSS-durante-25-anos-18-100x70.jpg 100w, \/wp-content\/uploads\/sites\/5\/2022\/10\/han-servido-al-IGSS-durante-25-anos-18-534x370.jpg 534w, \/wp-content\/uploads\/sites\/5\/2022\/10\/han-servido-al-IGSS-durante-25-anos-18.jpg 1231w\" sizes=\"(max-width: 606px) 100vw, 606px\" alt=\"\">\r\n                            <\/a>\r\n                            \r\n                        <\/figure>\r\n                    <\/div>\r\n                    <div class = \"td-slide-item td-item10\">\r\n                        <figure class=\"td-slide-galery-figure td-slide-popup-gallery\">\r\n                            <a class=\"slide-gallery-image-link\" href=\"\/wp-content\/uploads\/sites\/5\/2022\/10\/han-servido-al-IGSS-durante-25-anos-5.jpg\" title=\"han servido al IGSS durante 25 anos-5\"  data-caption=\"\"  data-description=\"\">\r\n                                <img decoding=\"async\" src=\"\/wp-content\/uploads\/sites\/5\/2022\/10\/han-servido-al-IGSS-durante-25-anos-5-630x420.jpg\" srcset=\"\/wp-content\/uploads\/sites\/5\/2022\/10\/han-servido-al-IGSS-durante-25-anos-5-630x420.jpg 630w, \/wp-content\/uploads\/sites\/5\/2022\/10\/han-servido-al-IGSS-durante-25-anos-5-300x200.jpg 300w, \/wp-content\/uploads\/sites\/5\/2022\/10\/han-servido-al-IGSS-durante-25-anos-5-768x512.jpg 768w, \/wp-content\/uploads\/sites\/5\/2022\/10\/han-servido-al-IGSS-durante-25-anos-5-1024x682.jpg 1024w, \/wp-content\/uploads\/sites\/5\/2022\/10\/han-servido-al-IGSS-durante-25-anos-5-696x464.jpg 696w, \/wp-content\/uploads\/sites\/5\/2022\/10\/han-servido-al-IGSS-durante-25-anos-5-1068x712.jpg 1068w, \/wp-content\/uploads\/sites\/5\/2022\/10\/han-servido-al-IGSS-durante-25-anos-5-534x356.jpg 534w, \/wp-content\/uploads\/sites\/5\/2022\/10\/han-servido-al-IGSS-durante-25-anos-5.jpg 1280w\" sizes=\"(max-width: 630px) 100vw, 630px\" alt=\"\">\r\n                            <\/a>\r\n                            \r\n                        <\/figure>\r\n                    <\/div>\r\n                    <div class = \"td-slide-item td-item11\">\r\n                        <figure class=\"td-slide-galery-figure td-slide-popup-gallery\">\r\n                            <a class=\"slide-gallery-image-link\" href=\"\/wp-content\/uploads\/sites\/5\/2022\/10\/han-servido-al-IGSS-durante-25-anos-14.jpg\" title=\"han servido al IGSS durante 25 anos-14\"  data-caption=\"\"  data-description=\"\">\r\n                                <img decoding=\"async\" src=\"\/wp-content\/uploads\/sites\/5\/2022\/10\/han-servido-al-IGSS-durante-25-anos-14-524x420.jpg\" srcset=\"\/wp-content\/uploads\/sites\/5\/2022\/10\/han-servido-al-IGSS-durante-25-anos-14-524x420.jpg 524w, \/wp-content\/uploads\/sites\/5\/2022\/10\/han-servido-al-IGSS-durante-25-anos-14-300x240.jpg 300w, \/wp-content\/uploads\/sites\/5\/2022\/10\/han-servido-al-IGSS-durante-25-anos-14-768x616.jpg 768w, \/wp-content\/uploads\/sites\/5\/2022\/10\/han-servido-al-IGSS-durante-25-anos-14-696x558.jpg 696w, \/wp-content\/uploads\/sites\/5\/2022\/10\/han-servido-al-IGSS-durante-25-anos-14-534x428.jpg 534w, \/wp-content\/uploads\/sites\/5\/2022\/10\/han-servido-al-IGSS-durante-25-anos-14.jpg 988w\" sizes=\"(max-width: 524px) 100vw, 524px\" alt=\"\">\r\n                            <\/a>\r\n                            \r\n                        <\/figure>\r\n                    <\/div>\r\n                    <div class = \"td-slide-item td-item12\">\r\n                        <figure class=\"td-slide-galery-figure td-slide-popup-gallery\">\r\n                            <a class=\"slide-gallery-image-link\" href=\"\/wp-content\/uploads\/sites\/5\/2022\/10\/han-servido-al-IGSS-durante-25-anos-9.jpg\" title=\"han servido al IGSS durante 25 anos-9\"  data-caption=\"\"  data-description=\"\">\r\n                                <img decoding=\"async\" src=\"\/wp-content\/uploads\/sites\/5\/2022\/10\/han-servido-al-IGSS-durante-25-anos-9-590x420.jpg\" srcset=\"\/wp-content\/uploads\/sites\/5\/2022\/10\/han-servido-al-IGSS-durante-25-anos-9-590x420.jpg 590w, \/wp-content\/uploads\/sites\/5\/2022\/10\/han-servido-al-IGSS-durante-25-anos-9-300x214.jpg 300w, \/wp-content\/uploads\/sites\/5\/2022\/10\/han-servido-al-IGSS-durante-25-anos-9-768x547.jpg 768w, \/wp-content\/uploads\/sites\/5\/2022\/10\/han-servido-al-IGSS-durante-25-anos-9-1024x729.jpg 1024w, \/wp-content\/uploads\/sites\/5\/2022\/10\/han-servido-al-IGSS-durante-25-anos-9-696x496.jpg 696w, \/wp-content\/uploads\/sites\/5\/2022\/10\/han-servido-al-IGSS-durante-25-anos-9-1068x760.jpg 1068w, \/wp-content\/uploads\/sites\/5\/2022\/10\/han-servido-al-IGSS-durante-25-anos-9-100x70.jpg 100w, \/wp-content\/uploads\/sites\/5\/2022\/10\/han-servido-al-IGSS-durante-25-anos-9-534x380.jpg 534w, \/wp-content\/uploads\/sites\/5\/2022\/10\/han-servido-al-IGSS-durante-25-anos-9.jpg 1198w\" sizes=\"(max-width: 590px) 100vw, 590px\" alt=\"\">\r\n                            <\/a>\r\n                            \r\n                        <\/figure>\r\n                    <\/div>\r\n                    <div class = \"td-slide-item td-item13\">\r\n                        <figure class=\"td-slide-galery-figure td-slide-popup-gallery\">\r\n                            <a class=\"slide-gallery-image-link\" href=\"\/wp-content\/uploads\/sites\/5\/2022\/10\/han-servido-al-IGSS-durante-25-anos-1.jpg\" title=\"han servido al IGSS durante 25 anos-1\"  data-caption=\"\"  data-description=\"\">\r\n                                <img decoding=\"async\" src=\"\/wp-content\/uploads\/sites\/5\/2022\/10\/han-servido-al-IGSS-durante-25-anos-1-738x420.jpg\" srcset=\"\/wp-content\/uploads\/sites\/5\/2022\/10\/han-servido-al-IGSS-durante-25-anos-1-738x420.jpg 738w, \/wp-content\/uploads\/sites\/5\/2022\/10\/han-servido-al-IGSS-durante-25-anos-1-300x171.jpg 300w, \/wp-content\/uploads\/sites\/5\/2022\/10\/han-servido-al-IGSS-durante-25-anos-1-768x437.jpg 768w, \/wp-content\/uploads\/sites\/5\/2022\/10\/han-servido-al-IGSS-durante-25-anos-1-1024x582.jpg 1024w, \/wp-content\/uploads\/sites\/5\/2022\/10\/han-servido-al-IGSS-durante-25-anos-1-1536x874.jpg 1536w, \/wp-content\/uploads\/sites\/5\/2022\/10\/han-servido-al-IGSS-durante-25-anos-1-696x396.jpg 696w, \/wp-content\/uploads\/sites\/5\/2022\/10\/han-servido-al-IGSS-durante-25-anos-1-1068x607.jpg 1068w, \/wp-content\/uploads\/sites\/5\/2022\/10\/han-servido-al-IGSS-durante-25-anos-1-534x304.jpg 534w, \/wp-content\/uploads\/sites\/5\/2022\/10\/han-servido-al-IGSS-durante-25-anos-1.jpg 1600w\" sizes=\"(max-width: 738px) 100vw, 738px\" alt=\"\">\r\n                            <\/a>\r\n                            \r\n                        <\/figure>\r\n                    <\/div>\r\n                    <div class = \"td-slide-item td-item14\">\r\n                        <figure class=\"td-slide-galery-figure td-slide-popup-gallery\">\r\n                            <a class=\"slide-gallery-image-link\" href=\"\/wp-content\/uploads\/sites\/5\/2022\/10\/han-servido-al-IGSS-durante-25-anos-2.jpg\" title=\"han servido al IGSS durante 25 anos-2\"  data-caption=\"\"  data-description=\"\">\r\n                                <img decoding=\"async\" src=\"\/wp-content\/uploads\/sites\/5\/2022\/10\/han-servido-al-IGSS-durante-25-anos-2-699x420.jpg\" srcset=\"\/wp-content\/uploads\/sites\/5\/2022\/10\/han-servido-al-IGSS-durante-25-anos-2-699x420.jpg 699w, \/wp-content\/uploads\/sites\/5\/2022\/10\/han-servido-al-IGSS-durante-25-anos-2-300x180.jpg 300w, \/wp-content\/uploads\/sites\/5\/2022\/10\/han-servido-al-IGSS-durante-25-anos-2-768x462.jpg 768w, \/wp-content\/uploads\/sites\/5\/2022\/10\/han-servido-al-IGSS-durante-25-anos-2-1024x616.jpg 1024w, \/wp-content\/uploads\/sites\/5\/2022\/10\/han-servido-al-IGSS-durante-25-anos-2-1536x923.jpg 1536w, \/wp-content\/uploads\/sites\/5\/2022\/10\/han-servido-al-IGSS-durante-25-anos-2-696x418.jpg 696w, \/wp-content\/uploads\/sites\/5\/2022\/10\/han-servido-al-IGSS-durante-25-anos-2-1068x642.jpg 1068w, \/wp-content\/uploads\/sites\/5\/2022\/10\/han-servido-al-IGSS-durante-25-anos-2-534x321.jpg 534w, \/wp-content\/uploads\/sites\/5\/2022\/10\/han-servido-al-IGSS-durante-25-anos-2.jpg 1572w\" sizes=\"(max-width: 699px) 100vw, 699px\" alt=\"\">\r\n                            <\/a>\r\n                            \r\n                        <\/figure>\r\n                    <\/div>\r\n                    <div class = \"td-slide-item td-item15\">\r\n                        <figure class=\"td-slide-galery-figure td-slide-popup-gallery\">\r\n                            <a class=\"slide-gallery-image-link\" href=\"\/wp-content\/uploads\/sites\/5\/2022\/10\/han-servido-al-IGSS-durante-25-anos-4.jpg\" title=\"han servido al IGSS durante 25 anos-4\"  data-caption=\"\"  data-description=\"\">\r\n                                <img decoding=\"async\" src=\"\/wp-content\/uploads\/sites\/5\/2022\/10\/han-servido-al-IGSS-durante-25-anos-4-705x420.jpg\" srcset=\"\/wp-content\/uploads\/sites\/5\/2022\/10\/han-servido-al-IGSS-durante-25-anos-4-705x420.jpg 705w, \/wp-content\/uploads\/sites\/5\/2022\/10\/han-servido-al-IGSS-durante-25-anos-4-300x179.jpg 300w, \/wp-content\/uploads\/sites\/5\/2022\/10\/han-servido-al-IGSS-durante-25-anos-4-768x457.jpg 768w, \/wp-content\/uploads\/sites\/5\/2022\/10\/han-servido-al-IGSS-durante-25-anos-4-1024x610.jpg 1024w, \/wp-content\/uploads\/sites\/5\/2022\/10\/han-servido-al-IGSS-durante-25-anos-4-1536x915.jpg 1536w, \/wp-content\/uploads\/sites\/5\/2022\/10\/han-servido-al-IGSS-durante-25-anos-4-696x415.jpg 696w, \/wp-content\/uploads\/sites\/5\/2022\/10\/han-servido-al-IGSS-durante-25-anos-4-1068x636.jpg 1068w, \/wp-content\/uploads\/sites\/5\/2022\/10\/han-servido-al-IGSS-durante-25-anos-4-534x318.jpg 534w, \/wp-content\/uploads\/sites\/5\/2022\/10\/han-servido-al-IGSS-durante-25-anos-4.jpg 1543w\" sizes=\"(max-width: 705px) 100vw, 705px\" alt=\"\">\r\n                            <\/a>\r\n                            \r\n                        <\/figure>\r\n                    <\/div>\r\n                    <div class = \"td-slide-item td-item16\">\r\n                        <figure class=\"td-slide-galery-figure td-slide-popup-gallery\">\r\n                            <a class=\"slide-gallery-image-link\" href=\"\/wp-content\/uploads\/sites\/5\/2022\/10\/han-servido-al-IGSS-durante-25-anos-11.jpg\" title=\"han servido al IGSS durante 25 anos-11\"  data-caption=\"\"  data-description=\"\">\r\n                                <img decoding=\"async\" src=\"\/wp-content\/uploads\/sites\/5\/2022\/10\/han-servido-al-IGSS-durante-25-anos-11-749x420.jpg\" srcset=\"\/wp-content\/uploads\/sites\/5\/2022\/10\/han-servido-al-IGSS-durante-25-anos-11-749x420.jpg 749w, \/wp-content\/uploads\/sites\/5\/2022\/10\/han-servido-al-IGSS-durante-25-anos-11-300x168.jpg 300w, \/wp-content\/uploads\/sites\/5\/2022\/10\/han-servido-al-IGSS-durante-25-anos-11-768x431.jpg 768w, \/wp-content\/uploads\/sites\/5\/2022\/10\/han-servido-al-IGSS-durante-25-anos-11-1024x574.jpg 1024w, \/wp-content\/uploads\/sites\/5\/2022\/10\/han-servido-al-IGSS-durante-25-anos-11-1536x861.jpg 1536w, \/wp-content\/uploads\/sites\/5\/2022\/10\/han-servido-al-IGSS-durante-25-anos-11-696x390.jpg 696w, \/wp-content\/uploads\/sites\/5\/2022\/10\/han-servido-al-IGSS-durante-25-anos-11-1068x599.jpg 1068w, \/wp-content\/uploads\/sites\/5\/2022\/10\/han-servido-al-IGSS-durante-25-anos-11-534x299.jpg 534w, \/wp-content\/uploads\/sites\/5\/2022\/10\/han-servido-al-IGSS-durante-25-anos-11.jpg 1600w\" sizes=\"(max-width: 749px) 100vw, 749px\" alt=\"\">\r\n                            <\/a>\r\n                            \r\n                        <\/figure>\r\n                    <\/div>\r\n                    <div class = \"td-slide-item td-item17\">\r\n                        <figure class=\"td-slide-galery-figure td-slide-popup-gallery\">\r\n                            <a class=\"slide-gallery-image-link\" href=\"\/wp-content\/uploads\/sites\/5\/2022\/10\/han-servido-al-IGSS-durante-25-anos-20.jpg\" title=\"han servido al IGSS durante 25 anos-20\"  data-caption=\"\"  data-description=\"\">\r\n                                <img decoding=\"async\" src=\"\/wp-content\/uploads\/sites\/5\/2022\/10\/han-servido-al-IGSS-durante-25-anos-20-630x420.jpg\" srcset=\"\/wp-content\/uploads\/sites\/5\/2022\/10\/han-servido-al-IGSS-durante-25-anos-20-630x420.jpg 630w, \/wp-content\/uploads\/sites\/5\/2022\/10\/han-servido-al-IGSS-durante-25-anos-20-300x200.jpg 300w, \/wp-content\/uploads\/sites\/5\/2022\/10\/han-servido-al-IGSS-durante-25-anos-20-768x512.jpg 768w, \/wp-content\/uploads\/sites\/5\/2022\/10\/han-servido-al-IGSS-durante-25-anos-20-1024x682.jpg 1024w, \/wp-content\/uploads\/sites\/5\/2022\/10\/han-servido-al-IGSS-durante-25-anos-20-696x464.jpg 696w, \/wp-content\/uploads\/sites\/5\/2022\/10\/han-servido-al-IGSS-durante-25-anos-20-1068x712.jpg 1068w, \/wp-content\/uploads\/sites\/5\/2022\/10\/han-servido-al-IGSS-durante-25-anos-20-534x356.jpg 534w, \/wp-content\/uploads\/sites\/5\/2022\/10\/han-servido-al-IGSS-durante-25-anos-20.jpg 1280w\" sizes=\"(max-width: 630px) 100vw, 630px\" alt=\"\">\r\n                            <\/a>\r\n                            \r\n                        <\/figure>\r\n                    <\/div>\r\n                    <div class = \"td-slide-item td-item18\">\r\n                        <figure class=\"td-slide-galery-figure td-slide-popup-gallery\">\r\n                            <a class=\"slide-gallery-image-link\" href=\"\/wp-content\/uploads\/sites\/5\/2022\/10\/han-servido-al-IGSS-durante-25-anos-6.jpg\" title=\"han servido al IGSS durante 25 anos-6\"  data-caption=\"\"  data-description=\"\">\r\n                                <img decoding=\"async\" src=\"\/wp-content\/uploads\/sites\/5\/2022\/10\/han-servido-al-IGSS-durante-25-anos-6-776x420.jpg\" srcset=\"\/wp-content\/uploads\/sites\/5\/2022\/10\/han-servido-al-IGSS-durante-25-anos-6-776x420.jpg 776w, \/wp-content\/uploads\/sites\/5\/2022\/10\/han-servido-al-IGSS-durante-25-anos-6-300x162.jpg 300w, \/wp-content\/uploads\/sites\/5\/2022\/10\/han-servido-al-IGSS-durante-25-anos-6-768x416.jpg 768w, \/wp-content\/uploads\/sites\/5\/2022\/10\/han-servido-al-IGSS-durante-25-anos-6-1024x554.jpg 1024w, \/wp-content\/uploads\/sites\/5\/2022\/10\/han-servido-al-IGSS-durante-25-anos-6-1536x831.jpg 1536w, \/wp-content\/uploads\/sites\/5\/2022\/10\/han-servido-al-IGSS-durante-25-anos-6-696x377.jpg 696w, \/wp-content\/uploads\/sites\/5\/2022\/10\/han-servido-al-IGSS-durante-25-anos-6-1068x580.jpg 1068w, \/wp-content\/uploads\/sites\/5\/2022\/10\/han-servido-al-IGSS-durante-25-anos-6-534x289.jpg 534w, \/wp-content\/uploads\/sites\/5\/2022\/10\/han-servido-al-IGSS-durante-25-anos-6.jpg 1600w\" sizes=\"(max-width: 776px) 100vw, 776px\" alt=\"\">\r\n                            <\/a>\r\n                            \r\n                        <\/figure>\r\n                    <\/div>\r\n                    <div class = \"td-slide-item td-item19\">\r\n                        <figure class=\"td-slide-galery-figure td-slide-popup-gallery\">\r\n                            <a class=\"slide-gallery-image-link\" href=\"\/wp-content\/uploads\/sites\/5\/2022\/10\/han-servido-al-IGSS-durante-25-anos-8.jpg\" title=\"han servido al IGSS durante 25 anos-8\"  data-caption=\"\"  data-description=\"\">\r\n                                <img decoding=\"async\" src=\"\/wp-content\/uploads\/sites\/5\/2022\/10\/han-servido-al-IGSS-durante-25-anos-8-731x420.jpg\" srcset=\"\/wp-content\/uploads\/sites\/5\/2022\/10\/han-servido-al-IGSS-durante-25-anos-8-731x420.jpg 731w, \/wp-content\/uploads\/sites\/5\/2022\/10\/han-servido-al-IGSS-durante-25-anos-8-300x172.jpg 300w, \/wp-content\/uploads\/sites\/5\/2022\/10\/han-servido-al-IGSS-durante-25-anos-8-768x441.jpg 768w, \/wp-content\/uploads\/sites\/5\/2022\/10\/han-servido-al-IGSS-durante-25-anos-8-1024x588.jpg 1024w, \/wp-content\/uploads\/sites\/5\/2022\/10\/han-servido-al-IGSS-durante-25-anos-8-1536x882.jpg 1536w, \/wp-content\/uploads\/sites\/5\/2022\/10\/han-servido-al-IGSS-durante-25-anos-8-696x400.jpg 696w, \/wp-content\/uploads\/sites\/5\/2022\/10\/han-servido-al-IGSS-durante-25-anos-8-1068x613.jpg 1068w, \/wp-content\/uploads\/sites\/5\/2022\/10\/han-servido-al-IGSS-durante-25-anos-8-534x307.jpg 534w, \/wp-content\/uploads\/sites\/5\/2022\/10\/han-servido-al-IGSS-durante-25-anos-8.jpg 1600w\" sizes=\"(max-width: 731px) 100vw, 731px\" alt=\"\">\r\n                            <\/a>\r\n                            \r\n                        <\/figure>\r\n                    <\/div>\r\n                            <\/div>\r\n                        <\/div>\r\n\r\n                        <div class = \"td-doubleSlider-2\">\r\n                            <div class = \"td-slider\">\r\n                                \r\n                    <div class = \"td-button td-item1\">\r\n                        <div class = \"td-border\"><\/div>\r\n                    <\/div>\r\n                    <div class = \"td-button td-item2\">\r\n                        <div class = \"td-border\"><\/div>\r\n                    <\/div>\r\n                    <div class = \"td-button td-item3\">\r\n                        <div class = \"td-border\"><\/div>\r\n                    <\/div>\r\n                    <div class = \"td-button td-item4\">\r\n                        <div class = \"td-border\"><\/div>\r\n                    <\/div>\r\n                    <div class = \"td-button td-item5\">\r\n                        <div class = \"td-border\"><\/div>\r\n                    <\/div>\r\n                    <div class = \"td-button td-item6\">\r\n                        <div class = \"td-border\"><\/div>\r\n                    <\/div>\r\n                    <div class = \"td-button td-item7\">\r\n                        <div class = \"td-border\"><\/div>\r\n                    <\/div>\r\n                    <div class = \"td-button td-item8\">\r\n                        <div class = \"td-border\"><\/div>\r\n                    <\/div>\r\n                    <div class = \"td-button td-item9\">\r\n                        <div class = \"td-border\"><\/div>\r\n                    <\/div>\r\n                    <div class = \"td-button td-item10\">\r\n                        <div class = \"td-border\"><\/div>\r\n                    <\/div>\r\n                    <div class = \"td-button td-item11\">\r\n                        <div class = \"td-border\"><\/div>\r\n                    <\/div>\r\n                    <div class = \"td-button td-item12\">\r\n                        <div class = \"td-border\"><\/div>\r\n                    <\/div>\r\n                    <div class = \"td-button td-item13\">\r\n                        <div class = \"td-border\"><\/div>\r\n                    <\/div>\r\n                    <div class = \"td-button td-item14\">\r\n                        <div class = \"td-border\"><\/div>\r\n                    <\/div>\r\n                    <div class = \"td-button td-item15\">\r\n                        <div class = \"td-border\"><\/div>\r\n                    <\/div>\r\n                    <div class = \"td-button td-item16\">\r\n                        <div class = \"td-border\"><\/div>\r\n                    <\/div>\r\n                    <div class = \"td-button td-item17\">\r\n                        <div class = \"td-border\"><\/div>\r\n                    <\/div>\r\n                    <div class = \"td-button td-item18\">\r\n                        <div class = \"td-border\"><\/div>\r\n                    <\/div>\r\n                    <div class = \"td-button td-item19\">\r\n                        <div class = \"td-border\"><\/div>\r\n                    <\/div>\r\n                            <\/div>\r\n                        <\/div>\r\n\r\n                    <\/div>\r\n\r\n                <\/div>\r\n                \n","protected":false},"excerpt":{"rendered":"<p>En el marco de la conmemoraci\u00f3n del 76 aniversario de fundaci\u00f3n del IGSS, las autoridades del Instituto entregaron en las Oficinas Centrales el pin de 25 a\u00f1os de trayectoria a 318 trabajadores de diferentes \u00e1reas. En este reconocimiento se destac\u00f3 su vocaci\u00f3n y servicio para el bienestar de los asegurados. Adem\u00e1s del pin, se les [&hellip;]<\/p>\n","protected":false},"author":1961,"featured_media":30993,"comment_status":"closed","ping_status":"closed","sticky":false,"template":"","format":"standard","meta":{"footnotes":""},"categories":[3,15],"tags":[1530,1000],"coauthors":[],"class_list":{"0":"post-30990","1":"post","2":"type-post","3":"status-publish","4":"format-standard","5":"has-post-thumbnail","7":"category-actualidad","8":"category-destacado","9":"tag-76-aniversario-igss","10":"tag-reconocimiento-25-anos-de-servicio"},"_links":{"self":[{"href":"https:\/\/www.igssgt.org\/noticias\/wp-json\/wp\/v2\/posts\/30990","targetHints":{"allow":["GET"]}}],"collection":[{"href":"https:\/\/www.igssgt.org\/noticias\/wp-json\/wp\/v2\/posts"}],"about":[{"href":"https:\/\/www.igssgt.org\/noticias\/wp-json\/wp\/v2\/types\/post"}],"author":[{"embeddable":true,"href":"https:\/\/www.igssgt.org\/noticias\/wp-json\/wp\/v2\/users\/1961"}],"replies":[{"embeddable":true,"href":"https:\/\/www.igssgt.org\/noticias\/wp-json\/wp\/v2\/comments?post=30990"}],"version-history":[{"count":7,"href":"https:\/\/www.igssgt.org\/noticias\/wp-json\/wp\/v2\/posts\/30990\/revisions"}],"predecessor-version":[{"id":31028,"href":"https:\/\/www.igssgt.org\/noticias\/wp-json\/wp\/v2\/posts\/30990\/revisions\/31028"}],"wp:featuredmedia":[{"embeddable":true,"href":"https:\/\/www.igssgt.org\/noticias\/wp-json\/wp\/v2\/media\/30993"}],"wp:attachment":[{"href":"https:\/\/www.igssgt.org\/noticias\/wp-json\/wp\/v2\/media?parent=30990"}],"wp:term":[{"taxonomy":"category","embeddable":true,"href":"https:\/\/www.igssgt.org\/noticias\/wp-json\/wp\/v2\/categories?post=30990"},{"taxonomy":"post_tag","embeddable":true,"href":"https:\/\/www.igssgt.org\/noticias\/wp-json\/wp\/v2\/tags?post=30990"},{"taxonomy":"author","embeddable":true,"href":"https:\/\/www.igssgt.org\/noticias\/wp-json\/wp\/v2\/coauthors?post=30990"}],"curies":[{"name":"wp","href":"https:\/\/api.w.org\/{rel}","templated":true}]}}