{"id":31055,"date":"2022-10-09T09:00:00","date_gmt":"2022-10-09T15:00:00","guid":{"rendered":"https:\/\/www.igssgt.org\/noticias\/?p=31055"},"modified":"2022-10-26T11:23:04","modified_gmt":"2022-10-26T17:23:04","slug":"aviso-el-igss-activa-alerta-amarilla-institucional","status":"publish","type":"post","link":"https:\/\/www.igssgt.org\/noticias\/2022\/10\/09\/aviso-el-igss-activa-alerta-amarilla-institucional\/","title":{"rendered":"Aviso. El IGSS activa Alerta Amarilla Institucional"},"content":{"rendered":"\n<p>Derivado de los acontecimientos clim\u00e1ticos reportados en las \u00faltimas horas producto de la tormenta tropical Julia. Las unidades m\u00e9dicas est\u00e1n en apresto ante los posibles riesgos y emergencias que puedan presentarse.<\/p>\n<p><a href=\"\/wp-content\/uploads\/sites\/5\/2022\/10\/El-IGSS-activa-Alerta-Amarilla-Institucional.jpg\" target=\"_blank\" rel=\"noopener\"><img loading=\"lazy\" decoding=\"async\" class=\"alignnone wp-image-31056 size-full\" src=\"\/wp-content\/uploads\/sites\/5\/2022\/10\/El-IGSS-activa-Alerta-Amarilla-Institucional.jpg\" alt=\"\" width=\"1200\" height=\"907\" srcset=\"\/wp-content\/uploads\/sites\/5\/2022\/10\/El-IGSS-activa-Alerta-Amarilla-Institucional.jpg 1200w, \/wp-content\/uploads\/sites\/5\/2022\/10\/El-IGSS-activa-Alerta-Amarilla-Institucional-300x227.jpg 300w, \/wp-content\/uploads\/sites\/5\/2022\/10\/El-IGSS-activa-Alerta-Amarilla-Institucional-768x580.jpg 768w, \/wp-content\/uploads\/sites\/5\/2022\/10\/El-IGSS-activa-Alerta-Amarilla-Institucional-1024x774.jpg 1024w, \/wp-content\/uploads\/sites\/5\/2022\/10\/El-IGSS-activa-Alerta-Amarilla-Institucional-556x420.jpg 556w, \/wp-content\/uploads\/sites\/5\/2022\/10\/El-IGSS-activa-Alerta-Amarilla-Institucional-80x60.jpg 80w, \/wp-content\/uploads\/sites\/5\/2022\/10\/El-IGSS-activa-Alerta-Amarilla-Institucional-696x526.jpg 696w, \/wp-content\/uploads\/sites\/5\/2022\/10\/El-IGSS-activa-Alerta-Amarilla-Institucional-1068x807.jpg 1068w, \/wp-content\/uploads\/sites\/5\/2022\/10\/El-IGSS-activa-Alerta-Amarilla-Institucional-534x404.jpg 534w\" sizes=\"auto, (max-width: 1200px) 100vw, 1200px\" \/><\/a><\/p>\n","protected":false},"excerpt":{"rendered":"<p>Derivado de los acontecimientos clim\u00e1ticos reportados en las \u00faltimas horas producto de la tormenta tropical Julia. Las unidades m\u00e9dicas est\u00e1n en apresto ante los posibles riesgos y emergencias que puedan presentarse.<\/p>\n","protected":false},"author":1961,"featured_media":31056,"comment_status":"closed","ping_status":"closed","sticky":false,"template":"","format":"standard","meta":{"footnotes":""},"categories":[1413,1417],"tags":[101,1307],"coauthors":[],"class_list":{"0":"post-31055","1":"post","2":"type-post","3":"status-publish","4":"format-standard","5":"has-post-thumbnail","7":"category-avisos-2022","8":"category-avisos-generales-2022","9":"tag-alerta-amarilla","10":"tag-avisos"},"_links":{"self":[{"href":"https:\/\/www.igssgt.org\/noticias\/wp-json\/wp\/v2\/posts\/31055","targetHints":{"allow":["GET"]}}],"collection":[{"href":"https:\/\/www.igssgt.org\/noticias\/wp-json\/wp\/v2\/posts"}],"about":[{"href":"https:\/\/www.igssgt.org\/noticias\/wp-json\/wp\/v2\/types\/post"}],"author":[{"embeddable":true,"href":"https:\/\/www.igssgt.org\/noticias\/wp-json\/wp\/v2\/users\/1961"}],"replies":[{"embeddable":true,"href":"https:\/\/www.igssgt.org\/noticias\/wp-json\/wp\/v2\/comments?post=31055"}],"version-history":[{"count":1,"href":"https:\/\/www.igssgt.org\/noticias\/wp-json\/wp\/v2\/posts\/31055\/revisions"}],"predecessor-version":[{"id":31057,"href":"https:\/\/www.igssgt.org\/noticias\/wp-json\/wp\/v2\/posts\/31055\/revisions\/31057"}],"wp:featuredmedia":[{"embeddable":true,"href":"https:\/\/www.igssgt.org\/noticias\/wp-json\/wp\/v2\/media\/31056"}],"wp:attachment":[{"href":"https:\/\/www.igssgt.org\/noticias\/wp-json\/wp\/v2\/media?parent=31055"}],"wp:term":[{"taxonomy":"category","embeddable":true,"href":"https:\/\/www.igssgt.org\/noticias\/wp-json\/wp\/v2\/categories?post=31055"},{"taxonomy":"post_tag","embeddable":true,"href":"https:\/\/www.igssgt.org\/noticias\/wp-json\/wp\/v2\/tags?post=31055"},{"taxonomy":"author","embeddable":true,"href":"https:\/\/www.igssgt.org\/noticias\/wp-json\/wp\/v2\/coauthors?post=31055"}],"curies":[{"name":"wp","href":"https:\/\/api.w.org\/{rel}","templated":true}]}}