{"id":31157,"date":"2022-11-02T15:49:21","date_gmt":"2022-11-02T21:49:21","guid":{"rendered":"https:\/\/www.igssgt.org\/noticias\/?p=31157"},"modified":"2025-10-03T13:31:21","modified_gmt":"2025-10-03T19:31:21","slug":"viii-cumbre-iberoamericana-de-medicina-familiar-y-comunitaria","status":"publish","type":"post","link":"https:\/\/www.igssgt.org\/noticias\/2022\/11\/02\/viii-cumbre-iberoamericana-de-medicina-familiar-y-comunitaria\/","title":{"rendered":"VIII Cumbre Iberoamericana de Medicina Familiar y Comunitaria"},"content":{"rendered":"\n<p><\/p>\n\n\n\n<div class=\"wp-block-buttons is-layout-flex wp-block-buttons-is-layout-flex\">\n<div class=\"wp-block-button is-style-outline is-style-outline--1\"><a class=\"wp-block-button__link wp-element-button\" href=\"viii-cumbre-iberoamericana-de-medicina-familiar-y-comunitaria\" style=\"border-radius:20px\">Informaci\u00f3n<\/a><\/div>\n\n\n\n<div class=\"wp-block-button is-style-outline is-style-outline--2\"><a class=\"wp-block-button__link wp-element-button\" href=\"https:\/\/www.igssgt.org\/noticias\/2022\/11\/02\/viii-cumbre-iberoamericana-de-medicina-familiar-y-comunitaria-ponencias\/\" style=\"border-radius:20px\">Ponencias<\/a><\/div>\n\n\n\n<div class=\"wp-block-button is-style-outline is-style-outline--3\"><a class=\"wp-block-button__link wp-element-button\" href=\"https:\/\/www.igssgt.org\/noticias\/2022\/11\/02\/viii-cumbre-iberoamericana-de-medicina-familiar-y-comunitaria-imagenes\/\" style=\"border-radius:20px\">Im\u00e1genes<\/a><\/div>\n\n\n\n<div class=\"wp-block-button is-style-outline is-style-outline--4\"><a class=\"wp-block-button__link wp-element-button\" style=\"border-radius:20px\">Notas de Prensa<\/a><\/div>\n<\/div>\n\n\n\n<h3>\u00abMedicina Familiar y Comunitaria, especialidad esencial para la transformaci\u00f3n de los sistemas de salud en el siglo XXI\u00bb\u00a0<\/h3>\n<p>Guatemala, 10 y 11 de noviembre de 2022<\/p>\n<h3>Mensaje del Licenciado Jos\u00e9 Adolfo Flamenco Jau, presidente de la Junta Directiva del IGSS.<\/h3>\n<p><iframe loading=\"lazy\" title=\"Sesi\u00f3n inaugural. Intervenci\u00f3n Lic. Jos\u00e9 Adolfo Flamenco Jau, VIII Cumbre Iberoamericana 2022\" width=\"696\" height=\"392\" src=\"https:\/\/www.youtube.com\/embed\/RA4boJFrMsA?feature=oembed\" frameborder=\"0\" allow=\"accelerometer; autoplay; clipboard-write; encrypted-media; gyroscope; picture-in-picture\" allowfullscreen><\/iframe><\/p>\n<hr \/>\n<h3>Conferencias y paneles:<\/h3>\n<table style=\"border-collapse: collapse;width: 100%;height: 2854px\">\n<tbody>\n<tr style=\"height: 23px\">\n<td style=\"width: 49.762%;background-color: #a3b8d9;height: 23px\">Tema<\/td>\n<td style=\"width: 50.238%;background-color: #a3b8d9;height: 23px\">Conferencista<\/td>\n<\/tr>\n<tr style=\"height: 68px\">\n<td style=\"width: 100%;height: 68px\" colspan=\"2\">\n<p><strong>10 de noviembre<\/strong><\/p>\n<\/td>\n<\/tr>\n<tr style=\"height: 41px\">\n<td style=\"width: 100%;height: 41px;background-color: #dcdcdc;text-align: center\" colspan=\"2\">INAUGURACI\u00d3N<\/td>\n<\/tr>\n<tr style=\"height: 100px\">\n<td style=\"width: 49.762%;height: 100px\">Medicina Familiar y Comunitaria: especialidad esencial para la transformaci\u00f3n de los sistemas de salud en el siglo XXI<\/td>\n<td style=\"width: 50.238%;height: 100px\">\n<p><strong>Dra. Jacqueline Ponzo<\/strong><br \/>Presidenta de Wonca Iberoamericana CIMF<\/p>\n<\/td>\n<\/tr>\n<tr style=\"height: 46px\">\n<td style=\"width: 100%;height: 46px;background-color: #dcdcdc\" colspan=\"2\">Panel de apertura: Experiencia y buenas pr\u00e1cticas de la transformaci\u00f3n de los sistemas de salud a trav\u00e9s de la APS y la MFC:<\/td>\n<\/tr>\n<tr style=\"height: 93px\">\n<td style=\"width: 49.762%;height: 93px;background-color: #dcdcdc\">La especializaci\u00f3n en Medicina Familiar y Comunitaria como requisito para el ejercicio en el primer nivel de atenci\u00f3n en Espa\u00f1a. Relaci\u00f3n entre pol\u00edticas de formaci\u00f3n y sistema de salud.<\/td>\n<td style=\"width: 50.238%;height: 93px;background-color: #dcdcdc\"><strong>Dra. Ver\u00f3nica Casado<\/strong><br \/>Presidenta de la Academia de M\u00e9dicos de Familia de Espa\u00f1a, Sociedad Espa\u00f1ola de Medicina Familiar y Comunitaria, Semfyc.<\/td>\n<\/tr>\n<tr style=\"height: 133px\">\n<td style=\"width: 49.762%;height: 133px;background-color: #dcdcdc\">\n<p>Influencia de la Medicina Familiar y Comunitaria en la implementaci\u00f3n del Sistema \u00danico de Salud en Brasil. Logros y dificultades.<\/p>\n<\/td>\n<td style=\"width: 50.238%;height: 133px;background-color: #dcdcdc\">\n<p><strong>Dra. Zeliete Zambon<\/strong><br \/>Presidenta de la Sociedad Brasile\u00f1a de Medicina de Familia y Comunidad.<\/p>\n<\/td>\n<\/tr>\n<tr style=\"height: 118px\">\n<td style=\"width: 49.762%;height: 118px;background-color: #dcdcdc\">Articulaci\u00f3n de APS y RISS en contexto de diversidad cultural. La experiencia de Per\u00fa<\/td>\n<td style=\"width: 50.238%;height: 118px;background-color: #dcdcdc\">\n<p><strong>Dra. Rosa Villanueva<\/strong><\/p>\n<p>Vice presidenta CIMF Pa\u00edses Andinos.<\/p>\n<\/td>\n<\/tr>\n<tr>\n<td style=\"width: 49.762%;background-color: #dcdcdc\">Panel de discusi\u00f3n coordinado por: <strong>MSPAS<\/strong><\/td>\n<td style=\"width: 50.238%;background-color: #dcdcdc\">\n<p><strong>\u00a0<\/strong><\/p>\n<\/td>\n<\/tr>\n<tr style=\"height: 298px\">\n<td style=\"width: 49.762%;height: 298px\"><strong>PANEL:<\/strong> 20 a\u00f1os de Cumbres de Medicina Familiar \/ Medicina Familiar y Comunitaria en Iberoam\u00e9rica: Lecciones aprendidas y recomendaciones vigentes<\/td>\n<td style=\"width: 50.238%;height: 298px\">\n<p>Comit\u00e9 Especial Ex presidentes de Cumbres anteriores:<\/p>\n<p><strong>Dr<\/strong><strong>. Wesley Smith<\/strong> (Paraguay)<\/p>\n<p><strong>Dra. <\/strong><strong>Liliana Arias <\/strong>(Colombia)<\/p>\n<p><strong>Dr. Thomas Meo\u00f1o<\/strong> (Costa Rica)<\/p>\nCoordina: <strong>Dra.<\/strong> <strong>Dor<\/strong><strong>a Berna<\/strong>l, presidenta electa de WONCA Iberoamericana CIMF<\/td>\n<\/tr>\n<tr style=\"height: 68px\">\n<td style=\"width: 100%;height: 68px;background-color: #dcdcdc\" colspan=\"2\">\n<p><strong>11 de noviembre<\/strong><\/p>\n<\/td>\n<\/tr>\n<tr style=\"height: 266px\">\n<td style=\"width: 49.762%;height: 266px\"><strong>PANEL POL\u00cdTICO: <\/strong>\u00abTransformaci\u00f3n del Sistema de Salud de Guatemala\u00bb<\/td>\n<td style=\"width: 50.238%;height: 266px\">\n<p><strong>Dr. Francisco Coma<\/strong> &#8211; Ministro de Salud P\u00fablica y Asistencia Social<\/p>\n<p><strong>Lic. Jos\u00e9 Flamenco Jau<\/strong> &#8211; Presidente de Junta Directiva IGSS<\/p>\n<p>Moderador<strong>: Dr. Gerardo Alfaro<\/strong> &#8211; Representante de OPS en Guatemala<\/p>\n<\/td>\n<\/tr>\n<tr style=\"height: 183px\">\n<td style=\"width: 49.762%;height: 183px;background-color: #dcdcdc\"><strong>CONFERENCIA: <\/strong>Lecciones aprendidas a nivel mundial para la mejor implementaci\u00f3n de la MFC en los sistemas de salud<\/td>\n<td style=\"width: 50.238%;height: 183px;background-color: #dcdcdc\">\n<p><strong>Dra. Anna Stavdal &#8211; <\/strong>Presidenta de Wonca World.<\/p>\n<p>Coordina: <strong>Dra. Gabriela Di Croce<\/strong>, representante regional de residentes y j\u00f3venes especialistas, Movimiento Waynakay.<\/p>\n<\/td>\n<\/tr>\n<tr style=\"height: 381px\">\n<td style=\"width: 49.762%;height: 381px\">\n<p><strong>MESA REDONDA: <\/strong>Sostenibilidad de la estrategia o modelo de atenci\u00f3n basado en MFC m\u00e1s all\u00e1 de los cambios de gobierno. Recomendaciones para Guatemala.<\/p>\n<\/td>\n<td style=\"width: 50.238%;height: 381px\">\n<p><strong>Dra. <\/strong><strong>Roxana Sep\u00falveda Morales,<\/strong> presidenta Sociedad Chilena de Medicina Familiar.\u00a0<\/p>\n<p><strong>Dr. Otto Hamann Echeverri<\/strong>, presidente Sociedad Colombiana de Medicina Familiar.<\/p>\n<p><strong>Dr. Francisco Javier Ortiz Vargas, <\/strong>presidente de la Asociaci\u00f3n Costarricense de especialistas en Medicina familiar y comunitaria.\u00a0<\/p>\n<p>Coordinaci\u00f3n y s\u00edntesis:<strong> Dra. Sandra Fraifer, consultora OPS.<br \/><\/strong><\/p>\n<\/td>\n<\/tr>\n<tr style=\"height: 151px\">\n<td style=\"width: 100%;height: 151px;background-color: #dcdcdc\" colspan=\"2\">\n<p><strong>PANEL:<\/strong> Implementaci\u00f3n adecuada y eficiente de la Medicina Familiar: \u201c\u00bfC\u00f3mo compensar los 50 a\u00f1os de rezago en Guatemala?\u201d<\/p>\n<\/td>\n<\/tr>\n<tr style=\"height: 100px\">\n<td style=\"width: 49.762%;height: 100px;background-color: #dcdcdc\">Reorientaci\u00f3n de los M\u00e9dicos Generales a M\u00e9dicos Familiares &#8211; La experiencia de M\u00e9xico<\/td>\n<td style=\"width: 50.238%;height: 100px;background-color: #dcdcdc\">\n<p><strong>Dr. Octavio Pons,<\/strong> Universidad Nacional Aut\u00f3noma de M\u00e9xico, Consejo Mexicano de Certificaci\u00f3n.<\/p>\n<\/td>\n<\/tr>\n<tr style=\"height: 68px\">\n<td style=\"width: 49.762%;height: 68px;background-color: #dcdcdc\">\n<p>La residencia de MFYC como camino de transformaci\u00f3n en Rep\u00fablica Dominicana<\/p>\n<\/td>\n<td style=\"width: 50.238%;height: 68px;background-color: #dcdcdc\">\n<p><strong>Dra. Francisca Moronta,<\/strong> Presidenta de la Sociedad Dominicana de Medicina Familiar y Comunitaria.<\/p>\n<\/td>\n<\/tr>\n<tr style=\"height: 68px\">\n<td style=\"width: 49.762%;height: 68px;background-color: #dcdcdc\">\n<p>Integraci\u00f3n docente-asistencial a nivel comunitario. La experiencia de Uruguay<\/p>\n<\/td>\n<td style=\"width: 50.238%;height: 68px;background-color: #dcdcdc\">\n<p><strong>Dra. Marcela Cuadrado,<\/strong> vicepresidenta CIMF Cono Sur.<\/p>\n<\/td>\n<\/tr>\n<tr style=\"height: 100px\">\n<td style=\"width: 49.762%;background-color: #dcdcdc;height: 100px\">\n<p>La importancia de planificar la sostenibilidad del modelo. Lecciones aprendidas en Espa\u00f1a<\/p>\n<\/td>\n<td style=\"width: 50.238%;background-color: #dcdcdc;height: 100px\">\n<p><strong>Dra. Mar\u00eda Fern\u00e1ndez Garc\u00eda,<\/strong> vicepresidenta CIMF Pa\u00edses Ib\u00e9ricos.<\/p>\n<\/td>\n<\/tr>\n<tr style=\"height: 100px\">\n<td style=\"width: 49.762%;background-color: #dcdcdc;height: 100px\">\n<p>El posgrado nacional en Ecuador para el aumento de especialistas<\/p>\n<\/td>\n<td style=\"width: 50.238%;background-color: #dcdcdc;height: 100px\">\n<p><strong>Dra. Carmen Cabezas,<\/strong> Pontificia Universidad Cat\u00f3lica de Ecuador<\/p>\n<\/td>\n<\/tr>\n<tr style=\"height: 100px\">\n<td style=\"width: 49.762%;background-color: #dcdcdc;height: 100px\">\n<p>Coordinaci\u00f3n y s\u00edntesis de recomendaciones para Guatemala<\/p>\n<\/td>\n<td style=\"width: 50.238%;background-color: #dcdcdc;height: 100px\">\n<p><strong>Dra. Karin Kopitowski,<\/strong> Presidente de la Federaci\u00f3n Argentina de Medicina Familiar y General<\/p>\n<\/td>\n<\/tr>\n<tr style=\"height: 349px\">\n<td style=\"width: 49.762%;height: 349px\">\n<p>Presentaciones grupos de trabajo.<\/p>\n<p>Conclusiones y recomendaciones de la VIII Cumbre.<\/p>\n<\/td>\n<td style=\"width: 50.238%;height: 349px\">\n<p><strong>PANEL 1: <\/strong>Actualizaci\u00f3n del perfil del m\u00e9dico de familia y comunidad (MFC) (competencias y habilidades esenciales del MFC)<\/p>\n<p><strong>PANEL 2: <\/strong>Certificaci\u00f3n en la MFC\u00a0<\/p>\n<p><strong>PANEL 3: <\/strong>Condiciones de trabajo del MFC<\/p>\n<p><strong>PANEL 4: <\/strong>Aportes de la MFC en la transformaci\u00f3n de los sistemas de salud y su capacidad de respuesta ante emergencias (COVID y otras)<\/p>\n<\/td>\n<\/tr>\n<tr>\n<td style=\"width: 49.762%\" colspan=\"2\">\n<p style=\"text-align: center\"><strong>CLAUSURA DE LA CUMBRE<\/strong><\/p>\n<\/td>\n<\/tr>\n<\/tbody>\n<\/table>\n<p style=\"text-align: center\">\u00a0<\/p>\n","protected":false},"excerpt":{"rendered":"<p>Medicina Familiar y Comunitaria, especialidad esencial para la transformaci\u00f3n de los sistemas de salud en el siglo XXI.<br \/>\nGuatemala, 10 y 11 de noviembre de 2022.<br \/>\nEvento via Zoom. Inscripci\u00f3n gratuita. Se entregar\u00e1 constancia de participaci\u00f3n.<\/p>\n","protected":false},"author":4,"featured_media":31174,"comment_status":"closed","ping_status":"closed","sticky":false,"template":"","format":"standard","meta":{"footnotes":""},"categories":[3,15,17,2427],"tags":[1533],"coauthors":[],"class_list":{"0":"post-31157","1":"post","2":"type-post","3":"status-publish","4":"format-standard","5":"has-post-thumbnail","7":"category-actualidad","8":"category-destacado","9":"category-formacion-y-desarrollo","10":"category-medicina-familiar-y-comunitaria","11":"tag-medicina-familiar-y-comunitaria"},"_links":{"self":[{"href":"https:\/\/www.igssgt.org\/noticias\/wp-json\/wp\/v2\/posts\/31157","targetHints":{"allow":["GET"]}}],"collection":[{"href":"https:\/\/www.igssgt.org\/noticias\/wp-json\/wp\/v2\/posts"}],"about":[{"href":"https:\/\/www.igssgt.org\/noticias\/wp-json\/wp\/v2\/types\/post"}],"author":[{"embeddable":true,"href":"https:\/\/www.igssgt.org\/noticias\/wp-json\/wp\/v2\/users\/4"}],"replies":[{"embeddable":true,"href":"https:\/\/www.igssgt.org\/noticias\/wp-json\/wp\/v2\/comments?post=31157"}],"version-history":[{"count":31,"href":"https:\/\/www.igssgt.org\/noticias\/wp-json\/wp\/v2\/posts\/31157\/revisions"}],"predecessor-version":[{"id":50934,"href":"https:\/\/www.igssgt.org\/noticias\/wp-json\/wp\/v2\/posts\/31157\/revisions\/50934"}],"wp:featuredmedia":[{"embeddable":true,"href":"https:\/\/www.igssgt.org\/noticias\/wp-json\/wp\/v2\/media\/31174"}],"wp:attachment":[{"href":"https:\/\/www.igssgt.org\/noticias\/wp-json\/wp\/v2\/media?parent=31157"}],"wp:term":[{"taxonomy":"category","embeddable":true,"href":"https:\/\/www.igssgt.org\/noticias\/wp-json\/wp\/v2\/categories?post=31157"},{"taxonomy":"post_tag","embeddable":true,"href":"https:\/\/www.igssgt.org\/noticias\/wp-json\/wp\/v2\/tags?post=31157"},{"taxonomy":"author","embeddable":true,"href":"https:\/\/www.igssgt.org\/noticias\/wp-json\/wp\/v2\/coauthors?post=31157"}],"curies":[{"name":"wp","href":"https:\/\/api.w.org\/{rel}","templated":true}]}}