{"id":31406,"date":"2022-11-11T16:00:00","date_gmt":"2022-11-11T22:00:00","guid":{"rendered":"https:\/\/www.igssgt.org\/noticias\/?p=31406"},"modified":"2022-11-11T18:43:00","modified_gmt":"2022-11-12T00:43:00","slug":"el-instituto-guatemalteco-de-seguridad-social-a-sus-afiliados-y-derechohabientes-informa","status":"publish","type":"post","link":"https:\/\/www.igssgt.org\/noticias\/2022\/11\/11\/el-instituto-guatemalteco-de-seguridad-social-a-sus-afiliados-y-derechohabientes-informa\/","title":{"rendered":"El Instituto Guatemalteco de Seguridad Social a sus afiliados y derechohabientes INFORMA"},"content":{"rendered":"\n<p class=\"has-drop-cap\">El Instituto Guatemalteco de Seguridad Social (IGSS), notific\u00f3 el 27 de septiembre de 2022 una resoluci\u00f3n, la cual fue objeto de apelacion por el afiliado, quien se present\u00f3 este 11 de noviembre a las instalaciones de la Subgerencia de Prestaciones Pecuniarias en donde manifest\u00f3 que: el Instituto le ha provisto de tratamientos m\u00e9dicos y de rehabilitaci\u00f3n, as\u00ed como pr\u00f3tesis para que pueda llevar una vida activa dentro de la sociedad. Sin embargo, se mostr\u00f3 inconforme con respecto a la denegatoria de la solicitud de pensi\u00f3n por invalidez total para el trabajo.<\/p>\n\n\n<figure id=\"attachment_31408\" aria-describedby=\"caption-attachment-31408\" style=\"width: 462px\" class=\"wp-caption alignright\"><a href=\"\/wp-content\/uploads\/sites\/5\/2022\/11\/Comunicado-11-de-nov.jpg\" target=\"_blank\" rel=\"noopener\"><img loading=\"lazy\" decoding=\"async\" class=\"wp-image-31408\" src=\"\/wp-content\/uploads\/sites\/5\/2022\/11\/Comunicado-11-de-nov.jpg\" alt=\"\" width=\"462\" height=\"600\" srcset=\"\/wp-content\/uploads\/sites\/5\/2022\/11\/Comunicado-11-de-nov.jpg 986w, \/wp-content\/uploads\/sites\/5\/2022\/11\/Comunicado-11-de-nov-231x300.jpg 231w, \/wp-content\/uploads\/sites\/5\/2022\/11\/Comunicado-11-de-nov-768x997.jpg 768w, \/wp-content\/uploads\/sites\/5\/2022\/11\/Comunicado-11-de-nov-789x1024.jpg 789w, \/wp-content\/uploads\/sites\/5\/2022\/11\/Comunicado-11-de-nov-324x420.jpg 324w, \/wp-content\/uploads\/sites\/5\/2022\/11\/Comunicado-11-de-nov-696x904.jpg 696w, \/wp-content\/uploads\/sites\/5\/2022\/11\/Comunicado-11-de-nov-356x462.jpg 356w\" sizes=\"auto, (max-width: 462px) 100vw, 462px\" \/><\/a><figcaption id=\"caption-attachment-31408\" class=\"wp-caption-text\">Haga clic para descargar el comunicado.<\/figcaption><\/figure>\n<p>En el proceso de apelaci\u00f3n, los casos pueden ser sujetos de reevaluaci\u00f3n en el departamento especializado del Instituto, el cual estudia la evoluci\u00f3n en el tratamiento del afiliado y el grado de discapacidad, de acuerdo con las condiciones establecidas en los reglamentos Institucionales, los cuales se basan en normas y est\u00e1ndares internacionales de valoraci\u00f3n de la discapacidad.<\/p>\n<p>Los casos por tr\u00e1mite de invalidez total o parcial se realizan en el marco de la normativa Institucional y legal seg\u00fan el Acuerdo No.1124 de Junta Directiva del Instituto, \u201cReglamento Sobre Protecci\u00f3n Relativa a Invalidez, Vejez y Sobrevivencia\u201d y Acuerdo No. 1404 \u201cBaremo para la calificaci\u00f3n del grado de deficiencia, discapacidad e invalidez\u201d Este \u00faltimo, es un instrumento en el que se establecen los par\u00e1metros para la evaluaci\u00f3n de las consecuencias de la enfermedad o accidente, de acuerdo con el modelo propuesto por la Clasificaci\u00f3n Internacional de Deficiencias, Discapacidades y Minusval\u00edas de la Organizaci\u00f3n Mundial de la Salud (OMS).<\/p>\n<p>El IGSS recibe las solicitudes de pensi\u00f3n y en tanto se eval\u00faan los casos, los afiliados contin\u00faan con los tratamientos m\u00e9dicos y de rehabilitaci\u00f3n debida.<\/p>\n<p>El Instituto Guatemalteco de Seguridad Social ratifica su compromiso de continuar protegiendo a la poblaci\u00f3n afiliada, cumpliendo con la normativa y reglamentos relativos a la Seguridad Social de manera transparentes.<\/p>\n<p>Guatemala, 2022<\/p>","protected":false},"excerpt":{"rendered":"<p>El Instituto Guatemalteco de Seguridad Social (IGSS), notific\u00f3 el 27 de septiembre de 2022 una resoluci\u00f3n, la cual fue objeto de apelacion por el afiliado, quien se present\u00f3 este 11 de noviembre a las instalaciones de la Subgerencia de Prestaciones Pecuniarias en donde manifest\u00f3 que: el Instituto le ha provisto de tratamientos m\u00e9dicos y de [&hellip;]<\/p>\n","protected":false},"author":1961,"featured_media":31411,"comment_status":"closed","ping_status":"closed","sticky":false,"template":"","format":"standard","meta":{"footnotes":""},"categories":[3,13],"tags":[193,194],"coauthors":[],"class_list":{"0":"post-31406","1":"post","2":"type-post","3":"status-publish","4":"format-standard","5":"has-post-thumbnail","7":"category-actualidad","8":"category-comunicados-de-prensa","9":"tag-comunicado-de-prensa","10":"tag-comunicados"},"_links":{"self":[{"href":"https:\/\/www.igssgt.org\/noticias\/wp-json\/wp\/v2\/posts\/31406","targetHints":{"allow":["GET"]}}],"collection":[{"href":"https:\/\/www.igssgt.org\/noticias\/wp-json\/wp\/v2\/posts"}],"about":[{"href":"https:\/\/www.igssgt.org\/noticias\/wp-json\/wp\/v2\/types\/post"}],"author":[{"embeddable":true,"href":"https:\/\/www.igssgt.org\/noticias\/wp-json\/wp\/v2\/users\/1961"}],"replies":[{"embeddable":true,"href":"https:\/\/www.igssgt.org\/noticias\/wp-json\/wp\/v2\/comments?post=31406"}],"version-history":[{"count":4,"href":"https:\/\/www.igssgt.org\/noticias\/wp-json\/wp\/v2\/posts\/31406\/revisions"}],"predecessor-version":[{"id":31412,"href":"https:\/\/www.igssgt.org\/noticias\/wp-json\/wp\/v2\/posts\/31406\/revisions\/31412"}],"wp:featuredmedia":[{"embeddable":true,"href":"https:\/\/www.igssgt.org\/noticias\/wp-json\/wp\/v2\/media\/31411"}],"wp:attachment":[{"href":"https:\/\/www.igssgt.org\/noticias\/wp-json\/wp\/v2\/media?parent=31406"}],"wp:term":[{"taxonomy":"category","embeddable":true,"href":"https:\/\/www.igssgt.org\/noticias\/wp-json\/wp\/v2\/categories?post=31406"},{"taxonomy":"post_tag","embeddable":true,"href":"https:\/\/www.igssgt.org\/noticias\/wp-json\/wp\/v2\/tags?post=31406"},{"taxonomy":"author","embeddable":true,"href":"https:\/\/www.igssgt.org\/noticias\/wp-json\/wp\/v2\/coauthors?post=31406"}],"curies":[{"name":"wp","href":"https:\/\/api.w.org\/{rel}","templated":true}]}}