{"id":31573,"date":"2022-11-16T17:43:12","date_gmt":"2022-11-16T23:43:12","guid":{"rendered":"https:\/\/www.igssgt.org\/noticias\/?p=31573"},"modified":"2022-11-16T18:08:25","modified_gmt":"2022-11-17T00:08:25","slug":"se-graduan-71-auxiliares-de-enfermeria","status":"publish","type":"post","link":"https:\/\/www.igssgt.org\/noticias\/2022\/11\/16\/se-graduan-71-auxiliares-de-enfermeria\/","title":{"rendered":"Se grad\u00faan 71 auxiliares de enfermer\u00eda"},"content":{"rendered":"\n<p class=\"has-drop-cap\">Un total de 71 estudiantes que integran la promoci\u00f3n 71 de la Escuela de Auxiliares de Enfermer\u00eda, del Departamento de Capacitaci\u00f3n y Desarrollo del IGSS, se graduaron durante un acto celebrado en el auditorio Autonom\u00eda del Instituto Guatemalteco de Seguridad Social.<\/p>\n\n\n<p><a href=\"\/wp-content\/uploads\/sites\/5\/2022\/11\/71-auxiliares-de-enfermeria-3.jpg\" target=\"_blank\" rel=\"noopener\"><img loading=\"lazy\" decoding=\"async\" class=\"alignnone wp-image-31580 size-full\" src=\"\/wp-content\/uploads\/sites\/5\/2022\/11\/71-auxiliares-de-enfermeria-3.jpg\" alt=\"\" width=\"1280\" height=\"853\" srcset=\"\/wp-content\/uploads\/sites\/5\/2022\/11\/71-auxiliares-de-enfermeria-3.jpg 1280w, \/wp-content\/uploads\/sites\/5\/2022\/11\/71-auxiliares-de-enfermeria-3-300x200.jpg 300w, \/wp-content\/uploads\/sites\/5\/2022\/11\/71-auxiliares-de-enfermeria-3-768x512.jpg 768w, \/wp-content\/uploads\/sites\/5\/2022\/11\/71-auxiliares-de-enfermeria-3-1024x682.jpg 1024w, \/wp-content\/uploads\/sites\/5\/2022\/11\/71-auxiliares-de-enfermeria-3-630x420.jpg 630w, \/wp-content\/uploads\/sites\/5\/2022\/11\/71-auxiliares-de-enfermeria-3-696x464.jpg 696w, \/wp-content\/uploads\/sites\/5\/2022\/11\/71-auxiliares-de-enfermeria-3-1068x712.jpg 1068w, \/wp-content\/uploads\/sites\/5\/2022\/11\/71-auxiliares-de-enfermeria-3-534x356.jpg 534w\" sizes=\"auto, (max-width: 1280px) 100vw, 1280px\" \/><\/a><\/p>\n<p>Los graduados, entre ellos seis hombres, juraron servir y proteger fielmente a los pacientes que est\u00e9n a su cuidado, respetar la vida humana y mantener siempre un trato humanizado para los enfermos.<\/p>\n<blockquote>\n<p>Una vez m\u00e1s logramos la meta de dar a la sociedad otra promoci\u00f3n del Curso Formativo de Auxiliares de Enfermer\u00eda.<\/p>\n<\/blockquote>\n<p>\u201cLos nuevos auxiliares descubrieron su verdadera vocaci\u00f3n, todos recibieron una formaci\u00f3n de calidad e integral, as\u00ed como humanizada\u201d, resalt\u00f3 el subgerente en Prestaciones en Salud del IGSS, doctor Francisco Javier G\u00f3dinez.<\/p>\n<p><a href=\"\/wp-content\/uploads\/sites\/5\/2022\/11\/71-auxiliares-de-enfermeria-5.jpg\" target=\"_blank\" rel=\"noopener\"><img loading=\"lazy\" decoding=\"async\" class=\"alignnone wp-image-31582 size-full\" src=\"\/wp-content\/uploads\/sites\/5\/2022\/11\/71-auxiliares-de-enfermeria-5.jpg\" alt=\"\" width=\"1196\" height=\"780\" srcset=\"\/wp-content\/uploads\/sites\/5\/2022\/11\/71-auxiliares-de-enfermeria-5.jpg 1196w, \/wp-content\/uploads\/sites\/5\/2022\/11\/71-auxiliares-de-enfermeria-5-300x196.jpg 300w, \/wp-content\/uploads\/sites\/5\/2022\/11\/71-auxiliares-de-enfermeria-5-768x501.jpg 768w, \/wp-content\/uploads\/sites\/5\/2022\/11\/71-auxiliares-de-enfermeria-5-1024x668.jpg 1024w, \/wp-content\/uploads\/sites\/5\/2022\/11\/71-auxiliares-de-enfermeria-5-644x420.jpg 644w, \/wp-content\/uploads\/sites\/5\/2022\/11\/71-auxiliares-de-enfermeria-5-696x454.jpg 696w, \/wp-content\/uploads\/sites\/5\/2022\/11\/71-auxiliares-de-enfermeria-5-1068x697.jpg 1068w, \/wp-content\/uploads\/sites\/5\/2022\/11\/71-auxiliares-de-enfermeria-5-534x348.jpg 534w\" sizes=\"auto, (max-width: 1196px) 100vw, 1196px\" \/><\/a><\/p>\n<p>Durante el acto de clausura fueron condecorados los estudiantes Graciela Aguilar Tom\u00e1s, Sindy Mendoza, Wendy Ord\u00f3\u00f1ez, Mar\u00eda G\u00f3mez, Ingrid Cifuentes y Estefany Garc\u00eda, quienes recibieron un diploma por alto rendimiento.<\/p>\n<p>\u201cUna vez m\u00e1s logramos la meta de dar a la sociedad otra promoci\u00f3n del Curso Formativo de Auxiliares de Enfermer\u00eda, ellos est\u00e1n preparados para este nuevo reto, cuentan con habilidades, aptitudes y tienen disposici\u00f3n en la atenci\u00f3n a los pacientes\u201d, expres\u00f3 la M.Sc. Z\u00e1mara Johana Vel\u00e1squez, subgerente de Recursos Humanos del IGSS.<\/p>\n<p><a href=\"\/wp-content\/uploads\/sites\/5\/2022\/11\/71-auxiliares-de-enfermeria-2.jpg\" target=\"_blank\" rel=\"noopener\"><img loading=\"lazy\" decoding=\"async\" class=\"alignnone wp-image-31579 size-full\" src=\"\/wp-content\/uploads\/sites\/5\/2022\/11\/71-auxiliares-de-enfermeria-2.jpg\" alt=\"\" width=\"1060\" height=\"748\" srcset=\"\/wp-content\/uploads\/sites\/5\/2022\/11\/71-auxiliares-de-enfermeria-2.jpg 1060w, \/wp-content\/uploads\/sites\/5\/2022\/11\/71-auxiliares-de-enfermeria-2-300x212.jpg 300w, \/wp-content\/uploads\/sites\/5\/2022\/11\/71-auxiliares-de-enfermeria-2-768x542.jpg 768w, \/wp-content\/uploads\/sites\/5\/2022\/11\/71-auxiliares-de-enfermeria-2-1024x723.jpg 1024w, \/wp-content\/uploads\/sites\/5\/2022\/11\/71-auxiliares-de-enfermeria-2-595x420.jpg 595w, \/wp-content\/uploads\/sites\/5\/2022\/11\/71-auxiliares-de-enfermeria-2-696x491.jpg 696w, \/wp-content\/uploads\/sites\/5\/2022\/11\/71-auxiliares-de-enfermeria-2-100x70.jpg 100w, \/wp-content\/uploads\/sites\/5\/2022\/11\/71-auxiliares-de-enfermeria-2-534x377.jpg 534w\" sizes=\"auto, (max-width: 1060px) 100vw, 1060px\" \/><\/a><\/p>\n<h3><strong>Once meses de formaci\u00f3n<\/strong><\/h3>\n<p>La preparaci\u00f3n que recibieron fue te\u00f3rica y pr\u00e1ctica, los auxiliares de enfermer\u00eda est\u00e1n capacitados en todas las \u00e1reas hospitalarias. El p\u00e9nsum contempla en la primera fase una especializaci\u00f3n en la atenci\u00f3n de pacientes en situaci\u00f3n m\u00e9dico quir\u00fargica, servicios de cirug\u00eda, medicina, sala de operaciones y en las salas de intensivos.<\/p>\n<p>Durante la segunda fase se capacitaron en la atenci\u00f3n materno infantil, van a los hospitales de gineco obstetricia y pediatr\u00eda. Atienden casos en labor y partos, y son asignados a otras \u00e1reas como consulta externa, emergencia y encamamiento, precis\u00f3 la licenciada Jeanette Rodr\u00edguez, directora de la Escuela de Enfermer\u00eda.<\/p>\n<p>El curso es avalado por el Ministerio de Salud P\u00fablica y Asistencia Social. El proceso de selecci\u00f3n incluye varias pruebas y las clases se imparten de lunes a viernes de 7:00 a 15:00 horas.<\/p>\n<p><iframe loading=\"lazy\" title=\"Graduaci\u00f3n de la LXXI Promoci\u00f3n 2022 del Curso Formativo de Auxiliares de Enfermer\u00eda\" width=\"696\" height=\"392\" src=\"https:\/\/www.youtube.com\/embed\/mfUhmjO1EPI?feature=oembed\" frameborder=\"0\" allow=\"accelerometer; autoplay; clipboard-write; encrypted-media; gyroscope; picture-in-picture\" allowfullscreen><\/iframe><\/p>","protected":false},"excerpt":{"rendered":"<p>Un total de 71 estudiantes que integran la promoci\u00f3n 71 de la Escuela de Auxiliares de Enfermer\u00eda, del Departamento de Capacitaci\u00f3n y Desarrollo del IGSS, se graduaron durante un acto celebrado en el auditorio Autonom\u00eda del Instituto Guatemalteco de Seguridad Social. Los graduados, entre ellos seis hombres, juraron servir y proteger fielmente a los pacientes [&hellip;]<\/p>\n","protected":false},"author":1961,"featured_media":31581,"comment_status":"closed","ping_status":"closed","sticky":false,"template":"","format":"standard","meta":{"footnotes":""},"categories":[3],"tags":[130,407,416],"coauthors":[],"class_list":{"0":"post-31573","1":"post","2":"type-post","3":"status-publish","4":"format-standard","5":"has-post-thumbnail","7":"category-actualidad","8":"tag-auxiliares-de-enfermeria","9":"tag-enfermeria-igss","10":"tag-escuela-de-auxiliares-de-enfermeria-del-igss"},"_links":{"self":[{"href":"https:\/\/www.igssgt.org\/noticias\/wp-json\/wp\/v2\/posts\/31573","targetHints":{"allow":["GET"]}}],"collection":[{"href":"https:\/\/www.igssgt.org\/noticias\/wp-json\/wp\/v2\/posts"}],"about":[{"href":"https:\/\/www.igssgt.org\/noticias\/wp-json\/wp\/v2\/types\/post"}],"author":[{"embeddable":true,"href":"https:\/\/www.igssgt.org\/noticias\/wp-json\/wp\/v2\/users\/1961"}],"replies":[{"embeddable":true,"href":"https:\/\/www.igssgt.org\/noticias\/wp-json\/wp\/v2\/comments?post=31573"}],"version-history":[{"count":9,"href":"https:\/\/www.igssgt.org\/noticias\/wp-json\/wp\/v2\/posts\/31573\/revisions"}],"predecessor-version":[{"id":31632,"href":"https:\/\/www.igssgt.org\/noticias\/wp-json\/wp\/v2\/posts\/31573\/revisions\/31632"}],"wp:featuredmedia":[{"embeddable":true,"href":"https:\/\/www.igssgt.org\/noticias\/wp-json\/wp\/v2\/media\/31581"}],"wp:attachment":[{"href":"https:\/\/www.igssgt.org\/noticias\/wp-json\/wp\/v2\/media?parent=31573"}],"wp:term":[{"taxonomy":"category","embeddable":true,"href":"https:\/\/www.igssgt.org\/noticias\/wp-json\/wp\/v2\/categories?post=31573"},{"taxonomy":"post_tag","embeddable":true,"href":"https:\/\/www.igssgt.org\/noticias\/wp-json\/wp\/v2\/tags?post=31573"},{"taxonomy":"author","embeddable":true,"href":"https:\/\/www.igssgt.org\/noticias\/wp-json\/wp\/v2\/coauthors?post=31573"}],"curies":[{"name":"wp","href":"https:\/\/api.w.org\/{rel}","templated":true}]}}