{"id":31688,"date":"2022-11-21T16:00:31","date_gmt":"2022-11-21T22:00:31","guid":{"rendered":"https:\/\/www.igssgt.org\/noticias\/?p=31688"},"modified":"2022-11-21T16:03:05","modified_gmt":"2022-11-21T22:03:05","slug":"reconocimiento-trabajador-destacado-del-ano-2022","status":"publish","type":"post","link":"https:\/\/www.igssgt.org\/noticias\/2022\/11\/21\/reconocimiento-trabajador-destacado-del-ano-2022\/","title":{"rendered":"Reconocimiento Trabajador Destacado del A\u00f1o 2022"},"content":{"rendered":"\n<p class=\"has-drop-cap\">M\u00e1s de 60 trabajadores del Hospital General de Enfermedades (HGE) fueron homenajeados con el diploma \u201cTrabajador Destacado del A\u00f1o 2022\u201d, el cual fue entregado por autoridades de esta unidad durante emotivo acto realizado recientemente.<\/p>\n\n\n\n<p class=\"p1\">Entre las personas distinguidas se encuentran m\u00e9dicos, qu\u00edmicos bi\u00f3logos, nutricionistas, as\u00ed como personal de enfermer\u00eda, administrativo, servicios de apoyo y de otras \u00e1reas que a diario contribuyen en la atenci\u00f3n de los pacientes.<\/p>\n<blockquote>\n<p>M\u00e1s de 60 trabajadores del Hospital General de Enfermedades (HGE) fueron homenajeados con el diploma \u201cTrabajador Destacado del A\u00f1o 2022\u201d<\/p>\n<\/blockquote>\n<p class=\"p1\">\u201cLa entrega de estos reconocimientos ha sido una iniciativa de la direcci\u00f3n del hospital para distinguir la entrega y la pasi\u00f3n con la que trabajadores de las diferentes \u00e1reas realizan sus labores para llevar alivio y esperanza a los enfermos que reciben atenci\u00f3n m\u00e9dica en este centro asistencial el cual es de referencia nacional\u00bb, dijo el doctor Erick Roberto Soto Sol\u00eds, Subdirector M\u00e9dico del HGE.<\/p>\n<p class=\"p1\">Este es el tercer a\u00f1o que de forma consecutiva se realiza este evento, como parte del Plan Estrat\u00e9gico Institucional que favorece la calidad y la excelencia del servicio.<\/p>\n\n\n\n\r\n                <style type=\"text\/css\">\r\n                    \r\n                    #tdi_1  .td-doubleSlider-2 .td-item1 {\r\n                        background: url(\/wp-content\/uploads\/sites\/5\/2022\/11\/Reconocimiento-Trabajador-Destacado-del-Ano-2022-5-80x60.jpg) 0 0 no-repeat;\r\n                    }\r\n                    #tdi_1  .td-doubleSlider-2 .td-item2 {\r\n                        background: url(\/wp-content\/uploads\/sites\/5\/2022\/11\/Reconocimiento-Trabajador-Destacado-del-Ano-2022-3-80x60.jpg) 0 0 no-repeat;\r\n                    }\r\n                    #tdi_1  .td-doubleSlider-2 .td-item3 {\r\n                        background: url(\/wp-content\/uploads\/sites\/5\/2022\/11\/Reconocimiento-Trabajador-Destacado-del-Ano-2022-2-80x60.jpg) 0 0 no-repeat;\r\n                    }\r\n                    #tdi_1  .td-doubleSlider-2 .td-item4 {\r\n                        background: url(\/wp-content\/uploads\/sites\/5\/2022\/11\/Reconocimiento-Trabajador-Destacado-del-Ano-2022-1-80x60.jpg) 0 0 no-repeat;\r\n                    }\r\n                    #tdi_1  .td-doubleSlider-2 .td-item5 {\r\n                        background: url(\/wp-content\/uploads\/sites\/5\/2022\/11\/Reconocimiento-Trabajador-Destacado-del-Ano-2022-6-80x60.jpg) 0 0 no-repeat;\r\n                    }\r\n                <\/style>\r\n\r\n                <div id=\"tdi_1\" class=\"td-gallery td-slide-on-2-columns\">\r\n                    <div class=\"post_td_gallery\">\r\n                        <div class=\"td-gallery-slide-top\">\r\n                           <div class=\"td-gallery-title\"><\/div>\r\n\r\n                            <div class=\"td-gallery-controls-wrapper\">\r\n                                <div class=\"td-gallery-slide-count\"><span class=\"td-gallery-slide-item-focus\">1<\/span> de 5<\/div>\r\n                                <div class=\"td-gallery-slide-prev-next-but\">\r\n                                    <i class = \"td-icon-left doubleSliderPrevButton\"><\/i>\r\n                                    <i class = \"td-icon-right doubleSliderNextButton\"><\/i>\r\n                                <\/div>\r\n                            <\/div>\r\n                        <\/div>\r\n\r\n                        <div class = \"td-doubleSlider-1 \">\r\n                            <div class = \"td-slider\">\r\n                                \r\n                    <div class = \"td-slide-item td-item1\">\r\n                        <figure class=\"td-slide-galery-figure td-slide-popup-gallery\">\r\n                            <a class=\"slide-gallery-image-link\" href=\"\/wp-content\/uploads\/sites\/5\/2022\/11\/Reconocimiento-Trabajador-Destacado-del-Ano-2022-5.jpg\" title=\"Reconocimiento Trabajador Destacado del An\u0303o 2022-5\"  data-caption=\"\"  data-description=\"\">\r\n                                <img decoding=\"async\" src=\"\/wp-content\/uploads\/sites\/5\/2022\/11\/Reconocimiento-Trabajador-Destacado-del-Ano-2022-5-560x420.jpg\" srcset=\"\/wp-content\/uploads\/sites\/5\/2022\/11\/Reconocimiento-Trabajador-Destacado-del-Ano-2022-5-560x420.jpg 560w, \/wp-content\/uploads\/sites\/5\/2022\/11\/Reconocimiento-Trabajador-Destacado-del-Ano-2022-5-300x225.jpg 300w, \/wp-content\/uploads\/sites\/5\/2022\/11\/Reconocimiento-Trabajador-Destacado-del-Ano-2022-5-768x576.jpg 768w, \/wp-content\/uploads\/sites\/5\/2022\/11\/Reconocimiento-Trabajador-Destacado-del-Ano-2022-5-80x60.jpg 80w, \/wp-content\/uploads\/sites\/5\/2022\/11\/Reconocimiento-Trabajador-Destacado-del-Ano-2022-5-696x522.jpg 696w, \/wp-content\/uploads\/sites\/5\/2022\/11\/Reconocimiento-Trabajador-Destacado-del-Ano-2022-5-265x198.jpg 265w, \/wp-content\/uploads\/sites\/5\/2022\/11\/Reconocimiento-Trabajador-Destacado-del-Ano-2022-5-534x401.jpg 534w, \/wp-content\/uploads\/sites\/5\/2022\/11\/Reconocimiento-Trabajador-Destacado-del-Ano-2022-5.jpg 1024w\" sizes=\"(max-width: 560px) 100vw, 560px\" alt=\"\">\r\n                            <\/a>\r\n                            \r\n                        <\/figure>\r\n                    <\/div>\r\n                    <div class = \"td-slide-item td-item2\">\r\n                        <figure class=\"td-slide-galery-figure td-slide-popup-gallery\">\r\n                            <a class=\"slide-gallery-image-link\" href=\"\/wp-content\/uploads\/sites\/5\/2022\/11\/Reconocimiento-Trabajador-Destacado-del-Ano-2022-3.jpg\" title=\"Reconocimiento Trabajador Destacado del An\u0303o 2022-3\"  data-caption=\"\"  data-description=\"\">\r\n                                <img decoding=\"async\" src=\"\/wp-content\/uploads\/sites\/5\/2022\/11\/Reconocimiento-Trabajador-Destacado-del-Ano-2022-3-560x420.jpg\" srcset=\"\/wp-content\/uploads\/sites\/5\/2022\/11\/Reconocimiento-Trabajador-Destacado-del-Ano-2022-3-560x420.jpg 560w, \/wp-content\/uploads\/sites\/5\/2022\/11\/Reconocimiento-Trabajador-Destacado-del-Ano-2022-3-300x225.jpg 300w, \/wp-content\/uploads\/sites\/5\/2022\/11\/Reconocimiento-Trabajador-Destacado-del-Ano-2022-3-768x576.jpg 768w, \/wp-content\/uploads\/sites\/5\/2022\/11\/Reconocimiento-Trabajador-Destacado-del-Ano-2022-3-80x60.jpg 80w, \/wp-content\/uploads\/sites\/5\/2022\/11\/Reconocimiento-Trabajador-Destacado-del-Ano-2022-3-696x522.jpg 696w, \/wp-content\/uploads\/sites\/5\/2022\/11\/Reconocimiento-Trabajador-Destacado-del-Ano-2022-3-265x198.jpg 265w, \/wp-content\/uploads\/sites\/5\/2022\/11\/Reconocimiento-Trabajador-Destacado-del-Ano-2022-3-534x401.jpg 534w, \/wp-content\/uploads\/sites\/5\/2022\/11\/Reconocimiento-Trabajador-Destacado-del-Ano-2022-3.jpg 1024w\" sizes=\"(max-width: 560px) 100vw, 560px\" alt=\"\">\r\n                            <\/a>\r\n                            \r\n                        <\/figure>\r\n                    <\/div>\r\n                    <div class = \"td-slide-item td-item3\">\r\n                        <figure class=\"td-slide-galery-figure td-slide-popup-gallery\">\r\n                            <a class=\"slide-gallery-image-link\" href=\"\/wp-content\/uploads\/sites\/5\/2022\/11\/Reconocimiento-Trabajador-Destacado-del-Ano-2022-2.jpg\" title=\"Reconocimiento Trabajador Destacado del An\u0303o 2022-2\"  data-caption=\"\"  data-description=\"\">\r\n                                <img decoding=\"async\" src=\"\/wp-content\/uploads\/sites\/5\/2022\/11\/Reconocimiento-Trabajador-Destacado-del-Ano-2022-2-496x420.jpg\" srcset=\"\/wp-content\/uploads\/sites\/5\/2022\/11\/Reconocimiento-Trabajador-Destacado-del-Ano-2022-2-496x420.jpg 496w, \/wp-content\/uploads\/sites\/5\/2022\/11\/Reconocimiento-Trabajador-Destacado-del-Ano-2022-2-300x254.jpg 300w, \/wp-content\/uploads\/sites\/5\/2022\/11\/Reconocimiento-Trabajador-Destacado-del-Ano-2022-2-768x651.jpg 768w, \/wp-content\/uploads\/sites\/5\/2022\/11\/Reconocimiento-Trabajador-Destacado-del-Ano-2022-2-696x590.jpg 696w, \/wp-content\/uploads\/sites\/5\/2022\/11\/Reconocimiento-Trabajador-Destacado-del-Ano-2022-2-534x452.jpg 534w, \/wp-content\/uploads\/sites\/5\/2022\/11\/Reconocimiento-Trabajador-Destacado-del-Ano-2022-2.jpg 837w\" sizes=\"(max-width: 496px) 100vw, 496px\" alt=\"\">\r\n                            <\/a>\r\n                            \r\n                        <\/figure>\r\n                    <\/div>\r\n                    <div class = \"td-slide-item td-item4\">\r\n                        <figure class=\"td-slide-galery-figure td-slide-popup-gallery\">\r\n                            <a class=\"slide-gallery-image-link\" href=\"\/wp-content\/uploads\/sites\/5\/2022\/11\/Reconocimiento-Trabajador-Destacado-del-Ano-2022-1.jpg\" title=\"Reconocimiento Trabajador Destacado del An\u0303o 2022-1\"  data-caption=\"\"  data-description=\"\">\r\n                                <img decoding=\"async\" src=\"\/wp-content\/uploads\/sites\/5\/2022\/11\/Reconocimiento-Trabajador-Destacado-del-Ano-2022-1-656x420.jpg\" srcset=\"\/wp-content\/uploads\/sites\/5\/2022\/11\/Reconocimiento-Trabajador-Destacado-del-Ano-2022-1-656x420.jpg 656w, \/wp-content\/uploads\/sites\/5\/2022\/11\/Reconocimiento-Trabajador-Destacado-del-Ano-2022-1-300x192.jpg 300w, \/wp-content\/uploads\/sites\/5\/2022\/11\/Reconocimiento-Trabajador-Destacado-del-Ano-2022-1-768x492.jpg 768w, \/wp-content\/uploads\/sites\/5\/2022\/11\/Reconocimiento-Trabajador-Destacado-del-Ano-2022-1-696x446.jpg 696w, \/wp-content\/uploads\/sites\/5\/2022\/11\/Reconocimiento-Trabajador-Destacado-del-Ano-2022-1-534x342.jpg 534w, \/wp-content\/uploads\/sites\/5\/2022\/11\/Reconocimiento-Trabajador-Destacado-del-Ano-2022-1.jpg 929w\" sizes=\"(max-width: 656px) 100vw, 656px\" alt=\"\">\r\n                            <\/a>\r\n                            \r\n                        <\/figure>\r\n                    <\/div>\r\n                    <div class = \"td-slide-item td-item5\">\r\n                        <figure class=\"td-slide-galery-figure td-slide-popup-gallery\">\r\n                            <a class=\"slide-gallery-image-link\" href=\"\/wp-content\/uploads\/sites\/5\/2022\/11\/Reconocimiento-Trabajador-Destacado-del-Ano-2022-6.jpg\" title=\"Reconocimiento Trabajador Destacado del An\u0303o 2022-6\"  data-caption=\"\"  data-description=\"\">\r\n                                <img decoding=\"async\" src=\"\/wp-content\/uploads\/sites\/5\/2022\/11\/Reconocimiento-Trabajador-Destacado-del-Ano-2022-6-582x420.jpg\" srcset=\"\/wp-content\/uploads\/sites\/5\/2022\/11\/Reconocimiento-Trabajador-Destacado-del-Ano-2022-6-582x420.jpg 582w, \/wp-content\/uploads\/sites\/5\/2022\/11\/Reconocimiento-Trabajador-Destacado-del-Ano-2022-6-300x216.jpg 300w, \/wp-content\/uploads\/sites\/5\/2022\/11\/Reconocimiento-Trabajador-Destacado-del-Ano-2022-6-768x554.jpg 768w, \/wp-content\/uploads\/sites\/5\/2022\/11\/Reconocimiento-Trabajador-Destacado-del-Ano-2022-6-696x502.jpg 696w, \/wp-content\/uploads\/sites\/5\/2022\/11\/Reconocimiento-Trabajador-Destacado-del-Ano-2022-6-324x235.jpg 324w, \/wp-content\/uploads\/sites\/5\/2022\/11\/Reconocimiento-Trabajador-Destacado-del-Ano-2022-6-534x385.jpg 534w, \/wp-content\/uploads\/sites\/5\/2022\/11\/Reconocimiento-Trabajador-Destacado-del-Ano-2022-6.jpg 883w\" sizes=\"(max-width: 582px) 100vw, 582px\" alt=\"\">\r\n                            <\/a>\r\n                            \r\n                        <\/figure>\r\n                    <\/div>\r\n                            <\/div>\r\n                        <\/div>\r\n\r\n                        <div class = \"td-doubleSlider-2\">\r\n                            <div class = \"td-slider\">\r\n                                \r\n                    <div class = \"td-button td-item1\">\r\n                        <div class = \"td-border\"><\/div>\r\n                    <\/div>\r\n                    <div class = \"td-button td-item2\">\r\n                        <div class = \"td-border\"><\/div>\r\n                    <\/div>\r\n                    <div class = \"td-button td-item3\">\r\n                        <div class = \"td-border\"><\/div>\r\n                    <\/div>\r\n                    <div class = \"td-button td-item4\">\r\n                        <div class = \"td-border\"><\/div>\r\n                    <\/div>\r\n                    <div class = \"td-button td-item5\">\r\n                        <div class = \"td-border\"><\/div>\r\n                    <\/div>\r\n                            <\/div>\r\n                        <\/div>\r\n\r\n                    <\/div>\r\n\r\n                <\/div>\r\n                \n","protected":false},"excerpt":{"rendered":"<p>M\u00e1s de 60 trabajadores del Hospital General de Enfermedades (HGE) fueron homenajeados con el diploma \u201cTrabajador Destacado del A\u00f1o 2022\u201d, el cual fue entregado por autoridades de esta unidad durante emotivo acto realizado recientemente. Entre las personas distinguidas se encuentran m\u00e9dicos, qu\u00edmicos bi\u00f3logos, nutricionistas, as\u00ed como personal de enfermer\u00eda, administrativo, servicios de apoyo y de [&hellip;]<\/p>\n","protected":false},"author":1961,"featured_media":31693,"comment_status":"closed","ping_status":"closed","sticky":false,"template":"","format":"standard","meta":{"footnotes":""},"categories":[3],"tags":[481,750],"coauthors":[],"class_list":{"0":"post-31688","1":"post","2":"type-post","3":"status-publish","4":"format-standard","5":"has-post-thumbnail","7":"category-actualidad","8":"tag-hospital-general-de-enfermedades","9":"tag-reconocimiento"},"_links":{"self":[{"href":"https:\/\/www.igssgt.org\/noticias\/wp-json\/wp\/v2\/posts\/31688","targetHints":{"allow":["GET"]}}],"collection":[{"href":"https:\/\/www.igssgt.org\/noticias\/wp-json\/wp\/v2\/posts"}],"about":[{"href":"https:\/\/www.igssgt.org\/noticias\/wp-json\/wp\/v2\/types\/post"}],"author":[{"embeddable":true,"href":"https:\/\/www.igssgt.org\/noticias\/wp-json\/wp\/v2\/users\/1961"}],"replies":[{"embeddable":true,"href":"https:\/\/www.igssgt.org\/noticias\/wp-json\/wp\/v2\/comments?post=31688"}],"version-history":[{"count":3,"href":"https:\/\/www.igssgt.org\/noticias\/wp-json\/wp\/v2\/posts\/31688\/revisions"}],"predecessor-version":[{"id":31697,"href":"https:\/\/www.igssgt.org\/noticias\/wp-json\/wp\/v2\/posts\/31688\/revisions\/31697"}],"wp:featuredmedia":[{"embeddable":true,"href":"https:\/\/www.igssgt.org\/noticias\/wp-json\/wp\/v2\/media\/31693"}],"wp:attachment":[{"href":"https:\/\/www.igssgt.org\/noticias\/wp-json\/wp\/v2\/media?parent=31688"}],"wp:term":[{"taxonomy":"category","embeddable":true,"href":"https:\/\/www.igssgt.org\/noticias\/wp-json\/wp\/v2\/categories?post=31688"},{"taxonomy":"post_tag","embeddable":true,"href":"https:\/\/www.igssgt.org\/noticias\/wp-json\/wp\/v2\/tags?post=31688"},{"taxonomy":"author","embeddable":true,"href":"https:\/\/www.igssgt.org\/noticias\/wp-json\/wp\/v2\/coauthors?post=31688"}],"curies":[{"name":"wp","href":"https:\/\/api.w.org\/{rel}","templated":true}]}}