{"id":31705,"date":"2022-11-23T06:00:00","date_gmt":"2022-11-23T12:00:00","guid":{"rendered":"https:\/\/www.igssgt.org\/noticias\/?p=31705"},"modified":"2022-11-23T09:28:33","modified_gmt":"2022-11-23T15:28:33","slug":"nuestro-diario-servicio-desde-la-cabina","status":"publish","type":"post","link":"https:\/\/www.igssgt.org\/noticias\/2022\/11\/23\/nuestro-diario-servicio-desde-la-cabina\/","title":{"rendered":"Nuestro Diario: Servicio desde la cabina"},"content":{"rendered":"\n<h3><a href=\"\/wp-content\/uploads\/sites\/5\/2022\/11\/Nuestro-Diario-Servicio-desde-la-cabina-IGSS-2022.jpg\"><img loading=\"lazy\" decoding=\"async\" class=\"size-full wp-image-31706 alignright\" src=\"\/wp-content\/uploads\/sites\/5\/2022\/11\/Nuestro-Diario-Servicio-desde-la-cabina-IGSS-2022.jpg\" alt=\"\" width=\"413\" height=\"1223\" srcset=\"\/wp-content\/uploads\/sites\/5\/2022\/11\/Nuestro-Diario-Servicio-desde-la-cabina-IGSS-2022.jpg 413w, \/wp-content\/uploads\/sites\/5\/2022\/11\/Nuestro-Diario-Servicio-desde-la-cabina-IGSS-2022-101x300.jpg 101w, \/wp-content\/uploads\/sites\/5\/2022\/11\/Nuestro-Diario-Servicio-desde-la-cabina-IGSS-2022-346x1024.jpg 346w, \/wp-content\/uploads\/sites\/5\/2022\/11\/Nuestro-Diario-Servicio-desde-la-cabina-IGSS-2022-142x420.jpg 142w, \/wp-content\/uploads\/sites\/5\/2022\/11\/Nuestro-Diario-Servicio-desde-la-cabina-IGSS-2022-156x462.jpg 156w\" sizes=\"auto, (max-width: 413px) 100vw, 413px\" \/><\/a>Autoridades del Instituto Guatemalteco de Seguridad Social, inauguraron la primera cabina de atenci\u00f3n m\u00e9dica por videollamada. Esta cabina se encuentra en el Centro Comercial Eskala Roosevelt.<\/h3>\n<p>En el evento participaron: Francisco Godinez, subgerente de Prestaciones en Salud; Edson Rivera, gerente del IGSS y Karina Gonz\u00e1les, subdirectora m\u00e9dica de la Unidad Perif\u00e9rica Zona 11.<\/p>\n<p>Dentro de la cabina se encuentra una c\u00e1mara, en la que los afiliados podr\u00e1n interactuar directamente con un m\u00e9dico para ser examinados.<\/p>\n<p>Los espacios OMV -Orientaci\u00f3n M\u00e9dica por Videollamada- miden los signos vitales por medio de sensores para que sean utilizados por el m\u00e9dico durante la consulta. Al momento de ingresar, se le indica al paciente el proceso.<\/p>\n<p>En su primera fase se atender\u00e1n s\u00edntomas lumbares, estomacales y gripales. La cabina cuenta con una m\u00e1quina dispensadora de medicamentos. Funcionar\u00e1 de 8 de la ma\u00f1ana a 8 de la noche. Se espera beneficie a 153 mil pacientes.<\/p>\n<h4>Fuente: Nuestro Diario.<\/h4>\n","protected":false},"excerpt":{"rendered":"<p>Autoridades del Instituto Guatemalteco de Seguridad Social, inauguraron la primera cabina de atenci\u00f3n m\u00e9dica por videollamada. Esta cabina se encuentra en el Centro Comercial Eskala Roosevelt. En el evento participaron: Francisco Godinez, subgerente de Prestaciones en Salud; Edson Rivera, gerente del IGSS y Karina Gonz\u00e1les, subdirectora m\u00e9dica de la Unidad Perif\u00e9rica Zona 11. Dentro de [&hellip;]<\/p>\n","protected":false},"author":4,"featured_media":31708,"comment_status":"closed","ping_status":"closed","sticky":false,"template":"","format":"standard","meta":{"footnotes":""},"categories":[3,41],"tags":[954,665],"coauthors":[],"class_list":{"0":"post-31705","1":"post","2":"type-post","3":"status-publish","4":"format-standard","5":"has-post-thumbnail","7":"category-actualidad","8":"category-igss-en-los-medios","9":"tag-igss-en-los-medios","10":"tag-nuestro-diario"},"_links":{"self":[{"href":"https:\/\/www.igssgt.org\/noticias\/wp-json\/wp\/v2\/posts\/31705","targetHints":{"allow":["GET"]}}],"collection":[{"href":"https:\/\/www.igssgt.org\/noticias\/wp-json\/wp\/v2\/posts"}],"about":[{"href":"https:\/\/www.igssgt.org\/noticias\/wp-json\/wp\/v2\/types\/post"}],"author":[{"embeddable":true,"href":"https:\/\/www.igssgt.org\/noticias\/wp-json\/wp\/v2\/users\/4"}],"replies":[{"embeddable":true,"href":"https:\/\/www.igssgt.org\/noticias\/wp-json\/wp\/v2\/comments?post=31705"}],"version-history":[{"count":4,"href":"https:\/\/www.igssgt.org\/noticias\/wp-json\/wp\/v2\/posts\/31705\/revisions"}],"predecessor-version":[{"id":31711,"href":"https:\/\/www.igssgt.org\/noticias\/wp-json\/wp\/v2\/posts\/31705\/revisions\/31711"}],"wp:featuredmedia":[{"embeddable":true,"href":"https:\/\/www.igssgt.org\/noticias\/wp-json\/wp\/v2\/media\/31708"}],"wp:attachment":[{"href":"https:\/\/www.igssgt.org\/noticias\/wp-json\/wp\/v2\/media?parent=31705"}],"wp:term":[{"taxonomy":"category","embeddable":true,"href":"https:\/\/www.igssgt.org\/noticias\/wp-json\/wp\/v2\/categories?post=31705"},{"taxonomy":"post_tag","embeddable":true,"href":"https:\/\/www.igssgt.org\/noticias\/wp-json\/wp\/v2\/tags?post=31705"},{"taxonomy":"author","embeddable":true,"href":"https:\/\/www.igssgt.org\/noticias\/wp-json\/wp\/v2\/coauthors?post=31705"}],"curies":[{"name":"wp","href":"https:\/\/api.w.org\/{rel}","templated":true}]}}