{"id":31738,"date":"2022-11-23T19:48:53","date_gmt":"2022-11-24T01:48:53","guid":{"rendered":"https:\/\/www.igssgt.org\/noticias\/?p=31738"},"modified":"2022-11-23T19:48:54","modified_gmt":"2022-11-24T01:48:54","slug":"realizan-capacitacion-a-personal-de-salud-sobre-prevencion-de-violencia-contra-la-mujer","status":"publish","type":"post","link":"https:\/\/www.igssgt.org\/noticias\/2022\/11\/23\/realizan-capacitacion-a-personal-de-salud-sobre-prevencion-de-violencia-contra-la-mujer\/","title":{"rendered":"Realizan capacitaci\u00f3n a personal de salud sobre prevenci\u00f3n de violencia contra la mujer"},"content":{"rendered":"\n<p class=\"has-drop-cap\">La violencia contra las mujeres y las ni\u00f1as en Guatemala sigue en aumento. Seg\u00fan estudios de las Naciones Unidas, una de cada tres mujeres se ve afectada por alg\u00fan tipo de violencia de g\u00e9nero.<\/p>\n\n\n\n<p><a href=\"\/wp-content\/uploads\/sites\/5\/2022\/11\/violencia-contra-la-mujer-1.jpg\"><img loading=\"lazy\" decoding=\"async\" class=\"alignnone size-full wp-image-31741\" src=\"\/wp-content\/uploads\/sites\/5\/2022\/11\/violencia-contra-la-mujer-1.jpg\" alt=\"\" width=\"1600\" height=\"639\" srcset=\"\/wp-content\/uploads\/sites\/5\/2022\/11\/violencia-contra-la-mujer-1.jpg 1600w, \/wp-content\/uploads\/sites\/5\/2022\/11\/violencia-contra-la-mujer-1-300x120.jpg 300w, \/wp-content\/uploads\/sites\/5\/2022\/11\/violencia-contra-la-mujer-1-768x307.jpg 768w, \/wp-content\/uploads\/sites\/5\/2022\/11\/violencia-contra-la-mujer-1-1024x409.jpg 1024w, \/wp-content\/uploads\/sites\/5\/2022\/11\/violencia-contra-la-mujer-1-1536x613.jpg 1536w, \/wp-content\/uploads\/sites\/5\/2022\/11\/violencia-contra-la-mujer-1-1052x420.jpg 1052w, \/wp-content\/uploads\/sites\/5\/2022\/11\/violencia-contra-la-mujer-1-696x278.jpg 696w, \/wp-content\/uploads\/sites\/5\/2022\/11\/violencia-contra-la-mujer-1-1068x427.jpg 1068w, \/wp-content\/uploads\/sites\/5\/2022\/11\/violencia-contra-la-mujer-1-534x213.jpg 534w\" sizes=\"auto, (max-width: 1600px) 100vw, 1600px\" \/><\/a><\/p>\n<p>Para conocer m\u00e1s acerca del tema, el Comit\u00e9 de Promoci\u00f3n y Prevenci\u00f3n en la Salud del Hospital General de Enfermedades tuvo a bien invitar a la licenciada Hilda Morales Trujillo, exprocuradora adjunta de los Derechos Humanos, quien imparti\u00f3 las conferencias \u201cEl derecho de las mujeres a una vida libre de violencia\u201d y \u201cLa ruta de la denuncia de la violencia contra la mujer\u201d a las trabajadoras de esta unidad hospitalaria.<\/p>\n<blockquote>\n<p>\u201cEl derecho de las mujeres a una vida libre de violencia\u201d<\/p>\n<\/blockquote>\n<p>La licenciada Morales Trujillo es activista de Derechos Humanos de la Ni\u00f1ez, de las Mujeres y de las Personas con Discapacidad; adem\u00e1s, ha impulsado la adopci\u00f3n de legislaci\u00f3n y pol\u00edticas p\u00fablicas a favor de la ni\u00f1ez y de las mujeres.<\/p>\n<p><a href=\"\/wp-content\/uploads\/sites\/5\/2022\/11\/violencia-contra-la-mujer-2.jpg\"><img loading=\"lazy\" decoding=\"async\" class=\"alignnone size-full wp-image-31739\" src=\"\/wp-content\/uploads\/sites\/5\/2022\/11\/violencia-contra-la-mujer-2.jpg\" alt=\"\" width=\"1200\" height=\"1252\" srcset=\"\/wp-content\/uploads\/sites\/5\/2022\/11\/violencia-contra-la-mujer-2.jpg 1200w, \/wp-content\/uploads\/sites\/5\/2022\/11\/violencia-contra-la-mujer-2-288x300.jpg 288w, \/wp-content\/uploads\/sites\/5\/2022\/11\/violencia-contra-la-mujer-2-768x801.jpg 768w, \/wp-content\/uploads\/sites\/5\/2022\/11\/violencia-contra-la-mujer-2-981x1024.jpg 981w, \/wp-content\/uploads\/sites\/5\/2022\/11\/violencia-contra-la-mujer-2-403x420.jpg 403w, \/wp-content\/uploads\/sites\/5\/2022\/11\/violencia-contra-la-mujer-2-696x726.jpg 696w, \/wp-content\/uploads\/sites\/5\/2022\/11\/violencia-contra-la-mujer-2-1068x1114.jpg 1068w, \/wp-content\/uploads\/sites\/5\/2022\/11\/violencia-contra-la-mujer-2-443x462.jpg 443w\" sizes=\"auto, (max-width: 1200px) 100vw, 1200px\" \/><\/a><\/p>\n","protected":false},"excerpt":{"rendered":"<p>La violencia contra las mujeres y las ni\u00f1as en Guatemala sigue en aumento. Seg\u00fan estudios de las Naciones Unidas, una de cada tres mujeres se ve afectada por alg\u00fan tipo de violencia de g\u00e9nero. Para conocer m\u00e1s acerca del tema, el Comit\u00e9 de Promoci\u00f3n y Prevenci\u00f3n en la Salud del Hospital General de Enfermedades tuvo [&hellip;]<\/p>\n","protected":false},"author":1961,"featured_media":31740,"comment_status":"closed","ping_status":"closed","sticky":false,"template":"","format":"standard","meta":{"footnotes":""},"categories":[3],"tags":[481,1054],"coauthors":[],"class_list":{"0":"post-31738","1":"post","2":"type-post","3":"status-publish","4":"format-standard","5":"has-post-thumbnail","7":"category-actualidad","8":"tag-hospital-general-de-enfermedades","9":"tag-violencia-contra-la-mujer"},"_links":{"self":[{"href":"https:\/\/www.igssgt.org\/noticias\/wp-json\/wp\/v2\/posts\/31738","targetHints":{"allow":["GET"]}}],"collection":[{"href":"https:\/\/www.igssgt.org\/noticias\/wp-json\/wp\/v2\/posts"}],"about":[{"href":"https:\/\/www.igssgt.org\/noticias\/wp-json\/wp\/v2\/types\/post"}],"author":[{"embeddable":true,"href":"https:\/\/www.igssgt.org\/noticias\/wp-json\/wp\/v2\/users\/1961"}],"replies":[{"embeddable":true,"href":"https:\/\/www.igssgt.org\/noticias\/wp-json\/wp\/v2\/comments?post=31738"}],"version-history":[{"count":3,"href":"https:\/\/www.igssgt.org\/noticias\/wp-json\/wp\/v2\/posts\/31738\/revisions"}],"predecessor-version":[{"id":31744,"href":"https:\/\/www.igssgt.org\/noticias\/wp-json\/wp\/v2\/posts\/31738\/revisions\/31744"}],"wp:featuredmedia":[{"embeddable":true,"href":"https:\/\/www.igssgt.org\/noticias\/wp-json\/wp\/v2\/media\/31740"}],"wp:attachment":[{"href":"https:\/\/www.igssgt.org\/noticias\/wp-json\/wp\/v2\/media?parent=31738"}],"wp:term":[{"taxonomy":"category","embeddable":true,"href":"https:\/\/www.igssgt.org\/noticias\/wp-json\/wp\/v2\/categories?post=31738"},{"taxonomy":"post_tag","embeddable":true,"href":"https:\/\/www.igssgt.org\/noticias\/wp-json\/wp\/v2\/tags?post=31738"},{"taxonomy":"author","embeddable":true,"href":"https:\/\/www.igssgt.org\/noticias\/wp-json\/wp\/v2\/coauthors?post=31738"}],"curies":[{"name":"wp","href":"https:\/\/api.w.org\/{rel}","templated":true}]}}