{"id":32060,"date":"2022-12-06T13:24:58","date_gmt":"2022-12-06T19:24:58","guid":{"rendered":"https:\/\/www.igssgt.org\/noticias\/?p=32060"},"modified":"2022-12-06T13:25:00","modified_gmt":"2022-12-06T19:25:00","slug":"aviso-la-direccion-departamental-daf-consultorio-y-delegacion-del-igss-en-zacapa-a-sus-afiliados-pensionados-y-beneficiarios-informa","status":"publish","type":"post","link":"https:\/\/www.igssgt.org\/noticias\/2022\/12\/06\/aviso-la-direccion-departamental-daf-consultorio-y-delegacion-del-igss-en-zacapa-a-sus-afiliados-pensionados-y-beneficiarios-informa\/","title":{"rendered":"Aviso. La Direcci\u00f3n Departamental, DAF, Consultorio y Delegaci\u00f3n del IGSS en Zacapa a sus afiliados, pensionados y beneficiarios informa:"},"content":{"rendered":"\n\n\n<p class=\"p1\">La consulta externa y el \u00e1rea administrativa estar\u00e1n cerrados el jueves 8 de diciembre por celebrarse la feria patronal del municipio. Se atender\u00e1 \u00fanicamente en el \u00e1rea de Emergencia y Encamamiento.<\/p>\n<p><a href=\"\/wp-content\/uploads\/sites\/5\/2022\/12\/IGSS-en-Zacapa.jpg\" target=\"_blank\" rel=\"noopener\"><img loading=\"lazy\" decoding=\"async\" class=\"alignnone wp-image-32061 size-full\" src=\"\/wp-content\/uploads\/sites\/5\/2022\/12\/IGSS-en-Zacapa.jpg\" alt=\"\" width=\"1200\" height=\"1200\" srcset=\"\/wp-content\/uploads\/sites\/5\/2022\/12\/IGSS-en-Zacapa.jpg 1200w, \/wp-content\/uploads\/sites\/5\/2022\/12\/IGSS-en-Zacapa-150x150.jpg 150w, \/wp-content\/uploads\/sites\/5\/2022\/12\/IGSS-en-Zacapa-300x300.jpg 300w, \/wp-content\/uploads\/sites\/5\/2022\/12\/IGSS-en-Zacapa-768x768.jpg 768w, \/wp-content\/uploads\/sites\/5\/2022\/12\/IGSS-en-Zacapa-1024x1024.jpg 1024w, \/wp-content\/uploads\/sites\/5\/2022\/12\/IGSS-en-Zacapa-420x420.jpg 420w, \/wp-content\/uploads\/sites\/5\/2022\/12\/IGSS-en-Zacapa-696x696.jpg 696w, \/wp-content\/uploads\/sites\/5\/2022\/12\/IGSS-en-Zacapa-1068x1068.jpg 1068w, \/wp-content\/uploads\/sites\/5\/2022\/12\/IGSS-en-Zacapa-462x462.jpg 462w\" sizes=\"auto, (max-width: 1200px) 100vw, 1200px\" \/><\/a><\/p>\n","protected":false},"excerpt":{"rendered":"<p>La consulta externa y el \u00e1rea administrativa estar\u00e1n cerrados el jueves 8 de diciembre por celebrarse la feria patronal del municipio. Se atender\u00e1 \u00fanicamente en el \u00e1rea de Emergencia y Encamamiento.<\/p>\n","protected":false},"author":1961,"featured_media":32061,"comment_status":"closed","ping_status":"closed","sticky":false,"template":"","format":"standard","meta":{"footnotes":""},"categories":[1413,1417],"tags":[1307,1193],"coauthors":[],"class_list":{"0":"post-32060","1":"post","2":"type-post","3":"status-publish","4":"format-standard","5":"has-post-thumbnail","7":"category-avisos-2022","8":"category-avisos-generales-2022","9":"tag-avisos","10":"tag-zacapa"},"_links":{"self":[{"href":"https:\/\/www.igssgt.org\/noticias\/wp-json\/wp\/v2\/posts\/32060","targetHints":{"allow":["GET"]}}],"collection":[{"href":"https:\/\/www.igssgt.org\/noticias\/wp-json\/wp\/v2\/posts"}],"about":[{"href":"https:\/\/www.igssgt.org\/noticias\/wp-json\/wp\/v2\/types\/post"}],"author":[{"embeddable":true,"href":"https:\/\/www.igssgt.org\/noticias\/wp-json\/wp\/v2\/users\/1961"}],"replies":[{"embeddable":true,"href":"https:\/\/www.igssgt.org\/noticias\/wp-json\/wp\/v2\/comments?post=32060"}],"version-history":[{"count":1,"href":"https:\/\/www.igssgt.org\/noticias\/wp-json\/wp\/v2\/posts\/32060\/revisions"}],"predecessor-version":[{"id":32062,"href":"https:\/\/www.igssgt.org\/noticias\/wp-json\/wp\/v2\/posts\/32060\/revisions\/32062"}],"wp:featuredmedia":[{"embeddable":true,"href":"https:\/\/www.igssgt.org\/noticias\/wp-json\/wp\/v2\/media\/32061"}],"wp:attachment":[{"href":"https:\/\/www.igssgt.org\/noticias\/wp-json\/wp\/v2\/media?parent=32060"}],"wp:term":[{"taxonomy":"category","embeddable":true,"href":"https:\/\/www.igssgt.org\/noticias\/wp-json\/wp\/v2\/categories?post=32060"},{"taxonomy":"post_tag","embeddable":true,"href":"https:\/\/www.igssgt.org\/noticias\/wp-json\/wp\/v2\/tags?post=32060"},{"taxonomy":"author","embeddable":true,"href":"https:\/\/www.igssgt.org\/noticias\/wp-json\/wp\/v2\/coauthors?post=32060"}],"curies":[{"name":"wp","href":"https:\/\/api.w.org\/{rel}","templated":true}]}}