{"id":32082,"date":"2022-12-07T11:20:40","date_gmt":"2022-12-07T17:20:40","guid":{"rendered":"https:\/\/www.igssgt.org\/noticias\/?p=32082"},"modified":"2022-12-07T11:20:41","modified_gmt":"2022-12-07T17:20:41","slug":"aviso-el-hospital-departamental-de-escuintla-a-los-afiliados-pensionados-y-beneficiarios-informa","status":"publish","type":"post","link":"https:\/\/www.igssgt.org\/noticias\/2022\/12\/07\/aviso-el-hospital-departamental-de-escuintla-a-los-afiliados-pensionados-y-beneficiarios-informa\/","title":{"rendered":"Aviso. El Hospital Departamental de Escuintla a los afiliados, pensionados y beneficiarios informa:"},"content":{"rendered":"\n<p>Los servicios de la consulta externa, el \u00e1rea administrativa del hospital, la Delegaci\u00f3n y Direcci\u00f3n Departamental de Escuintla estar\u00e1n cerrados el jueves 8 de diciembre.<\/p>\n<p>La emergencia del hospital y m\u00f3dulos de COVID-19 prestar\u00e1n sus servicios con normalidad.<\/p>\n<p><a href=\"\/wp-content\/uploads\/sites\/5\/2022\/12\/Escuintla-8-de-diciembre.jpg\" target=\"_blank\" rel=\"noopener\"><img loading=\"lazy\" decoding=\"async\" class=\"alignnone wp-image-32083 size-full\" src=\"\/wp-content\/uploads\/sites\/5\/2022\/12\/Escuintla-8-de-diciembre.jpg\" alt=\"\" width=\"1200\" height=\"1200\" srcset=\"\/wp-content\/uploads\/sites\/5\/2022\/12\/Escuintla-8-de-diciembre.jpg 1200w, \/wp-content\/uploads\/sites\/5\/2022\/12\/Escuintla-8-de-diciembre-150x150.jpg 150w, \/wp-content\/uploads\/sites\/5\/2022\/12\/Escuintla-8-de-diciembre-300x300.jpg 300w, \/wp-content\/uploads\/sites\/5\/2022\/12\/Escuintla-8-de-diciembre-768x768.jpg 768w, \/wp-content\/uploads\/sites\/5\/2022\/12\/Escuintla-8-de-diciembre-1024x1024.jpg 1024w, \/wp-content\/uploads\/sites\/5\/2022\/12\/Escuintla-8-de-diciembre-420x420.jpg 420w, \/wp-content\/uploads\/sites\/5\/2022\/12\/Escuintla-8-de-diciembre-696x696.jpg 696w, \/wp-content\/uploads\/sites\/5\/2022\/12\/Escuintla-8-de-diciembre-1068x1068.jpg 1068w, \/wp-content\/uploads\/sites\/5\/2022\/12\/Escuintla-8-de-diciembre-462x462.jpg 462w\" sizes=\"auto, (max-width: 1200px) 100vw, 1200px\" \/><\/a><\/p>\n<p>\u00a0<\/p>\n","protected":false},"excerpt":{"rendered":"<p>Los servicios de la consulta externa, el \u00e1rea administrativa del hospital, la Delegaci\u00f3n y Direcci\u00f3n Departamental de Escuintla estar\u00e1n cerrados el jueves 8 de diciembre. La emergencia del hospital y m\u00f3dulos de COVID-19 prestar\u00e1n sus servicios con normalidad. \u00a0<\/p>\n","protected":false},"author":1961,"featured_media":32083,"comment_status":"closed","ping_status":"closed","sticky":false,"template":"","format":"standard","meta":{"footnotes":""},"categories":[1413,1417],"tags":[1307,1246],"coauthors":[],"class_list":{"0":"post-32082","1":"post","2":"type-post","3":"status-publish","4":"format-standard","5":"has-post-thumbnail","7":"category-avisos-2022","8":"category-avisos-generales-2022","9":"tag-avisos","10":"tag-hospital-departamental-de-escuintla"},"_links":{"self":[{"href":"https:\/\/www.igssgt.org\/noticias\/wp-json\/wp\/v2\/posts\/32082","targetHints":{"allow":["GET"]}}],"collection":[{"href":"https:\/\/www.igssgt.org\/noticias\/wp-json\/wp\/v2\/posts"}],"about":[{"href":"https:\/\/www.igssgt.org\/noticias\/wp-json\/wp\/v2\/types\/post"}],"author":[{"embeddable":true,"href":"https:\/\/www.igssgt.org\/noticias\/wp-json\/wp\/v2\/users\/1961"}],"replies":[{"embeddable":true,"href":"https:\/\/www.igssgt.org\/noticias\/wp-json\/wp\/v2\/comments?post=32082"}],"version-history":[{"count":1,"href":"https:\/\/www.igssgt.org\/noticias\/wp-json\/wp\/v2\/posts\/32082\/revisions"}],"predecessor-version":[{"id":32084,"href":"https:\/\/www.igssgt.org\/noticias\/wp-json\/wp\/v2\/posts\/32082\/revisions\/32084"}],"wp:featuredmedia":[{"embeddable":true,"href":"https:\/\/www.igssgt.org\/noticias\/wp-json\/wp\/v2\/media\/32083"}],"wp:attachment":[{"href":"https:\/\/www.igssgt.org\/noticias\/wp-json\/wp\/v2\/media?parent=32082"}],"wp:term":[{"taxonomy":"category","embeddable":true,"href":"https:\/\/www.igssgt.org\/noticias\/wp-json\/wp\/v2\/categories?post=32082"},{"taxonomy":"post_tag","embeddable":true,"href":"https:\/\/www.igssgt.org\/noticias\/wp-json\/wp\/v2\/tags?post=32082"},{"taxonomy":"author","embeddable":true,"href":"https:\/\/www.igssgt.org\/noticias\/wp-json\/wp\/v2\/coauthors?post=32082"}],"curies":[{"name":"wp","href":"https:\/\/api.w.org\/{rel}","templated":true}]}}