{"id":32095,"date":"2022-12-07T16:28:17","date_gmt":"2022-12-07T22:28:17","guid":{"rendered":"https:\/\/www.igssgt.org\/noticias\/?p=32095"},"modified":"2022-12-09T20:17:04","modified_gmt":"2022-12-10T02:17:04","slug":"con-actividades-fisicas-conmemoran-el-dia-internacional-de-las-personas-con-discapacidad","status":"publish","type":"post","link":"https:\/\/www.igssgt.org\/noticias\/2022\/12\/07\/con-actividades-fisicas-conmemoran-el-dia-internacional-de-las-personas-con-discapacidad\/","title":{"rendered":"Con actividades f\u00edsicas conmemoran el D\u00eda Internacional de las Personas con Discapacidad"},"content":{"rendered":"\n<p class=\"has-drop-cap\">En el marco de la conmemoraci\u00f3n del D\u00eda Internacional de las Personas con Discapacidad que se llev\u00f3 a cabo el pasado 3 de diciembre y que busca crear una conciencia con enfoque de derechos humanos en toda la poblaci\u00f3n, el Hospital de Rehabilitaci\u00f3n realiz\u00f3 un rally mixto con la participaci\u00f3n de colaboradores, usuarios y familiares, en la que compitieron con actividades f\u00edsicas que incluy\u00f3 una gimnasia r\u00edtmica.<\/p>\n\n\n\n<p>\u201cHoy estamos realizando este rally mixto y los equipos que logren m\u00e1s inclusi\u00f3n, son los que ser\u00e1n premiados. Lo que buscamos con ello es hacer vida, hacer simple la integraci\u00f3n de las personas con discapacidad y que tengamos esa reflexi\u00f3n de hacerla en todo momento realidad como parte de una sociedad\u201d, expres\u00f3 la doctora Karina Rodr\u00edguez, director m\u00e9dico del hospital.<\/p>\n<p><a href=\"\/wp-content\/uploads\/sites\/5\/2022\/12\/Personas-con-Discapacidad-3.jpg\" target=\"_blank\" rel=\"noopener\"><img loading=\"lazy\" decoding=\"async\" class=\"alignnone wp-image-32099 size-full\" src=\"\/wp-content\/uploads\/sites\/5\/2022\/12\/Personas-con-Discapacidad-3.jpg\" alt=\"\" width=\"1536\" height=\"864\" srcset=\"\/wp-content\/uploads\/sites\/5\/2022\/12\/Personas-con-Discapacidad-3.jpg 1536w, \/wp-content\/uploads\/sites\/5\/2022\/12\/Personas-con-Discapacidad-3-300x169.jpg 300w, \/wp-content\/uploads\/sites\/5\/2022\/12\/Personas-con-Discapacidad-3-768x432.jpg 768w, \/wp-content\/uploads\/sites\/5\/2022\/12\/Personas-con-Discapacidad-3-1024x576.jpg 1024w, \/wp-content\/uploads\/sites\/5\/2022\/12\/Personas-con-Discapacidad-3-747x420.jpg 747w, \/wp-content\/uploads\/sites\/5\/2022\/12\/Personas-con-Discapacidad-3-696x392.jpg 696w, \/wp-content\/uploads\/sites\/5\/2022\/12\/Personas-con-Discapacidad-3-1068x601.jpg 1068w, \/wp-content\/uploads\/sites\/5\/2022\/12\/Personas-con-Discapacidad-3-534x300.jpg 534w\" sizes=\"auto, (max-width: 1536px) 100vw, 1536px\" \/><\/a><\/p>\n<p>El rally cont\u00f3 10 estaciones en la que 17 equipos, de cinco integrantes cada uno, tuvo el reto de cumplir con cada una de las dificultades que se le ped\u00edan, como Mario Card\u00edaco que ten\u00edan que dar una vuelta alrededor del pasillo en silla de ruedas, en pelotas locas los jugadores lanzaban pelotas de un extremo a otro con una sola mano dentro de la piscina, en encuentra el tesoro, se ten\u00eda que buscar un objeto con los ojos vendados. Otra estaci\u00f3n que atrajo a los participantes, fue el de \u201cse te zaf\u00f3 una tuerca\u201d donde con una mano ten\u00edan que enroscar la tuerca al tornillo sin ayuda de la otra extremidad.<\/p>\n<p>Durante la actividad, el doctor Kevin Portillo, jefe de la Consulta Externa, hizo una presentaci\u00f3n sobre la Inclusi\u00f3n Laboral, que busca no solo rehabilitar a los pacientes, sino tambi\u00e9n incluirlos en una vida social y laboral.<\/p>\n<blockquote>\n<p>Se est\u00e1 trabajando muy de la mano con el Consejo Nacional para la Atenci\u00f3n de las Personas con Discapacidad y el Ministerio de Trabajo.<\/p>\n<\/blockquote>\n<p>\u201cAhorita se est\u00e1 trabajando muy de la mano con el Consejo Nacional para la Atenci\u00f3n de las Personas con Discapacidad y el Ministerio de Trabajo, para que las personas puedan ser incluidas en un trabajo digno\u201d, resalt\u00f3 el doctor Portillo.<\/p>\n<p>Posteriormente, Alison Waleska Valle Blanco, comparti\u00f3 con los asistentes su testimonio de vida tras sufrir un accidente en motocicleta.<\/p>\n<p>\u201cQuiero agradecer a mis doctores por todo el apoyo que he recibido, principalmente a los de este hospital, fisioterapeutas y terapia del habla, yo ten\u00eda un diagn\u00f3stico reservado, p\u00e9rdida de memoria e invalidez para toda mi vida, a\u00fan estoy pendiente de un operaci\u00f3n, pero hoy estoy aqu\u00ed de pie con el mensaje no dejes de so\u00f1ar porque se puede salir adelante\u201d, dijo.<\/p>\n<p><a href=\"\/wp-content\/uploads\/sites\/5\/2022\/12\/Personas-con-Discapacidad-2.jpg\" target=\"_blank\" rel=\"noopener\"><img loading=\"lazy\" decoding=\"async\" class=\"alignnone wp-image-32098 size-full\" src=\"\/wp-content\/uploads\/sites\/5\/2022\/12\/Personas-con-Discapacidad-2.jpg\" alt=\"\" width=\"1536\" height=\"864\" srcset=\"\/wp-content\/uploads\/sites\/5\/2022\/12\/Personas-con-Discapacidad-2.jpg 1536w, \/wp-content\/uploads\/sites\/5\/2022\/12\/Personas-con-Discapacidad-2-300x169.jpg 300w, \/wp-content\/uploads\/sites\/5\/2022\/12\/Personas-con-Discapacidad-2-768x432.jpg 768w, \/wp-content\/uploads\/sites\/5\/2022\/12\/Personas-con-Discapacidad-2-1024x576.jpg 1024w, \/wp-content\/uploads\/sites\/5\/2022\/12\/Personas-con-Discapacidad-2-747x420.jpg 747w, \/wp-content\/uploads\/sites\/5\/2022\/12\/Personas-con-Discapacidad-2-696x392.jpg 696w, \/wp-content\/uploads\/sites\/5\/2022\/12\/Personas-con-Discapacidad-2-1068x601.jpg 1068w, \/wp-content\/uploads\/sites\/5\/2022\/12\/Personas-con-Discapacidad-2-534x300.jpg 534w\" sizes=\"auto, (max-width: 1536px) 100vw, 1536px\" \/><\/a><\/p>\n<p>Otra paciente que fue ovacionada fue Karla Casta\u00f1eda qui\u00e9n perdi\u00f3 su brazo derecho en un accidente de motocicleta, y ahora es la \u00fanica mujer portera en el equipo de futbol de personas amputadas de Guatemala y quien en enero pr\u00f3ximo participar\u00e1 en el II Campeonato Centroamericano de futbol en Cant\u00f3n San Carlos de Costa Rica.<\/p>\n<p>Al finalizar la actividad se premi\u00f3 a los tres mejores equipos que tuvieron inclusi\u00f3n entre sus integrantes y se les entreg\u00f3 un reconocimiento por mejor uniforme a otros tres.<\/p>\n\n\n\n\r\n                <style type=\"text\/css\">\r\n                    \r\n                    #tdi_1  .td-doubleSlider-2 .td-item1 {\r\n                        background: url(\/wp-content\/uploads\/sites\/5\/2022\/12\/Personas-con-Discapacidad-6-80x60.jpg) 0 0 no-repeat;\r\n                    }\r\n                    #tdi_1  .td-doubleSlider-2 .td-item2 {\r\n                        background: url(\/wp-content\/uploads\/sites\/5\/2022\/12\/Personas-con-Discapacidad-4-80x60.jpg) 0 0 no-repeat;\r\n                    }\r\n                    #tdi_1  .td-doubleSlider-2 .td-item3 {\r\n                        background: url(\/wp-content\/uploads\/sites\/5\/2022\/12\/Personas-con-Discapacidad-1-80x60.jpg) 0 0 no-repeat;\r\n                    }\r\n                <\/style>\r\n\r\n                <div id=\"tdi_1\" class=\"td-gallery td-slide-on-2-columns\">\r\n                    <div class=\"post_td_gallery\">\r\n                        <div class=\"td-gallery-slide-top\">\r\n                           <div class=\"td-gallery-title\"><\/div>\r\n\r\n                            <div class=\"td-gallery-controls-wrapper\">\r\n                                <div class=\"td-gallery-slide-count\"><span class=\"td-gallery-slide-item-focus\">1<\/span> de 3<\/div>\r\n                                <div class=\"td-gallery-slide-prev-next-but\">\r\n                                    <i class = \"td-icon-left doubleSliderPrevButton\"><\/i>\r\n                                    <i class = \"td-icon-right doubleSliderNextButton\"><\/i>\r\n                                <\/div>\r\n                            <\/div>\r\n                        <\/div>\r\n\r\n                        <div class = \"td-doubleSlider-1 \">\r\n                            <div class = \"td-slider\">\r\n                                \r\n                    <div class = \"td-slide-item td-item1\">\r\n                        <figure class=\"td-slide-galery-figure td-slide-popup-gallery\">\r\n                            <a class=\"slide-gallery-image-link\" href=\"\/wp-content\/uploads\/sites\/5\/2022\/12\/Personas-con-Discapacidad-6.jpg\" title=\"Personas con Discapacidad-6\"  data-caption=\"\"  data-description=\"\">\r\n                                <img decoding=\"async\" src=\"\/wp-content\/uploads\/sites\/5\/2022\/12\/Personas-con-Discapacidad-6-747x420.jpg\" srcset=\"\/wp-content\/uploads\/sites\/5\/2022\/12\/Personas-con-Discapacidad-6-747x420.jpg 747w, \/wp-content\/uploads\/sites\/5\/2022\/12\/Personas-con-Discapacidad-6-300x169.jpg 300w, \/wp-content\/uploads\/sites\/5\/2022\/12\/Personas-con-Discapacidad-6-768x432.jpg 768w, \/wp-content\/uploads\/sites\/5\/2022\/12\/Personas-con-Discapacidad-6-1024x576.jpg 1024w, \/wp-content\/uploads\/sites\/5\/2022\/12\/Personas-con-Discapacidad-6-1536x864.jpg 1536w, \/wp-content\/uploads\/sites\/5\/2022\/12\/Personas-con-Discapacidad-6-696x392.jpg 696w, \/wp-content\/uploads\/sites\/5\/2022\/12\/Personas-con-Discapacidad-6-1068x601.jpg 1068w, \/wp-content\/uploads\/sites\/5\/2022\/12\/Personas-con-Discapacidad-6-534x300.jpg 534w, \/wp-content\/uploads\/sites\/5\/2022\/12\/Personas-con-Discapacidad-6.jpg 1600w\" sizes=\"(max-width: 747px) 100vw, 747px\" alt=\"\">\r\n                            <\/a>\r\n                            \r\n                        <\/figure>\r\n                    <\/div>\r\n                    <div class = \"td-slide-item td-item2\">\r\n                        <figure class=\"td-slide-galery-figure td-slide-popup-gallery\">\r\n                            <a class=\"slide-gallery-image-link\" href=\"\/wp-content\/uploads\/sites\/5\/2022\/12\/Personas-con-Discapacidad-4.jpg\" title=\"Personas con Discapacidad-4\"  data-caption=\"\"  data-description=\"\">\r\n                                <img decoding=\"async\" src=\"\/wp-content\/uploads\/sites\/5\/2022\/12\/Personas-con-Discapacidad-4-747x420.jpg\" srcset=\"\/wp-content\/uploads\/sites\/5\/2022\/12\/Personas-con-Discapacidad-4-747x420.jpg 747w, \/wp-content\/uploads\/sites\/5\/2022\/12\/Personas-con-Discapacidad-4-300x169.jpg 300w, \/wp-content\/uploads\/sites\/5\/2022\/12\/Personas-con-Discapacidad-4-768x432.jpg 768w, \/wp-content\/uploads\/sites\/5\/2022\/12\/Personas-con-Discapacidad-4-1024x576.jpg 1024w, \/wp-content\/uploads\/sites\/5\/2022\/12\/Personas-con-Discapacidad-4-696x392.jpg 696w, \/wp-content\/uploads\/sites\/5\/2022\/12\/Personas-con-Discapacidad-4-1068x601.jpg 1068w, \/wp-content\/uploads\/sites\/5\/2022\/12\/Personas-con-Discapacidad-4-534x300.jpg 534w, \/wp-content\/uploads\/sites\/5\/2022\/12\/Personas-con-Discapacidad-4.jpg 1536w\" sizes=\"(max-width: 747px) 100vw, 747px\" alt=\"\">\r\n                            <\/a>\r\n                            \r\n                        <\/figure>\r\n                    <\/div>\r\n                    <div class = \"td-slide-item td-item3\">\r\n                        <figure class=\"td-slide-galery-figure td-slide-popup-gallery\">\r\n                            <a class=\"slide-gallery-image-link\" href=\"\/wp-content\/uploads\/sites\/5\/2022\/12\/Personas-con-Discapacidad-1.jpg\" title=\"Personas con Discapacidad-1\"  data-caption=\"\"  data-description=\"\">\r\n                                <img decoding=\"async\" src=\"\/wp-content\/uploads\/sites\/5\/2022\/12\/Personas-con-Discapacidad-1-747x420.jpg\" srcset=\"\/wp-content\/uploads\/sites\/5\/2022\/12\/Personas-con-Discapacidad-1-747x420.jpg 747w, \/wp-content\/uploads\/sites\/5\/2022\/12\/Personas-con-Discapacidad-1-300x169.jpg 300w, \/wp-content\/uploads\/sites\/5\/2022\/12\/Personas-con-Discapacidad-1-768x432.jpg 768w, \/wp-content\/uploads\/sites\/5\/2022\/12\/Personas-con-Discapacidad-1-1024x576.jpg 1024w, \/wp-content\/uploads\/sites\/5\/2022\/12\/Personas-con-Discapacidad-1-1536x864.jpg 1536w, \/wp-content\/uploads\/sites\/5\/2022\/12\/Personas-con-Discapacidad-1-696x392.jpg 696w, \/wp-content\/uploads\/sites\/5\/2022\/12\/Personas-con-Discapacidad-1-1068x601.jpg 1068w, \/wp-content\/uploads\/sites\/5\/2022\/12\/Personas-con-Discapacidad-1-534x300.jpg 534w, \/wp-content\/uploads\/sites\/5\/2022\/12\/Personas-con-Discapacidad-1.jpg 1600w\" sizes=\"(max-width: 747px) 100vw, 747px\" alt=\"\">\r\n                            <\/a>\r\n                            \r\n                        <\/figure>\r\n                    <\/div>\r\n                            <\/div>\r\n                        <\/div>\r\n\r\n                        <div class = \"td-doubleSlider-2\">\r\n                            <div class = \"td-slider\">\r\n                                \r\n                    <div class = \"td-button td-item1\">\r\n                        <div class = \"td-border\"><\/div>\r\n                    <\/div>\r\n                    <div class = \"td-button td-item2\">\r\n                        <div class = \"td-border\"><\/div>\r\n                    <\/div>\r\n                    <div class = \"td-button td-item3\">\r\n                        <div class = \"td-border\"><\/div>\r\n                    <\/div>\r\n                            <\/div>\r\n                        <\/div>\r\n\r\n                    <\/div>\r\n\r\n                <\/div>\r\n                \n","protected":false},"excerpt":{"rendered":"<p>En el marco de la conmemoraci\u00f3n del D\u00eda Internacional de las Personas con Discapacidad que se llev\u00f3 a cabo el pasado 3 de diciembre y que busca crear una conciencia con enfoque de derechos humanos en toda la poblaci\u00f3n, el Hospital de Rehabilitaci\u00f3n realiz\u00f3 un rally mixto con la participaci\u00f3n de colaboradores, usuarios y familiares, [&hellip;]<\/p>\n","protected":false},"author":1961,"featured_media":32107,"comment_status":"closed","ping_status":"closed","sticky":false,"template":"","format":"standard","meta":{"footnotes":""},"categories":[3],"tags":[1561,478],"coauthors":[],"class_list":{"0":"post-32095","1":"post","2":"type-post","3":"status-publish","4":"format-standard","5":"has-post-thumbnail","7":"category-actualidad","8":"tag-dia-internacional-de-las-personas-con-discapacidad","9":"tag-hospital-de-rehabilitacion"},"_links":{"self":[{"href":"https:\/\/www.igssgt.org\/noticias\/wp-json\/wp\/v2\/posts\/32095","targetHints":{"allow":["GET"]}}],"collection":[{"href":"https:\/\/www.igssgt.org\/noticias\/wp-json\/wp\/v2\/posts"}],"about":[{"href":"https:\/\/www.igssgt.org\/noticias\/wp-json\/wp\/v2\/types\/post"}],"author":[{"embeddable":true,"href":"https:\/\/www.igssgt.org\/noticias\/wp-json\/wp\/v2\/users\/1961"}],"replies":[{"embeddable":true,"href":"https:\/\/www.igssgt.org\/noticias\/wp-json\/wp\/v2\/comments?post=32095"}],"version-history":[{"count":8,"href":"https:\/\/www.igssgt.org\/noticias\/wp-json\/wp\/v2\/posts\/32095\/revisions"}],"predecessor-version":[{"id":32167,"href":"https:\/\/www.igssgt.org\/noticias\/wp-json\/wp\/v2\/posts\/32095\/revisions\/32167"}],"wp:featuredmedia":[{"embeddable":true,"href":"https:\/\/www.igssgt.org\/noticias\/wp-json\/wp\/v2\/media\/32107"}],"wp:attachment":[{"href":"https:\/\/www.igssgt.org\/noticias\/wp-json\/wp\/v2\/media?parent=32095"}],"wp:term":[{"taxonomy":"category","embeddable":true,"href":"https:\/\/www.igssgt.org\/noticias\/wp-json\/wp\/v2\/categories?post=32095"},{"taxonomy":"post_tag","embeddable":true,"href":"https:\/\/www.igssgt.org\/noticias\/wp-json\/wp\/v2\/tags?post=32095"},{"taxonomy":"author","embeddable":true,"href":"https:\/\/www.igssgt.org\/noticias\/wp-json\/wp\/v2\/coauthors?post=32095"}],"curies":[{"name":"wp","href":"https:\/\/api.w.org\/{rel}","templated":true}]}}