{"id":32195,"date":"2022-12-14T17:26:16","date_gmt":"2022-12-14T23:26:16","guid":{"rendered":"https:\/\/www.igssgt.org\/noticias\/?p=32195"},"modified":"2022-12-14T17:29:52","modified_gmt":"2022-12-14T23:29:52","slug":"el-igss-inaugura-instalaciones-para-el-programa-de-hospital-de-dia-de-salud-mental","status":"publish","type":"post","link":"https:\/\/www.igssgt.org\/noticias\/2022\/12\/14\/el-igss-inaugura-instalaciones-para-el-programa-de-hospital-de-dia-de-salud-mental\/","title":{"rendered":"El IGSS inaugura instalaciones para el Programa de Hospital de D\u00eda de Salud Mental"},"content":{"rendered":"\n<p class=\"has-drop-cap\">Los afiliados y pensionados del Centro de Atenci\u00f3n Integral de Salud Mental (CAISM), del Instituto Guatemalteco de Seguridad Social (IGSS), ubicado en zona 12, Colinas de Pamplona, cuentan con nuevas instalaciones para recibir terapias que son brindadas por el Programa Hospital de D\u00eda.<\/p>\n\n\n\n<p>La inauguraci\u00f3n fue realizada por el presidente de la Junta Directiva del Seguro Social, licenciado Jos\u00e9 Adolfo Flamenco Jau; el doctor Nery Ortiz \u00c1lvarez, representante de la Subgerencia de Prestaciones en Salud; el doctor Enrique Mendoza, director m\u00e9dico del CAISM, y la psiquiatra Claudia Gait\u00e1n Mart\u00ednez, coordinadora del Programa del Hospital de D\u00eda.<\/p>\n<p><a href=\"\/wp-content\/uploads\/sites\/5\/2022\/12\/El-IGSS-inaugura-instalaciones-para-el-Programa-de-Hospital-de-Dia-de-Salud-Mental-6.jpg\"><img loading=\"lazy\" decoding=\"async\" class=\"alignnone size-full wp-image-32202\" src=\"\/wp-content\/uploads\/sites\/5\/2022\/12\/El-IGSS-inaugura-instalaciones-para-el-Programa-de-Hospital-de-Dia-de-Salud-Mental-6.jpg\" alt=\"\" width=\"1600\" height=\"1066\" srcset=\"\/wp-content\/uploads\/sites\/5\/2022\/12\/El-IGSS-inaugura-instalaciones-para-el-Programa-de-Hospital-de-Dia-de-Salud-Mental-6.jpg 1600w, \/wp-content\/uploads\/sites\/5\/2022\/12\/El-IGSS-inaugura-instalaciones-para-el-Programa-de-Hospital-de-Dia-de-Salud-Mental-6-300x200.jpg 300w, \/wp-content\/uploads\/sites\/5\/2022\/12\/El-IGSS-inaugura-instalaciones-para-el-Programa-de-Hospital-de-Dia-de-Salud-Mental-6-768x512.jpg 768w, \/wp-content\/uploads\/sites\/5\/2022\/12\/El-IGSS-inaugura-instalaciones-para-el-Programa-de-Hospital-de-Dia-de-Salud-Mental-6-1024x682.jpg 1024w, \/wp-content\/uploads\/sites\/5\/2022\/12\/El-IGSS-inaugura-instalaciones-para-el-Programa-de-Hospital-de-Dia-de-Salud-Mental-6-1536x1023.jpg 1536w, \/wp-content\/uploads\/sites\/5\/2022\/12\/El-IGSS-inaugura-instalaciones-para-el-Programa-de-Hospital-de-Dia-de-Salud-Mental-6-630x420.jpg 630w, \/wp-content\/uploads\/sites\/5\/2022\/12\/El-IGSS-inaugura-instalaciones-para-el-Programa-de-Hospital-de-Dia-de-Salud-Mental-6-696x464.jpg 696w, \/wp-content\/uploads\/sites\/5\/2022\/12\/El-IGSS-inaugura-instalaciones-para-el-Programa-de-Hospital-de-Dia-de-Salud-Mental-6-1068x712.jpg 1068w, \/wp-content\/uploads\/sites\/5\/2022\/12\/El-IGSS-inaugura-instalaciones-para-el-Programa-de-Hospital-de-Dia-de-Salud-Mental-6-534x356.jpg 534w\" sizes=\"auto, (max-width: 1600px) 100vw, 1600px\" \/><\/a><\/p>\n<p>\u00abEstamos satisfechos por estar brindando un servicio de atenci\u00f3n integral de salud a nuestros asegurados, estos nuevos espacios son habilitados para que reciban sus terapias en un lugar adecuado, con una atenci\u00f3n de calidad y calidez humana\u00bb, destac\u00f3 el licenciado Flamenco Jau.<\/p>\n<p>El Programa de Hospital de D\u00eda cuenta con seis nuevos cub\u00edculos ubicados en el segundo nivel del Hospital, donde se impartir\u00e1n diferentes terapias por profesionales de la psiquiatr\u00eda, psicolog\u00eda y terapia ocupacional. Dicha unidad funciona desde el a\u00f1o 1983 y es uno de los programas pioneros de atenci\u00f3n integral de salud mental en Guatemala.<\/p>\n<blockquote>\n<p>Los nuevos espacios est\u00e1n habilitados para que los pacientes reciban sus terapias en un lugar adecuado<\/p>\n<\/blockquote>\n<p>En las nuevas \u00e1reas inauguradas los pacientes podr\u00e1n recibir terapia grupal, psicodrama, taller de expresi\u00f3n corporal, biodanza, musicoterapia, taller de arte, de lectura, manualidades, ludoterapia activa y pasiva, tai chi, neuronet y relajaci\u00f3n, inform\u00f3 el doctor Mendoza.<\/p>\n<figure id=\"attachment_32209\" aria-describedby=\"caption-attachment-32209\" style=\"width: 1505px\" class=\"wp-caption alignnone\"><a href=\"\/wp-content\/uploads\/sites\/5\/2022\/12\/El-IGSS-inaugura-instalaciones-para-el-Programa-de-Hospital-de-Dia-de-Salud-Mental-11x.jpg\"><img loading=\"lazy\" decoding=\"async\" class=\"wp-image-32209 size-full\" src=\"\/wp-content\/uploads\/sites\/5\/2022\/12\/El-IGSS-inaugura-instalaciones-para-el-Programa-de-Hospital-de-Dia-de-Salud-Mental-11x.jpg\" alt=\"\" width=\"1505\" height=\"943\" srcset=\"\/wp-content\/uploads\/sites\/5\/2022\/12\/El-IGSS-inaugura-instalaciones-para-el-Programa-de-Hospital-de-Dia-de-Salud-Mental-11x.jpg 1505w, \/wp-content\/uploads\/sites\/5\/2022\/12\/El-IGSS-inaugura-instalaciones-para-el-Programa-de-Hospital-de-Dia-de-Salud-Mental-11x-300x188.jpg 300w, \/wp-content\/uploads\/sites\/5\/2022\/12\/El-IGSS-inaugura-instalaciones-para-el-Programa-de-Hospital-de-Dia-de-Salud-Mental-11x-768x481.jpg 768w, \/wp-content\/uploads\/sites\/5\/2022\/12\/El-IGSS-inaugura-instalaciones-para-el-Programa-de-Hospital-de-Dia-de-Salud-Mental-11x-1024x642.jpg 1024w, \/wp-content\/uploads\/sites\/5\/2022\/12\/El-IGSS-inaugura-instalaciones-para-el-Programa-de-Hospital-de-Dia-de-Salud-Mental-11x-670x420.jpg 670w, \/wp-content\/uploads\/sites\/5\/2022\/12\/El-IGSS-inaugura-instalaciones-para-el-Programa-de-Hospital-de-Dia-de-Salud-Mental-11x-696x436.jpg 696w, \/wp-content\/uploads\/sites\/5\/2022\/12\/El-IGSS-inaugura-instalaciones-para-el-Programa-de-Hospital-de-Dia-de-Salud-Mental-11x-1068x669.jpg 1068w, \/wp-content\/uploads\/sites\/5\/2022\/12\/El-IGSS-inaugura-instalaciones-para-el-Programa-de-Hospital-de-Dia-de-Salud-Mental-11x-534x335.jpg 534w\" sizes=\"auto, (max-width: 1505px) 100vw, 1505px\" \/><\/a><figcaption id=\"caption-attachment-32209\" class=\"wp-caption-text\">Los pacientes cuentan con c\u00f3modas y amplias instalaciones.<\/figcaption><\/figure>\n<p>Durante este a\u00f1o el Programa de D\u00eda ha ofrecido 15 mil 881 actividades terap\u00e9uticas y ha atendido 41 mil 445 casos de emergencia, de esta manera el CAISM ha beneficiando a los pacientes referidos para recibir una atenci\u00f3n integral para su rehabilitaci\u00f3n psicol\u00f3gica y existencial. El tratamiento brindado a los pacientes en el Programa de D\u00eda es intensivo, este brinda de lunes a viernes de 8:00 a 12:00 horas.<\/p>\n<p>Los pacientes pondr\u00e1n encontrar en este espacio el tratamiento y un alivio a sus dolencias psicol\u00f3gicas y existenciales. \u00abSomos un equipo comprometido a ofrecer una buena atenci\u00f3n integral, el Hospital de D\u00eda atiende al a\u00f1o a m\u00e1s de 200 asegurados y brinda m\u00e1s de mil 200 terapias grupales\u201d, puntualiz\u00f3 la psiquiatra Gait\u00e1n.<\/p>\n<p>Al finalizar la actividad, los pacientes del Hospital de D\u00eda entonaron villancicos navide\u00f1os para conmemorar las fechas de fin de a\u00f1o.<\/p>\n\n\n\n\r\n                <style type=\"text\/css\">\r\n                    \r\n                    #tdi_1  .td-doubleSlider-2 .td-item1 {\r\n                        background: url(\/wp-content\/uploads\/sites\/5\/2022\/12\/El-IGSS-inaugura-instalaciones-para-el-Programa-de-Hospital-de-Dia-de-Salud-Mental-5-80x60.jpg) 0 0 no-repeat;\r\n                    }\r\n                    #tdi_1  .td-doubleSlider-2 .td-item2 {\r\n                        background: url(\/wp-content\/uploads\/sites\/5\/2022\/12\/El-IGSS-inaugura-instalaciones-para-el-Programa-de-Hospital-de-Dia-de-Salud-Mental-4-80x60.jpg) 0 0 no-repeat;\r\n                    }\r\n                    #tdi_1  .td-doubleSlider-2 .td-item3 {\r\n                        background: url(\/wp-content\/uploads\/sites\/5\/2022\/12\/El-IGSS-inaugura-instalaciones-para-el-Programa-de-Hospital-de-Dia-de-Salud-Mental-9-80x60.jpg) 0 0 no-repeat;\r\n                    }\r\n                    #tdi_1  .td-doubleSlider-2 .td-item4 {\r\n                        background: url(\/wp-content\/uploads\/sites\/5\/2022\/12\/El-IGSS-inaugura-instalaciones-para-el-Programa-de-Hospital-de-Dia-de-Salud-Mental-2-80x60.jpg) 0 0 no-repeat;\r\n                    }\r\n                    #tdi_1  .td-doubleSlider-2 .td-item5 {\r\n                        background: url(\/wp-content\/uploads\/sites\/5\/2022\/12\/El-IGSS-inaugura-instalaciones-para-el-Programa-de-Hospital-de-Dia-de-Salud-Mental-7-80x60.jpg) 0 0 no-repeat;\r\n                    }\r\n                    #tdi_1  .td-doubleSlider-2 .td-item6 {\r\n                        background: url(\/wp-content\/uploads\/sites\/5\/2022\/12\/El-IGSS-inaugura-instalaciones-para-el-Programa-de-Hospital-de-Dia-de-Salud-Mental-8-80x60.jpg) 0 0 no-repeat;\r\n                    }\r\n                    #tdi_1  .td-doubleSlider-2 .td-item7 {\r\n                        background: url(\/wp-content\/uploads\/sites\/5\/2022\/12\/El-IGSS-inaugura-instalaciones-para-el-Programa-de-Hospital-de-Dia-de-Salud-Mental-10-80x60.jpg) 0 0 no-repeat;\r\n                    }\r\n                    #tdi_1  .td-doubleSlider-2 .td-item8 {\r\n                        background: url(\/wp-content\/uploads\/sites\/5\/2022\/12\/El-IGSS-inaugura-instalaciones-para-el-Programa-de-Hospital-de-Dia-de-Salud-Mental-1-80x60.jpg) 0 0 no-repeat;\r\n                    }\r\n                <\/style>\r\n\r\n                <div id=\"tdi_1\" class=\"td-gallery td-slide-on-2-columns\">\r\n                    <div class=\"post_td_gallery\">\r\n                        <div class=\"td-gallery-slide-top\">\r\n                           <div class=\"td-gallery-title\"><\/div>\r\n\r\n                            <div class=\"td-gallery-controls-wrapper\">\r\n                                <div class=\"td-gallery-slide-count\"><span class=\"td-gallery-slide-item-focus\">1<\/span> de 8<\/div>\r\n                                <div class=\"td-gallery-slide-prev-next-but\">\r\n                                    <i class = \"td-icon-left doubleSliderPrevButton\"><\/i>\r\n                                    <i class = \"td-icon-right doubleSliderNextButton\"><\/i>\r\n                                <\/div>\r\n                            <\/div>\r\n                        <\/div>\r\n\r\n                        <div class = \"td-doubleSlider-1 \">\r\n                            <div class = \"td-slider\">\r\n                                \r\n                    <div class = \"td-slide-item td-item1\">\r\n                        <figure class=\"td-slide-galery-figure td-slide-popup-gallery\">\r\n                            <a class=\"slide-gallery-image-link\" href=\"\/wp-content\/uploads\/sites\/5\/2022\/12\/El-IGSS-inaugura-instalaciones-para-el-Programa-de-Hospital-de-Dia-de-Salud-Mental-5.jpg\" title=\"El IGSS inaugura instalaciones para el Programa de Hospital de Di\u0301a de Salud Mental-5\"  data-caption=\"\"  data-description=\"\">\r\n                                <img decoding=\"async\" src=\"\/wp-content\/uploads\/sites\/5\/2022\/12\/El-IGSS-inaugura-instalaciones-para-el-Programa-de-Hospital-de-Dia-de-Salud-Mental-5-630x420.jpg\" srcset=\"\/wp-content\/uploads\/sites\/5\/2022\/12\/El-IGSS-inaugura-instalaciones-para-el-Programa-de-Hospital-de-Dia-de-Salud-Mental-5-630x420.jpg 630w, \/wp-content\/uploads\/sites\/5\/2022\/12\/El-IGSS-inaugura-instalaciones-para-el-Programa-de-Hospital-de-Dia-de-Salud-Mental-5-300x200.jpg 300w, \/wp-content\/uploads\/sites\/5\/2022\/12\/El-IGSS-inaugura-instalaciones-para-el-Programa-de-Hospital-de-Dia-de-Salud-Mental-5-768x512.jpg 768w, \/wp-content\/uploads\/sites\/5\/2022\/12\/El-IGSS-inaugura-instalaciones-para-el-Programa-de-Hospital-de-Dia-de-Salud-Mental-5-1024x682.jpg 1024w, \/wp-content\/uploads\/sites\/5\/2022\/12\/El-IGSS-inaugura-instalaciones-para-el-Programa-de-Hospital-de-Dia-de-Salud-Mental-5-1536x1023.jpg 1536w, \/wp-content\/uploads\/sites\/5\/2022\/12\/El-IGSS-inaugura-instalaciones-para-el-Programa-de-Hospital-de-Dia-de-Salud-Mental-5-696x464.jpg 696w, \/wp-content\/uploads\/sites\/5\/2022\/12\/El-IGSS-inaugura-instalaciones-para-el-Programa-de-Hospital-de-Dia-de-Salud-Mental-5-1068x712.jpg 1068w, \/wp-content\/uploads\/sites\/5\/2022\/12\/El-IGSS-inaugura-instalaciones-para-el-Programa-de-Hospital-de-Dia-de-Salud-Mental-5-534x356.jpg 534w, \/wp-content\/uploads\/sites\/5\/2022\/12\/El-IGSS-inaugura-instalaciones-para-el-Programa-de-Hospital-de-Dia-de-Salud-Mental-5.jpg 1600w\" sizes=\"(max-width: 630px) 100vw, 630px\" alt=\"\">\r\n                            <\/a>\r\n                            \r\n                        <\/figure>\r\n                    <\/div>\r\n                    <div class = \"td-slide-item td-item2\">\r\n                        <figure class=\"td-slide-galery-figure td-slide-popup-gallery\">\r\n                            <a class=\"slide-gallery-image-link\" href=\"\/wp-content\/uploads\/sites\/5\/2022\/12\/El-IGSS-inaugura-instalaciones-para-el-Programa-de-Hospital-de-Dia-de-Salud-Mental-4.jpg\" title=\"El IGSS inaugura instalaciones para el Programa de Hospital de Di\u0301a de Salud Mental-4\"  data-caption=\"\"  data-description=\"\">\r\n                                <img decoding=\"async\" src=\"\/wp-content\/uploads\/sites\/5\/2022\/12\/El-IGSS-inaugura-instalaciones-para-el-Programa-de-Hospital-de-Dia-de-Salud-Mental-4-630x420.jpg\" srcset=\"\/wp-content\/uploads\/sites\/5\/2022\/12\/El-IGSS-inaugura-instalaciones-para-el-Programa-de-Hospital-de-Dia-de-Salud-Mental-4-630x420.jpg 630w, \/wp-content\/uploads\/sites\/5\/2022\/12\/El-IGSS-inaugura-instalaciones-para-el-Programa-de-Hospital-de-Dia-de-Salud-Mental-4-300x200.jpg 300w, \/wp-content\/uploads\/sites\/5\/2022\/12\/El-IGSS-inaugura-instalaciones-para-el-Programa-de-Hospital-de-Dia-de-Salud-Mental-4-768x512.jpg 768w, \/wp-content\/uploads\/sites\/5\/2022\/12\/El-IGSS-inaugura-instalaciones-para-el-Programa-de-Hospital-de-Dia-de-Salud-Mental-4-1024x682.jpg 1024w, \/wp-content\/uploads\/sites\/5\/2022\/12\/El-IGSS-inaugura-instalaciones-para-el-Programa-de-Hospital-de-Dia-de-Salud-Mental-4-1536x1023.jpg 1536w, \/wp-content\/uploads\/sites\/5\/2022\/12\/El-IGSS-inaugura-instalaciones-para-el-Programa-de-Hospital-de-Dia-de-Salud-Mental-4-696x464.jpg 696w, \/wp-content\/uploads\/sites\/5\/2022\/12\/El-IGSS-inaugura-instalaciones-para-el-Programa-de-Hospital-de-Dia-de-Salud-Mental-4-1068x712.jpg 1068w, \/wp-content\/uploads\/sites\/5\/2022\/12\/El-IGSS-inaugura-instalaciones-para-el-Programa-de-Hospital-de-Dia-de-Salud-Mental-4-534x356.jpg 534w, \/wp-content\/uploads\/sites\/5\/2022\/12\/El-IGSS-inaugura-instalaciones-para-el-Programa-de-Hospital-de-Dia-de-Salud-Mental-4.jpg 1600w\" sizes=\"(max-width: 630px) 100vw, 630px\" alt=\"\">\r\n                            <\/a>\r\n                            \r\n                        <\/figure>\r\n                    <\/div>\r\n                    <div class = \"td-slide-item td-item3\">\r\n                        <figure class=\"td-slide-galery-figure td-slide-popup-gallery\">\r\n                            <a class=\"slide-gallery-image-link\" href=\"\/wp-content\/uploads\/sites\/5\/2022\/12\/El-IGSS-inaugura-instalaciones-para-el-Programa-de-Hospital-de-Dia-de-Salud-Mental-9.jpg\" title=\"El IGSS inaugura instalaciones para el Programa de Hospital de Di\u0301a de Salud Mental-9\"  data-caption=\"\"  data-description=\"\">\r\n                                <img decoding=\"async\" src=\"\/wp-content\/uploads\/sites\/5\/2022\/12\/El-IGSS-inaugura-instalaciones-para-el-Programa-de-Hospital-de-Dia-de-Salud-Mental-9-630x420.jpg\" srcset=\"\/wp-content\/uploads\/sites\/5\/2022\/12\/El-IGSS-inaugura-instalaciones-para-el-Programa-de-Hospital-de-Dia-de-Salud-Mental-9-630x420.jpg 630w, \/wp-content\/uploads\/sites\/5\/2022\/12\/El-IGSS-inaugura-instalaciones-para-el-Programa-de-Hospital-de-Dia-de-Salud-Mental-9-300x200.jpg 300w, \/wp-content\/uploads\/sites\/5\/2022\/12\/El-IGSS-inaugura-instalaciones-para-el-Programa-de-Hospital-de-Dia-de-Salud-Mental-9-768x512.jpg 768w, \/wp-content\/uploads\/sites\/5\/2022\/12\/El-IGSS-inaugura-instalaciones-para-el-Programa-de-Hospital-de-Dia-de-Salud-Mental-9-1024x682.jpg 1024w, \/wp-content\/uploads\/sites\/5\/2022\/12\/El-IGSS-inaugura-instalaciones-para-el-Programa-de-Hospital-de-Dia-de-Salud-Mental-9-1536x1023.jpg 1536w, \/wp-content\/uploads\/sites\/5\/2022\/12\/El-IGSS-inaugura-instalaciones-para-el-Programa-de-Hospital-de-Dia-de-Salud-Mental-9-696x464.jpg 696w, \/wp-content\/uploads\/sites\/5\/2022\/12\/El-IGSS-inaugura-instalaciones-para-el-Programa-de-Hospital-de-Dia-de-Salud-Mental-9-1068x712.jpg 1068w, \/wp-content\/uploads\/sites\/5\/2022\/12\/El-IGSS-inaugura-instalaciones-para-el-Programa-de-Hospital-de-Dia-de-Salud-Mental-9-534x356.jpg 534w, \/wp-content\/uploads\/sites\/5\/2022\/12\/El-IGSS-inaugura-instalaciones-para-el-Programa-de-Hospital-de-Dia-de-Salud-Mental-9.jpg 1600w\" sizes=\"(max-width: 630px) 100vw, 630px\" alt=\"\">\r\n                            <\/a>\r\n                            \r\n                        <\/figure>\r\n                    <\/div>\r\n                    <div class = \"td-slide-item td-item4\">\r\n                        <figure class=\"td-slide-galery-figure td-slide-popup-gallery\">\r\n                            <a class=\"slide-gallery-image-link\" href=\"\/wp-content\/uploads\/sites\/5\/2022\/12\/El-IGSS-inaugura-instalaciones-para-el-Programa-de-Hospital-de-Dia-de-Salud-Mental-2.jpg\" title=\"El IGSS inaugura instalaciones para el Programa de Hospital de Di\u0301a de Salud Mental-2\"  data-caption=\"\"  data-description=\"\">\r\n                                <img decoding=\"async\" src=\"\/wp-content\/uploads\/sites\/5\/2022\/12\/El-IGSS-inaugura-instalaciones-para-el-Programa-de-Hospital-de-Dia-de-Salud-Mental-2-630x420.jpg\" srcset=\"\/wp-content\/uploads\/sites\/5\/2022\/12\/El-IGSS-inaugura-instalaciones-para-el-Programa-de-Hospital-de-Dia-de-Salud-Mental-2-630x420.jpg 630w, \/wp-content\/uploads\/sites\/5\/2022\/12\/El-IGSS-inaugura-instalaciones-para-el-Programa-de-Hospital-de-Dia-de-Salud-Mental-2-300x200.jpg 300w, \/wp-content\/uploads\/sites\/5\/2022\/12\/El-IGSS-inaugura-instalaciones-para-el-Programa-de-Hospital-de-Dia-de-Salud-Mental-2-768x512.jpg 768w, \/wp-content\/uploads\/sites\/5\/2022\/12\/El-IGSS-inaugura-instalaciones-para-el-Programa-de-Hospital-de-Dia-de-Salud-Mental-2-1024x682.jpg 1024w, \/wp-content\/uploads\/sites\/5\/2022\/12\/El-IGSS-inaugura-instalaciones-para-el-Programa-de-Hospital-de-Dia-de-Salud-Mental-2-1536x1023.jpg 1536w, \/wp-content\/uploads\/sites\/5\/2022\/12\/El-IGSS-inaugura-instalaciones-para-el-Programa-de-Hospital-de-Dia-de-Salud-Mental-2-696x464.jpg 696w, \/wp-content\/uploads\/sites\/5\/2022\/12\/El-IGSS-inaugura-instalaciones-para-el-Programa-de-Hospital-de-Dia-de-Salud-Mental-2-1068x712.jpg 1068w, \/wp-content\/uploads\/sites\/5\/2022\/12\/El-IGSS-inaugura-instalaciones-para-el-Programa-de-Hospital-de-Dia-de-Salud-Mental-2-534x356.jpg 534w, \/wp-content\/uploads\/sites\/5\/2022\/12\/El-IGSS-inaugura-instalaciones-para-el-Programa-de-Hospital-de-Dia-de-Salud-Mental-2.jpg 1600w\" sizes=\"(max-width: 630px) 100vw, 630px\" alt=\"\">\r\n                            <\/a>\r\n                            \r\n                        <\/figure>\r\n                    <\/div>\r\n                    <div class = \"td-slide-item td-item5\">\r\n                        <figure class=\"td-slide-galery-figure td-slide-popup-gallery\">\r\n                            <a class=\"slide-gallery-image-link\" href=\"\/wp-content\/uploads\/sites\/5\/2022\/12\/El-IGSS-inaugura-instalaciones-para-el-Programa-de-Hospital-de-Dia-de-Salud-Mental-7.jpg\" title=\"El IGSS inaugura instalaciones para el Programa de Hospital de Di\u0301a de Salud Mental-7\"  data-caption=\"\"  data-description=\"\">\r\n                                <img decoding=\"async\" src=\"\/wp-content\/uploads\/sites\/5\/2022\/12\/El-IGSS-inaugura-instalaciones-para-el-Programa-de-Hospital-de-Dia-de-Salud-Mental-7-630x420.jpg\" srcset=\"\/wp-content\/uploads\/sites\/5\/2022\/12\/El-IGSS-inaugura-instalaciones-para-el-Programa-de-Hospital-de-Dia-de-Salud-Mental-7-630x420.jpg 630w, \/wp-content\/uploads\/sites\/5\/2022\/12\/El-IGSS-inaugura-instalaciones-para-el-Programa-de-Hospital-de-Dia-de-Salud-Mental-7-300x200.jpg 300w, \/wp-content\/uploads\/sites\/5\/2022\/12\/El-IGSS-inaugura-instalaciones-para-el-Programa-de-Hospital-de-Dia-de-Salud-Mental-7-768x512.jpg 768w, \/wp-content\/uploads\/sites\/5\/2022\/12\/El-IGSS-inaugura-instalaciones-para-el-Programa-de-Hospital-de-Dia-de-Salud-Mental-7-1024x682.jpg 1024w, \/wp-content\/uploads\/sites\/5\/2022\/12\/El-IGSS-inaugura-instalaciones-para-el-Programa-de-Hospital-de-Dia-de-Salud-Mental-7-1536x1023.jpg 1536w, \/wp-content\/uploads\/sites\/5\/2022\/12\/El-IGSS-inaugura-instalaciones-para-el-Programa-de-Hospital-de-Dia-de-Salud-Mental-7-696x464.jpg 696w, \/wp-content\/uploads\/sites\/5\/2022\/12\/El-IGSS-inaugura-instalaciones-para-el-Programa-de-Hospital-de-Dia-de-Salud-Mental-7-1068x712.jpg 1068w, \/wp-content\/uploads\/sites\/5\/2022\/12\/El-IGSS-inaugura-instalaciones-para-el-Programa-de-Hospital-de-Dia-de-Salud-Mental-7-534x356.jpg 534w, \/wp-content\/uploads\/sites\/5\/2022\/12\/El-IGSS-inaugura-instalaciones-para-el-Programa-de-Hospital-de-Dia-de-Salud-Mental-7.jpg 1600w\" sizes=\"(max-width: 630px) 100vw, 630px\" alt=\"\">\r\n                            <\/a>\r\n                            \r\n                        <\/figure>\r\n                    <\/div>\r\n                    <div class = \"td-slide-item td-item6\">\r\n                        <figure class=\"td-slide-galery-figure td-slide-popup-gallery\">\r\n                            <a class=\"slide-gallery-image-link\" href=\"\/wp-content\/uploads\/sites\/5\/2022\/12\/El-IGSS-inaugura-instalaciones-para-el-Programa-de-Hospital-de-Dia-de-Salud-Mental-8.jpg\" title=\"El IGSS inaugura instalaciones para el Programa de Hospital de Di\u0301a de Salud Mental-8\"  data-caption=\"\"  data-description=\"\">\r\n                                <img decoding=\"async\" src=\"\/wp-content\/uploads\/sites\/5\/2022\/12\/El-IGSS-inaugura-instalaciones-para-el-Programa-de-Hospital-de-Dia-de-Salud-Mental-8-630x420.jpg\" srcset=\"\/wp-content\/uploads\/sites\/5\/2022\/12\/El-IGSS-inaugura-instalaciones-para-el-Programa-de-Hospital-de-Dia-de-Salud-Mental-8-630x420.jpg 630w, \/wp-content\/uploads\/sites\/5\/2022\/12\/El-IGSS-inaugura-instalaciones-para-el-Programa-de-Hospital-de-Dia-de-Salud-Mental-8-300x200.jpg 300w, \/wp-content\/uploads\/sites\/5\/2022\/12\/El-IGSS-inaugura-instalaciones-para-el-Programa-de-Hospital-de-Dia-de-Salud-Mental-8-768x512.jpg 768w, \/wp-content\/uploads\/sites\/5\/2022\/12\/El-IGSS-inaugura-instalaciones-para-el-Programa-de-Hospital-de-Dia-de-Salud-Mental-8-1024x682.jpg 1024w, \/wp-content\/uploads\/sites\/5\/2022\/12\/El-IGSS-inaugura-instalaciones-para-el-Programa-de-Hospital-de-Dia-de-Salud-Mental-8-1536x1023.jpg 1536w, \/wp-content\/uploads\/sites\/5\/2022\/12\/El-IGSS-inaugura-instalaciones-para-el-Programa-de-Hospital-de-Dia-de-Salud-Mental-8-696x464.jpg 696w, \/wp-content\/uploads\/sites\/5\/2022\/12\/El-IGSS-inaugura-instalaciones-para-el-Programa-de-Hospital-de-Dia-de-Salud-Mental-8-1068x712.jpg 1068w, \/wp-content\/uploads\/sites\/5\/2022\/12\/El-IGSS-inaugura-instalaciones-para-el-Programa-de-Hospital-de-Dia-de-Salud-Mental-8-534x356.jpg 534w, \/wp-content\/uploads\/sites\/5\/2022\/12\/El-IGSS-inaugura-instalaciones-para-el-Programa-de-Hospital-de-Dia-de-Salud-Mental-8.jpg 1600w\" sizes=\"(max-width: 630px) 100vw, 630px\" alt=\"\">\r\n                            <\/a>\r\n                            \r\n                        <\/figure>\r\n                    <\/div>\r\n                    <div class = \"td-slide-item td-item7\">\r\n                        <figure class=\"td-slide-galery-figure td-slide-popup-gallery\">\r\n                            <a class=\"slide-gallery-image-link\" href=\"\/wp-content\/uploads\/sites\/5\/2022\/12\/El-IGSS-inaugura-instalaciones-para-el-Programa-de-Hospital-de-Dia-de-Salud-Mental-10.jpg\" title=\"El IGSS inaugura instalaciones para el Programa de Hospital de Di\u0301a de Salud Mental-10\"  data-caption=\"\"  data-description=\"\">\r\n                                <img decoding=\"async\" src=\"\/wp-content\/uploads\/sites\/5\/2022\/12\/El-IGSS-inaugura-instalaciones-para-el-Programa-de-Hospital-de-Dia-de-Salud-Mental-10-630x420.jpg\" srcset=\"\/wp-content\/uploads\/sites\/5\/2022\/12\/El-IGSS-inaugura-instalaciones-para-el-Programa-de-Hospital-de-Dia-de-Salud-Mental-10-630x420.jpg 630w, \/wp-content\/uploads\/sites\/5\/2022\/12\/El-IGSS-inaugura-instalaciones-para-el-Programa-de-Hospital-de-Dia-de-Salud-Mental-10-300x200.jpg 300w, \/wp-content\/uploads\/sites\/5\/2022\/12\/El-IGSS-inaugura-instalaciones-para-el-Programa-de-Hospital-de-Dia-de-Salud-Mental-10-768x512.jpg 768w, \/wp-content\/uploads\/sites\/5\/2022\/12\/El-IGSS-inaugura-instalaciones-para-el-Programa-de-Hospital-de-Dia-de-Salud-Mental-10-1024x682.jpg 1024w, \/wp-content\/uploads\/sites\/5\/2022\/12\/El-IGSS-inaugura-instalaciones-para-el-Programa-de-Hospital-de-Dia-de-Salud-Mental-10-1536x1023.jpg 1536w, \/wp-content\/uploads\/sites\/5\/2022\/12\/El-IGSS-inaugura-instalaciones-para-el-Programa-de-Hospital-de-Dia-de-Salud-Mental-10-696x464.jpg 696w, \/wp-content\/uploads\/sites\/5\/2022\/12\/El-IGSS-inaugura-instalaciones-para-el-Programa-de-Hospital-de-Dia-de-Salud-Mental-10-1068x712.jpg 1068w, \/wp-content\/uploads\/sites\/5\/2022\/12\/El-IGSS-inaugura-instalaciones-para-el-Programa-de-Hospital-de-Dia-de-Salud-Mental-10-534x356.jpg 534w, \/wp-content\/uploads\/sites\/5\/2022\/12\/El-IGSS-inaugura-instalaciones-para-el-Programa-de-Hospital-de-Dia-de-Salud-Mental-10.jpg 1600w\" sizes=\"(max-width: 630px) 100vw, 630px\" alt=\"\">\r\n                            <\/a>\r\n                            \r\n                        <\/figure>\r\n                    <\/div>\r\n                    <div class = \"td-slide-item td-item8\">\r\n                        <figure class=\"td-slide-galery-figure td-slide-popup-gallery\">\r\n                            <a class=\"slide-gallery-image-link\" href=\"\/wp-content\/uploads\/sites\/5\/2022\/12\/El-IGSS-inaugura-instalaciones-para-el-Programa-de-Hospital-de-Dia-de-Salud-Mental-1.jpg\" title=\"El IGSS inaugura instalaciones para el Programa de Hospital de Di\u0301a de Salud Mental-1\"  data-caption=\"\"  data-description=\"\">\r\n                                <img decoding=\"async\" src=\"\/wp-content\/uploads\/sites\/5\/2022\/12\/El-IGSS-inaugura-instalaciones-para-el-Programa-de-Hospital-de-Dia-de-Salud-Mental-1-630x420.jpg\" srcset=\"\/wp-content\/uploads\/sites\/5\/2022\/12\/El-IGSS-inaugura-instalaciones-para-el-Programa-de-Hospital-de-Dia-de-Salud-Mental-1-630x420.jpg 630w, \/wp-content\/uploads\/sites\/5\/2022\/12\/El-IGSS-inaugura-instalaciones-para-el-Programa-de-Hospital-de-Dia-de-Salud-Mental-1-300x200.jpg 300w, \/wp-content\/uploads\/sites\/5\/2022\/12\/El-IGSS-inaugura-instalaciones-para-el-Programa-de-Hospital-de-Dia-de-Salud-Mental-1-768x512.jpg 768w, \/wp-content\/uploads\/sites\/5\/2022\/12\/El-IGSS-inaugura-instalaciones-para-el-Programa-de-Hospital-de-Dia-de-Salud-Mental-1-1024x682.jpg 1024w, \/wp-content\/uploads\/sites\/5\/2022\/12\/El-IGSS-inaugura-instalaciones-para-el-Programa-de-Hospital-de-Dia-de-Salud-Mental-1-1536x1023.jpg 1536w, \/wp-content\/uploads\/sites\/5\/2022\/12\/El-IGSS-inaugura-instalaciones-para-el-Programa-de-Hospital-de-Dia-de-Salud-Mental-1-696x464.jpg 696w, \/wp-content\/uploads\/sites\/5\/2022\/12\/El-IGSS-inaugura-instalaciones-para-el-Programa-de-Hospital-de-Dia-de-Salud-Mental-1-1068x712.jpg 1068w, \/wp-content\/uploads\/sites\/5\/2022\/12\/El-IGSS-inaugura-instalaciones-para-el-Programa-de-Hospital-de-Dia-de-Salud-Mental-1-534x356.jpg 534w, \/wp-content\/uploads\/sites\/5\/2022\/12\/El-IGSS-inaugura-instalaciones-para-el-Programa-de-Hospital-de-Dia-de-Salud-Mental-1.jpg 1600w\" sizes=\"(max-width: 630px) 100vw, 630px\" alt=\"\">\r\n                            <\/a>\r\n                            \r\n                        <\/figure>\r\n                    <\/div>\r\n                            <\/div>\r\n                        <\/div>\r\n\r\n                        <div class = \"td-doubleSlider-2\">\r\n                            <div class = \"td-slider\">\r\n                                \r\n                    <div class = \"td-button td-item1\">\r\n                        <div class = \"td-border\"><\/div>\r\n                    <\/div>\r\n                    <div class = \"td-button td-item2\">\r\n                        <div class = \"td-border\"><\/div>\r\n                    <\/div>\r\n                    <div class = \"td-button td-item3\">\r\n                        <div class = \"td-border\"><\/div>\r\n                    <\/div>\r\n                    <div class = \"td-button td-item4\">\r\n                        <div class = \"td-border\"><\/div>\r\n                    <\/div>\r\n                    <div class = \"td-button td-item5\">\r\n                        <div class = \"td-border\"><\/div>\r\n                    <\/div>\r\n                    <div class = \"td-button td-item6\">\r\n                        <div class = \"td-border\"><\/div>\r\n                    <\/div>\r\n                    <div class = \"td-button td-item7\">\r\n                        <div class = \"td-border\"><\/div>\r\n                    <\/div>\r\n                    <div class = \"td-button td-item8\">\r\n                        <div class = \"td-border\"><\/div>\r\n                    <\/div>\r\n                            <\/div>\r\n                        <\/div>\r\n\r\n                    <\/div>\r\n\r\n                <\/div>\r\n                \n","protected":false},"excerpt":{"rendered":"<p>Los afiliados y pensionados del Centro de Atenci\u00f3n Integral de Salud Mental (CAISM), del Instituto Guatemalteco de Seguridad Social (IGSS), ubicado en zona 12, Colinas de Pamplona, cuentan con nuevas instalaciones para recibir terapias que son brindadas por el Programa Hospital de D\u00eda. La inauguraci\u00f3n fue realizada por el presidente de la Junta Directiva del [&hellip;]<\/p>\n","protected":false},"author":1961,"featured_media":32199,"comment_status":"closed","ping_status":"closed","sticky":false,"template":"","format":"standard","meta":{"footnotes":""},"categories":[3],"tags":[172,1557],"coauthors":[],"class_list":{"0":"post-32195","1":"post","2":"type-post","3":"status-publish","4":"format-standard","5":"has-post-thumbnail","7":"category-actualidad","8":"tag-centro-de-atencion-integral-de-salud-mental","9":"tag-inauguracion-igss"},"_links":{"self":[{"href":"https:\/\/www.igssgt.org\/noticias\/wp-json\/wp\/v2\/posts\/32195","targetHints":{"allow":["GET"]}}],"collection":[{"href":"https:\/\/www.igssgt.org\/noticias\/wp-json\/wp\/v2\/posts"}],"about":[{"href":"https:\/\/www.igssgt.org\/noticias\/wp-json\/wp\/v2\/types\/post"}],"author":[{"embeddable":true,"href":"https:\/\/www.igssgt.org\/noticias\/wp-json\/wp\/v2\/users\/1961"}],"replies":[{"embeddable":true,"href":"https:\/\/www.igssgt.org\/noticias\/wp-json\/wp\/v2\/comments?post=32195"}],"version-history":[{"count":7,"href":"https:\/\/www.igssgt.org\/noticias\/wp-json\/wp\/v2\/posts\/32195\/revisions"}],"predecessor-version":[{"id":32214,"href":"https:\/\/www.igssgt.org\/noticias\/wp-json\/wp\/v2\/posts\/32195\/revisions\/32214"}],"wp:featuredmedia":[{"embeddable":true,"href":"https:\/\/www.igssgt.org\/noticias\/wp-json\/wp\/v2\/media\/32199"}],"wp:attachment":[{"href":"https:\/\/www.igssgt.org\/noticias\/wp-json\/wp\/v2\/media?parent=32195"}],"wp:term":[{"taxonomy":"category","embeddable":true,"href":"https:\/\/www.igssgt.org\/noticias\/wp-json\/wp\/v2\/categories?post=32195"},{"taxonomy":"post_tag","embeddable":true,"href":"https:\/\/www.igssgt.org\/noticias\/wp-json\/wp\/v2\/tags?post=32195"},{"taxonomy":"author","embeddable":true,"href":"https:\/\/www.igssgt.org\/noticias\/wp-json\/wp\/v2\/coauthors?post=32195"}],"curies":[{"name":"wp","href":"https:\/\/api.w.org\/{rel}","templated":true}]}}