{"id":32232,"date":"2022-12-15T16:26:37","date_gmt":"2022-12-15T22:26:37","guid":{"rendered":"https:\/\/www.igssgt.org\/noticias\/?p=32232"},"modified":"2022-12-15T16:28:38","modified_gmt":"2022-12-15T22:28:38","slug":"medico-y-cirujano-del-igss-es-homenajeado-por-su-trayectoria-profesional-y-de-docencia","status":"publish","type":"post","link":"https:\/\/www.igssgt.org\/noticias\/2022\/12\/15\/medico-y-cirujano-del-igss-es-homenajeado-por-su-trayectoria-profesional-y-de-docencia\/","title":{"rendered":"M\u00e9dico y cirujano del IGSS es homenajeado por su trayectoria profesional y de docencia"},"content":{"rendered":"\n<p class=\"has-drop-cap\">Las autoridades de la Policl\u00ednica del Instituto Guatemalteco de Seguridad Social (IGSS) reconocieron la labor profesional y el ejercicio docente del m\u00e9dico y cirujano Edi Am\u00edlcar Rodr\u00edguez P\u00e9rez, especialista y jefe de la Secci\u00f3n de Radiolog\u00eda del Instituto.<\/p>\n\n\n\n<p>Rodr\u00edguez tiene 20 a\u00f1os de laborar en el IGSS y ha dedicado gran parte de su vida a formar m\u00e9dicos residentes como radi\u00f3logos. Es fundador y coordinador del Programa de Formaci\u00f3n de Maestr\u00eda en Ciencias M\u00e9dicas con Especialidad en Radiolog\u00eda e Im\u00e1genes Diagn\u00f3sticas del IGSS, con el aval de la Escuela de Estudios de Posgrados de la Facultad de Ciencias M\u00e9dicas de la Universidad de San Carlos de Guatemala, inform\u00f3 el doctor Israel Enrique Aguilar Quijada, director m\u00e9dico de la Policl\u00ednica.<\/p>\n<p><a href=\"\/wp-content\/uploads\/sites\/5\/2022\/12\/Medico-y-cirujano-del-IGSS-es-homenajeado-4.jpg\"><img loading=\"lazy\" decoding=\"async\" class=\" wp-image-32238 alignleft\" src=\"\/wp-content\/uploads\/sites\/5\/2022\/12\/Medico-y-cirujano-del-IGSS-es-homenajeado-4.jpg\" alt=\"\" width=\"358\" height=\"507\" srcset=\"\/wp-content\/uploads\/sites\/5\/2022\/12\/Medico-y-cirujano-del-IGSS-es-homenajeado-4.jpg 1066w, \/wp-content\/uploads\/sites\/5\/2022\/12\/Medico-y-cirujano-del-IGSS-es-homenajeado-4-212x300.jpg 212w, \/wp-content\/uploads\/sites\/5\/2022\/12\/Medico-y-cirujano-del-IGSS-es-homenajeado-4-768x1088.jpg 768w, \/wp-content\/uploads\/sites\/5\/2022\/12\/Medico-y-cirujano-del-IGSS-es-homenajeado-4-723x1024.jpg 723w, \/wp-content\/uploads\/sites\/5\/2022\/12\/Medico-y-cirujano-del-IGSS-es-homenajeado-4-297x420.jpg 297w, \/wp-content\/uploads\/sites\/5\/2022\/12\/Medico-y-cirujano-del-IGSS-es-homenajeado-4-696x986.jpg 696w, \/wp-content\/uploads\/sites\/5\/2022\/12\/Medico-y-cirujano-del-IGSS-es-homenajeado-4-326x462.jpg 326w\" sizes=\"auto, (max-width: 358px) 100vw, 358px\" \/><\/a>\u201cEste reconocimiento me motiva a seguir trabajando en la formaci\u00f3n de los m\u00e9dicos y a seguir brindando una oportuna y eficiente atenci\u00f3n a cada uno de los afiliados y derechohabientes en las distintas unidades del Seguro Social\u201d, expres\u00f3 \u00e9l homenajeado.<\/p>\n<p>Durante el acto particip\u00f3 el doctor Juan Roberto Morales Castillo, jefe del Departamento de Servicios T\u00e9cnicos del Instituto, quien asegur\u00f3 que el homenaje realizado es muy importante para la historia del IGSS.<\/p>\n<p>\u00abEste reconocimiento es entregado a una persona que forma y deja legado a las futuras generaciones. Felicitaciones al doctor Rodr\u00edguez y al Instituto que han hecho posible el avance para que el personal est\u00e9 a\u00fan m\u00e1s cerca de la poblaci\u00f3n necesitada de una alta especialidad como es la radiolog\u00eda\u201d, resalt\u00f3 Morales.<\/p>\n<p>La representante de t\u00e9cnicos de dicha rama, Fabiola Sol\u00eds, agradeci\u00f3 al doctor Rodr\u00edguez por permitirles descubrir la radiolog\u00eda, dejar una lecci\u00f3n de vida y un gran conocimiento por atender al pr\u00f3jimo con dedicaci\u00f3n y calidad humana.<\/p>\n\n\n\n\r\n                <style type=\"text\/css\">\r\n                    \r\n                    #tdi_1  .td-doubleSlider-2 .td-item1 {\r\n                        background: url(\/wp-content\/uploads\/sites\/5\/2022\/12\/Medico-y-cirujano-del-IGSS-es-homenajeado-6-80x60.jpg) 0 0 no-repeat;\r\n                    }\r\n                    #tdi_1  .td-doubleSlider-2 .td-item2 {\r\n                        background: url(\/wp-content\/uploads\/sites\/5\/2022\/12\/Medico-y-cirujano-del-IGSS-es-homenajeado-3-80x60.jpg) 0 0 no-repeat;\r\n                    }\r\n                    #tdi_1  .td-doubleSlider-2 .td-item3 {\r\n                        background: url(\/wp-content\/uploads\/sites\/5\/2022\/12\/Medico-y-cirujano-del-IGSS-es-homenajeado-1-80x60.jpg) 0 0 no-repeat;\r\n                    }\r\n                    #tdi_1  .td-doubleSlider-2 .td-item4 {\r\n                        background: url(\/wp-content\/uploads\/sites\/5\/2022\/12\/Medico-y-cirujano-del-IGSS-es-homenajeado-5-80x60.jpg) 0 0 no-repeat;\r\n                    }\r\n                    #tdi_1  .td-doubleSlider-2 .td-item5 {\r\n                        background: url(\/wp-content\/uploads\/sites\/5\/2022\/12\/Medico-y-cirujano-del-IGSS-es-homenajeado-2-80x60.jpg) 0 0 no-repeat;\r\n                    }\r\n                <\/style>\r\n\r\n                <div id=\"tdi_1\" class=\"td-gallery td-slide-on-2-columns\">\r\n                    <div class=\"post_td_gallery\">\r\n                        <div class=\"td-gallery-slide-top\">\r\n                           <div class=\"td-gallery-title\"><\/div>\r\n\r\n                            <div class=\"td-gallery-controls-wrapper\">\r\n                                <div class=\"td-gallery-slide-count\"><span class=\"td-gallery-slide-item-focus\">1<\/span> de 5<\/div>\r\n                                <div class=\"td-gallery-slide-prev-next-but\">\r\n                                    <i class = \"td-icon-left doubleSliderPrevButton\"><\/i>\r\n                                    <i class = \"td-icon-right doubleSliderNextButton\"><\/i>\r\n                                <\/div>\r\n                            <\/div>\r\n                        <\/div>\r\n\r\n                        <div class = \"td-doubleSlider-1 \">\r\n                            <div class = \"td-slider\">\r\n                                \r\n                    <div class = \"td-slide-item td-item1\">\r\n                        <figure class=\"td-slide-galery-figure td-slide-popup-gallery\">\r\n                            <a class=\"slide-gallery-image-link\" href=\"\/wp-content\/uploads\/sites\/5\/2022\/12\/Medico-y-cirujano-del-IGSS-es-homenajeado-6.jpg\" title=\"Medico y cirujano del IGSS es homenajeado-6\"  data-caption=\"\"  data-description=\"\">\r\n                                <img decoding=\"async\" src=\"\/wp-content\/uploads\/sites\/5\/2022\/12\/Medico-y-cirujano-del-IGSS-es-homenajeado-6-602x420.jpg\" srcset=\"\/wp-content\/uploads\/sites\/5\/2022\/12\/Medico-y-cirujano-del-IGSS-es-homenajeado-6-602x420.jpg 602w, \/wp-content\/uploads\/sites\/5\/2022\/12\/Medico-y-cirujano-del-IGSS-es-homenajeado-6-300x209.jpg 300w, \/wp-content\/uploads\/sites\/5\/2022\/12\/Medico-y-cirujano-del-IGSS-es-homenajeado-6-768x536.jpg 768w, \/wp-content\/uploads\/sites\/5\/2022\/12\/Medico-y-cirujano-del-IGSS-es-homenajeado-6-1024x714.jpg 1024w, \/wp-content\/uploads\/sites\/5\/2022\/12\/Medico-y-cirujano-del-IGSS-es-homenajeado-6-696x485.jpg 696w, \/wp-content\/uploads\/sites\/5\/2022\/12\/Medico-y-cirujano-del-IGSS-es-homenajeado-6-1068x745.jpg 1068w, \/wp-content\/uploads\/sites\/5\/2022\/12\/Medico-y-cirujano-del-IGSS-es-homenajeado-6-100x70.jpg 100w, \/wp-content\/uploads\/sites\/5\/2022\/12\/Medico-y-cirujano-del-IGSS-es-homenajeado-6-534x372.jpg 534w, \/wp-content\/uploads\/sites\/5\/2022\/12\/Medico-y-cirujano-del-IGSS-es-homenajeado-6.jpg 1289w\" sizes=\"(max-width: 602px) 100vw, 602px\" alt=\"\">\r\n                            <\/a>\r\n                            \r\n                        <\/figure>\r\n                    <\/div>\r\n                    <div class = \"td-slide-item td-item2\">\r\n                        <figure class=\"td-slide-galery-figure td-slide-popup-gallery\">\r\n                            <a class=\"slide-gallery-image-link\" href=\"\/wp-content\/uploads\/sites\/5\/2022\/12\/Medico-y-cirujano-del-IGSS-es-homenajeado-3.jpg\" title=\"Medico y cirujano del IGSS es homenajeado-3\"  data-caption=\"\"  data-description=\"\">\r\n                                <img decoding=\"async\" src=\"\/wp-content\/uploads\/sites\/5\/2022\/12\/Medico-y-cirujano-del-IGSS-es-homenajeado-3-591x420.jpg\" srcset=\"\/wp-content\/uploads\/sites\/5\/2022\/12\/Medico-y-cirujano-del-IGSS-es-homenajeado-3-591x420.jpg 591w, \/wp-content\/uploads\/sites\/5\/2022\/12\/Medico-y-cirujano-del-IGSS-es-homenajeado-3-300x213.jpg 300w, \/wp-content\/uploads\/sites\/5\/2022\/12\/Medico-y-cirujano-del-IGSS-es-homenajeado-3-768x545.jpg 768w, \/wp-content\/uploads\/sites\/5\/2022\/12\/Medico-y-cirujano-del-IGSS-es-homenajeado-3-1024x727.jpg 1024w, \/wp-content\/uploads\/sites\/5\/2022\/12\/Medico-y-cirujano-del-IGSS-es-homenajeado-3-696x494.jpg 696w, \/wp-content\/uploads\/sites\/5\/2022\/12\/Medico-y-cirujano-del-IGSS-es-homenajeado-3-1068x758.jpg 1068w, \/wp-content\/uploads\/sites\/5\/2022\/12\/Medico-y-cirujano-del-IGSS-es-homenajeado-3-100x70.jpg 100w, \/wp-content\/uploads\/sites\/5\/2022\/12\/Medico-y-cirujano-del-IGSS-es-homenajeado-3-534x379.jpg 534w, \/wp-content\/uploads\/sites\/5\/2022\/12\/Medico-y-cirujano-del-IGSS-es-homenajeado-3.jpg 1356w\" sizes=\"(max-width: 591px) 100vw, 591px\" alt=\"\">\r\n                            <\/a>\r\n                            \r\n                        <\/figure>\r\n                    <\/div>\r\n                    <div class = \"td-slide-item td-item3\">\r\n                        <figure class=\"td-slide-galery-figure td-slide-popup-gallery\">\r\n                            <a class=\"slide-gallery-image-link\" href=\"\/wp-content\/uploads\/sites\/5\/2022\/12\/Medico-y-cirujano-del-IGSS-es-homenajeado-1.jpg\" title=\"Medico y cirujano del IGSS es homenajeado-1\"  data-caption=\"\"  data-description=\"\">\r\n                                <img decoding=\"async\" src=\"\/wp-content\/uploads\/sites\/5\/2022\/12\/Medico-y-cirujano-del-IGSS-es-homenajeado-1-658x420.jpg\" srcset=\"\/wp-content\/uploads\/sites\/5\/2022\/12\/Medico-y-cirujano-del-IGSS-es-homenajeado-1-658x420.jpg 658w, \/wp-content\/uploads\/sites\/5\/2022\/12\/Medico-y-cirujano-del-IGSS-es-homenajeado-1-300x191.jpg 300w, \/wp-content\/uploads\/sites\/5\/2022\/12\/Medico-y-cirujano-del-IGSS-es-homenajeado-1-768x490.jpg 768w, \/wp-content\/uploads\/sites\/5\/2022\/12\/Medico-y-cirujano-del-IGSS-es-homenajeado-1-1024x653.jpg 1024w, \/wp-content\/uploads\/sites\/5\/2022\/12\/Medico-y-cirujano-del-IGSS-es-homenajeado-1-696x444.jpg 696w, \/wp-content\/uploads\/sites\/5\/2022\/12\/Medico-y-cirujano-del-IGSS-es-homenajeado-1-1068x681.jpg 1068w, \/wp-content\/uploads\/sites\/5\/2022\/12\/Medico-y-cirujano-del-IGSS-es-homenajeado-1-534x341.jpg 534w, \/wp-content\/uploads\/sites\/5\/2022\/12\/Medico-y-cirujano-del-IGSS-es-homenajeado-1.jpg 1414w\" sizes=\"(max-width: 658px) 100vw, 658px\" alt=\"\">\r\n                            <\/a>\r\n                            \r\n                        <\/figure>\r\n                    <\/div>\r\n                    <div class = \"td-slide-item td-item4\">\r\n                        <figure class=\"td-slide-galery-figure td-slide-popup-gallery\">\r\n                            <a class=\"slide-gallery-image-link\" href=\"\/wp-content\/uploads\/sites\/5\/2022\/12\/Medico-y-cirujano-del-IGSS-es-homenajeado-5.jpg\" title=\"Medico y cirujano del IGSS es homenajeado-5\"  data-caption=\"\"  data-description=\"\">\r\n                                <img decoding=\"async\" src=\"\/wp-content\/uploads\/sites\/5\/2022\/12\/Medico-y-cirujano-del-IGSS-es-homenajeado-5-630x420.jpg\" srcset=\"\/wp-content\/uploads\/sites\/5\/2022\/12\/Medico-y-cirujano-del-IGSS-es-homenajeado-5-630x420.jpg 630w, \/wp-content\/uploads\/sites\/5\/2022\/12\/Medico-y-cirujano-del-IGSS-es-homenajeado-5-300x200.jpg 300w, \/wp-content\/uploads\/sites\/5\/2022\/12\/Medico-y-cirujano-del-IGSS-es-homenajeado-5-768x512.jpg 768w, \/wp-content\/uploads\/sites\/5\/2022\/12\/Medico-y-cirujano-del-IGSS-es-homenajeado-5-1024x683.jpg 1024w, \/wp-content\/uploads\/sites\/5\/2022\/12\/Medico-y-cirujano-del-IGSS-es-homenajeado-5-1536x1024.jpg 1536w, \/wp-content\/uploads\/sites\/5\/2022\/12\/Medico-y-cirujano-del-IGSS-es-homenajeado-5-696x464.jpg 696w, \/wp-content\/uploads\/sites\/5\/2022\/12\/Medico-y-cirujano-del-IGSS-es-homenajeado-5-1068x712.jpg 1068w, \/wp-content\/uploads\/sites\/5\/2022\/12\/Medico-y-cirujano-del-IGSS-es-homenajeado-5-534x356.jpg 534w, \/wp-content\/uploads\/sites\/5\/2022\/12\/Medico-y-cirujano-del-IGSS-es-homenajeado-5.jpg 1599w\" sizes=\"(max-width: 630px) 100vw, 630px\" alt=\"\">\r\n                            <\/a>\r\n                            \r\n                        <\/figure>\r\n                    <\/div>\r\n                    <div class = \"td-slide-item td-item5\">\r\n                        <figure class=\"td-slide-galery-figure td-slide-popup-gallery\">\r\n                            <a class=\"slide-gallery-image-link\" href=\"\/wp-content\/uploads\/sites\/5\/2022\/12\/Medico-y-cirujano-del-IGSS-es-homenajeado-2.jpg\" title=\"Medico y cirujano del IGSS es homenajeado-2\"  data-caption=\"\"  data-description=\"\">\r\n                                <img decoding=\"async\" src=\"\/wp-content\/uploads\/sites\/5\/2022\/12\/Medico-y-cirujano-del-IGSS-es-homenajeado-2-630x420.jpg\" srcset=\"\/wp-content\/uploads\/sites\/5\/2022\/12\/Medico-y-cirujano-del-IGSS-es-homenajeado-2-630x420.jpg 630w, \/wp-content\/uploads\/sites\/5\/2022\/12\/Medico-y-cirujano-del-IGSS-es-homenajeado-2-300x200.jpg 300w, \/wp-content\/uploads\/sites\/5\/2022\/12\/Medico-y-cirujano-del-IGSS-es-homenajeado-2-768x512.jpg 768w, \/wp-content\/uploads\/sites\/5\/2022\/12\/Medico-y-cirujano-del-IGSS-es-homenajeado-2-1024x683.jpg 1024w, \/wp-content\/uploads\/sites\/5\/2022\/12\/Medico-y-cirujano-del-IGSS-es-homenajeado-2-1536x1024.jpg 1536w, \/wp-content\/uploads\/sites\/5\/2022\/12\/Medico-y-cirujano-del-IGSS-es-homenajeado-2-696x464.jpg 696w, \/wp-content\/uploads\/sites\/5\/2022\/12\/Medico-y-cirujano-del-IGSS-es-homenajeado-2-1068x712.jpg 1068w, \/wp-content\/uploads\/sites\/5\/2022\/12\/Medico-y-cirujano-del-IGSS-es-homenajeado-2-534x356.jpg 534w, \/wp-content\/uploads\/sites\/5\/2022\/12\/Medico-y-cirujano-del-IGSS-es-homenajeado-2.jpg 1599w\" sizes=\"(max-width: 630px) 100vw, 630px\" alt=\"\">\r\n                            <\/a>\r\n                            \r\n                        <\/figure>\r\n                    <\/div>\r\n                            <\/div>\r\n                        <\/div>\r\n\r\n                        <div class = \"td-doubleSlider-2\">\r\n                            <div class = \"td-slider\">\r\n                                \r\n                    <div class = \"td-button td-item1\">\r\n                        <div class = \"td-border\"><\/div>\r\n                    <\/div>\r\n                    <div class = \"td-button td-item2\">\r\n                        <div class = \"td-border\"><\/div>\r\n                    <\/div>\r\n                    <div class = \"td-button td-item3\">\r\n                        <div class = \"td-border\"><\/div>\r\n                    <\/div>\r\n                    <div class = \"td-button td-item4\">\r\n                        <div class = \"td-border\"><\/div>\r\n                    <\/div>\r\n                    <div class = \"td-button td-item5\">\r\n                        <div class = \"td-border\"><\/div>\r\n                    <\/div>\r\n                            <\/div>\r\n                        <\/div>\r\n\r\n                    <\/div>\r\n\r\n                <\/div>\r\n                \n","protected":false},"excerpt":{"rendered":"<p>Las autoridades de la Policl\u00ednica del Instituto Guatemalteco de Seguridad Social (IGSS) reconocieron la labor profesional y el ejercicio docente del m\u00e9dico y cirujano Edi Am\u00edlcar Rodr\u00edguez P\u00e9rez, especialista y jefe de la Secci\u00f3n de Radiolog\u00eda del Instituto. Rodr\u00edguez tiene 20 a\u00f1os de laborar en el IGSS y ha dedicado gran parte de su vida [&hellip;]<\/p>\n","protected":false},"author":1961,"featured_media":32241,"comment_status":"closed","ping_status":"closed","sticky":false,"template":"","format":"standard","meta":{"footnotes":""},"categories":[3],"tags":[1569,748,750],"coauthors":[],"class_list":{"0":"post-32232","1":"post","2":"type-post","3":"status-publish","4":"format-standard","5":"has-post-thumbnail","7":"category-actualidad","8":"tag-homenaje","9":"tag-radiologia","10":"tag-reconocimiento"},"_links":{"self":[{"href":"https:\/\/www.igssgt.org\/noticias\/wp-json\/wp\/v2\/posts\/32232","targetHints":{"allow":["GET"]}}],"collection":[{"href":"https:\/\/www.igssgt.org\/noticias\/wp-json\/wp\/v2\/posts"}],"about":[{"href":"https:\/\/www.igssgt.org\/noticias\/wp-json\/wp\/v2\/types\/post"}],"author":[{"embeddable":true,"href":"https:\/\/www.igssgt.org\/noticias\/wp-json\/wp\/v2\/users\/1961"}],"replies":[{"embeddable":true,"href":"https:\/\/www.igssgt.org\/noticias\/wp-json\/wp\/v2\/comments?post=32232"}],"version-history":[{"count":7,"href":"https:\/\/www.igssgt.org\/noticias\/wp-json\/wp\/v2\/posts\/32232\/revisions"}],"predecessor-version":[{"id":32246,"href":"https:\/\/www.igssgt.org\/noticias\/wp-json\/wp\/v2\/posts\/32232\/revisions\/32246"}],"wp:featuredmedia":[{"embeddable":true,"href":"https:\/\/www.igssgt.org\/noticias\/wp-json\/wp\/v2\/media\/32241"}],"wp:attachment":[{"href":"https:\/\/www.igssgt.org\/noticias\/wp-json\/wp\/v2\/media?parent=32232"}],"wp:term":[{"taxonomy":"category","embeddable":true,"href":"https:\/\/www.igssgt.org\/noticias\/wp-json\/wp\/v2\/categories?post=32232"},{"taxonomy":"post_tag","embeddable":true,"href":"https:\/\/www.igssgt.org\/noticias\/wp-json\/wp\/v2\/tags?post=32232"},{"taxonomy":"author","embeddable":true,"href":"https:\/\/www.igssgt.org\/noticias\/wp-json\/wp\/v2\/coauthors?post=32232"}],"curies":[{"name":"wp","href":"https:\/\/api.w.org\/{rel}","templated":true}]}}