{"id":32356,"date":"2022-12-21T09:00:00","date_gmt":"2022-12-21T15:00:00","guid":{"rendered":"https:\/\/www.igssgt.org\/noticias\/?p=32356"},"modified":"2022-12-21T09:08:42","modified_gmt":"2022-12-21T15:08:42","slug":"aviso-a-los-afiliados-pensionados-y-beneficiarios-se-les-informa-4","status":"publish","type":"post","link":"https:\/\/www.igssgt.org\/noticias\/2022\/12\/21\/aviso-a-los-afiliados-pensionados-y-beneficiarios-se-les-informa-4\/","title":{"rendered":"Aviso. A los afiliados, pensionados y beneficiarios se les informa:"},"content":{"rendered":"\n<p>Que de conformidad con el Pacto Colectivo de Condiciones de Trabajo y el Acuerdo No. 1090 de la Junta Directiva, el lunes 26 y martes 27 de diciembre los servicios administrativos y consultas externas permanecer\u00e1n cerrados.<\/p>\n<p>Las emergencias y m\u00f3dulos de COVID-19 (para hisopado) prestar\u00e1n sus servicios con normalidad.<\/p>\n<p><a href=\"\/wp-content\/uploads\/sites\/5\/2022\/12\/cerrado-el-lunes-26-y-martes-27-de-diciembre.jpg\" target=\"_blank\" rel=\"noopener\"><img loading=\"lazy\" decoding=\"async\" class=\"alignnone wp-image-32357 size-full\" src=\"\/wp-content\/uploads\/sites\/5\/2022\/12\/cerrado-el-lunes-26-y-martes-27-de-diciembre.jpg\" alt=\"\" width=\"989\" height=\"1280\" srcset=\"\/wp-content\/uploads\/sites\/5\/2022\/12\/cerrado-el-lunes-26-y-martes-27-de-diciembre.jpg 989w, \/wp-content\/uploads\/sites\/5\/2022\/12\/cerrado-el-lunes-26-y-martes-27-de-diciembre-232x300.jpg 232w, \/wp-content\/uploads\/sites\/5\/2022\/12\/cerrado-el-lunes-26-y-martes-27-de-diciembre-768x994.jpg 768w, \/wp-content\/uploads\/sites\/5\/2022\/12\/cerrado-el-lunes-26-y-martes-27-de-diciembre-791x1024.jpg 791w, \/wp-content\/uploads\/sites\/5\/2022\/12\/cerrado-el-lunes-26-y-martes-27-de-diciembre-325x420.jpg 325w, \/wp-content\/uploads\/sites\/5\/2022\/12\/cerrado-el-lunes-26-y-martes-27-de-diciembre-696x901.jpg 696w, \/wp-content\/uploads\/sites\/5\/2022\/12\/cerrado-el-lunes-26-y-martes-27-de-diciembre-357x462.jpg 357w\" sizes=\"auto, (max-width: 989px) 100vw, 989px\" \/><\/a><\/p>\n","protected":false},"excerpt":{"rendered":"<p>Que de conformidad con el Pacto Colectivo de Condiciones de Trabajo y el Acuerdo No. 1090 de la Junta Directiva, el lunes 26 y martes 27 de diciembre los servicios administrativos y consultas externas permanecer\u00e1n cerrados. Las emergencias y m\u00f3dulos de COVID-19 (para hisopado) prestar\u00e1n sus servicios con normalidad.<\/p>\n","protected":false},"author":1961,"featured_media":32357,"comment_status":"closed","ping_status":"closed","sticky":false,"template":"","format":"standard","meta":{"footnotes":""},"categories":[3],"tags":[1307],"coauthors":[],"class_list":{"0":"post-32356","1":"post","2":"type-post","3":"status-publish","4":"format-standard","5":"has-post-thumbnail","7":"category-actualidad","8":"tag-avisos"},"_links":{"self":[{"href":"https:\/\/www.igssgt.org\/noticias\/wp-json\/wp\/v2\/posts\/32356","targetHints":{"allow":["GET"]}}],"collection":[{"href":"https:\/\/www.igssgt.org\/noticias\/wp-json\/wp\/v2\/posts"}],"about":[{"href":"https:\/\/www.igssgt.org\/noticias\/wp-json\/wp\/v2\/types\/post"}],"author":[{"embeddable":true,"href":"https:\/\/www.igssgt.org\/noticias\/wp-json\/wp\/v2\/users\/1961"}],"replies":[{"embeddable":true,"href":"https:\/\/www.igssgt.org\/noticias\/wp-json\/wp\/v2\/comments?post=32356"}],"version-history":[{"count":1,"href":"https:\/\/www.igssgt.org\/noticias\/wp-json\/wp\/v2\/posts\/32356\/revisions"}],"predecessor-version":[{"id":32358,"href":"https:\/\/www.igssgt.org\/noticias\/wp-json\/wp\/v2\/posts\/32356\/revisions\/32358"}],"wp:featuredmedia":[{"embeddable":true,"href":"https:\/\/www.igssgt.org\/noticias\/wp-json\/wp\/v2\/media\/32357"}],"wp:attachment":[{"href":"https:\/\/www.igssgt.org\/noticias\/wp-json\/wp\/v2\/media?parent=32356"}],"wp:term":[{"taxonomy":"category","embeddable":true,"href":"https:\/\/www.igssgt.org\/noticias\/wp-json\/wp\/v2\/categories?post=32356"},{"taxonomy":"post_tag","embeddable":true,"href":"https:\/\/www.igssgt.org\/noticias\/wp-json\/wp\/v2\/tags?post=32356"},{"taxonomy":"author","embeddable":true,"href":"https:\/\/www.igssgt.org\/noticias\/wp-json\/wp\/v2\/coauthors?post=32356"}],"curies":[{"name":"wp","href":"https:\/\/api.w.org\/{rel}","templated":true}]}}