{"id":32359,"date":"2022-12-21T10:00:00","date_gmt":"2022-12-21T16:00:00","guid":{"rendered":"https:\/\/www.igssgt.org\/noticias\/?p=32359"},"modified":"2022-12-23T10:37:04","modified_gmt":"2022-12-23T16:37:04","slug":"embarazada-evite-el-consumo-de-bebidas-alcoholicas-y-con-ello-los-riesgos-para-su-bebe","status":"publish","type":"post","link":"https:\/\/www.igssgt.org\/noticias\/2022\/12\/21\/embarazada-evite-el-consumo-de-bebidas-alcoholicas-y-con-ello-los-riesgos-para-su-bebe\/","title":{"rendered":"\u00bfEmbarazada? Evite el consumo de bebidas alcoh\u00f3licas y con ello los riesgos para su beb\u00e9"},"content":{"rendered":"\n<p class=\"has-drop-cap\">Las v\u00edsperas de Nochebuena, la Navidad y el fin de a\u00f1o invitan en familia a degustar de comidas especiales acompa\u00f1adas regularmente de algunas bebidas con contenido alcoh\u00f3lico, sin embargo, si est\u00e1 embarazada, debe evitarlas ante el riesgo de afectar el desarrollo del beb\u00e9 debido al <strong>Trastorno del Espectro Alcoh\u00f3lico Fetal (TEAF).<\/strong><\/p>\n\n\n\n<p>El TEAF agrupa afecciones que se presentan en un paciente cuya madre bebi\u00f3 alcohol durante el embarazo. Estos efectos pueden incluir problemas f\u00edsicos, del comportamiento y del aprendizaje. Com\u00fanmente, un afectado con el TEAF tiene una combinaci\u00f3n de estos problemas, inform\u00f3 el Centro para el Control y la Prevenci\u00f3n de Enfermedades de Estados Unidos (CDC, por sus siglas en ingl\u00e9s).<\/p>\n<p><a href=\"\/wp-content\/uploads\/sites\/5\/2022\/12\/Trastorno-del-Espectro-Alcoholico-Fetal-2.jpg\" target=\"_blank\" rel=\"noopener\"><img loading=\"lazy\" decoding=\"async\" class=\"alignnone wp-image-32363 size-full\" src=\"\/wp-content\/uploads\/sites\/5\/2022\/12\/Trastorno-del-Espectro-Alcoholico-Fetal-2.jpg\" alt=\"\" width=\"1280\" height=\"853\" srcset=\"\/wp-content\/uploads\/sites\/5\/2022\/12\/Trastorno-del-Espectro-Alcoholico-Fetal-2.jpg 1280w, \/wp-content\/uploads\/sites\/5\/2022\/12\/Trastorno-del-Espectro-Alcoholico-Fetal-2-300x200.jpg 300w, \/wp-content\/uploads\/sites\/5\/2022\/12\/Trastorno-del-Espectro-Alcoholico-Fetal-2-768x512.jpg 768w, \/wp-content\/uploads\/sites\/5\/2022\/12\/Trastorno-del-Espectro-Alcoholico-Fetal-2-1024x682.jpg 1024w, \/wp-content\/uploads\/sites\/5\/2022\/12\/Trastorno-del-Espectro-Alcoholico-Fetal-2-630x420.jpg 630w, \/wp-content\/uploads\/sites\/5\/2022\/12\/Trastorno-del-Espectro-Alcoholico-Fetal-2-696x464.jpg 696w, \/wp-content\/uploads\/sites\/5\/2022\/12\/Trastorno-del-Espectro-Alcoholico-Fetal-2-1068x712.jpg 1068w, \/wp-content\/uploads\/sites\/5\/2022\/12\/Trastorno-del-Espectro-Alcoholico-Fetal-2-534x356.jpg 534w\" sizes=\"auto, (max-width: 1280px) 100vw, 1280px\" \/><\/a><\/p>\n<p>Entre los s\u00edntomas o padecimientos que puede presentar en su momento el reci\u00e9n nacido y posterior en su crecimiento son el bajo peso y estatura, anormalidades faciales, cabeza peque\u00f1a, descoordinaci\u00f3n, mala memoria, problemas del coraz\u00f3n, ri\u00f1ones o de huesos, retrasos en el habla y coeficiente intelectual bajo, entre otros.<\/p>\n<blockquote>\n<p>Una sola copa de vino puede afectar ya que el cerebro del feto se desarrolla durante todo el proceso<\/p>\n<\/blockquote>\n<p>La doctora Jarmila Liska, m\u00e9dica materna fetal del Hospital de Gineco Obstetricia del IGSS, explic\u00f3 que este trastorno es uno de los factores principales que buscan prevenir en las afiliadas y derechohabientes para que los peque\u00f1os no sufran de un retraso mental, que puede llegar a ser leve, regular o severo. <strong>\u201cEl cerebro es el principal \u00f3rgano afectado, ya que el alcohol atraviesa la placenta y destruye las neuronas\u201d,<\/strong> resalt\u00f3.<\/p>\n<p><a href=\"\/wp-content\/uploads\/sites\/5\/2022\/12\/Trastorno-del-Espectro-Alcoholico-Fetal-4.jpg\" target=\"_blank\" rel=\"noopener\"><img loading=\"lazy\" decoding=\"async\" class=\"alignleft wp-image-32365 \" src=\"\/wp-content\/uploads\/sites\/5\/2022\/12\/Trastorno-del-Espectro-Alcoholico-Fetal-4-200x300.jpg\" alt=\"\" width=\"300\" height=\"450\" srcset=\"\/wp-content\/uploads\/sites\/5\/2022\/12\/Trastorno-del-Espectro-Alcoholico-Fetal-4-200x300.jpg 200w, \/wp-content\/uploads\/sites\/5\/2022\/12\/Trastorno-del-Espectro-Alcoholico-Fetal-4-768x1152.jpg 768w, \/wp-content\/uploads\/sites\/5\/2022\/12\/Trastorno-del-Espectro-Alcoholico-Fetal-4-682x1024.jpg 682w, \/wp-content\/uploads\/sites\/5\/2022\/12\/Trastorno-del-Espectro-Alcoholico-Fetal-4-280x420.jpg 280w, \/wp-content\/uploads\/sites\/5\/2022\/12\/Trastorno-del-Espectro-Alcoholico-Fetal-4-696x1044.jpg 696w, \/wp-content\/uploads\/sites\/5\/2022\/12\/Trastorno-del-Espectro-Alcoholico-Fetal-4-308x462.jpg 308w, \/wp-content\/uploads\/sites\/5\/2022\/12\/Trastorno-del-Espectro-Alcoholico-Fetal-4.jpg 853w\" sizes=\"auto, (max-width: 300px) 100vw, 300px\" \/><\/a>Lamentablemente una cura definitiva para el TEAF no existe, los trastornos marcan la vida del paciente y familiar para siempre. Estudios indican que los tratamientos de intervenci\u00f3n temprana pueden mejorar el desarrollo del ni\u00f1o.<\/p>\n<p>Entre las opciones de tratamiento est\u00e1n los medicamentos para aliviar algunos de los s\u00edntomas, terapias de conducta y aprendizaje, capacitaci\u00f3n para los padres y otros enfoques alternativos. No existe un \u00fanico tratamiento que sea el adecuado para todos los pacientes. Se debe contar con un plan de vigilancia, seguimiento y cambios a medida que sea necesario.<\/p>\n<p><strong>\u201cSi tiene planeado embarazarse, meses antes no consuma alcohol, entre otras sustancias. Una sola copa de vino puede afectar ya que el cerebro del feto se desarrolla durante todo el proceso\u201d,<\/strong> recomend\u00f3 la especialista.<\/p>\n\n\n\n\r\n                <style type=\"text\/css\">\r\n                    \r\n                    #tdi_1  .td-doubleSlider-2 .td-item1 {\r\n                        background: url(\/wp-content\/uploads\/sites\/5\/2022\/12\/Trastorno-del-Espectro-Alcoholico-Fetal-1-80x60.jpg) 0 0 no-repeat;\r\n                    }\r\n                    #tdi_1  .td-doubleSlider-2 .td-item2 {\r\n                        background: url(\/wp-content\/uploads\/sites\/5\/2022\/12\/Trastorno-del-Espectro-Alcoholico-Fetal-6-80x60.jpg) 0 0 no-repeat;\r\n                    }\r\n                    #tdi_1  .td-doubleSlider-2 .td-item3 {\r\n                        background: url(\/wp-content\/uploads\/sites\/5\/2022\/12\/Trastorno-del-Espectro-Alcoholico-Fetal-3-80x60.jpg) 0 0 no-repeat;\r\n                    }\r\n                <\/style>\r\n\r\n                <div id=\"tdi_1\" class=\"td-gallery td-slide-on-2-columns\">\r\n                    <div class=\"post_td_gallery\">\r\n                        <div class=\"td-gallery-slide-top\">\r\n                           <div class=\"td-gallery-title\"><\/div>\r\n\r\n                            <div class=\"td-gallery-controls-wrapper\">\r\n                                <div class=\"td-gallery-slide-count\"><span class=\"td-gallery-slide-item-focus\">1<\/span> de 3<\/div>\r\n                                <div class=\"td-gallery-slide-prev-next-but\">\r\n                                    <i class = \"td-icon-left doubleSliderPrevButton\"><\/i>\r\n                                    <i class = \"td-icon-right doubleSliderNextButton\"><\/i>\r\n                                <\/div>\r\n                            <\/div>\r\n                        <\/div>\r\n\r\n                        <div class = \"td-doubleSlider-1 \">\r\n                            <div class = \"td-slider\">\r\n                                \r\n                    <div class = \"td-slide-item td-item1\">\r\n                        <figure class=\"td-slide-galery-figure td-slide-popup-gallery\">\r\n                            <a class=\"slide-gallery-image-link\" href=\"\/wp-content\/uploads\/sites\/5\/2022\/12\/Trastorno-del-Espectro-Alcoholico-Fetal-1.jpg\" title=\"Trastorno del Espectro Alcoho\u0301lico Fetal-1\"  data-caption=\"\"  data-description=\"\">\r\n                                <img decoding=\"async\" src=\"\/wp-content\/uploads\/sites\/5\/2022\/12\/Trastorno-del-Espectro-Alcoholico-Fetal-1-630x420.jpg\" srcset=\"\/wp-content\/uploads\/sites\/5\/2022\/12\/Trastorno-del-Espectro-Alcoholico-Fetal-1-630x420.jpg 630w, \/wp-content\/uploads\/sites\/5\/2022\/12\/Trastorno-del-Espectro-Alcoholico-Fetal-1-300x200.jpg 300w, \/wp-content\/uploads\/sites\/5\/2022\/12\/Trastorno-del-Espectro-Alcoholico-Fetal-1-768x512.jpg 768w, \/wp-content\/uploads\/sites\/5\/2022\/12\/Trastorno-del-Espectro-Alcoholico-Fetal-1-1024x682.jpg 1024w, \/wp-content\/uploads\/sites\/5\/2022\/12\/Trastorno-del-Espectro-Alcoholico-Fetal-1-696x464.jpg 696w, \/wp-content\/uploads\/sites\/5\/2022\/12\/Trastorno-del-Espectro-Alcoholico-Fetal-1-1068x712.jpg 1068w, \/wp-content\/uploads\/sites\/5\/2022\/12\/Trastorno-del-Espectro-Alcoholico-Fetal-1-534x356.jpg 534w, \/wp-content\/uploads\/sites\/5\/2022\/12\/Trastorno-del-Espectro-Alcoholico-Fetal-1.jpg 1280w\" sizes=\"(max-width: 630px) 100vw, 630px\" alt=\"\">\r\n                            <\/a>\r\n                            \r\n                        <\/figure>\r\n                    <\/div>\r\n                    <div class = \"td-slide-item td-item2\">\r\n                        <figure class=\"td-slide-galery-figure td-slide-popup-gallery\">\r\n                            <a class=\"slide-gallery-image-link\" href=\"\/wp-content\/uploads\/sites\/5\/2022\/12\/Trastorno-del-Espectro-Alcoholico-Fetal-6.jpg\" title=\"Trastorno del Espectro Alcoho\u0301lico Fetal-6\"  data-caption=\"\"  data-description=\"\">\r\n                                <img decoding=\"async\" src=\"\/wp-content\/uploads\/sites\/5\/2022\/12\/Trastorno-del-Espectro-Alcoholico-Fetal-6-642x420.jpg\" srcset=\"\/wp-content\/uploads\/sites\/5\/2022\/12\/Trastorno-del-Espectro-Alcoholico-Fetal-6-642x420.jpg 642w, \/wp-content\/uploads\/sites\/5\/2022\/12\/Trastorno-del-Espectro-Alcoholico-Fetal-6-300x196.jpg 300w, \/wp-content\/uploads\/sites\/5\/2022\/12\/Trastorno-del-Espectro-Alcoholico-Fetal-6-768x503.jpg 768w, \/wp-content\/uploads\/sites\/5\/2022\/12\/Trastorno-del-Espectro-Alcoholico-Fetal-6-1024x670.jpg 1024w, \/wp-content\/uploads\/sites\/5\/2022\/12\/Trastorno-del-Espectro-Alcoholico-Fetal-6-696x456.jpg 696w, \/wp-content\/uploads\/sites\/5\/2022\/12\/Trastorno-del-Espectro-Alcoholico-Fetal-6-1068x699.jpg 1068w, \/wp-content\/uploads\/sites\/5\/2022\/12\/Trastorno-del-Espectro-Alcoholico-Fetal-6-534x350.jpg 534w, \/wp-content\/uploads\/sites\/5\/2022\/12\/Trastorno-del-Espectro-Alcoholico-Fetal-6-741x486.jpg 741w, \/wp-content\/uploads\/sites\/5\/2022\/12\/Trastorno-del-Espectro-Alcoholico-Fetal-6.jpg 1100w\" sizes=\"(max-width: 642px) 100vw, 642px\" alt=\"\">\r\n                            <\/a>\r\n                            \r\n                        <\/figure>\r\n                    <\/div>\r\n                    <div class = \"td-slide-item td-item3\">\r\n                        <figure class=\"td-slide-galery-figure td-slide-popup-gallery\">\r\n                            <a class=\"slide-gallery-image-link\" href=\"\/wp-content\/uploads\/sites\/5\/2022\/12\/Trastorno-del-Espectro-Alcoholico-Fetal-3.jpg\" title=\"Trastorno del Espectro Alcoho\u0301lico Fetal-3\"  data-caption=\"\"  data-description=\"\">\r\n                                <img decoding=\"async\" src=\"\/wp-content\/uploads\/sites\/5\/2022\/12\/Trastorno-del-Espectro-Alcoholico-Fetal-3-546x420.jpg\" srcset=\"\/wp-content\/uploads\/sites\/5\/2022\/12\/Trastorno-del-Espectro-Alcoholico-Fetal-3-546x420.jpg 546w, \/wp-content\/uploads\/sites\/5\/2022\/12\/Trastorno-del-Espectro-Alcoholico-Fetal-3-300x231.jpg 300w, \/wp-content\/uploads\/sites\/5\/2022\/12\/Trastorno-del-Espectro-Alcoholico-Fetal-3-534x411.jpg 534w, \/wp-content\/uploads\/sites\/5\/2022\/12\/Trastorno-del-Espectro-Alcoholico-Fetal-3.jpg 590w\" sizes=\"(max-width: 546px) 100vw, 546px\" alt=\"\">\r\n                            <\/a>\r\n                            \r\n                        <\/figure>\r\n                    <\/div>\r\n                            <\/div>\r\n                        <\/div>\r\n\r\n                        <div class = \"td-doubleSlider-2\">\r\n                            <div class = \"td-slider\">\r\n                                \r\n                    <div class = \"td-button td-item1\">\r\n                        <div class = \"td-border\"><\/div>\r\n                    <\/div>\r\n                    <div class = \"td-button td-item2\">\r\n                        <div class = \"td-border\"><\/div>\r\n                    <\/div>\r\n                    <div class = \"td-button td-item3\">\r\n                        <div class = \"td-border\"><\/div>\r\n                    <\/div>\r\n                            <\/div>\r\n                        <\/div>\r\n\r\n                    <\/div>\r\n\r\n                <\/div>\r\n                \n","protected":false},"excerpt":{"rendered":"<p>Las v\u00edsperas de Nochebuena, la Navidad y el fin de a\u00f1o invitan en familia a degustar de comidas especiales acompa\u00f1adas regularmente de algunas bebidas con contenido alcoh\u00f3lico, sin embargo, si est\u00e1 embarazada, debe evitarlas ante el riesgo de afectar el desarrollo del beb\u00e9 debido al Trastorno del Espectro Alcoh\u00f3lico Fetal (TEAF). El TEAF agrupa afecciones [&hellip;]<\/p>\n","protected":false},"author":1961,"featured_media":32371,"comment_status":"closed","ping_status":"closed","sticky":false,"template":"","format":"standard","meta":{"footnotes":""},"categories":[3,1573],"tags":[1072,1247,1466,1572],"coauthors":[],"class_list":{"0":"post-32359","1":"post","2":"type-post","3":"status-publish","4":"format-standard","5":"has-post-thumbnail","7":"category-actualidad","8":"category-prevencion-fin-de-2022","9":"tag-embarazo","10":"tag-gineco-obstetricia","11":"tag-maternidad","12":"tag-teaf"},"_links":{"self":[{"href":"https:\/\/www.igssgt.org\/noticias\/wp-json\/wp\/v2\/posts\/32359","targetHints":{"allow":["GET"]}}],"collection":[{"href":"https:\/\/www.igssgt.org\/noticias\/wp-json\/wp\/v2\/posts"}],"about":[{"href":"https:\/\/www.igssgt.org\/noticias\/wp-json\/wp\/v2\/types\/post"}],"author":[{"embeddable":true,"href":"https:\/\/www.igssgt.org\/noticias\/wp-json\/wp\/v2\/users\/1961"}],"replies":[{"embeddable":true,"href":"https:\/\/www.igssgt.org\/noticias\/wp-json\/wp\/v2\/comments?post=32359"}],"version-history":[{"count":6,"href":"https:\/\/www.igssgt.org\/noticias\/wp-json\/wp\/v2\/posts\/32359\/revisions"}],"predecessor-version":[{"id":32416,"href":"https:\/\/www.igssgt.org\/noticias\/wp-json\/wp\/v2\/posts\/32359\/revisions\/32416"}],"wp:featuredmedia":[{"embeddable":true,"href":"https:\/\/www.igssgt.org\/noticias\/wp-json\/wp\/v2\/media\/32371"}],"wp:attachment":[{"href":"https:\/\/www.igssgt.org\/noticias\/wp-json\/wp\/v2\/media?parent=32359"}],"wp:term":[{"taxonomy":"category","embeddable":true,"href":"https:\/\/www.igssgt.org\/noticias\/wp-json\/wp\/v2\/categories?post=32359"},{"taxonomy":"post_tag","embeddable":true,"href":"https:\/\/www.igssgt.org\/noticias\/wp-json\/wp\/v2\/tags?post=32359"},{"taxonomy":"author","embeddable":true,"href":"https:\/\/www.igssgt.org\/noticias\/wp-json\/wp\/v2\/coauthors?post=32359"}],"curies":[{"name":"wp","href":"https:\/\/api.w.org\/{rel}","templated":true}]}}