{"id":32480,"date":"2022-12-29T09:36:47","date_gmt":"2022-12-29T15:36:47","guid":{"rendered":"https:\/\/www.igssgt.org\/noticias\/?p=32480"},"modified":"2023-01-16T10:35:00","modified_gmt":"2023-01-16T16:35:00","slug":"el-igss-invita-a-participar-en-la-convocatoria-de-la-plaza-medico-especialista-para-las-clinicas-de-consulta-externa-en-neurologia","status":"publish","type":"post","link":"https:\/\/www.igssgt.org\/noticias\/2022\/12\/29\/el-igss-invita-a-participar-en-la-convocatoria-de-la-plaza-medico-especialista-para-las-clinicas-de-consulta-externa-en-neurologia\/","title":{"rendered":"El IGSS invita a participar en la convocatoria de la plaza: M\u00e9dico Especialista para las cl\u00ednicas de consulta externa en Neurolog\u00eda"},"content":{"rendered":"\n<h3>Para el Centro de Atenci\u00f3n M\u00e9dica Integral para Pensionados CAMIP 2 Barranquilla<\/h3>\n<h4>Fecha l\u00edmite de recepci\u00f3n de solicitudes: 15 de enero de 2023<\/h4>\n<p><a href=\"\/wp-content\/uploads\/sites\/5\/2022\/12\/Convocatoria-Plaza-Medico-especialista-neurologia-IGSS-2022.jpg\"><img loading=\"lazy\" decoding=\"async\" class=\"aligncenter size-full wp-image-32725\" src=\"\/wp-content\/uploads\/sites\/5\/2022\/12\/Convocatoria-Plaza-Medico-especialista-neurologia-IGSS-2022.jpg\" alt=\"\" width=\"1280\" height=\"1280\" srcset=\"\/wp-content\/uploads\/sites\/5\/2022\/12\/Convocatoria-Plaza-Medico-especialista-neurologia-IGSS-2022.jpg 1280w, \/wp-content\/uploads\/sites\/5\/2022\/12\/Convocatoria-Plaza-Medico-especialista-neurologia-IGSS-2022-150x150.jpg 150w, \/wp-content\/uploads\/sites\/5\/2022\/12\/Convocatoria-Plaza-Medico-especialista-neurologia-IGSS-2022-300x300.jpg 300w, \/wp-content\/uploads\/sites\/5\/2022\/12\/Convocatoria-Plaza-Medico-especialista-neurologia-IGSS-2022-768x768.jpg 768w, \/wp-content\/uploads\/sites\/5\/2022\/12\/Convocatoria-Plaza-Medico-especialista-neurologia-IGSS-2022-1024x1024.jpg 1024w, \/wp-content\/uploads\/sites\/5\/2022\/12\/Convocatoria-Plaza-Medico-especialista-neurologia-IGSS-2022-420x420.jpg 420w, \/wp-content\/uploads\/sites\/5\/2022\/12\/Convocatoria-Plaza-Medico-especialista-neurologia-IGSS-2022-696x696.jpg 696w, \/wp-content\/uploads\/sites\/5\/2022\/12\/Convocatoria-Plaza-Medico-especialista-neurologia-IGSS-2022-1068x1068.jpg 1068w, \/wp-content\/uploads\/sites\/5\/2022\/12\/Convocatoria-Plaza-Medico-especialista-neurologia-IGSS-2022-462x462.jpg 462w\" sizes=\"auto, (max-width: 1280px) 100vw, 1280px\" \/><\/a><\/p>\n","protected":false},"excerpt":{"rendered":"<p>Puesto: M\u00e9dico Especialista para las cl\u00ednicas de consulta externa en Neurolog\u00eda de 8 horas.<\/p>\n<p>Unidad: Centro de Atenci\u00f3n M\u00e9dica Integral para Pensionados CAMIP 2 Barranquilla.<\/p>\n<p>Fecha l\u00edmite de recepci\u00f3n de solicitudes: 15 de enero de 2023.<\/p>\n<p>\ud83d\udd34 Convocatoria Cerrada<\/p>\n","protected":false},"author":1961,"featured_media":32725,"comment_status":"closed","ping_status":"closed","sticky":false,"template":"","format":"standard","meta":{"footnotes":""},"categories":[1299,29],"tags":[213,1300],"coauthors":[],"class_list":{"0":"post-32480","1":"post","2":"type-post","3":"status-publish","4":"format-standard","5":"has-post-thumbnail","7":"category-plazas-vacantes","8":"category-publicaciones","9":"tag-convocatoria-plazas-igss","10":"tag-empleos-igss"},"_links":{"self":[{"href":"https:\/\/www.igssgt.org\/noticias\/wp-json\/wp\/v2\/posts\/32480","targetHints":{"allow":["GET"]}}],"collection":[{"href":"https:\/\/www.igssgt.org\/noticias\/wp-json\/wp\/v2\/posts"}],"about":[{"href":"https:\/\/www.igssgt.org\/noticias\/wp-json\/wp\/v2\/types\/post"}],"author":[{"embeddable":true,"href":"https:\/\/www.igssgt.org\/noticias\/wp-json\/wp\/v2\/users\/1961"}],"replies":[{"embeddable":true,"href":"https:\/\/www.igssgt.org\/noticias\/wp-json\/wp\/v2\/comments?post=32480"}],"version-history":[{"count":4,"href":"https:\/\/www.igssgt.org\/noticias\/wp-json\/wp\/v2\/posts\/32480\/revisions"}],"predecessor-version":[{"id":32726,"href":"https:\/\/www.igssgt.org\/noticias\/wp-json\/wp\/v2\/posts\/32480\/revisions\/32726"}],"wp:featuredmedia":[{"embeddable":true,"href":"https:\/\/www.igssgt.org\/noticias\/wp-json\/wp\/v2\/media\/32725"}],"wp:attachment":[{"href":"https:\/\/www.igssgt.org\/noticias\/wp-json\/wp\/v2\/media?parent=32480"}],"wp:term":[{"taxonomy":"category","embeddable":true,"href":"https:\/\/www.igssgt.org\/noticias\/wp-json\/wp\/v2\/categories?post=32480"},{"taxonomy":"post_tag","embeddable":true,"href":"https:\/\/www.igssgt.org\/noticias\/wp-json\/wp\/v2\/tags?post=32480"},{"taxonomy":"author","embeddable":true,"href":"https:\/\/www.igssgt.org\/noticias\/wp-json\/wp\/v2\/coauthors?post=32480"}],"curies":[{"name":"wp","href":"https:\/\/api.w.org\/{rel}","templated":true}]}}