{"id":32500,"date":"2022-12-30T08:49:48","date_gmt":"2022-12-30T14:49:48","guid":{"rendered":"https:\/\/www.igssgt.org\/noticias\/?p=32500"},"modified":"2023-01-04T10:17:13","modified_gmt":"2023-01-04T16:17:13","slug":"mas-de-millon-y-medio-de-personas-fueron-vacunadas-contra-el-covid-19","status":"publish","type":"post","link":"https:\/\/www.igssgt.org\/noticias\/2022\/12\/30\/mas-de-millon-y-medio-de-personas-fueron-vacunadas-contra-el-covid-19\/","title":{"rendered":"M\u00e1s de mill\u00f3n y medio de personas fueron vacunadas contra el COVID-19"},"content":{"rendered":"\n<p class=\"has-drop-cap\">Durante el presente a\u00f1o el Instituto Guatemalteco de Seguridad Social (IGSS) dio cumplimiento al Plan Nacional de Vacunaci\u00f3n y continu\u00f3 la lucha contra el COVID-19, en total administr\u00f3 1 mill\u00f3n 648 mil 123 vacunas contra el virus a la poblaci\u00f3n asegurada y al p\u00fablico en general.<\/p>\n\n\n\n<p><a href=\"\/wp-content\/uploads\/sites\/5\/2022\/12\/Mas-de-millon-y-medio-de-personas-fueron-vacunadas-contra-el-COVID19-3.jpg\" target=\"_blank\" rel=\"noopener\"><img loading=\"lazy\" decoding=\"async\" class=\"alignnone wp-image-32504 size-full\" src=\"\/wp-content\/uploads\/sites\/5\/2022\/12\/Mas-de-millon-y-medio-de-personas-fueron-vacunadas-contra-el-COVID19-3.jpg\" alt=\"\" width=\"1280\" height=\"718\" srcset=\"\/wp-content\/uploads\/sites\/5\/2022\/12\/Mas-de-millon-y-medio-de-personas-fueron-vacunadas-contra-el-COVID19-3.jpg 1280w, \/wp-content\/uploads\/sites\/5\/2022\/12\/Mas-de-millon-y-medio-de-personas-fueron-vacunadas-contra-el-COVID19-3-300x168.jpg 300w, \/wp-content\/uploads\/sites\/5\/2022\/12\/Mas-de-millon-y-medio-de-personas-fueron-vacunadas-contra-el-COVID19-3-768x431.jpg 768w, \/wp-content\/uploads\/sites\/5\/2022\/12\/Mas-de-millon-y-medio-de-personas-fueron-vacunadas-contra-el-COVID19-3-1024x574.jpg 1024w, \/wp-content\/uploads\/sites\/5\/2022\/12\/Mas-de-millon-y-medio-de-personas-fueron-vacunadas-contra-el-COVID19-3-749x420.jpg 749w, \/wp-content\/uploads\/sites\/5\/2022\/12\/Mas-de-millon-y-medio-de-personas-fueron-vacunadas-contra-el-COVID19-3-696x390.jpg 696w, \/wp-content\/uploads\/sites\/5\/2022\/12\/Mas-de-millon-y-medio-de-personas-fueron-vacunadas-contra-el-COVID19-3-1068x599.jpg 1068w, \/wp-content\/uploads\/sites\/5\/2022\/12\/Mas-de-millon-y-medio-de-personas-fueron-vacunadas-contra-el-COVID19-3-534x300.jpg 534w\" sizes=\"auto, (max-width: 1280px) 100vw, 1280px\" \/><\/a><\/p>\n<p>Las vacunas contra el COVID-19 est\u00e1n protegiendo contra la enfermedad grave y casos de muerte. \u201cSin duda alguna la inmunizaci\u00f3n en la poblaci\u00f3n ha disminuido el impacto negativo de la pandemia, reduciendo la necesidad de hospitalizaci\u00f3n y acortado los d\u00edas de padecimiento\u201d, dijo la doctora Ada Vargas, epidemi\u00f3loga del IGSS.<\/p>\n<blockquote>\n<p>La inmunizaci\u00f3n en la poblaci\u00f3n ha disminuido el impacto negativo de la pandemia, reduciendo la necesidad de hospitalizaci\u00f3n y acortado los d\u00edas de padecimiento<\/p>\n<\/blockquote>\n<p>La vacunas administradas son de la plataforma de ARN mensajero (Pfizer\/BioNTech y Moderna) y de la plataforma de vector viral no replicable (AstraZeneca y Sputnik V).<\/p>\n<p><a href=\"\/wp-content\/uploads\/sites\/5\/2022\/12\/Mas-de-millon-y-medio-de-personas-fueron-vacunadas-contra-el-COVID19-2.jpg\" target=\"_blank\" rel=\"noopener\"><img loading=\"lazy\" decoding=\"async\" class=\"alignnone wp-image-32503 size-full\" src=\"\/wp-content\/uploads\/sites\/5\/2022\/12\/Mas-de-millon-y-medio-de-personas-fueron-vacunadas-contra-el-COVID19-2.jpg\" alt=\"\" width=\"1280\" height=\"853\" srcset=\"\/wp-content\/uploads\/sites\/5\/2022\/12\/Mas-de-millon-y-medio-de-personas-fueron-vacunadas-contra-el-COVID19-2.jpg 1280w, \/wp-content\/uploads\/sites\/5\/2022\/12\/Mas-de-millon-y-medio-de-personas-fueron-vacunadas-contra-el-COVID19-2-300x200.jpg 300w, \/wp-content\/uploads\/sites\/5\/2022\/12\/Mas-de-millon-y-medio-de-personas-fueron-vacunadas-contra-el-COVID19-2-768x512.jpg 768w, \/wp-content\/uploads\/sites\/5\/2022\/12\/Mas-de-millon-y-medio-de-personas-fueron-vacunadas-contra-el-COVID19-2-1024x682.jpg 1024w, \/wp-content\/uploads\/sites\/5\/2022\/12\/Mas-de-millon-y-medio-de-personas-fueron-vacunadas-contra-el-COVID19-2-630x420.jpg 630w, \/wp-content\/uploads\/sites\/5\/2022\/12\/Mas-de-millon-y-medio-de-personas-fueron-vacunadas-contra-el-COVID19-2-696x464.jpg 696w, \/wp-content\/uploads\/sites\/5\/2022\/12\/Mas-de-millon-y-medio-de-personas-fueron-vacunadas-contra-el-COVID19-2-1068x712.jpg 1068w, \/wp-content\/uploads\/sites\/5\/2022\/12\/Mas-de-millon-y-medio-de-personas-fueron-vacunadas-contra-el-COVID19-2-534x356.jpg 534w\" sizes=\"auto, (max-width: 1280px) 100vw, 1280px\" \/><\/a><\/p>\n<p>Adem\u00e1s de la vacunaci\u00f3n, es importante que se contin\u00fae con las medidas de bioseguridad: el lavado constante de manos, uso de mascarilla y el distanciamiento f\u00edsico, indic\u00f3 la epidemi\u00f3loga.<\/p>\n<p><a href=\"\/wp-content\/uploads\/sites\/5\/2022\/12\/Mas-de-millon-y-medio-de-personas-fueron-vacunadas-contra-el-COVID19-4.jpg\" target=\"_blank\" rel=\"noopener\"><img loading=\"lazy\" decoding=\"async\" class=\"alignnone wp-image-32505 size-full\" src=\"\/wp-content\/uploads\/sites\/5\/2022\/12\/Mas-de-millon-y-medio-de-personas-fueron-vacunadas-contra-el-COVID19-4.jpg\" alt=\"\" width=\"1280\" height=\"853\" srcset=\"\/wp-content\/uploads\/sites\/5\/2022\/12\/Mas-de-millon-y-medio-de-personas-fueron-vacunadas-contra-el-COVID19-4.jpg 1280w, \/wp-content\/uploads\/sites\/5\/2022\/12\/Mas-de-millon-y-medio-de-personas-fueron-vacunadas-contra-el-COVID19-4-300x200.jpg 300w, \/wp-content\/uploads\/sites\/5\/2022\/12\/Mas-de-millon-y-medio-de-personas-fueron-vacunadas-contra-el-COVID19-4-768x512.jpg 768w, \/wp-content\/uploads\/sites\/5\/2022\/12\/Mas-de-millon-y-medio-de-personas-fueron-vacunadas-contra-el-COVID19-4-1024x682.jpg 1024w, \/wp-content\/uploads\/sites\/5\/2022\/12\/Mas-de-millon-y-medio-de-personas-fueron-vacunadas-contra-el-COVID19-4-630x420.jpg 630w, \/wp-content\/uploads\/sites\/5\/2022\/12\/Mas-de-millon-y-medio-de-personas-fueron-vacunadas-contra-el-COVID19-4-696x464.jpg 696w, \/wp-content\/uploads\/sites\/5\/2022\/12\/Mas-de-millon-y-medio-de-personas-fueron-vacunadas-contra-el-COVID19-4-1068x712.jpg 1068w, \/wp-content\/uploads\/sites\/5\/2022\/12\/Mas-de-millon-y-medio-de-personas-fueron-vacunadas-contra-el-COVID19-4-534x356.jpg 534w\" sizes=\"auto, (max-width: 1280px) 100vw, 1280px\" \/><\/a><\/p>\n\n\n\n<p><\/p>\n","protected":false},"excerpt":{"rendered":"<p>Durante el presente a\u00f1o el Instituto Guatemalteco de Seguridad Social (IGSS) dio cumplimiento al Plan Nacional de Vacunaci\u00f3n y continu\u00f3 la lucha contra el COVID-19, en total administr\u00f3 1 mill\u00f3n 648 mil 123 vacunas contra el virus a la poblaci\u00f3n asegurada y al p\u00fablico en general.<\/p>\n","protected":false},"author":1961,"featured_media":32502,"comment_status":"closed","ping_status":"closed","sticky":false,"template":"","format":"standard","meta":{"footnotes":""},"categories":[3,15],"tags":[1155,1275,1194,1287],"coauthors":[],"class_list":{"0":"post-32500","1":"post","2":"type-post","3":"status-publish","4":"format-standard","5":"has-post-thumbnail","7":"category-actualidad","8":"category-destacado","9":"tag-covid-19","10":"tag-dra-ada-vargas","11":"tag-pandemia","12":"tag-vacunas-covid-19"},"_links":{"self":[{"href":"https:\/\/www.igssgt.org\/noticias\/wp-json\/wp\/v2\/posts\/32500","targetHints":{"allow":["GET"]}}],"collection":[{"href":"https:\/\/www.igssgt.org\/noticias\/wp-json\/wp\/v2\/posts"}],"about":[{"href":"https:\/\/www.igssgt.org\/noticias\/wp-json\/wp\/v2\/types\/post"}],"author":[{"embeddable":true,"href":"https:\/\/www.igssgt.org\/noticias\/wp-json\/wp\/v2\/users\/1961"}],"replies":[{"embeddable":true,"href":"https:\/\/www.igssgt.org\/noticias\/wp-json\/wp\/v2\/comments?post=32500"}],"version-history":[{"count":4,"href":"https:\/\/www.igssgt.org\/noticias\/wp-json\/wp\/v2\/posts\/32500\/revisions"}],"predecessor-version":[{"id":32542,"href":"https:\/\/www.igssgt.org\/noticias\/wp-json\/wp\/v2\/posts\/32500\/revisions\/32542"}],"wp:featuredmedia":[{"embeddable":true,"href":"https:\/\/www.igssgt.org\/noticias\/wp-json\/wp\/v2\/media\/32502"}],"wp:attachment":[{"href":"https:\/\/www.igssgt.org\/noticias\/wp-json\/wp\/v2\/media?parent=32500"}],"wp:term":[{"taxonomy":"category","embeddable":true,"href":"https:\/\/www.igssgt.org\/noticias\/wp-json\/wp\/v2\/categories?post=32500"},{"taxonomy":"post_tag","embeddable":true,"href":"https:\/\/www.igssgt.org\/noticias\/wp-json\/wp\/v2\/tags?post=32500"},{"taxonomy":"author","embeddable":true,"href":"https:\/\/www.igssgt.org\/noticias\/wp-json\/wp\/v2\/coauthors?post=32500"}],"curies":[{"name":"wp","href":"https:\/\/api.w.org\/{rel}","templated":true}]}}