{"id":32590,"date":"2023-01-09T12:31:36","date_gmt":"2023-01-09T18:31:36","guid":{"rendered":"https:\/\/www.igssgt.org\/noticias\/?p=32590"},"modified":"2023-01-23T09:07:27","modified_gmt":"2023-01-23T15:07:27","slug":"el-igss-invita-a-los-asegurados-a-vacunarse-contra-el-covid-19","status":"publish","type":"post","link":"https:\/\/www.igssgt.org\/noticias\/2023\/01\/09\/el-igss-invita-a-los-asegurados-a-vacunarse-contra-el-covid-19\/","title":{"rendered":"El IGSS invita a los asegurados a vacunarse contra el COVID-19"},"content":{"rendered":"\n<p class=\"has-drop-cap\">El Instituto Guatemalteco de Seguridad Social (IGSS) contin\u00faa la lucha contra el COVID-19 y hace una llamado a los asegurados y poblaci\u00f3n en general que a\u00fan no se han inmunizado contra el virus a que se acerquen a las unidades m\u00e9dicas de la instituci\u00f3n a completar el esquema de vacunaci\u00f3n.<\/p>\n\n\n\n<p>Quienes pueden vacunarse son las personas con enfermedades cr\u00f3nicas, adultos mayores de 50 a\u00f1os, embarazadas o en per\u00edodo de lactancia exclusiva. Tambi\u00e9n pueden inocularse los adolescentes (de 12 a 17 a\u00f1os), poblaci\u00f3n de 18 a\u00f1os o m\u00e1s y el personal de salud.<\/p>\n<p><a href=\"\/wp-content\/uploads\/sites\/5\/2023\/01\/Vacunacion-COVID-19-IGSS-2023-4.jpg\"><img loading=\"lazy\" decoding=\"async\" class=\" wp-image-32593 alignright\" src=\"\/wp-content\/uploads\/sites\/5\/2023\/01\/Vacunacion-COVID-19-IGSS-2023-4.jpg\" alt=\"\" width=\"268\" height=\"403\" srcset=\"\/wp-content\/uploads\/sites\/5\/2023\/01\/Vacunacion-COVID-19-IGSS-2023-4.jpg 853w, \/wp-content\/uploads\/sites\/5\/2023\/01\/Vacunacion-COVID-19-IGSS-2023-4-200x300.jpg 200w, \/wp-content\/uploads\/sites\/5\/2023\/01\/Vacunacion-COVID-19-IGSS-2023-4-768x1152.jpg 768w, \/wp-content\/uploads\/sites\/5\/2023\/01\/Vacunacion-COVID-19-IGSS-2023-4-682x1024.jpg 682w, \/wp-content\/uploads\/sites\/5\/2023\/01\/Vacunacion-COVID-19-IGSS-2023-4-280x420.jpg 280w, \/wp-content\/uploads\/sites\/5\/2023\/01\/Vacunacion-COVID-19-IGSS-2023-4-696x1044.jpg 696w, \/wp-content\/uploads\/sites\/5\/2023\/01\/Vacunacion-COVID-19-IGSS-2023-4-308x462.jpg 308w\" sizes=\"auto, (max-width: 268px) 100vw, 268px\" \/><\/a>Las vacunas que se est\u00e1n administrando son primera y segunda dosis, 21 d\u00edas entre ambas; tercera dosis, un mes luego de completar la segunda, y cuarta dosis, cuatro meses luego de recibir la tercera.<\/p>\n<p>Las vacunas contra el COVID-19 siguen protegiendo contra la enfermedad grave y previene casos de muerte. La inmunizaci\u00f3n de la poblaci\u00f3n ha disminuido el impacto negativo de la pandemia, reduce la necesidad de hospitalizaci\u00f3n y acorta los d\u00edas de la enfermedad.<\/p>\n<p>El IGSS recomienda seguir protegi\u00e9ndose del COVID-19 con las medidas de bioseguridad como el uso de mascarilla en lugares cerrados, el correcto lavado de manos y aplicaci\u00f3n de gel.<\/p>\n<p>Las personas vacunadas pueden contraer la enfermedad, sin embargo, el riesgo de presentar s\u00edntomas graves es mucho menor en comparaci\u00f3n con las personas que no han sido vacunadas.<\/p>\n<p>Los principales s\u00edntomas que presenta una persona contagiada son: fiebre, tos, cansancio, congesti\u00f3n nasal, dolor de garganta, dolor de cabeza, dolores musculares o articulares, n\u00e1usea, v\u00f3mitos, diarrea, dificultad respiratoria y, en el caso de los ni\u00f1os, irritabilidad o disminuci\u00f3n del apetito.<\/p>\n\r\n                <style type=\"text\/css\">\r\n                    \r\n                    #tdi_1  .td-doubleSlider-2 .td-item1 {\r\n                        background: url(\/wp-content\/uploads\/sites\/5\/2023\/01\/Vacunacion-COVID-19-IGSS-2023-1-80x60.jpg) 0 0 no-repeat;\r\n                    }\r\n                    #tdi_1  .td-doubleSlider-2 .td-item2 {\r\n                        background: url(\/wp-content\/uploads\/sites\/5\/2023\/01\/Vacunacion-COVID-19-IGSS-2023-3-80x60.jpg) 0 0 no-repeat;\r\n                    }\r\n                    #tdi_1  .td-doubleSlider-2 .td-item3 {\r\n                        background: url(\/wp-content\/uploads\/sites\/5\/2023\/01\/Vacunacion-COVID-19-IGSS-2023-5-80x60.jpg) 0 0 no-repeat;\r\n                    }\r\n                    #tdi_1  .td-doubleSlider-2 .td-item4 {\r\n                        background: url(\/wp-content\/uploads\/sites\/5\/2023\/01\/Vacunacion-COVID-19-IGSS-2023-6-80x60.jpg) 0 0 no-repeat;\r\n                    }\r\n                    #tdi_1  .td-doubleSlider-2 .td-item5 {\r\n                        background: url(\/wp-content\/uploads\/sites\/5\/2023\/01\/Vacunacion-COVID-19-IGSS-2023-2-80x60.jpg) 0 0 no-repeat;\r\n                    }\r\n                <\/style>\r\n\r\n                <div id=\"tdi_1\" class=\"td-gallery td-slide-on-2-columns\">\r\n                    <div class=\"post_td_gallery\">\r\n                        <div class=\"td-gallery-slide-top\">\r\n                           <div class=\"td-gallery-title\"><\/div>\r\n\r\n                            <div class=\"td-gallery-controls-wrapper\">\r\n                                <div class=\"td-gallery-slide-count\"><span class=\"td-gallery-slide-item-focus\">1<\/span> de 5<\/div>\r\n                                <div class=\"td-gallery-slide-prev-next-but\">\r\n                                    <i class = \"td-icon-left doubleSliderPrevButton\"><\/i>\r\n                                    <i class = \"td-icon-right doubleSliderNextButton\"><\/i>\r\n                                <\/div>\r\n                            <\/div>\r\n                        <\/div>\r\n\r\n                        <div class = \"td-doubleSlider-1 \">\r\n                            <div class = \"td-slider\">\r\n                                \r\n                    <div class = \"td-slide-item td-item1\">\r\n                        <figure class=\"td-slide-galery-figure td-slide-popup-gallery\">\r\n                            <a class=\"slide-gallery-image-link\" href=\"\/wp-content\/uploads\/sites\/5\/2023\/01\/Vacunacion-COVID-19-IGSS-2023-1.jpg\" title=\"Vacunacion COVID-19 IGSS 2023-1\"  data-caption=\"\"  data-description=\"\">\r\n                                <img decoding=\"async\" src=\"\/wp-content\/uploads\/sites\/5\/2023\/01\/Vacunacion-COVID-19-IGSS-2023-1-354x420.jpg\" srcset=\"\/wp-content\/uploads\/sites\/5\/2023\/01\/Vacunacion-COVID-19-IGSS-2023-1-354x420.jpg 354w, \/wp-content\/uploads\/sites\/5\/2023\/01\/Vacunacion-COVID-19-IGSS-2023-1-253x300.jpg 253w, \/wp-content\/uploads\/sites\/5\/2023\/01\/Vacunacion-COVID-19-IGSS-2023-1-768x912.jpg 768w, \/wp-content\/uploads\/sites\/5\/2023\/01\/Vacunacion-COVID-19-IGSS-2023-1-696x827.jpg 696w, \/wp-content\/uploads\/sites\/5\/2023\/01\/Vacunacion-COVID-19-IGSS-2023-1-389x462.jpg 389w, \/wp-content\/uploads\/sites\/5\/2023\/01\/Vacunacion-COVID-19-IGSS-2023-1.jpg 777w\" sizes=\"(max-width: 354px) 100vw, 354px\" alt=\"\">\r\n                            <\/a>\r\n                            \r\n                        <\/figure>\r\n                    <\/div>\r\n                    <div class = \"td-slide-item td-item2\">\r\n                        <figure class=\"td-slide-galery-figure td-slide-popup-gallery\">\r\n                            <a class=\"slide-gallery-image-link\" href=\"\/wp-content\/uploads\/sites\/5\/2023\/01\/Vacunacion-COVID-19-IGSS-2023-3.jpg\" title=\"Vacunacion COVID-19 IGSS 2023-3\"  data-caption=\"\"  data-description=\"\">\r\n                                <img decoding=\"async\" src=\"\/wp-content\/uploads\/sites\/5\/2023\/01\/Vacunacion-COVID-19-IGSS-2023-3-586x420.jpg\" srcset=\"\/wp-content\/uploads\/sites\/5\/2023\/01\/Vacunacion-COVID-19-IGSS-2023-3-586x420.jpg 586w, \/wp-content\/uploads\/sites\/5\/2023\/01\/Vacunacion-COVID-19-IGSS-2023-3-300x215.jpg 300w, \/wp-content\/uploads\/sites\/5\/2023\/01\/Vacunacion-COVID-19-IGSS-2023-3-768x551.jpg 768w, \/wp-content\/uploads\/sites\/5\/2023\/01\/Vacunacion-COVID-19-IGSS-2023-3-1024x734.jpg 1024w, \/wp-content\/uploads\/sites\/5\/2023\/01\/Vacunacion-COVID-19-IGSS-2023-3-696x499.jpg 696w, \/wp-content\/uploads\/sites\/5\/2023\/01\/Vacunacion-COVID-19-IGSS-2023-3-1068x766.jpg 1068w, \/wp-content\/uploads\/sites\/5\/2023\/01\/Vacunacion-COVID-19-IGSS-2023-3-534x383.jpg 534w, \/wp-content\/uploads\/sites\/5\/2023\/01\/Vacunacion-COVID-19-IGSS-2023-3.jpg 1166w\" sizes=\"(max-width: 586px) 100vw, 586px\" alt=\"\">\r\n                            <\/a>\r\n                            \r\n                        <\/figure>\r\n                    <\/div>\r\n                    <div class = \"td-slide-item td-item3\">\r\n                        <figure class=\"td-slide-galery-figure td-slide-popup-gallery\">\r\n                            <a class=\"slide-gallery-image-link\" href=\"\/wp-content\/uploads\/sites\/5\/2023\/01\/Vacunacion-COVID-19-IGSS-2023-5.jpg\" title=\"Vacunacion COVID-19 IGSS 2023-5\"  data-caption=\"\"  data-description=\"\">\r\n                                <img decoding=\"async\" src=\"\/wp-content\/uploads\/sites\/5\/2023\/01\/Vacunacion-COVID-19-IGSS-2023-5-280x420.jpg\" srcset=\"\/wp-content\/uploads\/sites\/5\/2023\/01\/Vacunacion-COVID-19-IGSS-2023-5-280x420.jpg 280w, \/wp-content\/uploads\/sites\/5\/2023\/01\/Vacunacion-COVID-19-IGSS-2023-5-200x300.jpg 200w, \/wp-content\/uploads\/sites\/5\/2023\/01\/Vacunacion-COVID-19-IGSS-2023-5-768x1152.jpg 768w, \/wp-content\/uploads\/sites\/5\/2023\/01\/Vacunacion-COVID-19-IGSS-2023-5-682x1024.jpg 682w, \/wp-content\/uploads\/sites\/5\/2023\/01\/Vacunacion-COVID-19-IGSS-2023-5-696x1044.jpg 696w, \/wp-content\/uploads\/sites\/5\/2023\/01\/Vacunacion-COVID-19-IGSS-2023-5-308x462.jpg 308w, \/wp-content\/uploads\/sites\/5\/2023\/01\/Vacunacion-COVID-19-IGSS-2023-5.jpg 853w\" sizes=\"(max-width: 280px) 100vw, 280px\" alt=\"\">\r\n                            <\/a>\r\n                            \r\n                        <\/figure>\r\n                    <\/div>\r\n                    <div class = \"td-slide-item td-item4\">\r\n                        <figure class=\"td-slide-galery-figure td-slide-popup-gallery\">\r\n                            <a class=\"slide-gallery-image-link\" href=\"\/wp-content\/uploads\/sites\/5\/2023\/01\/Vacunacion-COVID-19-IGSS-2023-6.jpg\" title=\"Vacunacion COVID-19 IGSS 2023-6\"  data-caption=\"\"  data-description=\"\">\r\n                                <img decoding=\"async\" src=\"\/wp-content\/uploads\/sites\/5\/2023\/01\/Vacunacion-COVID-19-IGSS-2023-6-310x420.jpg\" srcset=\"\/wp-content\/uploads\/sites\/5\/2023\/01\/Vacunacion-COVID-19-IGSS-2023-6-310x420.jpg 310w, \/wp-content\/uploads\/sites\/5\/2023\/01\/Vacunacion-COVID-19-IGSS-2023-6-221x300.jpg 221w, \/wp-content\/uploads\/sites\/5\/2023\/01\/Vacunacion-COVID-19-IGSS-2023-6-768x1041.jpg 768w, \/wp-content\/uploads\/sites\/5\/2023\/01\/Vacunacion-COVID-19-IGSS-2023-6-755x1024.jpg 755w, \/wp-content\/uploads\/sites\/5\/2023\/01\/Vacunacion-COVID-19-IGSS-2023-6-696x944.jpg 696w, \/wp-content\/uploads\/sites\/5\/2023\/01\/Vacunacion-COVID-19-IGSS-2023-6-341x462.jpg 341w, \/wp-content\/uploads\/sites\/5\/2023\/01\/Vacunacion-COVID-19-IGSS-2023-6.jpg 851w\" sizes=\"(max-width: 310px) 100vw, 310px\" alt=\"\">\r\n                            <\/a>\r\n                            \r\n                        <\/figure>\r\n                    <\/div>\r\n                    <div class = \"td-slide-item td-item5\">\r\n                        <figure class=\"td-slide-galery-figure td-slide-popup-gallery\">\r\n                            <a class=\"slide-gallery-image-link\" href=\"\/wp-content\/uploads\/sites\/5\/2023\/01\/Vacunacion-COVID-19-IGSS-2023-2.jpg\" title=\"Vacunacion COVID-19 IGSS 2023-2\"  data-caption=\"\"  data-description=\"\">\r\n                                <img decoding=\"async\" src=\"\/wp-content\/uploads\/sites\/5\/2023\/01\/Vacunacion-COVID-19-IGSS-2023-2-630x420.jpg\" srcset=\"\/wp-content\/uploads\/sites\/5\/2023\/01\/Vacunacion-COVID-19-IGSS-2023-2-630x420.jpg 630w, \/wp-content\/uploads\/sites\/5\/2023\/01\/Vacunacion-COVID-19-IGSS-2023-2-300x200.jpg 300w, \/wp-content\/uploads\/sites\/5\/2023\/01\/Vacunacion-COVID-19-IGSS-2023-2-768x512.jpg 768w, \/wp-content\/uploads\/sites\/5\/2023\/01\/Vacunacion-COVID-19-IGSS-2023-2-1024x682.jpg 1024w, \/wp-content\/uploads\/sites\/5\/2023\/01\/Vacunacion-COVID-19-IGSS-2023-2-696x464.jpg 696w, \/wp-content\/uploads\/sites\/5\/2023\/01\/Vacunacion-COVID-19-IGSS-2023-2-1068x712.jpg 1068w, \/wp-content\/uploads\/sites\/5\/2023\/01\/Vacunacion-COVID-19-IGSS-2023-2-534x356.jpg 534w, \/wp-content\/uploads\/sites\/5\/2023\/01\/Vacunacion-COVID-19-IGSS-2023-2.jpg 1280w\" sizes=\"(max-width: 630px) 100vw, 630px\" alt=\"\">\r\n                            <\/a>\r\n                            \r\n                        <\/figure>\r\n                    <\/div>\r\n                            <\/div>\r\n                        <\/div>\r\n\r\n                        <div class = \"td-doubleSlider-2\">\r\n                            <div class = \"td-slider\">\r\n                                \r\n                    <div class = \"td-button td-item1\">\r\n                        <div class = \"td-border\"><\/div>\r\n                    <\/div>\r\n                    <div class = \"td-button td-item2\">\r\n                        <div class = \"td-border\"><\/div>\r\n                    <\/div>\r\n                    <div class = \"td-button td-item3\">\r\n                        <div class = \"td-border\"><\/div>\r\n                    <\/div>\r\n                    <div class = \"td-button td-item4\">\r\n                        <div class = \"td-border\"><\/div>\r\n                    <\/div>\r\n                    <div class = \"td-button td-item5\">\r\n                        <div class = \"td-border\"><\/div>\r\n                    <\/div>\r\n                            <\/div>\r\n                        <\/div>\r\n\r\n                    <\/div>\r\n\r\n                <\/div>\r\n                \n","protected":false},"excerpt":{"rendered":"<p>El Instituto Guatemalteco de Seguridad Social (IGSS) contin\u00faa la lucha contra el COVID-19 y hace una llamado a los asegurados y poblaci\u00f3n en general que a\u00fan no se han inmunizado contra el virus a que se acerquen a las unidades m\u00e9dicas de la instituci\u00f3n a completar el esquema de vacunaci\u00f3n.<\/p>\n","protected":false},"author":4,"featured_media":32591,"comment_status":"closed","ping_status":"closed","sticky":false,"template":"","format":"standard","meta":{"footnotes":""},"categories":[3,1170,15],"tags":[535,847,1287],"coauthors":[],"class_list":{"0":"post-32590","1":"post","2":"type-post","3":"status-publish","4":"format-standard","5":"has-post-thumbnail","7":"category-actualidad","8":"category-covid-19","9":"category-destacado","10":"tag-jornada-de-vacunacion","11":"tag-vacunacion","12":"tag-vacunas-covid-19"},"_links":{"self":[{"href":"https:\/\/www.igssgt.org\/noticias\/wp-json\/wp\/v2\/posts\/32590","targetHints":{"allow":["GET"]}}],"collection":[{"href":"https:\/\/www.igssgt.org\/noticias\/wp-json\/wp\/v2\/posts"}],"about":[{"href":"https:\/\/www.igssgt.org\/noticias\/wp-json\/wp\/v2\/types\/post"}],"author":[{"embeddable":true,"href":"https:\/\/www.igssgt.org\/noticias\/wp-json\/wp\/v2\/users\/4"}],"replies":[{"embeddable":true,"href":"https:\/\/www.igssgt.org\/noticias\/wp-json\/wp\/v2\/comments?post=32590"}],"version-history":[{"count":4,"href":"https:\/\/www.igssgt.org\/noticias\/wp-json\/wp\/v2\/posts\/32590\/revisions"}],"predecessor-version":[{"id":32882,"href":"https:\/\/www.igssgt.org\/noticias\/wp-json\/wp\/v2\/posts\/32590\/revisions\/32882"}],"wp:featuredmedia":[{"embeddable":true,"href":"https:\/\/www.igssgt.org\/noticias\/wp-json\/wp\/v2\/media\/32591"}],"wp:attachment":[{"href":"https:\/\/www.igssgt.org\/noticias\/wp-json\/wp\/v2\/media?parent=32590"}],"wp:term":[{"taxonomy":"category","embeddable":true,"href":"https:\/\/www.igssgt.org\/noticias\/wp-json\/wp\/v2\/categories?post=32590"},{"taxonomy":"post_tag","embeddable":true,"href":"https:\/\/www.igssgt.org\/noticias\/wp-json\/wp\/v2\/tags?post=32590"},{"taxonomy":"author","embeddable":true,"href":"https:\/\/www.igssgt.org\/noticias\/wp-json\/wp\/v2\/coauthors?post=32590"}],"curies":[{"name":"wp","href":"https:\/\/api.w.org\/{rel}","templated":true}]}}