{"id":32612,"date":"2022-12-26T09:00:00","date_gmt":"2022-12-26T15:00:00","guid":{"rendered":"https:\/\/www.igssgt.org\/noticias\/?p=32612"},"modified":"2023-01-10T12:50:57","modified_gmt":"2023-01-10T18:50:57","slug":"el-igss-recomienda-continuar-protegiendose-del-covid-19-durante-las-fiestas-de-fin-de-ano","status":"publish","type":"post","link":"https:\/\/www.igssgt.org\/noticias\/2022\/12\/26\/el-igss-recomienda-continuar-protegiendose-del-covid-19-durante-las-fiestas-de-fin-de-ano\/","title":{"rendered":"El IGSS recomienda continuar protegi\u00e9ndose del COVID-19 durante las fiestas de fin de a\u00f1o"},"content":{"rendered":"\n<p class=\"has-drop-cap\">Ante el aumento de los casos sospechosos y positivos de COVID-19 que est\u00e1n afectando al pa\u00eds, el Instituto Guatemalteco de Seguridad Social (IGSS), en atenci\u00f3n a las disposiciones emitidas por el Ministerio de Salud P\u00fablica y Asistencia Social (MSPAS), hace un llamado a la poblaci\u00f3n en general a continuar con las medidas de prevenci\u00f3n durante las fiestas de fin de a\u00f1o.<\/p>\n\n\n\n<figure id=\"attachment_32616\" aria-describedby=\"caption-attachment-32616\" style=\"width: 205px\" class=\"wp-caption alignleft\"><a href=\"\/wp-content\/uploads\/sites\/5\/2023\/01\/COVID-19-durante-las-fiestas-de-fin-de-ano-4.jpg\" target=\"_blank\" rel=\"noopener\"><img loading=\"lazy\" decoding=\"async\" class=\"wp-image-32616\" src=\"\/wp-content\/uploads\/sites\/5\/2023\/01\/COVID-19-durante-las-fiestas-de-fin-de-ano-4.jpg\" alt=\"\" width=\"205\" height=\"172\" srcset=\"\/wp-content\/uploads\/sites\/5\/2023\/01\/COVID-19-durante-las-fiestas-de-fin-de-ano-4.jpg 960w, \/wp-content\/uploads\/sites\/5\/2023\/01\/COVID-19-durante-las-fiestas-de-fin-de-ano-4-300x251.jpg 300w, \/wp-content\/uploads\/sites\/5\/2023\/01\/COVID-19-durante-las-fiestas-de-fin-de-ano-4-768x643.jpg 768w, \/wp-content\/uploads\/sites\/5\/2023\/01\/COVID-19-durante-las-fiestas-de-fin-de-ano-4-501x420.jpg 501w, \/wp-content\/uploads\/sites\/5\/2023\/01\/COVID-19-durante-las-fiestas-de-fin-de-ano-4-696x583.jpg 696w, \/wp-content\/uploads\/sites\/5\/2023\/01\/COVID-19-durante-las-fiestas-de-fin-de-ano-4-534x447.jpg 534w\" sizes=\"auto, (max-width: 205px) 100vw, 205px\" \/><\/a><figcaption id=\"caption-attachment-32616\" class=\"wp-caption-text\">Doctora Ada Vargas<\/figcaption><\/figure>\n<p>La doctora Ada Vargas, epidemi\u00f3loga del Instituto, enfatiz\u00f3 que se debe continuar con el uso de la mascarilla, realizar el lavado correcto de manos o utilizar alcohol en gel al 70 por ciento, mantener el distanciamiento f\u00edsico con un m\u00ednimo de 1.5 metros, evitar aglomeraciones, reducir el tiempo de permanencia en lugares de mucha afluencia de personas y acudir al servicio de salud si se presentan s\u00edntomas de infecci\u00f3n respiratoria.<\/p>\n<p>Seg\u00fan destac\u00f3 la doctora, desde hace tres semanas epidemiol\u00f3gicas los casos de COVID-19 se han incrementado la positividad en 2.2 veces el riesgo de enfermar a nivel nacional, lo cual siempre es reportado al MSPAS como ente rector.<\/p>\n<p>Entre los principales s\u00edntomas detectados en este rebrote est\u00e1n: fiebre, tos, cansancio, congesti\u00f3n nasal, dolor de garganta, dolor de cabeza, dolores musculares o articulares, n\u00e1usea, v\u00f3mitos, diarrea, dificultad respiratoria y, en el caso de los ni\u00f1os, irritabilidad o disminuci\u00f3n del apetito.<\/p>\n<p><a href=\"\/wp-content\/uploads\/sites\/5\/2023\/01\/COVID-19-durante-las-fiestas-de-fin-de-ano-2.jpg\" target=\"_blank\" rel=\"noopener\"><img loading=\"lazy\" decoding=\"async\" class=\"alignnone wp-image-32614 size-full\" src=\"\/wp-content\/uploads\/sites\/5\/2023\/01\/COVID-19-durante-las-fiestas-de-fin-de-ano-2.jpg\" alt=\"\" width=\"1280\" height=\"898\" srcset=\"\/wp-content\/uploads\/sites\/5\/2023\/01\/COVID-19-durante-las-fiestas-de-fin-de-ano-2.jpg 1280w, \/wp-content\/uploads\/sites\/5\/2023\/01\/COVID-19-durante-las-fiestas-de-fin-de-ano-2-300x210.jpg 300w, \/wp-content\/uploads\/sites\/5\/2023\/01\/COVID-19-durante-las-fiestas-de-fin-de-ano-2-768x539.jpg 768w, \/wp-content\/uploads\/sites\/5\/2023\/01\/COVID-19-durante-las-fiestas-de-fin-de-ano-2-1024x718.jpg 1024w, \/wp-content\/uploads\/sites\/5\/2023\/01\/COVID-19-durante-las-fiestas-de-fin-de-ano-2-599x420.jpg 599w, \/wp-content\/uploads\/sites\/5\/2023\/01\/COVID-19-durante-las-fiestas-de-fin-de-ano-2-696x488.jpg 696w, \/wp-content\/uploads\/sites\/5\/2023\/01\/COVID-19-durante-las-fiestas-de-fin-de-ano-2-1068x749.jpg 1068w, \/wp-content\/uploads\/sites\/5\/2023\/01\/COVID-19-durante-las-fiestas-de-fin-de-ano-2-100x70.jpg 100w, \/wp-content\/uploads\/sites\/5\/2023\/01\/COVID-19-durante-las-fiestas-de-fin-de-ano-2-534x375.jpg 534w\" sizes=\"auto, (max-width: 1280px) 100vw, 1280px\" \/><\/a><\/p>\n<h3><strong>Los grupos m\u00e1s vulnerables al virus:<\/strong><\/h3>\n<p>\u201cDesde que se inici\u00f3 la pandemia, en el 2020, se ha observado que la mayor carga de morbilidad est\u00e1 concentrada en los adultos j\u00f3venes y la mayor carga de mortalidad se encuentra en los adultos mayores\u201d, dijo la experta. En este incremento el comportamiento es similar a lo observado en olas previas de esta enfermedad, por lo que se recomienda fortalecer las medidas de prevenci\u00f3n ante la transmisi\u00f3n del virus SARS-CoV-2, especialmente en los grupos vulnerables de la poblaci\u00f3n.<\/p>\n<p>En la actualidad todas las unidades m\u00e9dicas del Instituto cuentan con pruebas para la detecci\u00f3n de ant\u00edgenos del virus SARS-CoV-2.El IGSS cuenta con laboratorios para el diagn\u00f3stico de COVID-19 a trav\u00e9s de biolog\u00eda molecular RT-PCR y con cinco centros de diagn\u00f3stico los cuales est\u00e1n ubicados en la Unidad Perif\u00e9rica Zona 5, Unidad Perif\u00e9rica Zona 11, Consultorio Villa Nueva y Consultorio Antigua Guatemala, donde la atenci\u00f3n es de 24 horas; en el Policovid, situado en la zona 1 capitalina, el horario de atenci\u00f3n es de lunes a viernes de 7:00 a 15:00 horas.<\/p>\n<p><a href=\"\/wp-content\/uploads\/sites\/5\/2023\/01\/COVID-19-durante-las-fiestas-de-fin-de-ano-3.jpg\" target=\"_blank\" rel=\"noopener\"><img loading=\"lazy\" decoding=\"async\" class=\"alignnone wp-image-32615 size-full\" src=\"\/wp-content\/uploads\/sites\/5\/2023\/01\/COVID-19-durante-las-fiestas-de-fin-de-ano-3.jpg\" alt=\"\" width=\"1280\" height=\"853\" srcset=\"\/wp-content\/uploads\/sites\/5\/2023\/01\/COVID-19-durante-las-fiestas-de-fin-de-ano-3.jpg 1280w, \/wp-content\/uploads\/sites\/5\/2023\/01\/COVID-19-durante-las-fiestas-de-fin-de-ano-3-300x200.jpg 300w, \/wp-content\/uploads\/sites\/5\/2023\/01\/COVID-19-durante-las-fiestas-de-fin-de-ano-3-768x512.jpg 768w, \/wp-content\/uploads\/sites\/5\/2023\/01\/COVID-19-durante-las-fiestas-de-fin-de-ano-3-1024x682.jpg 1024w, \/wp-content\/uploads\/sites\/5\/2023\/01\/COVID-19-durante-las-fiestas-de-fin-de-ano-3-630x420.jpg 630w, \/wp-content\/uploads\/sites\/5\/2023\/01\/COVID-19-durante-las-fiestas-de-fin-de-ano-3-696x464.jpg 696w, \/wp-content\/uploads\/sites\/5\/2023\/01\/COVID-19-durante-las-fiestas-de-fin-de-ano-3-1068x712.jpg 1068w, \/wp-content\/uploads\/sites\/5\/2023\/01\/COVID-19-durante-las-fiestas-de-fin-de-ano-3-534x356.jpg 534w\" sizes=\"auto, (max-width: 1280px) 100vw, 1280px\" \/><\/a><\/p>\n","protected":false},"excerpt":{"rendered":"<p>Ante el aumento de los casos sospechosos y positivos de COVID-19 que est\u00e1n afectando al pa\u00eds, el Instituto Guatemalteco de Seguridad Social (IGSS), en atenci\u00f3n a las disposiciones emitidas por el Ministerio de Salud P\u00fablica y Asistencia Social (MSPAS), hace un llamado a la poblaci\u00f3n en general a continuar con las medidas de prevenci\u00f3n durante [&hellip;]<\/p>\n","protected":false},"author":1961,"featured_media":32613,"comment_status":"closed","ping_status":"closed","sticky":false,"template":"","format":"standard","meta":{"footnotes":""},"categories":[3],"tags":[1155,963,1022],"coauthors":[],"class_list":{"0":"post-32612","1":"post","2":"type-post","3":"status-publish","4":"format-standard","5":"has-post-thumbnail","7":"category-actualidad","8":"tag-covid-19","9":"tag-fiestas-de-fin-de-ano","10":"tag-recomendaciones-igss"},"_links":{"self":[{"href":"https:\/\/www.igssgt.org\/noticias\/wp-json\/wp\/v2\/posts\/32612","targetHints":{"allow":["GET"]}}],"collection":[{"href":"https:\/\/www.igssgt.org\/noticias\/wp-json\/wp\/v2\/posts"}],"about":[{"href":"https:\/\/www.igssgt.org\/noticias\/wp-json\/wp\/v2\/types\/post"}],"author":[{"embeddable":true,"href":"https:\/\/www.igssgt.org\/noticias\/wp-json\/wp\/v2\/users\/1961"}],"replies":[{"embeddable":true,"href":"https:\/\/www.igssgt.org\/noticias\/wp-json\/wp\/v2\/comments?post=32612"}],"version-history":[{"count":10,"href":"https:\/\/www.igssgt.org\/noticias\/wp-json\/wp\/v2\/posts\/32612\/revisions"}],"predecessor-version":[{"id":32626,"href":"https:\/\/www.igssgt.org\/noticias\/wp-json\/wp\/v2\/posts\/32612\/revisions\/32626"}],"wp:featuredmedia":[{"embeddable":true,"href":"https:\/\/www.igssgt.org\/noticias\/wp-json\/wp\/v2\/media\/32613"}],"wp:attachment":[{"href":"https:\/\/www.igssgt.org\/noticias\/wp-json\/wp\/v2\/media?parent=32612"}],"wp:term":[{"taxonomy":"category","embeddable":true,"href":"https:\/\/www.igssgt.org\/noticias\/wp-json\/wp\/v2\/categories?post=32612"},{"taxonomy":"post_tag","embeddable":true,"href":"https:\/\/www.igssgt.org\/noticias\/wp-json\/wp\/v2\/tags?post=32612"},{"taxonomy":"author","embeddable":true,"href":"https:\/\/www.igssgt.org\/noticias\/wp-json\/wp\/v2\/coauthors?post=32612"}],"curies":[{"name":"wp","href":"https:\/\/api.w.org\/{rel}","templated":true}]}}