{"id":32627,"date":"2022-12-27T09:00:00","date_gmt":"2022-12-27T15:00:00","guid":{"rendered":"https:\/\/www.igssgt.org\/noticias\/?p=32627"},"modified":"2023-01-10T13:53:21","modified_gmt":"2023-01-10T19:53:21","slug":"prevenga-la-depresion-afeccion-incrementa-en-las-fiestas-de-fin-de-ano","status":"publish","type":"post","link":"https:\/\/www.igssgt.org\/noticias\/2022\/12\/27\/prevenga-la-depresion-afeccion-incrementa-en-las-fiestas-de-fin-de-ano\/","title":{"rendered":"Prevenga la depresi\u00f3n, afecci\u00f3n incrementa en las fiestas de fin de a\u00f1o"},"content":{"rendered":"\n<p class=\"has-drop-cap\">Navidad y A\u00f1o Nuevo son \u00e9pocas en las que se incrementan los cuadros depresivos debido a diversas causas como la finalizaci\u00f3n de una relaci\u00f3n amorosa, problemas econ\u00f3micos o el fallecimiento de un ser querido. El psiquiatra Enrique Mendoza, director m\u00e9dico del Centro de Atenci\u00f3n Integral de Salud Mental del IGSS, recomienda detectar los s\u00edntomas y estar atento a quienes tiene ideas o intentos suicidas.<\/p>\n\n\n\n<p><a href=\"\/wp-content\/uploads\/sites\/5\/2023\/01\/Prevenga-la-depresion-4.jpg\"><img loading=\"lazy\" decoding=\"async\" class=\"alignleft wp-image-32631\" src=\"\/wp-content\/uploads\/sites\/5\/2023\/01\/Prevenga-la-depresion-4.jpg\" alt=\"\" width=\"400\" height=\"270\" srcset=\"\/wp-content\/uploads\/sites\/5\/2023\/01\/Prevenga-la-depresion-4.jpg 559w, \/wp-content\/uploads\/sites\/5\/2023\/01\/Prevenga-la-depresion-4-300x203.jpg 300w, \/wp-content\/uploads\/sites\/5\/2023\/01\/Prevenga-la-depresion-4-534x361.jpg 534w\" sizes=\"auto, (max-width: 400px) 100vw, 400px\" \/><\/a>\u201cLas manifestaciones se presentan por varios d\u00edas o semanas y el paciente demuestra un estado de des\u00e1nimo, pierde el placer por las actividades diarias, se le ve triste, padece de insomnio, falta de apetito, p\u00e9rdida de peso, baja autoestima o duerme mucho\u201d, explica el especialista.<\/p>\n<p>El psiquiatra destac\u00f3 que contar con el apoyo de la familia es vital en todo momento, \u201cporque la soledad no es la mejor compa\u00f1\u00eda\u201d, agreg\u00f3.<\/p>\n<p>\u201cRecordemos que no est\u00e1n solos, la tecnolog\u00eda nos transporta con los que m\u00e1s amamos, por lo que una llamada telef\u00f3nica, un mensaje de texto, una video llamada nos dar\u00e1 un momento de felicidad y para expresar nuestros sentimientos, emociones, problemas y, si no es suficiente, hay que buscar ayuda profesional en salud mental\u201d, recomend\u00f3 Mendoza.<\/p>\n<p><a href=\"\/wp-content\/uploads\/sites\/5\/2023\/01\/Prevenga-la-depresion-1.jpeg\" target=\"_blank\" rel=\"noopener\"><img loading=\"lazy\" decoding=\"async\" class=\"alignnone wp-image-32632 size-full\" src=\"\/wp-content\/uploads\/sites\/5\/2023\/01\/Prevenga-la-depresion-1.jpeg\" alt=\"\" width=\"2048\" height=\"1175\" srcset=\"\/wp-content\/uploads\/sites\/5\/2023\/01\/Prevenga-la-depresion-1.jpeg 2048w, \/wp-content\/uploads\/sites\/5\/2023\/01\/Prevenga-la-depresion-1-1920x1102.jpeg 1920w, \/wp-content\/uploads\/sites\/5\/2023\/01\/Prevenga-la-depresion-1-300x172.jpeg 300w, \/wp-content\/uploads\/sites\/5\/2023\/01\/Prevenga-la-depresion-1-768x441.jpeg 768w, \/wp-content\/uploads\/sites\/5\/2023\/01\/Prevenga-la-depresion-1-1024x588.jpeg 1024w, \/wp-content\/uploads\/sites\/5\/2023\/01\/Prevenga-la-depresion-1-1536x881.jpeg 1536w, \/wp-content\/uploads\/sites\/5\/2023\/01\/Prevenga-la-depresion-1-732x420.jpeg 732w, \/wp-content\/uploads\/sites\/5\/2023\/01\/Prevenga-la-depresion-1-696x399.jpeg 696w, \/wp-content\/uploads\/sites\/5\/2023\/01\/Prevenga-la-depresion-1-1068x613.jpeg 1068w, \/wp-content\/uploads\/sites\/5\/2023\/01\/Prevenga-la-depresion-1-534x306.jpeg 534w\" sizes=\"auto, (max-width: 2048px) 100vw, 2048px\" \/><\/a><\/p>\n<h3><strong>MUJERES M\u00c1S VULNERABLES<\/strong><\/h3>\n<p>La depresi\u00f3n produce cambios cognitivos, alteraciones en la memoria y en la concentraci\u00f3n. La enfermedad tambi\u00e9n est\u00e1 relacionada con los factores psicol\u00f3gicos, violencia intrafamiliar, abusos f\u00edsicos, rechazo social, la gen\u00e9tica y las mujeres son las m\u00e1s vulnerables a padecerla.<\/p>\n<p>Las personas que tienen un tratamiento establecido contra la depresi\u00f3n deben continuarlo, adem\u00e1s de mantener una alimentaci\u00f3n saludable, realizar ejercicios y no abusar de las sustancias que hacen da\u00f1o al organismo, como el alcohol, tabaco y las drogas.<\/p>\n<p>La Organizaci\u00f3n Mundial de la Salud (OMS) caracteriza la depresi\u00f3n como el m\u00e1s prevalente de todos los trastornos mentales y para el a\u00f1o 2,030, considera que ser\u00e1 la primera causa de muerte m\u00e1s frecuente.<\/p>\n<p><a href=\"\/wp-content\/uploads\/sites\/5\/2023\/01\/Prevenga-la-depresion-2.jpg\" target=\"_blank\" rel=\"noopener\"><img loading=\"lazy\" decoding=\"async\" class=\"alignnone wp-image-32633 size-full\" src=\"\/wp-content\/uploads\/sites\/5\/2023\/01\/Prevenga-la-depresion-2.jpg\" alt=\"\" width=\"1280\" height=\"853\" srcset=\"\/wp-content\/uploads\/sites\/5\/2023\/01\/Prevenga-la-depresion-2.jpg 1280w, \/wp-content\/uploads\/sites\/5\/2023\/01\/Prevenga-la-depresion-2-300x200.jpg 300w, \/wp-content\/uploads\/sites\/5\/2023\/01\/Prevenga-la-depresion-2-768x512.jpg 768w, \/wp-content\/uploads\/sites\/5\/2023\/01\/Prevenga-la-depresion-2-1024x682.jpg 1024w, \/wp-content\/uploads\/sites\/5\/2023\/01\/Prevenga-la-depresion-2-630x420.jpg 630w, \/wp-content\/uploads\/sites\/5\/2023\/01\/Prevenga-la-depresion-2-696x464.jpg 696w, \/wp-content\/uploads\/sites\/5\/2023\/01\/Prevenga-la-depresion-2-1068x712.jpg 1068w, \/wp-content\/uploads\/sites\/5\/2023\/01\/Prevenga-la-depresion-2-534x356.jpg 534w\" sizes=\"auto, (max-width: 1280px) 100vw, 1280px\" \/><\/a><\/p>\n","protected":false},"excerpt":{"rendered":"<p>Navidad y A\u00f1o Nuevo son \u00e9pocas en las que se incrementan los cuadros depresivos debido a diversas causas como la finalizaci\u00f3n de una relaci\u00f3n amorosa, problemas econ\u00f3micos o el fallecimiento de un ser querido. El psiquiatra Enrique Mendoza, director m\u00e9dico del Centro de Atenci\u00f3n Integral de Salud Mental del IGSS, recomienda detectar los s\u00edntomas y [&hellip;]<\/p>\n","protected":false},"author":1961,"featured_media":32630,"comment_status":"closed","ping_status":"closed","sticky":false,"template":"","format":"standard","meta":{"footnotes":""},"categories":[3],"tags":[172,928,963],"coauthors":[],"class_list":{"0":"post-32627","1":"post","2":"type-post","3":"status-publish","4":"format-standard","5":"has-post-thumbnail","7":"category-actualidad","8":"tag-centro-de-atencion-integral-de-salud-mental","9":"tag-depresion","10":"tag-fiestas-de-fin-de-ano"},"_links":{"self":[{"href":"https:\/\/www.igssgt.org\/noticias\/wp-json\/wp\/v2\/posts\/32627","targetHints":{"allow":["GET"]}}],"collection":[{"href":"https:\/\/www.igssgt.org\/noticias\/wp-json\/wp\/v2\/posts"}],"about":[{"href":"https:\/\/www.igssgt.org\/noticias\/wp-json\/wp\/v2\/types\/post"}],"author":[{"embeddable":true,"href":"https:\/\/www.igssgt.org\/noticias\/wp-json\/wp\/v2\/users\/1961"}],"replies":[{"embeddable":true,"href":"https:\/\/www.igssgt.org\/noticias\/wp-json\/wp\/v2\/comments?post=32627"}],"version-history":[{"count":6,"href":"https:\/\/www.igssgt.org\/noticias\/wp-json\/wp\/v2\/posts\/32627\/revisions"}],"predecessor-version":[{"id":32637,"href":"https:\/\/www.igssgt.org\/noticias\/wp-json\/wp\/v2\/posts\/32627\/revisions\/32637"}],"wp:featuredmedia":[{"embeddable":true,"href":"https:\/\/www.igssgt.org\/noticias\/wp-json\/wp\/v2\/media\/32630"}],"wp:attachment":[{"href":"https:\/\/www.igssgt.org\/noticias\/wp-json\/wp\/v2\/media?parent=32627"}],"wp:term":[{"taxonomy":"category","embeddable":true,"href":"https:\/\/www.igssgt.org\/noticias\/wp-json\/wp\/v2\/categories?post=32627"},{"taxonomy":"post_tag","embeddable":true,"href":"https:\/\/www.igssgt.org\/noticias\/wp-json\/wp\/v2\/tags?post=32627"},{"taxonomy":"author","embeddable":true,"href":"https:\/\/www.igssgt.org\/noticias\/wp-json\/wp\/v2\/coauthors?post=32627"}],"curies":[{"name":"wp","href":"https:\/\/api.w.org\/{rel}","templated":true}]}}