{"id":32688,"date":"2023-01-13T11:35:24","date_gmt":"2023-01-13T17:35:24","guid":{"rendered":"https:\/\/www.igssgt.org\/noticias\/?p=32688"},"modified":"2023-01-16T09:17:58","modified_gmt":"2023-01-16T15:17:58","slug":"vacuna-contra-el-covid-19-podria-ser-parte-del-esquema-general-de-inmunizaciones","status":"publish","type":"post","link":"https:\/\/www.igssgt.org\/noticias\/2023\/01\/13\/vacuna-contra-el-covid-19-podria-ser-parte-del-esquema-general-de-inmunizaciones\/","title":{"rendered":"Vacuna contra el COVID-19 podr\u00eda ser parte del esquema general de inmunizaciones"},"content":{"rendered":"\n<p class=\"has-drop-cap\">Ante la posible declaraci\u00f3n de la Organizaci\u00f3n Mundial de la Salud (OMS) de que el COVID-19\u00a0 deje de ser una pandemia para convertirse en una endemia, el Ministerio de Salud P\u00fablica y Asistencia Social (MSPAS) prepara los mecanismos para que las vacunas sean parte del esquema general de inmunizaciones en el pa\u00eds.<\/p>\n\n\n\n<p>El Doctor Francisco Coma, Ministro de Salud, se refiri\u00f3 a la situaci\u00f3n ante el panorama local en donde el comportamiento de contagios se mantiene bajo, en comparaci\u00f3n de oleadas anteriores, y, por ende, el porcentaje de hospitalizaciones. <em>\u201cLa mayor\u00eda de pacientes est\u00e1 presentando una enfermedad sintom\u00e1tica similar a un proceso gripal\u201d,<\/em> asegur\u00f3.<\/p>\n<p><a href=\"\/wp-content\/uploads\/sites\/5\/2023\/01\/Vacunacion-COVID-19-IGSS-MSPAS-2023-3.jpg\"><img loading=\"lazy\" decoding=\"async\" class=\"aligncenter size-full wp-image-32690\" src=\"\/wp-content\/uploads\/sites\/5\/2023\/01\/Vacunacion-COVID-19-IGSS-MSPAS-2023-3.jpg\" alt=\"\" width=\"1337\" height=\"1039\" srcset=\"\/wp-content\/uploads\/sites\/5\/2023\/01\/Vacunacion-COVID-19-IGSS-MSPAS-2023-3.jpg 1337w, \/wp-content\/uploads\/sites\/5\/2023\/01\/Vacunacion-COVID-19-IGSS-MSPAS-2023-3-300x233.jpg 300w, \/wp-content\/uploads\/sites\/5\/2023\/01\/Vacunacion-COVID-19-IGSS-MSPAS-2023-3-768x597.jpg 768w, \/wp-content\/uploads\/sites\/5\/2023\/01\/Vacunacion-COVID-19-IGSS-MSPAS-2023-3-1024x796.jpg 1024w, \/wp-content\/uploads\/sites\/5\/2023\/01\/Vacunacion-COVID-19-IGSS-MSPAS-2023-3-540x420.jpg 540w, \/wp-content\/uploads\/sites\/5\/2023\/01\/Vacunacion-COVID-19-IGSS-MSPAS-2023-3-696x541.jpg 696w, \/wp-content\/uploads\/sites\/5\/2023\/01\/Vacunacion-COVID-19-IGSS-MSPAS-2023-3-1068x830.jpg 1068w, \/wp-content\/uploads\/sites\/5\/2023\/01\/Vacunacion-COVID-19-IGSS-MSPAS-2023-3-534x415.jpg 534w\" sizes=\"auto, (max-width: 1337px) 100vw, 1337px\" \/><\/a><\/p>\n<p>El funcionario agreg\u00f3 que est\u00e1n a la espera en un corto plazo de una declaraci\u00f3n por parte de la OMS que indicar\u00e1 muy probablemente que el SARS-CoV-2 dejar\u00e1 de ser una pandemia para convertirse en una enfermedad end\u00e9mica.<\/p>\n<p>De ser as\u00ed, el Dr. Coma, indic\u00f3 que la visi\u00f3n de la cartera es que tendr\u00e1 que tener vacunas disponibles para darle continuidad a una estructura de vacunaci\u00f3n dentro del esquema general anual que se dispone para la poblaci\u00f3n.<\/p>\n<p>De igual manera el IGSS, incluir\u00e1 por medio de sus unidades m\u00e9dicas los esquemas COVID-19 en los programas anuales de vacunaci\u00f3n para sus afiliados y derechohabientes, luego que el MSPAS, ente rector, dicte los procedimientos respectivos tras la declaraci\u00f3n de la OMS.<\/p>\n<p><a href=\"\/wp-content\/uploads\/sites\/5\/2023\/01\/Vacunacion-COVID-19-IGSS-MSPAS-2023-2.jpg\"><img loading=\"lazy\" decoding=\"async\" class=\"aligncenter size-full wp-image-32691\" src=\"\/wp-content\/uploads\/sites\/5\/2023\/01\/Vacunacion-COVID-19-IGSS-MSPAS-2023-2.jpg\" alt=\"\" width=\"1222\" height=\"994\" srcset=\"\/wp-content\/uploads\/sites\/5\/2023\/01\/Vacunacion-COVID-19-IGSS-MSPAS-2023-2.jpg 1222w, \/wp-content\/uploads\/sites\/5\/2023\/01\/Vacunacion-COVID-19-IGSS-MSPAS-2023-2-300x244.jpg 300w, \/wp-content\/uploads\/sites\/5\/2023\/01\/Vacunacion-COVID-19-IGSS-MSPAS-2023-2-768x625.jpg 768w, \/wp-content\/uploads\/sites\/5\/2023\/01\/Vacunacion-COVID-19-IGSS-MSPAS-2023-2-1024x833.jpg 1024w, \/wp-content\/uploads\/sites\/5\/2023\/01\/Vacunacion-COVID-19-IGSS-MSPAS-2023-2-516x420.jpg 516w, \/wp-content\/uploads\/sites\/5\/2023\/01\/Vacunacion-COVID-19-IGSS-MSPAS-2023-2-696x566.jpg 696w, \/wp-content\/uploads\/sites\/5\/2023\/01\/Vacunacion-COVID-19-IGSS-MSPAS-2023-2-1068x869.jpg 1068w, \/wp-content\/uploads\/sites\/5\/2023\/01\/Vacunacion-COVID-19-IGSS-MSPAS-2023-2-534x434.jpg 534w\" sizes=\"auto, (max-width: 1222px) 100vw, 1222px\" \/><\/a><\/p>\n<p>Mientras tanto, el Instituto invit\u00f3 a su poblaci\u00f3n beneficiaria a retomar la vacunaci\u00f3n contra COVID-19, con \u00e9nfasis en personas con enfermedades cr\u00f3nicas, mayores de 50 a\u00f1os, embarazadas y en per\u00edodo de lactancia exclusiva, adolescentes de 12 a 17 a\u00f1os y personal de salud.<\/p>\n<p>Seg\u00fan los registros del MSPAS,\u00a0la positividad actual del COVID-19 en el pa\u00eds es del 14 % por lo que no se contemplan medidas restrictivas. La ocupaci\u00f3n hospitalaria est\u00e1 entre el 15% y 18%; y de los pacientes hospitalizados, el 95% no ten\u00eda ning\u00fan esquema contra el COVID-19.\u00a0<\/p>\n","protected":false},"excerpt":{"rendered":"<p>Ante la posible declaraci\u00f3n de la Organizaci\u00f3n Mundial de la Salud (OMS) de que el COVID-19\u00a0 deje de ser una pandemia para convertirse en una endemia, el Ministerio de Salud P\u00fablica y Asistencia Social (MSPAS) prepara los mecanismos para que las vacunas sean parte del esquema general de inmunizaciones en el pa\u00eds. El Doctor Francisco [&hellip;]<\/p>\n","protected":false},"author":4,"featured_media":32689,"comment_status":"closed","ping_status":"closed","sticky":false,"template":"","format":"standard","meta":{"footnotes":""},"categories":[3,1170],"tags":[1155,1171,1287],"coauthors":[],"class_list":{"0":"post-32688","1":"post","2":"type-post","3":"status-publish","4":"format-standard","5":"has-post-thumbnail","7":"category-actualidad","8":"category-covid-19","9":"tag-covid-19","10":"tag-noticias-covid-19","11":"tag-vacunas-covid-19"},"_links":{"self":[{"href":"https:\/\/www.igssgt.org\/noticias\/wp-json\/wp\/v2\/posts\/32688","targetHints":{"allow":["GET"]}}],"collection":[{"href":"https:\/\/www.igssgt.org\/noticias\/wp-json\/wp\/v2\/posts"}],"about":[{"href":"https:\/\/www.igssgt.org\/noticias\/wp-json\/wp\/v2\/types\/post"}],"author":[{"embeddable":true,"href":"https:\/\/www.igssgt.org\/noticias\/wp-json\/wp\/v2\/users\/4"}],"replies":[{"embeddable":true,"href":"https:\/\/www.igssgt.org\/noticias\/wp-json\/wp\/v2\/comments?post=32688"}],"version-history":[{"count":2,"href":"https:\/\/www.igssgt.org\/noticias\/wp-json\/wp\/v2\/posts\/32688\/revisions"}],"predecessor-version":[{"id":32696,"href":"https:\/\/www.igssgt.org\/noticias\/wp-json\/wp\/v2\/posts\/32688\/revisions\/32696"}],"wp:featuredmedia":[{"embeddable":true,"href":"https:\/\/www.igssgt.org\/noticias\/wp-json\/wp\/v2\/media\/32689"}],"wp:attachment":[{"href":"https:\/\/www.igssgt.org\/noticias\/wp-json\/wp\/v2\/media?parent=32688"}],"wp:term":[{"taxonomy":"category","embeddable":true,"href":"https:\/\/www.igssgt.org\/noticias\/wp-json\/wp\/v2\/categories?post=32688"},{"taxonomy":"post_tag","embeddable":true,"href":"https:\/\/www.igssgt.org\/noticias\/wp-json\/wp\/v2\/tags?post=32688"},{"taxonomy":"author","embeddable":true,"href":"https:\/\/www.igssgt.org\/noticias\/wp-json\/wp\/v2\/coauthors?post=32688"}],"curies":[{"name":"wp","href":"https:\/\/api.w.org\/{rel}","templated":true}]}}