{"id":32778,"date":"2023-01-18T07:00:00","date_gmt":"2023-01-18T13:00:00","guid":{"rendered":"https:\/\/www.igssgt.org\/noticias\/?p=32778"},"modified":"2023-01-23T09:06:37","modified_gmt":"2023-01-23T15:06:37","slug":"clinicas-de-empresa-del-igss-benefician-a-mas-de-4-mil-colaboradores-del-grupo-financiero-gt-continental","status":"publish","type":"post","link":"https:\/\/www.igssgt.org\/noticias\/2023\/01\/18\/clinicas-de-empresa-del-igss-benefician-a-mas-de-4-mil-colaboradores-del-grupo-financiero-gt-continental\/","title":{"rendered":"Cl\u00ednicas de Empresa del IGSS benefician a m\u00e1s de 4 mil colaboradores del Grupo Financiero G&amp;T Continental"},"content":{"rendered":"\n<p class=\"has-drop-cap\">En una alianza hist\u00f3rica para beneficio de 4 mil 944 afiliados, autoridades del Instituto Guatemalteco de Seguridad Social (IGSS) inauguraron simult\u00e1neamente dos Cl\u00ednicas de Empresa en Modelo Corporativo para el personal del Grupo Financiero G&amp;T Continental.<\/p>\n\n\n\n<p>Una estar\u00e1 al servicio de colaboradores en Centro \u00c1gil, en el centro comercial Arkadia, zona 10, y la otra en las oficinas centrales de la entidad financiera, en la 6a. avenida de la zona 9, con lo cual el Seguro Social consolida su compromiso de acercar la atenci\u00f3n m\u00e9dica a sus asegurados.<\/p>\n<p><a href=\"\/wp-content\/uploads\/sites\/5\/2023\/01\/Clinica-empresa-GYT-Continental-2023-2.jpg\"><img loading=\"lazy\" decoding=\"async\" class=\"aligncenter size-full wp-image-32780\" src=\"\/wp-content\/uploads\/sites\/5\/2023\/01\/Clinica-empresa-GYT-Continental-2023-2.jpg\" alt=\"\" width=\"1280\" height=\"853\" srcset=\"\/wp-content\/uploads\/sites\/5\/2023\/01\/Clinica-empresa-GYT-Continental-2023-2.jpg 1280w, \/wp-content\/uploads\/sites\/5\/2023\/01\/Clinica-empresa-GYT-Continental-2023-2-300x200.jpg 300w, \/wp-content\/uploads\/sites\/5\/2023\/01\/Clinica-empresa-GYT-Continental-2023-2-768x512.jpg 768w, \/wp-content\/uploads\/sites\/5\/2023\/01\/Clinica-empresa-GYT-Continental-2023-2-1024x682.jpg 1024w, \/wp-content\/uploads\/sites\/5\/2023\/01\/Clinica-empresa-GYT-Continental-2023-2-630x420.jpg 630w, \/wp-content\/uploads\/sites\/5\/2023\/01\/Clinica-empresa-GYT-Continental-2023-2-696x464.jpg 696w, \/wp-content\/uploads\/sites\/5\/2023\/01\/Clinica-empresa-GYT-Continental-2023-2-1068x712.jpg 1068w, \/wp-content\/uploads\/sites\/5\/2023\/01\/Clinica-empresa-GYT-Continental-2023-2-534x356.jpg 534w\" sizes=\"auto, (max-width: 1280px) 100vw, 1280px\" \/><\/a><\/p>\n<p>El licenciado Jos\u00e9 Adolfo Flamenco Jau, presidente de la Junta Directiva del IGSS, resalt\u00f3 que con las cl\u00ednicas se desarrollar\u00e1n tambi\u00e9n Jornadas de la Seguridad Social.<\/p>\n<p>\u201cPondremos a disposici\u00f3n de los colaboradores atenci\u00f3n psicol\u00f3gica, en nutrici\u00f3n, esquemas de vacunaci\u00f3n regular y orientaci\u00f3n en servicios pecuniarios y de Seguridad Ocupacional. Adem\u00e1s, se brindar\u00e1 atenci\u00f3n a las esposas e hijos de los afiliados\u201d, agreg\u00f3.<\/p>\n<p><iframe loading=\"lazy\" title=\"Cl\u00ednicas de Empresa benefician a m\u00e1s de 4 mil colaboradores del Grupo Financiero G&amp;T Continental\" width=\"696\" height=\"392\" src=\"https:\/\/www.youtube.com\/embed\/eDbOZmyLJaw?feature=oembed\" frameborder=\"0\" allow=\"accelerometer; autoplay; clipboard-write; encrypted-media; gyroscope; picture-in-picture; web-share\" allowfullscreen><\/iframe><\/p>\n<p>Por su parte, el licenciado Enrique Rodr\u00edguez, gerente general del Grupo Financiero G&amp;T Continental, resalt\u00f3 los esfuerzos que realiza el Instituto en pro de optimizar la atenci\u00f3n: \u201cDesde hace un tiempo el IGSS viene transform\u00e1ndose para beneficio de los trabajadores, su raz\u00f3n de ser. Tenerlos como aliados dentro de nuestras instalaciones permitir\u00e1 que nuestros colaboradores reciban el beneficio de la salud de forma inmediata para una mejor calidad de vida\u201d.<\/p>\n<figure id=\"attachment_32787\" aria-describedby=\"caption-attachment-32787\" style=\"width: 357px\" class=\"wp-caption alignright\"><a href=\"\/wp-content\/uploads\/sites\/5\/2023\/01\/Comunicado-Inauguracion-de-dos-clinicas-de-empresa-GyT-Continental-IGSS.jpg\" target=\"_blank\" rel=\"noopener\"><img loading=\"lazy\" decoding=\"async\" class=\"wp-image-32787\" src=\"\/wp-content\/uploads\/sites\/5\/2023\/01\/Comunicado-Inauguracion-de-dos-clinicas-de-empresa-GyT-Continental-IGSS.jpg\" alt=\"\" width=\"357\" height=\"462\" srcset=\"\/wp-content\/uploads\/sites\/5\/2023\/01\/Comunicado-Inauguracion-de-dos-clinicas-de-empresa-GyT-Continental-IGSS.jpg 989w, \/wp-content\/uploads\/sites\/5\/2023\/01\/Comunicado-Inauguracion-de-dos-clinicas-de-empresa-GyT-Continental-IGSS-232x300.jpg 232w, \/wp-content\/uploads\/sites\/5\/2023\/01\/Comunicado-Inauguracion-de-dos-clinicas-de-empresa-GyT-Continental-IGSS-768x994.jpg 768w, \/wp-content\/uploads\/sites\/5\/2023\/01\/Comunicado-Inauguracion-de-dos-clinicas-de-empresa-GyT-Continental-IGSS-791x1024.jpg 791w, \/wp-content\/uploads\/sites\/5\/2023\/01\/Comunicado-Inauguracion-de-dos-clinicas-de-empresa-GyT-Continental-IGSS-325x420.jpg 325w, \/wp-content\/uploads\/sites\/5\/2023\/01\/Comunicado-Inauguracion-de-dos-clinicas-de-empresa-GyT-Continental-IGSS-696x901.jpg 696w, \/wp-content\/uploads\/sites\/5\/2023\/01\/Comunicado-Inauguracion-de-dos-clinicas-de-empresa-GyT-Continental-IGSS-357x462.jpg 357w\" sizes=\"auto, (max-width: 357px) 100vw, 357px\" \/><\/a><figcaption id=\"caption-attachment-32787\" class=\"wp-caption-text\">Haga clic para descargar la imagen.<\/figcaption><\/figure>\n<p>Los servicios que tendr\u00e1n los empleados dentro de la sede laboral son, entre otros, consulta general, control prenatal, despacho de medicamentos, ex\u00e1menes de laboratorio, atenci\u00f3n por enfermedades cr\u00f3nicas y prescripci\u00f3n de radiograf\u00edas, as\u00ed como referencias a las unidades m\u00e9dicas de especialidades, detall\u00f3 la licenciada Iveth Su\u00e1rez, vicepresidente de Talento Humano del corporativo financiero.<\/p>\n<p>Grupo G&amp;T Continental, con 75 a\u00f1os de operaciones en el pa\u00eds, es la primera organizaci\u00f3n financiera que se adhiere al servicio de Cl\u00ednicas de Empresa del IGSS, que estar\u00e1n a disposici\u00f3n de los trabajadores de lunes a viernes de 8:00 a 13:00 y de 14:00 a 17:00 horas.<\/p>\n<p>Con la incorporaci\u00f3n de este grupo financiero al Sistema de Atenci\u00f3n M\u00e9dica Cl\u00ednicas de Empresa suman m\u00e1s de 70 las organizaciones que promueven el bienestar y la salud integral de los trabajadores, se\u00f1al\u00f3 el doctor Francisco G\u00f3dinez Jerez, subgerente de Prestaciones en Salud.<\/p>\n\r\n                <style type=\"text\/css\">\r\n                    \r\n                    #tdi_1  .td-doubleSlider-2 .td-item1 {\r\n                        background: url(\/wp-content\/uploads\/sites\/5\/2023\/01\/Clinica-empresa-GYT-Continental-2023-3-80x60.jpg) 0 0 no-repeat;\r\n                    }\r\n                    #tdi_1  .td-doubleSlider-2 .td-item2 {\r\n                        background: url(\/wp-content\/uploads\/sites\/5\/2023\/01\/Clinica-empresa-GYT-Continental-2023-4-80x60.jpg) 0 0 no-repeat;\r\n                    }\r\n                    #tdi_1  .td-doubleSlider-2 .td-item3 {\r\n                        background: url(\/wp-content\/uploads\/sites\/5\/2023\/01\/Clinica-empresa-GYT-Continental-2023-1-80x60.jpg) 0 0 no-repeat;\r\n                    }\r\n                    #tdi_1  .td-doubleSlider-2 .td-item4 {\r\n                        background: url(\/wp-content\/uploads\/sites\/5\/2023\/01\/Clinica-empresa-GYT-Continental-2023-2-80x60.jpg) 0 0 no-repeat;\r\n                    }\r\n                <\/style>\r\n\r\n                <div id=\"tdi_1\" class=\"td-gallery td-slide-on-2-columns\">\r\n                    <div class=\"post_td_gallery\">\r\n                        <div class=\"td-gallery-slide-top\">\r\n                           <div class=\"td-gallery-title\">Galer\u00eda de Im\u00e1genes<\/div>\r\n\r\n                            <div class=\"td-gallery-controls-wrapper\">\r\n                                <div class=\"td-gallery-slide-count\"><span class=\"td-gallery-slide-item-focus\">1<\/span> de 4<\/div>\r\n                                <div class=\"td-gallery-slide-prev-next-but\">\r\n                                    <i class = \"td-icon-left doubleSliderPrevButton\"><\/i>\r\n                                    <i class = \"td-icon-right doubleSliderNextButton\"><\/i>\r\n                                <\/div>\r\n                            <\/div>\r\n                        <\/div>\r\n\r\n                        <div class = \"td-doubleSlider-1 \">\r\n                            <div class = \"td-slider\">\r\n                                \r\n                    <div class = \"td-slide-item td-item1\">\r\n                        <figure class=\"td-slide-galery-figure td-slide-popup-gallery\">\r\n                            <a class=\"slide-gallery-image-link\" href=\"\/wp-content\/uploads\/sites\/5\/2023\/01\/Clinica-empresa-GYT-Continental-2023-3.jpg\" title=\"Clinica empresa GYT Continental 2023-3\"  data-caption=\"\"  data-description=\"\">\r\n                                <img decoding=\"async\" src=\"\/wp-content\/uploads\/sites\/5\/2023\/01\/Clinica-empresa-GYT-Continental-2023-3-540x420.jpg\" srcset=\"\/wp-content\/uploads\/sites\/5\/2023\/01\/Clinica-empresa-GYT-Continental-2023-3-540x420.jpg 540w, \/wp-content\/uploads\/sites\/5\/2023\/01\/Clinica-empresa-GYT-Continental-2023-3-300x233.jpg 300w, \/wp-content\/uploads\/sites\/5\/2023\/01\/Clinica-empresa-GYT-Continental-2023-3-768x597.jpg 768w, \/wp-content\/uploads\/sites\/5\/2023\/01\/Clinica-empresa-GYT-Continental-2023-3-1024x796.jpg 1024w, \/wp-content\/uploads\/sites\/5\/2023\/01\/Clinica-empresa-GYT-Continental-2023-3-696x541.jpg 696w, \/wp-content\/uploads\/sites\/5\/2023\/01\/Clinica-empresa-GYT-Continental-2023-3-534x415.jpg 534w, \/wp-content\/uploads\/sites\/5\/2023\/01\/Clinica-empresa-GYT-Continental-2023-3.jpg 1055w\" sizes=\"(max-width: 540px) 100vw, 540px\" alt=\"\">\r\n                            <\/a>\r\n                            \r\n                        <\/figure>\r\n                    <\/div>\r\n                    <div class = \"td-slide-item td-item2\">\r\n                        <figure class=\"td-slide-galery-figure td-slide-popup-gallery\">\r\n                            <a class=\"slide-gallery-image-link\" href=\"\/wp-content\/uploads\/sites\/5\/2023\/01\/Clinica-empresa-GYT-Continental-2023-4.jpg\" title=\"Clinica empresa GYT Continental 2023-4\"  data-caption=\"\"  data-description=\"\">\r\n                                <img decoding=\"async\" src=\"\/wp-content\/uploads\/sites\/5\/2023\/01\/Clinica-empresa-GYT-Continental-2023-4-630x420.jpg\" srcset=\"\/wp-content\/uploads\/sites\/5\/2023\/01\/Clinica-empresa-GYT-Continental-2023-4-630x420.jpg 630w, \/wp-content\/uploads\/sites\/5\/2023\/01\/Clinica-empresa-GYT-Continental-2023-4-300x200.jpg 300w, \/wp-content\/uploads\/sites\/5\/2023\/01\/Clinica-empresa-GYT-Continental-2023-4-768x512.jpg 768w, \/wp-content\/uploads\/sites\/5\/2023\/01\/Clinica-empresa-GYT-Continental-2023-4-1024x682.jpg 1024w, \/wp-content\/uploads\/sites\/5\/2023\/01\/Clinica-empresa-GYT-Continental-2023-4-696x464.jpg 696w, \/wp-content\/uploads\/sites\/5\/2023\/01\/Clinica-empresa-GYT-Continental-2023-4-1068x712.jpg 1068w, \/wp-content\/uploads\/sites\/5\/2023\/01\/Clinica-empresa-GYT-Continental-2023-4-534x356.jpg 534w, \/wp-content\/uploads\/sites\/5\/2023\/01\/Clinica-empresa-GYT-Continental-2023-4.jpg 1280w\" sizes=\"(max-width: 630px) 100vw, 630px\" alt=\"\">\r\n                            <\/a>\r\n                            \r\n                        <\/figure>\r\n                    <\/div>\r\n                    <div class = \"td-slide-item td-item3\">\r\n                        <figure class=\"td-slide-galery-figure td-slide-popup-gallery\">\r\n                            <a class=\"slide-gallery-image-link\" href=\"\/wp-content\/uploads\/sites\/5\/2023\/01\/Clinica-empresa-GYT-Continental-2023-1.jpg\" title=\"Clinica empresa GYT Continental 2023-1\"  data-caption=\"\"  data-description=\"\">\r\n                                <img decoding=\"async\" src=\"\/wp-content\/uploads\/sites\/5\/2023\/01\/Clinica-empresa-GYT-Continental-2023-1-492x420.jpg\" srcset=\"\/wp-content\/uploads\/sites\/5\/2023\/01\/Clinica-empresa-GYT-Continental-2023-1-492x420.jpg 492w, \/wp-content\/uploads\/sites\/5\/2023\/01\/Clinica-empresa-GYT-Continental-2023-1-300x256.jpg 300w, \/wp-content\/uploads\/sites\/5\/2023\/01\/Clinica-empresa-GYT-Continental-2023-1-768x655.jpg 768w, \/wp-content\/uploads\/sites\/5\/2023\/01\/Clinica-empresa-GYT-Continental-2023-1-696x594.jpg 696w, \/wp-content\/uploads\/sites\/5\/2023\/01\/Clinica-empresa-GYT-Continental-2023-1-534x456.jpg 534w, \/wp-content\/uploads\/sites\/5\/2023\/01\/Clinica-empresa-GYT-Continental-2023-1.jpg 866w\" sizes=\"(max-width: 492px) 100vw, 492px\" alt=\"\">\r\n                            <\/a>\r\n                            \r\n                        <\/figure>\r\n                    <\/div>\r\n                    <div class = \"td-slide-item td-item4\">\r\n                        <figure class=\"td-slide-galery-figure td-slide-popup-gallery\">\r\n                            <a class=\"slide-gallery-image-link\" href=\"\/wp-content\/uploads\/sites\/5\/2023\/01\/Clinica-empresa-GYT-Continental-2023-2.jpg\" title=\"Clinica empresa GYT Continental 2023-2\"  data-caption=\"\"  data-description=\"\">\r\n                                <img decoding=\"async\" src=\"\/wp-content\/uploads\/sites\/5\/2023\/01\/Clinica-empresa-GYT-Continental-2023-2-630x420.jpg\" srcset=\"\/wp-content\/uploads\/sites\/5\/2023\/01\/Clinica-empresa-GYT-Continental-2023-2-630x420.jpg 630w, \/wp-content\/uploads\/sites\/5\/2023\/01\/Clinica-empresa-GYT-Continental-2023-2-300x200.jpg 300w, \/wp-content\/uploads\/sites\/5\/2023\/01\/Clinica-empresa-GYT-Continental-2023-2-768x512.jpg 768w, \/wp-content\/uploads\/sites\/5\/2023\/01\/Clinica-empresa-GYT-Continental-2023-2-1024x682.jpg 1024w, \/wp-content\/uploads\/sites\/5\/2023\/01\/Clinica-empresa-GYT-Continental-2023-2-696x464.jpg 696w, \/wp-content\/uploads\/sites\/5\/2023\/01\/Clinica-empresa-GYT-Continental-2023-2-1068x712.jpg 1068w, \/wp-content\/uploads\/sites\/5\/2023\/01\/Clinica-empresa-GYT-Continental-2023-2-534x356.jpg 534w, \/wp-content\/uploads\/sites\/5\/2023\/01\/Clinica-empresa-GYT-Continental-2023-2.jpg 1280w\" sizes=\"(max-width: 630px) 100vw, 630px\" alt=\"\">\r\n                            <\/a>\r\n                            \r\n                        <\/figure>\r\n                    <\/div>\r\n                            <\/div>\r\n                        <\/div>\r\n\r\n                        <div class = \"td-doubleSlider-2\">\r\n                            <div class = \"td-slider\">\r\n                                \r\n                    <div class = \"td-button td-item1\">\r\n                        <div class = \"td-border\"><\/div>\r\n                    <\/div>\r\n                    <div class = \"td-button td-item2\">\r\n                        <div class = \"td-border\"><\/div>\r\n                    <\/div>\r\n                    <div class = \"td-button td-item3\">\r\n                        <div class = \"td-border\"><\/div>\r\n                    <\/div>\r\n                    <div class = \"td-button td-item4\">\r\n                        <div class = \"td-border\"><\/div>\r\n                    <\/div>\r\n                            <\/div>\r\n                        <\/div>\r\n\r\n                    <\/div>\r\n\r\n                <\/div>\r\n                \n<p>\u00a0<\/p>\n","protected":false},"excerpt":{"rendered":"<p>En una alianza hist\u00f3rica para beneficio de 4 mil 944 afiliados, autoridades del Instituto Guatemalteco de Seguridad Social (IGSS) inauguraron simult\u00e1neamente dos Cl\u00ednicas de Empresa en Modelo Corporativo para el personal del Grupo Financiero G&amp;T Continental.<\/p>\n","protected":false},"author":4,"featured_media":32784,"comment_status":"closed","ping_status":"closed","sticky":false,"template":"","format":"standard","meta":{"footnotes":""},"categories":[3,12,15],"tags":[1491,1581],"coauthors":[881],"class_list":{"0":"post-32778","1":"post","2":"type-post","3":"status-publish","4":"format-standard","5":"has-post-thumbnail","7":"category-actualidad","8":"category-clinicas-de-empresa","9":"category-destacado","10":"tag-clinicas-de-empresa","11":"tag-gyt-continental"},"_links":{"self":[{"href":"https:\/\/www.igssgt.org\/noticias\/wp-json\/wp\/v2\/posts\/32778","targetHints":{"allow":["GET"]}}],"collection":[{"href":"https:\/\/www.igssgt.org\/noticias\/wp-json\/wp\/v2\/posts"}],"about":[{"href":"https:\/\/www.igssgt.org\/noticias\/wp-json\/wp\/v2\/types\/post"}],"author":[{"embeddable":true,"href":"https:\/\/www.igssgt.org\/noticias\/wp-json\/wp\/v2\/users\/4"}],"replies":[{"embeddable":true,"href":"https:\/\/www.igssgt.org\/noticias\/wp-json\/wp\/v2\/comments?post=32778"}],"version-history":[{"count":7,"href":"https:\/\/www.igssgt.org\/noticias\/wp-json\/wp\/v2\/posts\/32778\/revisions"}],"predecessor-version":[{"id":32881,"href":"https:\/\/www.igssgt.org\/noticias\/wp-json\/wp\/v2\/posts\/32778\/revisions\/32881"}],"wp:featuredmedia":[{"embeddable":true,"href":"https:\/\/www.igssgt.org\/noticias\/wp-json\/wp\/v2\/media\/32784"}],"wp:attachment":[{"href":"https:\/\/www.igssgt.org\/noticias\/wp-json\/wp\/v2\/media?parent=32778"}],"wp:term":[{"taxonomy":"category","embeddable":true,"href":"https:\/\/www.igssgt.org\/noticias\/wp-json\/wp\/v2\/categories?post=32778"},{"taxonomy":"post_tag","embeddable":true,"href":"https:\/\/www.igssgt.org\/noticias\/wp-json\/wp\/v2\/tags?post=32778"},{"taxonomy":"author","embeddable":true,"href":"https:\/\/www.igssgt.org\/noticias\/wp-json\/wp\/v2\/coauthors?post=32778"}],"curies":[{"name":"wp","href":"https:\/\/api.w.org\/{rel}","templated":true}]}}