{"id":32814,"date":"2023-01-19T08:00:00","date_gmt":"2023-01-19T14:00:00","guid":{"rendered":"https:\/\/www.igssgt.org\/noticias\/?p=32814"},"modified":"2023-01-19T09:00:33","modified_gmt":"2023-01-19T15:00:33","slug":"cuatro-clinicas-dentales-fueron-remodeladas-para-beneficio-de-los-asegurados-de-la-periferica-zona-11","status":"publish","type":"post","link":"https:\/\/www.igssgt.org\/noticias\/2023\/01\/19\/cuatro-clinicas-dentales-fueron-remodeladas-para-beneficio-de-los-asegurados-de-la-periferica-zona-11\/","title":{"rendered":"Cuatro cl\u00ednicas dentales fueron remodeladas para beneficio de los asegurados de la Perif\u00e9rica Zona 11"},"content":{"rendered":"\n<p class=\"has-drop-cap\">Los afiliados y derechohabientes de la Unidad Perif\u00e9rica Zona 11 cuentan con cuatro cl\u00ednicas dentales de la consulta externa de adultos remodeladas, con un ambiente innovador e higi\u00e9nico, y equipo m\u00e9dico especializado que incluye el servicio de ultrasonidos dentales.<\/p>\n\n\n<p>Esta unidad tiene 23 a\u00f1os de servicio a la poblaci\u00f3n y es una de las m\u00e1s grandes a nivel metropolitano, los afiliados atendidos residen en las zonas 7, 11, 12, 19 y 21, el municipio de Mixco y la zona 0 de Chinautla.<\/p>\n<p><a href=\"\/wp-content\/uploads\/sites\/5\/2023\/01\/Cuatro-clinicas-dentales-fueron-remodeladas-3.jpg\" target=\"_blank\" rel=\"noopener\"><img loading=\"lazy\" decoding=\"async\" class=\"alignnone wp-image-32819 size-full\" src=\"\/wp-content\/uploads\/sites\/5\/2023\/01\/Cuatro-clinicas-dentales-fueron-remodeladas-3.jpg\" alt=\"\" width=\"1280\" height=\"852\" srcset=\"\/wp-content\/uploads\/sites\/5\/2023\/01\/Cuatro-clinicas-dentales-fueron-remodeladas-3.jpg 1280w, \/wp-content\/uploads\/sites\/5\/2023\/01\/Cuatro-clinicas-dentales-fueron-remodeladas-3-300x200.jpg 300w, \/wp-content\/uploads\/sites\/5\/2023\/01\/Cuatro-clinicas-dentales-fueron-remodeladas-3-768x511.jpg 768w, \/wp-content\/uploads\/sites\/5\/2023\/01\/Cuatro-clinicas-dentales-fueron-remodeladas-3-1024x682.jpg 1024w, \/wp-content\/uploads\/sites\/5\/2023\/01\/Cuatro-clinicas-dentales-fueron-remodeladas-3-631x420.jpg 631w, \/wp-content\/uploads\/sites\/5\/2023\/01\/Cuatro-clinicas-dentales-fueron-remodeladas-3-696x463.jpg 696w, \/wp-content\/uploads\/sites\/5\/2023\/01\/Cuatro-clinicas-dentales-fueron-remodeladas-3-1068x711.jpg 1068w, \/wp-content\/uploads\/sites\/5\/2023\/01\/Cuatro-clinicas-dentales-fueron-remodeladas-3-534x355.jpg 534w\" sizes=\"auto, (max-width: 1280px) 100vw, 1280px\" \/><\/a><\/p>\n<p>El acto de inauguraci\u00f3n estuvo a cargo del licenciado Jos\u00e9 Adolfo Flamenco Jau, presidente de la Junta Directiva del IGSS; el doctor Francisco Javier G\u00f3dinez, subgerente de Prestaciones en Salud; la doctora Karla Mar\u00eda Gonz\u00e1lez \u00c1lvarez, encargada del despacho de la Direcci\u00f3n M\u00e9dica de la Perif\u00e9rica Zona 11, y el doctor Gerardo G\u00f3mez, encargado de la Coordinaci\u00f3n Odontol\u00f3gica de la unidad.<\/p>\n<blockquote>\n<p>\u201cEl objetivo de esta remodelaci\u00f3n fue mejorar el servicio con instalaciones c\u00f3modas, seguras y equipadas con insumos de calidad\u201d<\/p>\n<\/blockquote>\n<p>\u201cEstas cl\u00ednicas son un orgullo de la prestaci\u00f3n de servicios, estamos integrando un centro de alta resoluci\u00f3n al afiliado que viene con una consulta odontol\u00f3gica y desde ese momento se le hace la evaluaci\u00f3n, ex\u00e1menes y de una vez se le aplican los tratamientos, de esta manera colaboramos con los patronos para que su fuerza productiva no se vea afectada\u201d, dijo el licenciado Flamenco Jau en su discurso.<\/p>\n<p><a href=\"\/wp-content\/uploads\/sites\/5\/2023\/01\/Cuatro-clinicas-dentales-fueron-remodeladas-1.jpg\" target=\"_blank\" rel=\"noopener\"><img loading=\"lazy\" decoding=\"async\" class=\"alignnone wp-image-32817 size-full\" src=\"\/wp-content\/uploads\/sites\/5\/2023\/01\/Cuatro-clinicas-dentales-fueron-remodeladas-1.jpg\" alt=\"\" width=\"1280\" height=\"852\" srcset=\"\/wp-content\/uploads\/sites\/5\/2023\/01\/Cuatro-clinicas-dentales-fueron-remodeladas-1.jpg 1280w, \/wp-content\/uploads\/sites\/5\/2023\/01\/Cuatro-clinicas-dentales-fueron-remodeladas-1-300x200.jpg 300w, \/wp-content\/uploads\/sites\/5\/2023\/01\/Cuatro-clinicas-dentales-fueron-remodeladas-1-768x511.jpg 768w, \/wp-content\/uploads\/sites\/5\/2023\/01\/Cuatro-clinicas-dentales-fueron-remodeladas-1-1024x682.jpg 1024w, \/wp-content\/uploads\/sites\/5\/2023\/01\/Cuatro-clinicas-dentales-fueron-remodeladas-1-631x420.jpg 631w, \/wp-content\/uploads\/sites\/5\/2023\/01\/Cuatro-clinicas-dentales-fueron-remodeladas-1-696x463.jpg 696w, \/wp-content\/uploads\/sites\/5\/2023\/01\/Cuatro-clinicas-dentales-fueron-remodeladas-1-1068x711.jpg 1068w, \/wp-content\/uploads\/sites\/5\/2023\/01\/Cuatro-clinicas-dentales-fueron-remodeladas-1-534x355.jpg 534w\" sizes=\"auto, (max-width: 1280px) 100vw, 1280px\" \/><\/a><\/p>\n<p>Adem\u00e1s, el presidente agradeci\u00f3 al equipo de la Perif\u00e9rica por brindar 284 mil 423 atenciones durante el a\u00f1o 2022, una labor tit\u00e1nica si se toma en cuenta que esas miles de asistencias se derivan de 15 especialidades m\u00e9dicas para atender a adultos y ni\u00f1os.<\/p>\n<p>\u201cEl objetivo de esta remodelaci\u00f3n fue mejorar el servicio con instalaciones c\u00f3modas, seguras y equipadas con insumos de calidad\u201d, dijo por su parte la doctora Gonz\u00e1lez.<\/p>\n<p><iframe loading=\"lazy\" title=\"Cuatro cl\u00ednicas dentales fueron remodeladas en la Perif\u00e9rica Zona 11\" width=\"696\" height=\"392\" src=\"https:\/\/www.youtube.com\/embed\/tYs5W5saRWg?feature=oembed\" frameborder=\"0\" allow=\"accelerometer; autoplay; clipboard-write; encrypted-media; gyroscope; picture-in-picture; web-share\" allowfullscreen><\/iframe><\/p>\n<p>La profesional destac\u00f3 que las nuevas \u00e1reas cuentan con l\u00e1mparas de fotocurado, rayos X y un sensor radiogr\u00e1fico. En esta especialidad se espera brindar atenci\u00f3n a m\u00e1s de 12 mil pacientes.<\/p>\n<p>\u201cEsta inauguraci\u00f3n es una de muchas m\u00e1s y la salud dental es un paso muy importante, los pacientes pueden tener un diagn\u00f3stico r\u00e1pido y si padecen de alguna enfermedad pueden tratarla a tiempo con medicina preventiva\u201d, indic\u00f3 el doctor G\u00f3dinez.<\/p>\n<p><a href=\"\/wp-content\/uploads\/sites\/5\/2023\/01\/Cuatro-clinicas-dentales-fueron-remodeladas-2.jpg\" target=\"_blank\" rel=\"noopener\"><img loading=\"lazy\" decoding=\"async\" class=\"alignnone wp-image-32818 size-full\" src=\"\/wp-content\/uploads\/sites\/5\/2023\/01\/Cuatro-clinicas-dentales-fueron-remodeladas-2.jpg\" alt=\"\" width=\"1280\" height=\"852\" srcset=\"\/wp-content\/uploads\/sites\/5\/2023\/01\/Cuatro-clinicas-dentales-fueron-remodeladas-2.jpg 1280w, \/wp-content\/uploads\/sites\/5\/2023\/01\/Cuatro-clinicas-dentales-fueron-remodeladas-2-300x200.jpg 300w, \/wp-content\/uploads\/sites\/5\/2023\/01\/Cuatro-clinicas-dentales-fueron-remodeladas-2-768x511.jpg 768w, \/wp-content\/uploads\/sites\/5\/2023\/01\/Cuatro-clinicas-dentales-fueron-remodeladas-2-1024x682.jpg 1024w, \/wp-content\/uploads\/sites\/5\/2023\/01\/Cuatro-clinicas-dentales-fueron-remodeladas-2-631x420.jpg 631w, \/wp-content\/uploads\/sites\/5\/2023\/01\/Cuatro-clinicas-dentales-fueron-remodeladas-2-696x463.jpg 696w, \/wp-content\/uploads\/sites\/5\/2023\/01\/Cuatro-clinicas-dentales-fueron-remodeladas-2-1068x711.jpg 1068w, \/wp-content\/uploads\/sites\/5\/2023\/01\/Cuatro-clinicas-dentales-fueron-remodeladas-2-534x355.jpg 534w\" sizes=\"auto, (max-width: 1280px) 100vw, 1280px\" \/><\/a><\/p>","protected":false},"excerpt":{"rendered":"<p>Los afiliados y derechohabientes de la Unidad Perif\u00e9rica Zona 11 cuentan con cuatro cl\u00ednicas dentales de la consulta externa de adultos remodeladas, con un ambiente innovador e higi\u00e9nico, y equipo m\u00e9dico especializado que incluye el servicio de ultrasonidos dentales. Esta unidad tiene 23 a\u00f1os de servicio a la poblaci\u00f3n y es una de las m\u00e1s [&hellip;]<\/p>\n","protected":false},"author":1961,"featured_media":32820,"comment_status":"closed","ping_status":"closed","sticky":false,"template":"","format":"standard","meta":{"footnotes":""},"categories":[3],"tags":[1582,1557,700],"coauthors":[],"class_list":{"0":"post-32814","1":"post","2":"type-post","3":"status-publish","4":"format-standard","5":"has-post-thumbnail","7":"category-actualidad","8":"tag-clinicas-dentales","9":"tag-inauguracion-igss","10":"tag-periferica-zona-11"},"_links":{"self":[{"href":"https:\/\/www.igssgt.org\/noticias\/wp-json\/wp\/v2\/posts\/32814","targetHints":{"allow":["GET"]}}],"collection":[{"href":"https:\/\/www.igssgt.org\/noticias\/wp-json\/wp\/v2\/posts"}],"about":[{"href":"https:\/\/www.igssgt.org\/noticias\/wp-json\/wp\/v2\/types\/post"}],"author":[{"embeddable":true,"href":"https:\/\/www.igssgt.org\/noticias\/wp-json\/wp\/v2\/users\/1961"}],"replies":[{"embeddable":true,"href":"https:\/\/www.igssgt.org\/noticias\/wp-json\/wp\/v2\/comments?post=32814"}],"version-history":[{"count":7,"href":"https:\/\/www.igssgt.org\/noticias\/wp-json\/wp\/v2\/posts\/32814\/revisions"}],"predecessor-version":[{"id":32827,"href":"https:\/\/www.igssgt.org\/noticias\/wp-json\/wp\/v2\/posts\/32814\/revisions\/32827"}],"wp:featuredmedia":[{"embeddable":true,"href":"https:\/\/www.igssgt.org\/noticias\/wp-json\/wp\/v2\/media\/32820"}],"wp:attachment":[{"href":"https:\/\/www.igssgt.org\/noticias\/wp-json\/wp\/v2\/media?parent=32814"}],"wp:term":[{"taxonomy":"category","embeddable":true,"href":"https:\/\/www.igssgt.org\/noticias\/wp-json\/wp\/v2\/categories?post=32814"},{"taxonomy":"post_tag","embeddable":true,"href":"https:\/\/www.igssgt.org\/noticias\/wp-json\/wp\/v2\/tags?post=32814"},{"taxonomy":"author","embeddable":true,"href":"https:\/\/www.igssgt.org\/noticias\/wp-json\/wp\/v2\/coauthors?post=32814"}],"curies":[{"name":"wp","href":"https:\/\/api.w.org\/{rel}","templated":true}]}}