{"id":32965,"date":"2023-01-24T15:00:00","date_gmt":"2023-01-24T21:00:00","guid":{"rendered":"https:\/\/www.igssgt.org\/noticias\/?p=32965"},"modified":"2025-10-21T13:50:25","modified_gmt":"2025-10-21T19:50:25","slug":"el-igss-orientara-a-empresas-y-trabajadores-en-gestion-de-riesgos-laborales","status":"publish","type":"post","link":"https:\/\/www.igssgt.org\/noticias\/2023\/01\/24\/el-igss-orientara-a-empresas-y-trabajadores-en-gestion-de-riesgos-laborales\/","title":{"rendered":"El IGSS orientar\u00e1 a empresas y trabajadores en gesti\u00f3n de riesgos laborales"},"content":{"rendered":"\n<p class=\"has-drop-cap\">Con el objetivo de que empresas e instituciones y trabajadores afiliados y no afiliados al R\u00e9gimen de la Seguridad Social conozcan sobre la implementaci\u00f3n de los sistemas de prevenci\u00f3n de riesgos laborales, el IGSS realizar\u00e1 una capacitaci\u00f3n virtual sobre esta importante tem\u00e1tica.<\/p>\n\n\n<p><a href=\"\/wp-content\/uploads\/sites\/5\/2023\/01\/gestion-de-riesgos-laborales-2.jpg\" target=\"_blank\" rel=\"noopener\"><img loading=\"lazy\" decoding=\"async\" class=\"alignnone wp-image-32968 size-full\" src=\"\/wp-content\/uploads\/sites\/5\/2023\/01\/gestion-de-riesgos-laborales-2.jpg\" alt=\"\" width=\"1223\" height=\"793\" srcset=\"\/wp-content\/uploads\/sites\/5\/2023\/01\/gestion-de-riesgos-laborales-2.jpg 1223w, \/wp-content\/uploads\/sites\/5\/2023\/01\/gestion-de-riesgos-laborales-2-300x195.jpg 300w, \/wp-content\/uploads\/sites\/5\/2023\/01\/gestion-de-riesgos-laborales-2-768x498.jpg 768w, \/wp-content\/uploads\/sites\/5\/2023\/01\/gestion-de-riesgos-laborales-2-1024x664.jpg 1024w, \/wp-content\/uploads\/sites\/5\/2023\/01\/gestion-de-riesgos-laborales-2-648x420.jpg 648w, \/wp-content\/uploads\/sites\/5\/2023\/01\/gestion-de-riesgos-laborales-2-696x451.jpg 696w, \/wp-content\/uploads\/sites\/5\/2023\/01\/gestion-de-riesgos-laborales-2-1068x692.jpg 1068w, \/wp-content\/uploads\/sites\/5\/2023\/01\/gestion-de-riesgos-laborales-2-534x346.jpg 534w\" sizes=\"auto, (max-width: 1223px) 100vw, 1223px\" \/><\/a><\/p>\n<p>La cita es organizada por la Secci\u00f3n de Seguridad e Higiene y Prevenci\u00f3n de Accidentes. <strong>El doctor Mynor Mej\u00eda, jefe de esta dependencia del Seguro Social, ser\u00e1 uno de los expositores junto a la licenciada Mercedes Colindres, inspectora de Seguridad e Higiene.<\/strong><\/p>\n<blockquote>\n<p>La capacitaci\u00f3n es para todo tipo de empresas, afiliadas o no al IGSS, sin importar el sector productivo al que pertenezcan<\/p>\n<\/blockquote>\n<p>Durante la reuni\u00f3n se abordar\u00e1n temas como los planes de salud y seguridad social, prevenci\u00f3n de riesgos laborales, monitores en los centros de trabajo, requisitos para registro, evaluaci\u00f3n de riesgos laborales y criterios del IGSS para la elaboraci\u00f3n de la matriz de riesgos en una empresa, precis\u00f3 Colindres.<\/p>\n<p><a href=\"\/wp-content\/uploads\/sites\/5\/2023\/01\/gestion-de-riesgos-laborales-5.jpg\" target=\"_blank\" rel=\"noopener\"><img loading=\"lazy\" decoding=\"async\" class=\"alignnone wp-image-32970 size-full\" src=\"\/wp-content\/uploads\/sites\/5\/2023\/01\/gestion-de-riesgos-laborales-5.jpg\" alt=\"\" width=\"1280\" height=\"848\" srcset=\"\/wp-content\/uploads\/sites\/5\/2023\/01\/gestion-de-riesgos-laborales-5.jpg 1280w, \/wp-content\/uploads\/sites\/5\/2023\/01\/gestion-de-riesgos-laborales-5-300x199.jpg 300w, \/wp-content\/uploads\/sites\/5\/2023\/01\/gestion-de-riesgos-laborales-5-768x509.jpg 768w, \/wp-content\/uploads\/sites\/5\/2023\/01\/gestion-de-riesgos-laborales-5-1024x678.jpg 1024w, \/wp-content\/uploads\/sites\/5\/2023\/01\/gestion-de-riesgos-laborales-5-634x420.jpg 634w, \/wp-content\/uploads\/sites\/5\/2023\/01\/gestion-de-riesgos-laborales-5-696x461.jpg 696w, \/wp-content\/uploads\/sites\/5\/2023\/01\/gestion-de-riesgos-laborales-5-1068x708.jpg 1068w, \/wp-content\/uploads\/sites\/5\/2023\/01\/gestion-de-riesgos-laborales-5-534x354.jpg 534w\" sizes=\"auto, (max-width: 1280px) 100vw, 1280px\" \/><\/a><\/p>\n<p><strong>\u201cLa finalidad es incentivar a las empresas para que se inscriban en pro de sus trabajadores, as\u00ed como actualizar y compartir la informaci\u00f3n vigente del r\u00e9gimen para estar en ley\u201d<\/strong>, destac\u00f3 el doctor Mej\u00eda.<\/p>\n<p>La capacitaci\u00f3n es para todo tipo de empresas, afiliadas o no al IGSS, sin importar el sector productivo al que pertenezcan.<\/p>\n<p>La cita, v\u00eda zoom, es el <strong>25 de enero, de las 9:00 a las 11:00 horas. El cupo es limitado<\/strong>, se entregar\u00e1 constancia de participaci\u00f3n. Inscr\u00edbase en el enlace <a href=\"https:\/\/bit.ly\/3wpn5Sr\" target=\"_blank\" rel=\"noopener\">https:\/\/bit.ly\/3wpn5Sr<\/a><\/p>\n<p><a href=\"\/wp-content\/uploads\/sites\/5\/2023\/01\/gestion-de-riesgos-laborales-3.jpg\" target=\"_blank\" rel=\"noopener\"><img loading=\"lazy\" decoding=\"async\" class=\"alignnone wp-image-32969 size-full\" src=\"\/wp-content\/uploads\/sites\/5\/2023\/01\/gestion-de-riesgos-laborales-3.jpg\" alt=\"\" width=\"1067\" height=\"789\" srcset=\"\/wp-content\/uploads\/sites\/5\/2023\/01\/gestion-de-riesgos-laborales-3.jpg 1067w, \/wp-content\/uploads\/sites\/5\/2023\/01\/gestion-de-riesgos-laborales-3-485x360.jpg 485w, \/wp-content\/uploads\/sites\/5\/2023\/01\/gestion-de-riesgos-laborales-3-300x222.jpg 300w, \/wp-content\/uploads\/sites\/5\/2023\/01\/gestion-de-riesgos-laborales-3-768x568.jpg 768w, \/wp-content\/uploads\/sites\/5\/2023\/01\/gestion-de-riesgos-laborales-3-1024x757.jpg 1024w, \/wp-content\/uploads\/sites\/5\/2023\/01\/gestion-de-riesgos-laborales-3-568x420.jpg 568w, \/wp-content\/uploads\/sites\/5\/2023\/01\/gestion-de-riesgos-laborales-3-80x60.jpg 80w, \/wp-content\/uploads\/sites\/5\/2023\/01\/gestion-de-riesgos-laborales-3-696x515.jpg 696w, \/wp-content\/uploads\/sites\/5\/2023\/01\/gestion-de-riesgos-laborales-3-534x395.jpg 534w\" sizes=\"auto, (max-width: 1067px) 100vw, 1067px\" \/><\/a><\/p>","protected":false},"excerpt":{"rendered":"<p>Con el objetivo de que empresas e instituciones y trabajadores afiliados y no afiliados al R\u00e9gimen de la Seguridad Social conozcan sobre la implementaci\u00f3n de los sistemas de prevenci\u00f3n de riesgos laborales, el IGSS realizar\u00e1 una capacitaci\u00f3n virtual sobre esta importante tem\u00e1tica. La cita es organizada por la Secci\u00f3n de Seguridad e Higiene y Prevenci\u00f3n [&hellip;]<\/p>\n","protected":false},"author":1961,"featured_media":32967,"comment_status":"closed","ping_status":"closed","sticky":false,"template":"","format":"standard","meta":{"footnotes":""},"categories":[3,23],"tags":[1059,1591],"coauthors":[],"class_list":{"0":"post-32965","1":"post","2":"type-post","3":"status-publish","4":"format-standard","5":"has-post-thumbnail","7":"category-actualidad","8":"category-patronos","9":"tag-capacitacion-igss","10":"tag-gestion-de-riesgos-laborales"},"_links":{"self":[{"href":"https:\/\/www.igssgt.org\/noticias\/wp-json\/wp\/v2\/posts\/32965","targetHints":{"allow":["GET"]}}],"collection":[{"href":"https:\/\/www.igssgt.org\/noticias\/wp-json\/wp\/v2\/posts"}],"about":[{"href":"https:\/\/www.igssgt.org\/noticias\/wp-json\/wp\/v2\/types\/post"}],"author":[{"embeddable":true,"href":"https:\/\/www.igssgt.org\/noticias\/wp-json\/wp\/v2\/users\/1961"}],"replies":[{"embeddable":true,"href":"https:\/\/www.igssgt.org\/noticias\/wp-json\/wp\/v2\/comments?post=32965"}],"version-history":[{"count":7,"href":"https:\/\/www.igssgt.org\/noticias\/wp-json\/wp\/v2\/posts\/32965\/revisions"}],"predecessor-version":[{"id":32978,"href":"https:\/\/www.igssgt.org\/noticias\/wp-json\/wp\/v2\/posts\/32965\/revisions\/32978"}],"wp:featuredmedia":[{"embeddable":true,"href":"https:\/\/www.igssgt.org\/noticias\/wp-json\/wp\/v2\/media\/32967"}],"wp:attachment":[{"href":"https:\/\/www.igssgt.org\/noticias\/wp-json\/wp\/v2\/media?parent=32965"}],"wp:term":[{"taxonomy":"category","embeddable":true,"href":"https:\/\/www.igssgt.org\/noticias\/wp-json\/wp\/v2\/categories?post=32965"},{"taxonomy":"post_tag","embeddable":true,"href":"https:\/\/www.igssgt.org\/noticias\/wp-json\/wp\/v2\/tags?post=32965"},{"taxonomy":"author","embeddable":true,"href":"https:\/\/www.igssgt.org\/noticias\/wp-json\/wp\/v2\/coauthors?post=32965"}],"curies":[{"name":"wp","href":"https:\/\/api.w.org\/{rel}","templated":true}]}}