{"id":33050,"date":"2023-01-28T07:00:00","date_gmt":"2023-01-28T13:00:00","guid":{"rendered":"https:\/\/www.igssgt.org\/noticias\/?p=33050"},"modified":"2023-01-27T16:49:02","modified_gmt":"2023-01-27T22:49:02","slug":"protege-tu-piel-si-te-expones-al-sol","status":"publish","type":"post","link":"https:\/\/www.igssgt.org\/noticias\/2023\/01\/28\/protege-tu-piel-si-te-expones-al-sol\/","title":{"rendered":"Protege tu piel si te expones al sol"},"content":{"rendered":"\n<p class=\"has-drop-cap\">Con la llegada del verano aumentan las actividades al aire libre y la exposici\u00f3n a los rayos solares, por ello la doctora M\u00f3nica P\u00e9rez, dermat\u00f3loga de CAMIP Pamplona, brind\u00f3 algunas recomendaciones para que los asegurados del IGSS y la poblaci\u00f3n en general disfruten de esta \u00e9poca de manera saludable.<\/p>\n\n\n<p><a href=\"\/wp-content\/uploads\/sites\/5\/2023\/01\/Protege-tu-piel-si-te-expones-al-sol-2.jpg\" target=\"_blank\" rel=\"noopener\"><img loading=\"lazy\" decoding=\"async\" class=\"wp-image-33052  alignleft\" src=\"\/wp-content\/uploads\/sites\/5\/2023\/01\/Protege-tu-piel-si-te-expones-al-sol-2.jpg\" alt=\"\" width=\"462\" height=\"308\" srcset=\"\/wp-content\/uploads\/sites\/5\/2023\/01\/Protege-tu-piel-si-te-expones-al-sol-2.jpg 1600w, \/wp-content\/uploads\/sites\/5\/2023\/01\/Protege-tu-piel-si-te-expones-al-sol-2-300x200.jpg 300w, \/wp-content\/uploads\/sites\/5\/2023\/01\/Protege-tu-piel-si-te-expones-al-sol-2-768x512.jpg 768w, \/wp-content\/uploads\/sites\/5\/2023\/01\/Protege-tu-piel-si-te-expones-al-sol-2-1024x682.jpg 1024w, \/wp-content\/uploads\/sites\/5\/2023\/01\/Protege-tu-piel-si-te-expones-al-sol-2-1536x1023.jpg 1536w, \/wp-content\/uploads\/sites\/5\/2023\/01\/Protege-tu-piel-si-te-expones-al-sol-2-630x420.jpg 630w, \/wp-content\/uploads\/sites\/5\/2023\/01\/Protege-tu-piel-si-te-expones-al-sol-2-696x464.jpg 696w, \/wp-content\/uploads\/sites\/5\/2023\/01\/Protege-tu-piel-si-te-expones-al-sol-2-1068x712.jpg 1068w, \/wp-content\/uploads\/sites\/5\/2023\/01\/Protege-tu-piel-si-te-expones-al-sol-2-534x356.jpg 534w\" sizes=\"auto, (max-width: 462px) 100vw, 462px\" \/><\/a>La luz solar favorece la producci\u00f3n de vitamina D, lo cual es necesario para fortalecer los huesos, sin embargo, la exposici\u00f3n prolongada a los rayos del sol puede causar da\u00f1os que pueden ser irreversibles.<\/p>\n<p>La doctora recomend\u00f3 tomar el sol en los primeros minutos del d\u00eda, pero no sobreexponerse. Asimismo, dijo que <strong>durante esta \u00e9poca la radiaci\u00f3n es m\u00e1s directa entre las diez y media de la ma\u00f1ana y cuatro de la tarde<\/strong>, por lo que puede causar patolog\u00edas o enfermedades, como manchas, tumores y c\u00e1ncer en la piel.<\/p>\n<p>Adem\u00e1s, aconsej\u00f3 utilizar protector solar de manera cotidiana y en un factor de protecci\u00f3n a partir de 50, este n\u00famero es un est\u00e1ndar del tiempo de protecci\u00f3n, por lo que el protector solar se debe reaplicar.<\/p>\n<p><a href=\"\/wp-content\/uploads\/sites\/5\/2023\/01\/Protege-tu-piel-si-te-expones-al-sol-4.jpg\" target=\"_blank\" rel=\"noopener\"><img loading=\"lazy\" decoding=\"async\" class=\"alignnone wp-image-33054 size-full\" src=\"\/wp-content\/uploads\/sites\/5\/2023\/01\/Protege-tu-piel-si-te-expones-al-sol-4.jpg\" alt=\"\" width=\"1600\" height=\"1066\" srcset=\"\/wp-content\/uploads\/sites\/5\/2023\/01\/Protege-tu-piel-si-te-expones-al-sol-4.jpg 1600w, \/wp-content\/uploads\/sites\/5\/2023\/01\/Protege-tu-piel-si-te-expones-al-sol-4-300x200.jpg 300w, \/wp-content\/uploads\/sites\/5\/2023\/01\/Protege-tu-piel-si-te-expones-al-sol-4-768x512.jpg 768w, \/wp-content\/uploads\/sites\/5\/2023\/01\/Protege-tu-piel-si-te-expones-al-sol-4-1024x682.jpg 1024w, \/wp-content\/uploads\/sites\/5\/2023\/01\/Protege-tu-piel-si-te-expones-al-sol-4-1536x1023.jpg 1536w, \/wp-content\/uploads\/sites\/5\/2023\/01\/Protege-tu-piel-si-te-expones-al-sol-4-630x420.jpg 630w, \/wp-content\/uploads\/sites\/5\/2023\/01\/Protege-tu-piel-si-te-expones-al-sol-4-696x464.jpg 696w, \/wp-content\/uploads\/sites\/5\/2023\/01\/Protege-tu-piel-si-te-expones-al-sol-4-1068x712.jpg 1068w, \/wp-content\/uploads\/sites\/5\/2023\/01\/Protege-tu-piel-si-te-expones-al-sol-4-534x356.jpg 534w\" sizes=\"auto, (max-width: 1600px) 100vw, 1600px\" \/><\/a><\/p>\n<p>La profesional tambi\u00e9n recomend\u00f3 el uso de sombrillas, sombreros y gorras para protegerse del sol. Agreg\u00f3 que <strong>para tener una piel sana y radiante debe mantenerse el cuerpo hidratado y llevar una alimentaci\u00f3n saludable.<\/strong><\/p>\n<p>La Dra. P\u00e9rez se\u00f1al\u00f3 que no es aconsejable el uso de las c\u00e1maras bronceadoras, pues emiten radiaci\u00f3n ultravioleta, por lo que es preferible el uso de bronceadores.<\/p>\n<p><a href=\"\/wp-content\/uploads\/sites\/5\/2023\/01\/Protege-tu-piel-si-te-expones-al-sol-1.jpg\" target=\"_blank\" rel=\"noopener\"><img loading=\"lazy\" decoding=\"async\" class=\"alignnone wp-image-33051 size-full\" src=\"\/wp-content\/uploads\/sites\/5\/2023\/01\/Protege-tu-piel-si-te-expones-al-sol-1.jpg\" alt=\"\" width=\"1600\" height=\"1066\" srcset=\"\/wp-content\/uploads\/sites\/5\/2023\/01\/Protege-tu-piel-si-te-expones-al-sol-1.jpg 1600w, \/wp-content\/uploads\/sites\/5\/2023\/01\/Protege-tu-piel-si-te-expones-al-sol-1-300x200.jpg 300w, \/wp-content\/uploads\/sites\/5\/2023\/01\/Protege-tu-piel-si-te-expones-al-sol-1-768x512.jpg 768w, \/wp-content\/uploads\/sites\/5\/2023\/01\/Protege-tu-piel-si-te-expones-al-sol-1-1024x682.jpg 1024w, \/wp-content\/uploads\/sites\/5\/2023\/01\/Protege-tu-piel-si-te-expones-al-sol-1-1536x1023.jpg 1536w, \/wp-content\/uploads\/sites\/5\/2023\/01\/Protege-tu-piel-si-te-expones-al-sol-1-630x420.jpg 630w, \/wp-content\/uploads\/sites\/5\/2023\/01\/Protege-tu-piel-si-te-expones-al-sol-1-696x464.jpg 696w, \/wp-content\/uploads\/sites\/5\/2023\/01\/Protege-tu-piel-si-te-expones-al-sol-1-1068x712.jpg 1068w, \/wp-content\/uploads\/sites\/5\/2023\/01\/Protege-tu-piel-si-te-expones-al-sol-1-534x356.jpg 534w\" sizes=\"auto, (max-width: 1600px) 100vw, 1600px\" \/><\/a><\/p>","protected":false},"excerpt":{"rendered":"<p>Con la llegada del verano aumentan las actividades al aire libre y la exposici\u00f3n a los rayos solares, por ello la doctora M\u00f3nica P\u00e9rez, dermat\u00f3loga de CAMIP Pamplona, brind\u00f3 algunas recomendaciones para que los asegurados del IGSS y la poblaci\u00f3n en general disfruten de esta \u00e9poca de manera saludable. La luz solar favorece la producci\u00f3n [&hellip;]<\/p>\n","protected":false},"author":1961,"featured_media":33053,"comment_status":"closed","ping_status":"closed","sticky":false,"template":"","format":"standard","meta":{"footnotes":""},"categories":[3],"tags":[149,220,231],"coauthors":[1448],"class_list":{"0":"post-33050","1":"post","2":"type-post","3":"status-publish","4":"format-standard","5":"has-post-thumbnail","7":"category-actualidad","8":"tag-camip-pamplona","9":"tag-cuidados-de-la-piel","10":"tag-dermatologia"},"_links":{"self":[{"href":"https:\/\/www.igssgt.org\/noticias\/wp-json\/wp\/v2\/posts\/33050","targetHints":{"allow":["GET"]}}],"collection":[{"href":"https:\/\/www.igssgt.org\/noticias\/wp-json\/wp\/v2\/posts"}],"about":[{"href":"https:\/\/www.igssgt.org\/noticias\/wp-json\/wp\/v2\/types\/post"}],"author":[{"embeddable":true,"href":"https:\/\/www.igssgt.org\/noticias\/wp-json\/wp\/v2\/users\/1961"}],"replies":[{"embeddable":true,"href":"https:\/\/www.igssgt.org\/noticias\/wp-json\/wp\/v2\/comments?post=33050"}],"version-history":[{"count":2,"href":"https:\/\/www.igssgt.org\/noticias\/wp-json\/wp\/v2\/posts\/33050\/revisions"}],"predecessor-version":[{"id":33056,"href":"https:\/\/www.igssgt.org\/noticias\/wp-json\/wp\/v2\/posts\/33050\/revisions\/33056"}],"wp:featuredmedia":[{"embeddable":true,"href":"https:\/\/www.igssgt.org\/noticias\/wp-json\/wp\/v2\/media\/33053"}],"wp:attachment":[{"href":"https:\/\/www.igssgt.org\/noticias\/wp-json\/wp\/v2\/media?parent=33050"}],"wp:term":[{"taxonomy":"category","embeddable":true,"href":"https:\/\/www.igssgt.org\/noticias\/wp-json\/wp\/v2\/categories?post=33050"},{"taxonomy":"post_tag","embeddable":true,"href":"https:\/\/www.igssgt.org\/noticias\/wp-json\/wp\/v2\/tags?post=33050"},{"taxonomy":"author","embeddable":true,"href":"https:\/\/www.igssgt.org\/noticias\/wp-json\/wp\/v2\/coauthors?post=33050"}],"curies":[{"name":"wp","href":"https:\/\/api.w.org\/{rel}","templated":true}]}}