{"id":33057,"date":"2023-01-29T07:00:00","date_gmt":"2023-01-29T13:00:00","guid":{"rendered":"https:\/\/www.igssgt.org\/noticias\/?p=33057"},"modified":"2023-01-30T09:26:17","modified_gmt":"2023-01-30T15:26:17","slug":"pacientes-amputados-reciben-servicio-integral-de-parte-del-seguro-social","status":"publish","type":"post","link":"https:\/\/www.igssgt.org\/noticias\/2023\/01\/29\/pacientes-amputados-reciben-servicio-integral-de-parte-del-seguro-social\/","title":{"rendered":"Pacientes amputados reciben servicio integral de parte del Seguro Social"},"content":{"rendered":"\n<p class=\"has-drop-cap\">El Instituto Guatemalteco de Seguridad Social (IGSS), por medio del Hospital de Rehabilitaci\u00f3n brinda tratamiento integral a pacientes amputados en su mayor\u00eda por accidentes en motocicleta y pie diab\u00e9tico, explic\u00f3 la doctora Ana Beatriz Quevedo, especialista en medicina f\u00edsica y rehabilitaci\u00f3n, encargada del servicio de amputados de dicha unidad m\u00e9dica.<\/p>\n\n\n<p><iframe loading=\"lazy\" title=\"Pacientes amputados reciben servicio integral de parte del Seguro Social\" width=\"696\" height=\"392\" src=\"https:\/\/www.youtube.com\/embed\/Hy71E-nW_Gs?feature=oembed\" frameborder=\"0\" allow=\"accelerometer; autoplay; clipboard-write; encrypted-media; gyroscope; picture-in-picture; web-share\" allowfullscreen><\/iframe><\/p>\n<p>Los pacientes son atendidos de manera personalizada por un equipo multidisciplinario conformado por fisioterapistas, terapistas ocupacionales, psic\u00f3logos, trabajadores sociales y t\u00e9cnicos del taller de pr\u00f3tesis y \u00f3rtesis quienes se encargan de restablecer el movimiento corporal afectado por lesiones, padecimientos, enfermedades o vejez, ademas de supervisar el diagn\u00f3stico, tratamiento y planes de rehabilitaci\u00f3n.<\/p>\n<p><a href=\"\/wp-content\/uploads\/sites\/5\/2023\/01\/Pacientes-amputados-3.jpg\" target=\"_blank\" rel=\"noopener\"><img loading=\"lazy\" decoding=\"async\" class=\"alignleft wp-image-33063\" src=\"\/wp-content\/uploads\/sites\/5\/2023\/01\/Pacientes-amputados-3.jpg\" alt=\"\" width=\"222\" height=\"245\" srcset=\"\/wp-content\/uploads\/sites\/5\/2023\/01\/Pacientes-amputados-3.jpg 1062w, \/wp-content\/uploads\/sites\/5\/2023\/01\/Pacientes-amputados-3-272x300.jpg 272w, \/wp-content\/uploads\/sites\/5\/2023\/01\/Pacientes-amputados-3-768x848.jpg 768w, \/wp-content\/uploads\/sites\/5\/2023\/01\/Pacientes-amputados-3-928x1024.jpg 928w, \/wp-content\/uploads\/sites\/5\/2023\/01\/Pacientes-amputados-3-381x420.jpg 381w, \/wp-content\/uploads\/sites\/5\/2023\/01\/Pacientes-amputados-3-696x768.jpg 696w, \/wp-content\/uploads\/sites\/5\/2023\/01\/Pacientes-amputados-3-419x462.jpg 419w\" sizes=\"auto, (max-width: 222px) 100vw, 222px\" \/><\/a>La doctora Karina Rodr\u00edguez, directora m\u00e9dica de esta unidad, indic\u00f3 que el laboratorio de pr\u00f3tesis y \u00f3rtesis es de referencia nacional, es decir, est\u00e1 a disposici\u00f3n de todos los afiliados del pa\u00eds. Los materiales utilizados en el taller del Seguro Social son importados de Canad\u00e1, Alemania y China.<\/p>\n<p>Los pacientes sufren etapa de duelo por la extremidad amputada, piensan que ya no son \u00fatiles, pero en el servicio de psicolog\u00eda se les trata con calidad humana y profesionalismo con el objetivo de que recuperen la seguridad en s\u00ed mismo y puedan reintegrarse a su entorno familiar y laboral.<\/p>\n<p><a href=\"\/wp-content\/uploads\/sites\/5\/2023\/01\/Pacientes-amputados-2.jpg\" target=\"_blank\" rel=\"noopener\"><img loading=\"lazy\" decoding=\"async\" class=\"alignright wp-image-33062\" src=\"\/wp-content\/uploads\/sites\/5\/2023\/01\/Pacientes-amputados-2.jpg\" alt=\"\" width=\"255\" height=\"245\" srcset=\"\/wp-content\/uploads\/sites\/5\/2023\/01\/Pacientes-amputados-2.jpg 528w, \/wp-content\/uploads\/sites\/5\/2023\/01\/Pacientes-amputados-2-300x289.jpg 300w, \/wp-content\/uploads\/sites\/5\/2023\/01\/Pacientes-amputados-2-437x420.jpg 437w, \/wp-content\/uploads\/sites\/5\/2023\/01\/Pacientes-amputados-2-480x462.jpg 480w\" sizes=\"auto, (max-width: 255px) 100vw, 255px\" \/><\/a>\u201cFelicito a los m\u00e9dicos, son personas capacitadas para atendernos, me he dado cuenta de lo buenos que son, siempre demuestran calidad de servicio\u201d, expres\u00f3 Francisco C\u00e1rcamo Soto, quien perdi\u00f3 la pierna izquierda al ser arrollado por un tr\u00e1iler cuando conduc\u00eda motocicleta.<\/p>\n<p>Walfred Morales, paciente que perdi\u00f3 la pierna derecha a causa de un accidente laboral, coment\u00f3 que si no hubiera sido operado de urgencia habr\u00eda muerto. \u201cTuviera muchas deudas por mi recuperaci\u00f3n, pero el IGSS no me ha cobrado nada y por eso que estoy muy agradecido con el Instituto\u201d, agreg\u00f3 el afiliado.<\/p>\n<p>De esta forma el IGSS apoya a estos pacientes en su proceso de recuperaci\u00f3n, hasta integrarlos nuevamente a la sociedad. Por eso y m\u00e1s, el mejor seguro es el Seguro Social.<\/p>\n<p><a href=\"\/wp-content\/uploads\/sites\/5\/2023\/01\/Pacientes-amputados-1.jpg\" target=\"_blank\" rel=\"noopener\"><img loading=\"lazy\" decoding=\"async\" class=\"alignnone wp-image-33061 size-full\" src=\"\/wp-content\/uploads\/sites\/5\/2023\/01\/Pacientes-amputados-1.jpg\" alt=\"\" width=\"1073\" height=\"703\" srcset=\"\/wp-content\/uploads\/sites\/5\/2023\/01\/Pacientes-amputados-1.jpg 1073w, \/wp-content\/uploads\/sites\/5\/2023\/01\/Pacientes-amputados-1-300x197.jpg 300w, \/wp-content\/uploads\/sites\/5\/2023\/01\/Pacientes-amputados-1-768x503.jpg 768w, \/wp-content\/uploads\/sites\/5\/2023\/01\/Pacientes-amputados-1-1024x671.jpg 1024w, \/wp-content\/uploads\/sites\/5\/2023\/01\/Pacientes-amputados-1-641x420.jpg 641w, \/wp-content\/uploads\/sites\/5\/2023\/01\/Pacientes-amputados-1-696x456.jpg 696w, \/wp-content\/uploads\/sites\/5\/2023\/01\/Pacientes-amputados-1-1068x700.jpg 1068w, \/wp-content\/uploads\/sites\/5\/2023\/01\/Pacientes-amputados-1-534x350.jpg 534w, \/wp-content\/uploads\/sites\/5\/2023\/01\/Pacientes-amputados-1-741x486.jpg 741w\" sizes=\"auto, (max-width: 1073px) 100vw, 1073px\" \/><\/a><\/p>","protected":false},"excerpt":{"rendered":"<p>El Instituto Guatemalteco de Seguridad Social (IGSS), por medio del Hospital de Rehabilitaci\u00f3n brinda tratamiento integral a pacientes amputados en su mayor\u00eda por accidentes en motocicleta y pie diab\u00e9tico, explic\u00f3 la doctora Ana Beatriz Quevedo, especialista en medicina f\u00edsica y rehabilitaci\u00f3n, encargada del servicio de amputados de dicha unidad m\u00e9dica. Los pacientes son atendidos de [&hellip;]<\/p>\n","protected":false},"author":1961,"featured_media":33064,"comment_status":"closed","ping_status":"closed","sticky":false,"template":"","format":"standard","meta":{"footnotes":""},"categories":[3],"tags":[478,1596,912],"coauthors":[],"class_list":{"0":"post-33057","1":"post","2":"type-post","3":"status-publish","4":"format-standard","5":"has-post-thumbnail","7":"category-actualidad","8":"tag-hospital-de-rehabilitacion","9":"tag-pacientes-amputados","10":"tag-protesis"},"_links":{"self":[{"href":"https:\/\/www.igssgt.org\/noticias\/wp-json\/wp\/v2\/posts\/33057","targetHints":{"allow":["GET"]}}],"collection":[{"href":"https:\/\/www.igssgt.org\/noticias\/wp-json\/wp\/v2\/posts"}],"about":[{"href":"https:\/\/www.igssgt.org\/noticias\/wp-json\/wp\/v2\/types\/post"}],"author":[{"embeddable":true,"href":"https:\/\/www.igssgt.org\/noticias\/wp-json\/wp\/v2\/users\/1961"}],"replies":[{"embeddable":true,"href":"https:\/\/www.igssgt.org\/noticias\/wp-json\/wp\/v2\/comments?post=33057"}],"version-history":[{"count":18,"href":"https:\/\/www.igssgt.org\/noticias\/wp-json\/wp\/v2\/posts\/33057\/revisions"}],"predecessor-version":[{"id":33079,"href":"https:\/\/www.igssgt.org\/noticias\/wp-json\/wp\/v2\/posts\/33057\/revisions\/33079"}],"wp:featuredmedia":[{"embeddable":true,"href":"https:\/\/www.igssgt.org\/noticias\/wp-json\/wp\/v2\/media\/33064"}],"wp:attachment":[{"href":"https:\/\/www.igssgt.org\/noticias\/wp-json\/wp\/v2\/media?parent=33057"}],"wp:term":[{"taxonomy":"category","embeddable":true,"href":"https:\/\/www.igssgt.org\/noticias\/wp-json\/wp\/v2\/categories?post=33057"},{"taxonomy":"post_tag","embeddable":true,"href":"https:\/\/www.igssgt.org\/noticias\/wp-json\/wp\/v2\/tags?post=33057"},{"taxonomy":"author","embeddable":true,"href":"https:\/\/www.igssgt.org\/noticias\/wp-json\/wp\/v2\/coauthors?post=33057"}],"curies":[{"name":"wp","href":"https:\/\/api.w.org\/{rel}","templated":true}]}}