{"id":33091,"date":"2023-01-31T08:48:25","date_gmt":"2023-01-31T14:48:25","guid":{"rendered":"https:\/\/www.igssgt.org\/noticias\/?p=33091"},"modified":"2023-02-15T09:32:50","modified_gmt":"2023-02-15T15:32:50","slug":"convocatoria-para-la-plaza-de-medico-general-de-4-horas-5-plazas","status":"publish","type":"post","link":"https:\/\/www.igssgt.org\/noticias\/2023\/01\/31\/convocatoria-para-la-plaza-de-medico-general-de-4-horas-5-plazas\/","title":{"rendered":"Convocatoria para la plaza de M\u00e9dico General de 4 horas en la Unidad Perif\u00e9rica Zona 11"},"content":{"rendered":"<p>Puesto: M\u00e9dico General<\/p>\n<p>Unidad: Unidad Perif\u00e9rica Zona 11<\/p>\n<p>Fecha l\u00edmite de recepci\u00f3n de solicitudes: 10 de febrero de 2023<\/p>\n<p><a href=\"\/wp-content\/uploads\/sites\/5\/2023\/01\/Medico-General-Zona-11.jpg\" target=\"_blank\" rel=\"noopener\"><img loading=\"lazy\" decoding=\"async\" class=\"alignnone wp-image-33092 size-full\" src=\"\/wp-content\/uploads\/sites\/5\/2023\/01\/Medico-General-Zona-11.jpg\" alt=\"\" width=\"1006\" height=\"1280\" srcset=\"\/wp-content\/uploads\/sites\/5\/2023\/01\/Medico-General-Zona-11.jpg 1006w, \/wp-content\/uploads\/sites\/5\/2023\/01\/Medico-General-Zona-11-236x300.jpg 236w, \/wp-content\/uploads\/sites\/5\/2023\/01\/Medico-General-Zona-11-768x977.jpg 768w, \/wp-content\/uploads\/sites\/5\/2023\/01\/Medico-General-Zona-11-805x1024.jpg 805w, \/wp-content\/uploads\/sites\/5\/2023\/01\/Medico-General-Zona-11-330x420.jpg 330w, \/wp-content\/uploads\/sites\/5\/2023\/01\/Medico-General-Zona-11-696x886.jpg 696w, \/wp-content\/uploads\/sites\/5\/2023\/01\/Medico-General-Zona-11-363x462.jpg 363w\" sizes=\"auto, (max-width: 1006px) 100vw, 1006px\" \/><\/a><\/p>\n","protected":false},"excerpt":{"rendered":"<p>Puesto: M\u00e9dico General.<\/p>\n<p>Unidad: Unidad Perif\u00e9rica Zona 11.<\/p>\n<p>Fecha l\u00edmite de recepci\u00f3n de solicitudes: 10 de febrero de 2023.<\/p>\n<p>\u2b05\ufe0f Para descargar la convocatoria haga clic en la imagen.<\/p>\n<p>\ud83d\udd34 Convocatoria cerrada.<\/p>\n","protected":false},"author":1961,"featured_media":33092,"comment_status":"closed","ping_status":"closed","sticky":false,"template":"","format":"standard","meta":{"footnotes":""},"categories":[1299,29],"tags":[213,1300],"coauthors":[],"class_list":{"0":"post-33091","1":"post","2":"type-post","3":"status-publish","4":"format-standard","5":"has-post-thumbnail","7":"category-plazas-vacantes","8":"category-publicaciones","9":"tag-convocatoria-plazas-igss","10":"tag-empleos-igss"},"_links":{"self":[{"href":"https:\/\/www.igssgt.org\/noticias\/wp-json\/wp\/v2\/posts\/33091","targetHints":{"allow":["GET"]}}],"collection":[{"href":"https:\/\/www.igssgt.org\/noticias\/wp-json\/wp\/v2\/posts"}],"about":[{"href":"https:\/\/www.igssgt.org\/noticias\/wp-json\/wp\/v2\/types\/post"}],"author":[{"embeddable":true,"href":"https:\/\/www.igssgt.org\/noticias\/wp-json\/wp\/v2\/users\/1961"}],"replies":[{"embeddable":true,"href":"https:\/\/www.igssgt.org\/noticias\/wp-json\/wp\/v2\/comments?post=33091"}],"version-history":[{"count":3,"href":"https:\/\/www.igssgt.org\/noticias\/wp-json\/wp\/v2\/posts\/33091\/revisions"}],"predecessor-version":[{"id":33418,"href":"https:\/\/www.igssgt.org\/noticias\/wp-json\/wp\/v2\/posts\/33091\/revisions\/33418"}],"wp:featuredmedia":[{"embeddable":true,"href":"https:\/\/www.igssgt.org\/noticias\/wp-json\/wp\/v2\/media\/33092"}],"wp:attachment":[{"href":"https:\/\/www.igssgt.org\/noticias\/wp-json\/wp\/v2\/media?parent=33091"}],"wp:term":[{"taxonomy":"category","embeddable":true,"href":"https:\/\/www.igssgt.org\/noticias\/wp-json\/wp\/v2\/categories?post=33091"},{"taxonomy":"post_tag","embeddable":true,"href":"https:\/\/www.igssgt.org\/noticias\/wp-json\/wp\/v2\/tags?post=33091"},{"taxonomy":"author","embeddable":true,"href":"https:\/\/www.igssgt.org\/noticias\/wp-json\/wp\/v2\/coauthors?post=33091"}],"curies":[{"name":"wp","href":"https:\/\/api.w.org\/{rel}","templated":true}]}}