{"id":33185,"date":"2023-02-03T10:52:29","date_gmt":"2023-02-03T16:52:29","guid":{"rendered":"https:\/\/www.igssgt.org\/noticias\/?p=33185"},"modified":"2023-02-03T10:52:30","modified_gmt":"2023-02-03T16:52:30","slug":"conmemoran-el-dia-mundial-contra-el-cancer","status":"publish","type":"post","link":"https:\/\/www.igssgt.org\/noticias\/2023\/02\/03\/conmemoran-el-dia-mundial-contra-el-cancer\/","title":{"rendered":"Conmemoran el D\u00eda Mundial contra el C\u00e1ncer"},"content":{"rendered":"\n<p class=\"has-drop-cap\">En el Hospital de Gineco Obstetricia del Instituto Guatemalteco de Seguridad Social (IGSS) se realiz\u00f3 un acto por el D\u00eda Mundial contra el C\u00e1ncer, el cual se conmemora el 4 de febrero de cada a\u00f1o.<\/p>\n\n\n\n<p>A la actividad asistieron los doctores Mario David Cer\u00f3n Donis, segundo vicepresidente de la Junta Directiva; Roberto Camposeco Cruz, director m\u00e9dico hospitalario, y Francisco Castillo Pinto, jefe del Servicio de Oncolog\u00eda.<\/p>\n\n\n\n<p><a href=\"\/wp-content\/uploads\/sites\/5\/2023\/02\/Dia-Mundial-contra-el-cancer-hospital-de-gineco-obstetricia-IGSS-2023-3.jpg\"><img loading=\"lazy\" decoding=\"async\" class=\"aligncenter size-full wp-image-33187\" src=\"\/wp-content\/uploads\/sites\/5\/2023\/02\/Dia-Mundial-contra-el-cancer-hospital-de-gineco-obstetricia-IGSS-2023-3.jpg\" alt=\"\" width=\"1600\" height=\"1066\" srcset=\"\/wp-content\/uploads\/sites\/5\/2023\/02\/Dia-Mundial-contra-el-cancer-hospital-de-gineco-obstetricia-IGSS-2023-3.jpg 1600w, \/wp-content\/uploads\/sites\/5\/2023\/02\/Dia-Mundial-contra-el-cancer-hospital-de-gineco-obstetricia-IGSS-2023-3-300x200.jpg 300w, \/wp-content\/uploads\/sites\/5\/2023\/02\/Dia-Mundial-contra-el-cancer-hospital-de-gineco-obstetricia-IGSS-2023-3-768x512.jpg 768w, \/wp-content\/uploads\/sites\/5\/2023\/02\/Dia-Mundial-contra-el-cancer-hospital-de-gineco-obstetricia-IGSS-2023-3-1024x682.jpg 1024w, \/wp-content\/uploads\/sites\/5\/2023\/02\/Dia-Mundial-contra-el-cancer-hospital-de-gineco-obstetricia-IGSS-2023-3-1536x1023.jpg 1536w, \/wp-content\/uploads\/sites\/5\/2023\/02\/Dia-Mundial-contra-el-cancer-hospital-de-gineco-obstetricia-IGSS-2023-3-630x420.jpg 630w, \/wp-content\/uploads\/sites\/5\/2023\/02\/Dia-Mundial-contra-el-cancer-hospital-de-gineco-obstetricia-IGSS-2023-3-696x464.jpg 696w, \/wp-content\/uploads\/sites\/5\/2023\/02\/Dia-Mundial-contra-el-cancer-hospital-de-gineco-obstetricia-IGSS-2023-3-1068x712.jpg 1068w, \/wp-content\/uploads\/sites\/5\/2023\/02\/Dia-Mundial-contra-el-cancer-hospital-de-gineco-obstetricia-IGSS-2023-3-534x356.jpg 534w\" sizes=\"auto, (max-width: 1600px) 100vw, 1600px\" \/><\/a><\/p>\n<p>En su discurso, el doctor Camposeco Cruz expres\u00f3 que el c\u00e1ncer es un grupo de enfermedades que se originan en cualquier \u00f3rgano o tejido, cuando las c\u00e9lulas de manera anormal o descontrolada sobrepasan sus l\u00edmites habituales en el cuerpo y sus \u00f3rganos. \u201cPareciera que la enfermedad est\u00e1 asociada con la muerte, pero no es as\u00ed\u201d, enfatiz\u00f3.<\/p>\n<p>Por su parte, el doctor Castillo Pinto expuso que se cuenta con cl\u00ednicas especializadas para diagnosticar a pacientes que puedan tener alguna anormalidad; adem\u00e1s, dijo que el c\u00e1ncer deber\u00eda ser detectado en una etapa temprana, en la cual la probabilidad de curaci\u00f3n es del 95 por ciento.<\/p>\n<p><a href=\"\/wp-content\/uploads\/sites\/5\/2023\/02\/Dia-Mundial-contra-el-cancer-hospital-de-gineco-obstetricia-IGSS-2023-2.jpg\"><img loading=\"lazy\" decoding=\"async\" class=\"aligncenter size-full wp-image-33188\" src=\"\/wp-content\/uploads\/sites\/5\/2023\/02\/Dia-Mundial-contra-el-cancer-hospital-de-gineco-obstetricia-IGSS-2023-2.jpg\" alt=\"\" width=\"1600\" height=\"1066\" srcset=\"\/wp-content\/uploads\/sites\/5\/2023\/02\/Dia-Mundial-contra-el-cancer-hospital-de-gineco-obstetricia-IGSS-2023-2.jpg 1600w, \/wp-content\/uploads\/sites\/5\/2023\/02\/Dia-Mundial-contra-el-cancer-hospital-de-gineco-obstetricia-IGSS-2023-2-300x200.jpg 300w, \/wp-content\/uploads\/sites\/5\/2023\/02\/Dia-Mundial-contra-el-cancer-hospital-de-gineco-obstetricia-IGSS-2023-2-768x512.jpg 768w, \/wp-content\/uploads\/sites\/5\/2023\/02\/Dia-Mundial-contra-el-cancer-hospital-de-gineco-obstetricia-IGSS-2023-2-1024x682.jpg 1024w, \/wp-content\/uploads\/sites\/5\/2023\/02\/Dia-Mundial-contra-el-cancer-hospital-de-gineco-obstetricia-IGSS-2023-2-1536x1023.jpg 1536w, \/wp-content\/uploads\/sites\/5\/2023\/02\/Dia-Mundial-contra-el-cancer-hospital-de-gineco-obstetricia-IGSS-2023-2-630x420.jpg 630w, \/wp-content\/uploads\/sites\/5\/2023\/02\/Dia-Mundial-contra-el-cancer-hospital-de-gineco-obstetricia-IGSS-2023-2-696x464.jpg 696w, \/wp-content\/uploads\/sites\/5\/2023\/02\/Dia-Mundial-contra-el-cancer-hospital-de-gineco-obstetricia-IGSS-2023-2-1068x712.jpg 1068w, \/wp-content\/uploads\/sites\/5\/2023\/02\/Dia-Mundial-contra-el-cancer-hospital-de-gineco-obstetricia-IGSS-2023-2-534x356.jpg 534w\" sizes=\"auto, (max-width: 1600px) 100vw, 1600px\" \/><\/a><\/p>\n<p>\u201cNosotros tenemos un manejo integral y adecuado para pacientes con estos diagn\u00f3sticos. Contamos con todos los tratamientos y con todas las herramientas que son necesarias brindar a los pacientes\u201d, se\u00f1al\u00f3.<\/p>\n<p>Uno de los momentos que conmovi\u00f3 al p\u00fablico fue la participaci\u00f3n de dos personas que vencieron la enfermedad, quienes relataron su historia y la atenci\u00f3n profesional que les brind\u00f3 el IGSS durante el proceso.<\/p>\n<p>\u00a0\u201cGracias a Dios salimos adelante con el respaldo del Instituto, conformado por personal noble que nos dan esa luz, tanto m\u00e9dicos como enfermeras y todas las personas involucradas\u201d, coment\u00f3 Lidia Dub\u00f3n L\u00f3pez, sobreviviente. La actividad concluy\u00f3 con el acto simb\u00f3lico del toque de campana.<\/p>\n\r\n                <style type=\"text\/css\">\r\n                    \r\n                    #tdi_1  .td-doubleSlider-2 .td-item1 {\r\n                        background: url(\/wp-content\/uploads\/sites\/5\/2023\/02\/Dia-Mundial-contra-el-cancer-hospital-de-gineco-obstetricia-IGSS-2023-1-80x60.jpg) 0 0 no-repeat;\r\n                    }\r\n                    #tdi_1  .td-doubleSlider-2 .td-item2 {\r\n                        background: url(\/wp-content\/uploads\/sites\/5\/2023\/02\/Dia-Mundial-contra-el-cancer-hospital-de-gineco-obstetricia-IGSS-2023-4-80x60.jpg) 0 0 no-repeat;\r\n                    }\r\n                    #tdi_1  .td-doubleSlider-2 .td-item3 {\r\n                        background: url(\/wp-content\/uploads\/sites\/5\/2023\/02\/Dia-Mundial-contra-el-cancer-hospital-de-gineco-obstetricia-IGSS-2023-2-80x60.jpg) 0 0 no-repeat;\r\n                    }\r\n                    #tdi_1  .td-doubleSlider-2 .td-item4 {\r\n                        background: url(\/wp-content\/uploads\/sites\/5\/2023\/02\/Dia-Mundial-contra-el-cancer-hospital-de-gineco-obstetricia-IGSS-2023-3-80x60.jpg) 0 0 no-repeat;\r\n                    }\r\n                <\/style>\r\n\r\n                <div id=\"tdi_1\" class=\"td-gallery td-slide-on-2-columns\">\r\n                    <div class=\"post_td_gallery\">\r\n                        <div class=\"td-gallery-slide-top\">\r\n                           <div class=\"td-gallery-title\">Galer\u00eda de Im\u00e1genes<\/div>\r\n\r\n                            <div class=\"td-gallery-controls-wrapper\">\r\n                                <div class=\"td-gallery-slide-count\"><span class=\"td-gallery-slide-item-focus\">1<\/span> de 4<\/div>\r\n                                <div class=\"td-gallery-slide-prev-next-but\">\r\n                                    <i class = \"td-icon-left doubleSliderPrevButton\"><\/i>\r\n                                    <i class = \"td-icon-right doubleSliderNextButton\"><\/i>\r\n                                <\/div>\r\n                            <\/div>\r\n                        <\/div>\r\n\r\n                        <div class = \"td-doubleSlider-1 \">\r\n                            <div class = \"td-slider\">\r\n                                \r\n                    <div class = \"td-slide-item td-item1\">\r\n                        <figure class=\"td-slide-galery-figure td-slide-popup-gallery\">\r\n                            <a class=\"slide-gallery-image-link\" href=\"\/wp-content\/uploads\/sites\/5\/2023\/02\/Dia-Mundial-contra-el-cancer-hospital-de-gineco-obstetricia-IGSS-2023-1.jpg\" title=\"Dia Mundial contra el cancer hospital de gineco obstetricia IGSS 2023-1\"  data-caption=\"\"  data-description=\"\">\r\n                                <img decoding=\"async\" src=\"\/wp-content\/uploads\/sites\/5\/2023\/02\/Dia-Mundial-contra-el-cancer-hospital-de-gineco-obstetricia-IGSS-2023-1-630x420.jpg\" srcset=\"\/wp-content\/uploads\/sites\/5\/2023\/02\/Dia-Mundial-contra-el-cancer-hospital-de-gineco-obstetricia-IGSS-2023-1-630x420.jpg 630w, \/wp-content\/uploads\/sites\/5\/2023\/02\/Dia-Mundial-contra-el-cancer-hospital-de-gineco-obstetricia-IGSS-2023-1-300x200.jpg 300w, \/wp-content\/uploads\/sites\/5\/2023\/02\/Dia-Mundial-contra-el-cancer-hospital-de-gineco-obstetricia-IGSS-2023-1-768x512.jpg 768w, \/wp-content\/uploads\/sites\/5\/2023\/02\/Dia-Mundial-contra-el-cancer-hospital-de-gineco-obstetricia-IGSS-2023-1-1024x682.jpg 1024w, \/wp-content\/uploads\/sites\/5\/2023\/02\/Dia-Mundial-contra-el-cancer-hospital-de-gineco-obstetricia-IGSS-2023-1-1536x1023.jpg 1536w, \/wp-content\/uploads\/sites\/5\/2023\/02\/Dia-Mundial-contra-el-cancer-hospital-de-gineco-obstetricia-IGSS-2023-1-696x464.jpg 696w, \/wp-content\/uploads\/sites\/5\/2023\/02\/Dia-Mundial-contra-el-cancer-hospital-de-gineco-obstetricia-IGSS-2023-1-1068x712.jpg 1068w, \/wp-content\/uploads\/sites\/5\/2023\/02\/Dia-Mundial-contra-el-cancer-hospital-de-gineco-obstetricia-IGSS-2023-1-534x356.jpg 534w, \/wp-content\/uploads\/sites\/5\/2023\/02\/Dia-Mundial-contra-el-cancer-hospital-de-gineco-obstetricia-IGSS-2023-1.jpg 1600w\" sizes=\"(max-width: 630px) 100vw, 630px\" alt=\"\">\r\n                            <\/a>\r\n                            \r\n                        <\/figure>\r\n                    <\/div>\r\n                    <div class = \"td-slide-item td-item2\">\r\n                        <figure class=\"td-slide-galery-figure td-slide-popup-gallery\">\r\n                            <a class=\"slide-gallery-image-link\" href=\"\/wp-content\/uploads\/sites\/5\/2023\/02\/Dia-Mundial-contra-el-cancer-hospital-de-gineco-obstetricia-IGSS-2023-4.jpg\" title=\"Dia Mundial contra el cancer hospital de gineco obstetricia IGSS 2023-4\"  data-caption=\"\"  data-description=\"\">\r\n                                <img decoding=\"async\" src=\"\/wp-content\/uploads\/sites\/5\/2023\/02\/Dia-Mundial-contra-el-cancer-hospital-de-gineco-obstetricia-IGSS-2023-4-630x420.jpg\" srcset=\"\/wp-content\/uploads\/sites\/5\/2023\/02\/Dia-Mundial-contra-el-cancer-hospital-de-gineco-obstetricia-IGSS-2023-4-630x420.jpg 630w, \/wp-content\/uploads\/sites\/5\/2023\/02\/Dia-Mundial-contra-el-cancer-hospital-de-gineco-obstetricia-IGSS-2023-4-300x200.jpg 300w, \/wp-content\/uploads\/sites\/5\/2023\/02\/Dia-Mundial-contra-el-cancer-hospital-de-gineco-obstetricia-IGSS-2023-4-768x512.jpg 768w, \/wp-content\/uploads\/sites\/5\/2023\/02\/Dia-Mundial-contra-el-cancer-hospital-de-gineco-obstetricia-IGSS-2023-4-1024x682.jpg 1024w, \/wp-content\/uploads\/sites\/5\/2023\/02\/Dia-Mundial-contra-el-cancer-hospital-de-gineco-obstetricia-IGSS-2023-4-1536x1023.jpg 1536w, \/wp-content\/uploads\/sites\/5\/2023\/02\/Dia-Mundial-contra-el-cancer-hospital-de-gineco-obstetricia-IGSS-2023-4-696x464.jpg 696w, \/wp-content\/uploads\/sites\/5\/2023\/02\/Dia-Mundial-contra-el-cancer-hospital-de-gineco-obstetricia-IGSS-2023-4-1068x712.jpg 1068w, \/wp-content\/uploads\/sites\/5\/2023\/02\/Dia-Mundial-contra-el-cancer-hospital-de-gineco-obstetricia-IGSS-2023-4-534x356.jpg 534w, \/wp-content\/uploads\/sites\/5\/2023\/02\/Dia-Mundial-contra-el-cancer-hospital-de-gineco-obstetricia-IGSS-2023-4.jpg 1600w\" sizes=\"(max-width: 630px) 100vw, 630px\" alt=\"\">\r\n                            <\/a>\r\n                            \r\n                        <\/figure>\r\n                    <\/div>\r\n                    <div class = \"td-slide-item td-item3\">\r\n                        <figure class=\"td-slide-galery-figure td-slide-popup-gallery\">\r\n                            <a class=\"slide-gallery-image-link\" href=\"\/wp-content\/uploads\/sites\/5\/2023\/02\/Dia-Mundial-contra-el-cancer-hospital-de-gineco-obstetricia-IGSS-2023-2.jpg\" title=\"Dia Mundial contra el cancer hospital de gineco obstetricia IGSS 2023-2\"  data-caption=\"\"  data-description=\"\">\r\n                                <img decoding=\"async\" src=\"\/wp-content\/uploads\/sites\/5\/2023\/02\/Dia-Mundial-contra-el-cancer-hospital-de-gineco-obstetricia-IGSS-2023-2-630x420.jpg\" srcset=\"\/wp-content\/uploads\/sites\/5\/2023\/02\/Dia-Mundial-contra-el-cancer-hospital-de-gineco-obstetricia-IGSS-2023-2-630x420.jpg 630w, \/wp-content\/uploads\/sites\/5\/2023\/02\/Dia-Mundial-contra-el-cancer-hospital-de-gineco-obstetricia-IGSS-2023-2-300x200.jpg 300w, \/wp-content\/uploads\/sites\/5\/2023\/02\/Dia-Mundial-contra-el-cancer-hospital-de-gineco-obstetricia-IGSS-2023-2-768x512.jpg 768w, \/wp-content\/uploads\/sites\/5\/2023\/02\/Dia-Mundial-contra-el-cancer-hospital-de-gineco-obstetricia-IGSS-2023-2-1024x682.jpg 1024w, \/wp-content\/uploads\/sites\/5\/2023\/02\/Dia-Mundial-contra-el-cancer-hospital-de-gineco-obstetricia-IGSS-2023-2-1536x1023.jpg 1536w, \/wp-content\/uploads\/sites\/5\/2023\/02\/Dia-Mundial-contra-el-cancer-hospital-de-gineco-obstetricia-IGSS-2023-2-696x464.jpg 696w, \/wp-content\/uploads\/sites\/5\/2023\/02\/Dia-Mundial-contra-el-cancer-hospital-de-gineco-obstetricia-IGSS-2023-2-1068x712.jpg 1068w, \/wp-content\/uploads\/sites\/5\/2023\/02\/Dia-Mundial-contra-el-cancer-hospital-de-gineco-obstetricia-IGSS-2023-2-534x356.jpg 534w, \/wp-content\/uploads\/sites\/5\/2023\/02\/Dia-Mundial-contra-el-cancer-hospital-de-gineco-obstetricia-IGSS-2023-2.jpg 1600w\" sizes=\"(max-width: 630px) 100vw, 630px\" alt=\"\">\r\n                            <\/a>\r\n                            \r\n                        <\/figure>\r\n                    <\/div>\r\n                    <div class = \"td-slide-item td-item4\">\r\n                        <figure class=\"td-slide-galery-figure td-slide-popup-gallery\">\r\n                            <a class=\"slide-gallery-image-link\" href=\"\/wp-content\/uploads\/sites\/5\/2023\/02\/Dia-Mundial-contra-el-cancer-hospital-de-gineco-obstetricia-IGSS-2023-3.jpg\" title=\"Dia Mundial contra el cancer hospital de gineco obstetricia IGSS 2023-3\"  data-caption=\"\"  data-description=\"\">\r\n                                <img decoding=\"async\" src=\"\/wp-content\/uploads\/sites\/5\/2023\/02\/Dia-Mundial-contra-el-cancer-hospital-de-gineco-obstetricia-IGSS-2023-3-630x420.jpg\" srcset=\"\/wp-content\/uploads\/sites\/5\/2023\/02\/Dia-Mundial-contra-el-cancer-hospital-de-gineco-obstetricia-IGSS-2023-3-630x420.jpg 630w, \/wp-content\/uploads\/sites\/5\/2023\/02\/Dia-Mundial-contra-el-cancer-hospital-de-gineco-obstetricia-IGSS-2023-3-300x200.jpg 300w, \/wp-content\/uploads\/sites\/5\/2023\/02\/Dia-Mundial-contra-el-cancer-hospital-de-gineco-obstetricia-IGSS-2023-3-768x512.jpg 768w, \/wp-content\/uploads\/sites\/5\/2023\/02\/Dia-Mundial-contra-el-cancer-hospital-de-gineco-obstetricia-IGSS-2023-3-1024x682.jpg 1024w, \/wp-content\/uploads\/sites\/5\/2023\/02\/Dia-Mundial-contra-el-cancer-hospital-de-gineco-obstetricia-IGSS-2023-3-1536x1023.jpg 1536w, \/wp-content\/uploads\/sites\/5\/2023\/02\/Dia-Mundial-contra-el-cancer-hospital-de-gineco-obstetricia-IGSS-2023-3-696x464.jpg 696w, \/wp-content\/uploads\/sites\/5\/2023\/02\/Dia-Mundial-contra-el-cancer-hospital-de-gineco-obstetricia-IGSS-2023-3-1068x712.jpg 1068w, \/wp-content\/uploads\/sites\/5\/2023\/02\/Dia-Mundial-contra-el-cancer-hospital-de-gineco-obstetricia-IGSS-2023-3-534x356.jpg 534w, \/wp-content\/uploads\/sites\/5\/2023\/02\/Dia-Mundial-contra-el-cancer-hospital-de-gineco-obstetricia-IGSS-2023-3.jpg 1600w\" sizes=\"(max-width: 630px) 100vw, 630px\" alt=\"\">\r\n                            <\/a>\r\n                            \r\n                        <\/figure>\r\n                    <\/div>\r\n                            <\/div>\r\n                        <\/div>\r\n\r\n                        <div class = \"td-doubleSlider-2\">\r\n                            <div class = \"td-slider\">\r\n                                \r\n                    <div class = \"td-button td-item1\">\r\n                        <div class = \"td-border\"><\/div>\r\n                    <\/div>\r\n                    <div class = \"td-button td-item2\">\r\n                        <div class = \"td-border\"><\/div>\r\n                    <\/div>\r\n                    <div class = \"td-button td-item3\">\r\n                        <div class = \"td-border\"><\/div>\r\n                    <\/div>\r\n                    <div class = \"td-button td-item4\">\r\n                        <div class = \"td-border\"><\/div>\r\n                    <\/div>\r\n                            <\/div>\r\n                        <\/div>\r\n\r\n                    <\/div>\r\n\r\n                <\/div>\r\n                \n","protected":false},"excerpt":{"rendered":"<p>En el Hospital de Gineco Obstetricia del Instituto Guatemalteco de Seguridad Social (IGSS) se realiz\u00f3 un acto por el D\u00eda Mundial contra el C\u00e1ncer, el cual se conmemora el 4 de febrero de cada a\u00f1o. A la actividad asistieron los doctores Mario David Cer\u00f3n Donis, segundo vicepresidente de la Junta Directiva; Roberto Camposeco Cruz, director [&hellip;]<\/p>\n","protected":false},"author":4,"featured_media":33186,"comment_status":"closed","ping_status":"closed","sticky":false,"template":"","format":"standard","meta":{"footnotes":""},"categories":[3],"tags":[153,1600,477],"coauthors":[],"class_list":{"0":"post-33185","1":"post","2":"type-post","3":"status-publish","4":"format-standard","5":"has-post-thumbnail","7":"category-actualidad","8":"tag-cancer","9":"tag-dia-mundial-contra-el-cancer","10":"tag-hospital-de-gineco-obstetricia"},"_links":{"self":[{"href":"https:\/\/www.igssgt.org\/noticias\/wp-json\/wp\/v2\/posts\/33185","targetHints":{"allow":["GET"]}}],"collection":[{"href":"https:\/\/www.igssgt.org\/noticias\/wp-json\/wp\/v2\/posts"}],"about":[{"href":"https:\/\/www.igssgt.org\/noticias\/wp-json\/wp\/v2\/types\/post"}],"author":[{"embeddable":true,"href":"https:\/\/www.igssgt.org\/noticias\/wp-json\/wp\/v2\/users\/4"}],"replies":[{"embeddable":true,"href":"https:\/\/www.igssgt.org\/noticias\/wp-json\/wp\/v2\/comments?post=33185"}],"version-history":[{"count":2,"href":"https:\/\/www.igssgt.org\/noticias\/wp-json\/wp\/v2\/posts\/33185\/revisions"}],"predecessor-version":[{"id":33194,"href":"https:\/\/www.igssgt.org\/noticias\/wp-json\/wp\/v2\/posts\/33185\/revisions\/33194"}],"wp:featuredmedia":[{"embeddable":true,"href":"https:\/\/www.igssgt.org\/noticias\/wp-json\/wp\/v2\/media\/33186"}],"wp:attachment":[{"href":"https:\/\/www.igssgt.org\/noticias\/wp-json\/wp\/v2\/media?parent=33185"}],"wp:term":[{"taxonomy":"category","embeddable":true,"href":"https:\/\/www.igssgt.org\/noticias\/wp-json\/wp\/v2\/categories?post=33185"},{"taxonomy":"post_tag","embeddable":true,"href":"https:\/\/www.igssgt.org\/noticias\/wp-json\/wp\/v2\/tags?post=33185"},{"taxonomy":"author","embeddable":true,"href":"https:\/\/www.igssgt.org\/noticias\/wp-json\/wp\/v2\/coauthors?post=33185"}],"curies":[{"name":"wp","href":"https:\/\/api.w.org\/{rel}","templated":true}]}}