{"id":33237,"date":"2023-02-04T08:00:00","date_gmt":"2023-02-04T14:00:00","guid":{"rendered":"https:\/\/www.igssgt.org\/noticias\/?p=33237"},"modified":"2023-02-08T09:14:09","modified_gmt":"2023-02-08T15:14:09","slug":"avanza-implementacion-de-registro-medico-electronico","status":"publish","type":"post","link":"https:\/\/www.igssgt.org\/noticias\/2023\/02\/04\/avanza-implementacion-de-registro-medico-electronico\/","title":{"rendered":"Avanza implementaci\u00f3n de Registro M\u00e9dico Electr\u00f3nico"},"content":{"rendered":"\n<p class=\"has-drop-cap\">Como parte del proceso de modernizaci\u00f3n de los servicios del Instituto Guatemalteco de Seguridad Social (IGSS), los Jefes de Registros M\u00e9dicos de todas las unidades Metropolitanas y Departamentales, participaron en una reuni\u00f3n de trabajo y capacitaci\u00f3n para el fortalecimiento de la implementaci\u00f3n del Expediente del Registro M\u00e9dico Electr\u00f3nico, el cual ya dio inicio, considerando el Acuerdo 15\/2018 de Gerencia.<\/p>\n\n\n<p>Este registro permitir\u00e1 que el historial m\u00e9dico de los afiliados, derechohabientes, pensionados y jubilados al R\u00e9gimen de la Seguridad Social sea registrado de manera electr\u00f3nica.<\/p>\n<p><a href=\"\/wp-content\/uploads\/sites\/5\/2023\/02\/Registro-Medico-Electronico-4.jpg\" target=\"_blank\" rel=\"noopener\"><img loading=\"lazy\" decoding=\"async\" class=\"alignnone wp-image-33241 size-full\" src=\"\/wp-content\/uploads\/sites\/5\/2023\/02\/Registro-Medico-Electronico-4.jpg\" alt=\"\" width=\"1412\" height=\"1007\" srcset=\"\/wp-content\/uploads\/sites\/5\/2023\/02\/Registro-Medico-Electronico-4.jpg 1412w, \/wp-content\/uploads\/sites\/5\/2023\/02\/Registro-Medico-Electronico-4-300x214.jpg 300w, \/wp-content\/uploads\/sites\/5\/2023\/02\/Registro-Medico-Electronico-4-768x548.jpg 768w, \/wp-content\/uploads\/sites\/5\/2023\/02\/Registro-Medico-Electronico-4-1024x730.jpg 1024w, \/wp-content\/uploads\/sites\/5\/2023\/02\/Registro-Medico-Electronico-4-589x420.jpg 589w, \/wp-content\/uploads\/sites\/5\/2023\/02\/Registro-Medico-Electronico-4-696x496.jpg 696w, \/wp-content\/uploads\/sites\/5\/2023\/02\/Registro-Medico-Electronico-4-1068x762.jpg 1068w, \/wp-content\/uploads\/sites\/5\/2023\/02\/Registro-Medico-Electronico-4-100x70.jpg 100w, \/wp-content\/uploads\/sites\/5\/2023\/02\/Registro-Medico-Electronico-4-534x381.jpg 534w\" sizes=\"auto, (max-width: 1412px) 100vw, 1412px\" \/><\/a><\/p>\n<p>El doctor Francisco Godinez, Subgerente de Prestaciones en Salud, estuvo presente instando al fortalecimiento y el apoyo absoluto a este proceso; de igual manera el Dr. Juan Roberto Morales Castillo, Jefe del Departamento Medico de Servicios T\u00e9cnicos, resalt\u00f3 que el mundo es cambiante, sobre todo en el aspecto tecnol\u00f3gico, por lo que es urgente y necesario involucrarse en el proceso de modernizaci\u00f3n, el cual permitir\u00e1 que el Instituto cumpla con el objetivo de ofrecer una atenci\u00f3n integral, pronta y oportuna, disminuyendo tiempos y fortaleciendo todas y cada una de las \u00e1reas que son parte y eje de la atenci\u00f3n para la calidad; as\u00ed mismo, indic\u00f3 que los funcionarios encargados de los registros m\u00e9dicos son claves en este proceso, el cual debe de integrarse sin ninguna limitante y obstaculizaci\u00f3n alguna, dada la importancia del beneficio a los pacientes.<\/p>\n<blockquote>\n<p>Hay muchos procesos automatizados y registros digitalizados, y se est\u00e1 trabajando para habilitar la firma electr\u00f3nica<\/p>\n<\/blockquote>\n<p>Por su parte, la doctora Antonia Montejo, Jefa de la Secci\u00f3n de Registros M\u00e9dicos, inform\u00f3 que hay muchos procesos automatizados y registros digitalizados, y se est\u00e1 trabajando para habilitar la firma electr\u00f3nica.<\/p>\n<p>El Dr. Morales Castillo, indic\u00f3 que el Expediente M\u00e9dico Electr\u00f3nico ser\u00e1 implementado de manera progresiva en las unidades m\u00e9dicas del Seguro Social, dando inicio en el \u00e1rea sur del pa\u00eds, mientras tanto se estar\u00e1 permitiendo el uso de expedientes f\u00edsicos.<\/p>\n<p><a href=\"\/wp-content\/uploads\/sites\/5\/2023\/02\/Registro-Medico-Electronico-3.jpg\" target=\"_blank\" rel=\"noopener\"><img loading=\"lazy\" decoding=\"async\" class=\"alignnone wp-image-33240 size-full\" src=\"\/wp-content\/uploads\/sites\/5\/2023\/02\/Registro-Medico-Electronico-3.jpg\" alt=\"\" width=\"1457\" height=\"989\" srcset=\"\/wp-content\/uploads\/sites\/5\/2023\/02\/Registro-Medico-Electronico-3.jpg 1457w, \/wp-content\/uploads\/sites\/5\/2023\/02\/Registro-Medico-Electronico-3-300x204.jpg 300w, \/wp-content\/uploads\/sites\/5\/2023\/02\/Registro-Medico-Electronico-3-768x521.jpg 768w, \/wp-content\/uploads\/sites\/5\/2023\/02\/Registro-Medico-Electronico-3-1024x695.jpg 1024w, \/wp-content\/uploads\/sites\/5\/2023\/02\/Registro-Medico-Electronico-3-619x420.jpg 619w, \/wp-content\/uploads\/sites\/5\/2023\/02\/Registro-Medico-Electronico-3-696x472.jpg 696w, \/wp-content\/uploads\/sites\/5\/2023\/02\/Registro-Medico-Electronico-3-1068x725.jpg 1068w, \/wp-content\/uploads\/sites\/5\/2023\/02\/Registro-Medico-Electronico-3-534x362.jpg 534w\" sizes=\"auto, (max-width: 1457px) 100vw, 1457px\" \/><\/a><\/p>\n<p>Durante la capacitaci\u00f3n se abordaron los detalles para este registro, las funciones de las oficinas encargadas y el resguardo del expediente m\u00e9dico electr\u00f3nico, entre otros.<\/p>\n<p>Esta implementaci\u00f3n dar\u00e1 un aporte incalculable al dinamismo de la atenci\u00f3n m\u00e9dica en todo su proceso y de los actores involucrados en el mismo, por lo que ninguna circunstancia deber\u00e1 limitar tan apreciado impulso y aseguramiento de la calidad de nuestros afiliados y derechohabientes, puntualiz\u00f3 el Dr. Morales Castillo.<\/p>\n<p><a href=\"\/wp-content\/uploads\/sites\/5\/2023\/02\/Registro-Medico-Electronico-1.jpg\" target=\"_blank\" rel=\"noopener\"><img loading=\"lazy\" decoding=\"async\" class=\"alignnone wp-image-33238 size-full\" src=\"\/wp-content\/uploads\/sites\/5\/2023\/02\/Registro-Medico-Electronico-1.jpg\" alt=\"\" width=\"1534\" height=\"1050\" srcset=\"\/wp-content\/uploads\/sites\/5\/2023\/02\/Registro-Medico-Electronico-1.jpg 1534w, \/wp-content\/uploads\/sites\/5\/2023\/02\/Registro-Medico-Electronico-1-300x205.jpg 300w, \/wp-content\/uploads\/sites\/5\/2023\/02\/Registro-Medico-Electronico-1-768x526.jpg 768w, \/wp-content\/uploads\/sites\/5\/2023\/02\/Registro-Medico-Electronico-1-1024x701.jpg 1024w, \/wp-content\/uploads\/sites\/5\/2023\/02\/Registro-Medico-Electronico-1-614x420.jpg 614w, \/wp-content\/uploads\/sites\/5\/2023\/02\/Registro-Medico-Electronico-1-218x150.jpg 218w, \/wp-content\/uploads\/sites\/5\/2023\/02\/Registro-Medico-Electronico-1-696x476.jpg 696w, \/wp-content\/uploads\/sites\/5\/2023\/02\/Registro-Medico-Electronico-1-1068x731.jpg 1068w, \/wp-content\/uploads\/sites\/5\/2023\/02\/Registro-Medico-Electronico-1-534x366.jpg 534w\" sizes=\"auto, (max-width: 1534px) 100vw, 1534px\" \/><\/a><\/p>","protected":false},"excerpt":{"rendered":"<p>Como parte del proceso de modernizaci\u00f3n de los servicios del Instituto Guatemalteco de Seguridad Social (IGSS), los Jefes de Registros M\u00e9dicos de todas las unidades Metropolitanas y Departamentales, participaron en una reuni\u00f3n de trabajo y capacitaci\u00f3n para el fortalecimiento de la implementaci\u00f3n del Expediente del Registro M\u00e9dico Electr\u00f3nico, el cual ya dio inicio, considerando el [&hellip;]<\/p>\n","protected":false},"author":1961,"featured_media":33239,"comment_status":"closed","ping_status":"closed","sticky":false,"template":"","format":"standard","meta":{"footnotes":""},"categories":[3],"tags":[1059,1602],"coauthors":[],"class_list":{"0":"post-33237","1":"post","2":"type-post","3":"status-publish","4":"format-standard","5":"has-post-thumbnail","7":"category-actualidad","8":"tag-capacitacion-igss","9":"tag-registro-medico-electronico"},"_links":{"self":[{"href":"https:\/\/www.igssgt.org\/noticias\/wp-json\/wp\/v2\/posts\/33237","targetHints":{"allow":["GET"]}}],"collection":[{"href":"https:\/\/www.igssgt.org\/noticias\/wp-json\/wp\/v2\/posts"}],"about":[{"href":"https:\/\/www.igssgt.org\/noticias\/wp-json\/wp\/v2\/types\/post"}],"author":[{"embeddable":true,"href":"https:\/\/www.igssgt.org\/noticias\/wp-json\/wp\/v2\/users\/1961"}],"replies":[{"embeddable":true,"href":"https:\/\/www.igssgt.org\/noticias\/wp-json\/wp\/v2\/comments?post=33237"}],"version-history":[{"count":3,"href":"https:\/\/www.igssgt.org\/noticias\/wp-json\/wp\/v2\/posts\/33237\/revisions"}],"predecessor-version":[{"id":33244,"href":"https:\/\/www.igssgt.org\/noticias\/wp-json\/wp\/v2\/posts\/33237\/revisions\/33244"}],"wp:featuredmedia":[{"embeddable":true,"href":"https:\/\/www.igssgt.org\/noticias\/wp-json\/wp\/v2\/media\/33239"}],"wp:attachment":[{"href":"https:\/\/www.igssgt.org\/noticias\/wp-json\/wp\/v2\/media?parent=33237"}],"wp:term":[{"taxonomy":"category","embeddable":true,"href":"https:\/\/www.igssgt.org\/noticias\/wp-json\/wp\/v2\/categories?post=33237"},{"taxonomy":"post_tag","embeddable":true,"href":"https:\/\/www.igssgt.org\/noticias\/wp-json\/wp\/v2\/tags?post=33237"},{"taxonomy":"author","embeddable":true,"href":"https:\/\/www.igssgt.org\/noticias\/wp-json\/wp\/v2\/coauthors?post=33237"}],"curies":[{"name":"wp","href":"https:\/\/api.w.org\/{rel}","templated":true}]}}