{"id":33295,"date":"2023-02-05T12:00:00","date_gmt":"2023-02-05T18:00:00","guid":{"rendered":"https:\/\/www.igssgt.org\/noticias\/?p=33295"},"modified":"2023-02-08T11:23:28","modified_gmt":"2023-02-08T17:23:28","slug":"el-igss-y-la-familia-el-principal-apoyo-para-pacientes-con-cancer","status":"publish","type":"post","link":"https:\/\/www.igssgt.org\/noticias\/2023\/02\/05\/el-igss-y-la-familia-el-principal-apoyo-para-pacientes-con-cancer\/","title":{"rendered":"El IGSS y la familia, el principal apoyo para pacientes con c\u00e1ncer"},"content":{"rendered":"\n<p class=\"has-drop-cap\">El 4 de febrero de cada a\u00f1o se conmemora el D\u00eda Mundial contra el C\u00e1ncer, una enfermedad que provoca el temor de un desenlace fatal. En ese sentido, apoyar a una persona que ha sido diagnosticada con la enfermedad es un desaf\u00edo al que se enfrentan los m\u00e9dicos, el paciente y su c\u00edrculo m\u00e1s cercano.<\/p>\n\n\n<p><a href=\"\/wp-content\/uploads\/sites\/5\/2023\/02\/apoyo-para-pacientes-con-cancer-3.jpg\" target=\"_blank\" rel=\"noopener\"><img loading=\"lazy\" decoding=\"async\" class=\"alignnone wp-image-33298 size-full\" src=\"\/wp-content\/uploads\/sites\/5\/2023\/02\/apoyo-para-pacientes-con-cancer-3.jpg\" alt=\"\" width=\"960\" height=\"640\" srcset=\"\/wp-content\/uploads\/sites\/5\/2023\/02\/apoyo-para-pacientes-con-cancer-3.jpg 960w, \/wp-content\/uploads\/sites\/5\/2023\/02\/apoyo-para-pacientes-con-cancer-3-300x200.jpg 300w, \/wp-content\/uploads\/sites\/5\/2023\/02\/apoyo-para-pacientes-con-cancer-3-768x512.jpg 768w, \/wp-content\/uploads\/sites\/5\/2023\/02\/apoyo-para-pacientes-con-cancer-3-630x420.jpg 630w, \/wp-content\/uploads\/sites\/5\/2023\/02\/apoyo-para-pacientes-con-cancer-3-696x464.jpg 696w, \/wp-content\/uploads\/sites\/5\/2023\/02\/apoyo-para-pacientes-con-cancer-3-534x356.jpg 534w\" sizes=\"auto, (max-width: 960px) 100vw, 960px\" \/><\/a><\/p>\n<p>Al respecto, el ginec\u00f3logo onc\u00f3logo Francisco Castillo Pinto, jefe de Servicios de la Unidad de C\u00e1ncer Ginecol\u00f3gico y C\u00e1ncer de Mama del Hospital de Gineco Obstetricia, expres\u00f3 que el reto es grande una vez que se recibe el diagn\u00f3stico, pues se tiene la incertidumbre de si se tendr\u00e1 acceso a atenci\u00f3n m\u00e9dica.<\/p>\n<p><a href=\"\/wp-content\/uploads\/sites\/5\/2023\/02\/apoyo-para-pacientes-con-cancer-1.jpg\" target=\"_blank\" rel=\"noopener\"><img loading=\"lazy\" decoding=\"async\" class=\"alignleft wp-image-33296\" src=\"\/wp-content\/uploads\/sites\/5\/2023\/02\/apoyo-para-pacientes-con-cancer-1.jpg\" alt=\"\" width=\"262\" height=\"324\" srcset=\"\/wp-content\/uploads\/sites\/5\/2023\/02\/apoyo-para-pacientes-con-cancer-1.jpg 640w, \/wp-content\/uploads\/sites\/5\/2023\/02\/apoyo-para-pacientes-con-cancer-1-243x300.jpg 243w, \/wp-content\/uploads\/sites\/5\/2023\/02\/apoyo-para-pacientes-con-cancer-1-340x420.jpg 340w, \/wp-content\/uploads\/sites\/5\/2023\/02\/apoyo-para-pacientes-con-cancer-1-324x400.jpg 324w, \/wp-content\/uploads\/sites\/5\/2023\/02\/apoyo-para-pacientes-con-cancer-1-374x462.jpg 374w\" sizes=\"auto, (max-width: 262px) 100vw, 262px\" \/><\/a>El especialista expuso que el Instituto Guatemalteco de Seguridad Social (IGSS) ofrece a los pacientes recursos integrales para los cuidados requeridos, entre estos la quimioterapia y radioterapia. <strong>\u201cNosotros como m\u00e9dicos brindamos la asistencia y el tratamiento que debe tener el paciente en estos momentos que son muy dif\u00edciles de enfrentar\u201d<\/strong>, afirm\u00f3.<\/p>\n<p>Sin embargo, el doctor Castillo Pinto enfatiz\u00f3 que la familia debe involucrarse en el plano sentimental, y destac\u00f3 la importancia de que se sensibilice con el paciente, demostr\u00e1ndole apoyo emocional y moral.<\/p>\n<p>Sobre esto, el doctor Roberto Camposeco Cruz, director m\u00e9dico hospitalario de la misma unidad, dijo que las personas que padecen c\u00e1ncer y sus familias sufren por el miedo a lo que podr\u00eda suceder. Asegur\u00f3 que si bien al principio la enfermedad pareciera asociarse con la muerte, esto no necesariamente es as\u00ed. Uno de cada tres casos puede salvarse si es detectado a tiempo y si el tratamiento es el adecuado.<\/p>\n<p><a href=\"\/wp-content\/uploads\/sites\/5\/2023\/02\/apoyo-para-pacientes-con-cancer-2.jpg\" target=\"_blank\" rel=\"noopener\"><img loading=\"lazy\" decoding=\"async\" class=\"alignnone wp-image-33297 size-full\" src=\"\/wp-content\/uploads\/sites\/5\/2023\/02\/apoyo-para-pacientes-con-cancer-2.jpg\" alt=\"\" width=\"1452\" height=\"985\" srcset=\"\/wp-content\/uploads\/sites\/5\/2023\/02\/apoyo-para-pacientes-con-cancer-2.jpg 1452w, \/wp-content\/uploads\/sites\/5\/2023\/02\/apoyo-para-pacientes-con-cancer-2-300x204.jpg 300w, \/wp-content\/uploads\/sites\/5\/2023\/02\/apoyo-para-pacientes-con-cancer-2-768x521.jpg 768w, \/wp-content\/uploads\/sites\/5\/2023\/02\/apoyo-para-pacientes-con-cancer-2-1024x695.jpg 1024w, \/wp-content\/uploads\/sites\/5\/2023\/02\/apoyo-para-pacientes-con-cancer-2-619x420.jpg 619w, \/wp-content\/uploads\/sites\/5\/2023\/02\/apoyo-para-pacientes-con-cancer-2-696x472.jpg 696w, \/wp-content\/uploads\/sites\/5\/2023\/02\/apoyo-para-pacientes-con-cancer-2-1068x725.jpg 1068w, \/wp-content\/uploads\/sites\/5\/2023\/02\/apoyo-para-pacientes-con-cancer-2-534x362.jpg 534w\" sizes=\"auto, (max-width: 1452px) 100vw, 1452px\" \/><\/a><\/p>\n<p>En cuanto a medidas de prevenci\u00f3n del c\u00e1ncer, ambos doctores aconsejan tener un estilo de vida saludable, mantener el peso ideal, hacer ejercicio y evitar el consumo de alcohol u otras sustancias nocivas. <strong>\u201cElevo mi plegaria a Dios todos los d\u00edas antes de ingresar a nuestras instalaciones, para que \u00c9l sea quien gu\u00ede a nuestro personal y acompa\u00f1e a los pacientes\u201d<\/strong>, agreg\u00f3 el director Camposeco.<\/p>\n<p><a href=\"\/wp-content\/uploads\/sites\/5\/2023\/02\/apoyo-para-pacientes-con-cancer-4.jpg\" target=\"_blank\" rel=\"noopener\"><img loading=\"lazy\" decoding=\"async\" class=\"alignnone wp-image-33299 size-full\" src=\"\/wp-content\/uploads\/sites\/5\/2023\/02\/apoyo-para-pacientes-con-cancer-4.jpg\" alt=\"\" width=\"1436\" height=\"930\" srcset=\"\/wp-content\/uploads\/sites\/5\/2023\/02\/apoyo-para-pacientes-con-cancer-4.jpg 1436w, \/wp-content\/uploads\/sites\/5\/2023\/02\/apoyo-para-pacientes-con-cancer-4-300x194.jpg 300w, \/wp-content\/uploads\/sites\/5\/2023\/02\/apoyo-para-pacientes-con-cancer-4-768x497.jpg 768w, \/wp-content\/uploads\/sites\/5\/2023\/02\/apoyo-para-pacientes-con-cancer-4-1024x663.jpg 1024w, \/wp-content\/uploads\/sites\/5\/2023\/02\/apoyo-para-pacientes-con-cancer-4-649x420.jpg 649w, \/wp-content\/uploads\/sites\/5\/2023\/02\/apoyo-para-pacientes-con-cancer-4-696x451.jpg 696w, \/wp-content\/uploads\/sites\/5\/2023\/02\/apoyo-para-pacientes-con-cancer-4-1068x692.jpg 1068w, \/wp-content\/uploads\/sites\/5\/2023\/02\/apoyo-para-pacientes-con-cancer-4-534x346.jpg 534w\" sizes=\"auto, (max-width: 1436px) 100vw, 1436px\" \/><\/a><\/p>","protected":false},"excerpt":{"rendered":"<p>El 4 de febrero de cada a\u00f1o se conmemora el D\u00eda Mundial contra el C\u00e1ncer, una enfermedad que provoca el temor de un desenlace fatal. En ese sentido, apoyar a una persona que ha sido diagnosticada con la enfermedad es un desaf\u00edo al que se enfrentan los m\u00e9dicos, el paciente y su c\u00edrculo m\u00e1s cercano. [&hellip;]<\/p>\n","protected":false},"author":1961,"featured_media":33300,"comment_status":"closed","ping_status":"closed","sticky":false,"template":"","format":"standard","meta":{"footnotes":""},"categories":[3],"tags":[157,1600,477],"coauthors":[],"class_list":{"0":"post-33295","1":"post","2":"type-post","3":"status-publish","4":"format-standard","5":"has-post-thumbnail","7":"category-actualidad","8":"tag-cancer-de-mama","9":"tag-dia-mundial-contra-el-cancer","10":"tag-hospital-de-gineco-obstetricia"},"_links":{"self":[{"href":"https:\/\/www.igssgt.org\/noticias\/wp-json\/wp\/v2\/posts\/33295","targetHints":{"allow":["GET"]}}],"collection":[{"href":"https:\/\/www.igssgt.org\/noticias\/wp-json\/wp\/v2\/posts"}],"about":[{"href":"https:\/\/www.igssgt.org\/noticias\/wp-json\/wp\/v2\/types\/post"}],"author":[{"embeddable":true,"href":"https:\/\/www.igssgt.org\/noticias\/wp-json\/wp\/v2\/users\/1961"}],"replies":[{"embeddable":true,"href":"https:\/\/www.igssgt.org\/noticias\/wp-json\/wp\/v2\/comments?post=33295"}],"version-history":[{"count":2,"href":"https:\/\/www.igssgt.org\/noticias\/wp-json\/wp\/v2\/posts\/33295\/revisions"}],"predecessor-version":[{"id":33302,"href":"https:\/\/www.igssgt.org\/noticias\/wp-json\/wp\/v2\/posts\/33295\/revisions\/33302"}],"wp:featuredmedia":[{"embeddable":true,"href":"https:\/\/www.igssgt.org\/noticias\/wp-json\/wp\/v2\/media\/33300"}],"wp:attachment":[{"href":"https:\/\/www.igssgt.org\/noticias\/wp-json\/wp\/v2\/media?parent=33295"}],"wp:term":[{"taxonomy":"category","embeddable":true,"href":"https:\/\/www.igssgt.org\/noticias\/wp-json\/wp\/v2\/categories?post=33295"},{"taxonomy":"post_tag","embeddable":true,"href":"https:\/\/www.igssgt.org\/noticias\/wp-json\/wp\/v2\/tags?post=33295"},{"taxonomy":"author","embeddable":true,"href":"https:\/\/www.igssgt.org\/noticias\/wp-json\/wp\/v2\/coauthors?post=33295"}],"curies":[{"name":"wp","href":"https:\/\/api.w.org\/{rel}","templated":true}]}}