{"id":33358,"date":"2023-02-11T14:05:00","date_gmt":"2023-02-11T20:05:00","guid":{"rendered":"https:\/\/www.igssgt.org\/noticias\/?p=33358"},"modified":"2023-02-21T11:27:42","modified_gmt":"2023-02-21T17:27:42","slug":"identifique-si-su-bebe-padece-de-problemas-visuales-o-auditivos","status":"publish","type":"post","link":"https:\/\/www.igssgt.org\/noticias\/2023\/02\/11\/identifique-si-su-bebe-padece-de-problemas-visuales-o-auditivos\/","title":{"rendered":"Identifique si su beb\u00e9 padece de problemas visuales o auditivos"},"content":{"rendered":"\n<p class=\"has-drop-cap\">El adecuado funcionamiento del sistema sensorial de un reci\u00e9n nacido es importante para que este pueda percibir e interpretar su entorno. Los problemas en su visi\u00f3n o audici\u00f3n pueden afectar su desarrollo y aprendizaje si no son tratados. Para que las repercusiones no sean a largo plazo, es necesaria su detecci\u00f3n temprana.&nbsp;<\/p>\n\n\n\n<p>El doctor Jonathan Chojol\u00e1n, pediatra del Hospital de Rehabilitaci\u00f3n del IGSS, inform\u00f3 que las principales causas de los problemas sensoriales auditivos y visuales en los reci\u00e9n nacidos son las enfermedades por virus que padecen las madres durante el embarazo, tal como el zika o el citomegalovirus.<\/p>\n<p><a href=\"\/wp-content\/uploads\/sites\/5\/2023\/02\/Problemas-visuales-o-auditivos-bebes-ninos-IGSS-2023-3.jpg\"><img loading=\"lazy\" decoding=\"async\" class=\"aligncenter size-full wp-image-33360\" src=\"\/wp-content\/uploads\/sites\/5\/2023\/02\/Problemas-visuales-o-auditivos-bebes-ninos-IGSS-2023-3.jpg\" alt=\"\" width=\"1061\" height=\"881\" srcset=\"\/wp-content\/uploads\/sites\/5\/2023\/02\/Problemas-visuales-o-auditivos-bebes-ninos-IGSS-2023-3.jpg 1061w, \/wp-content\/uploads\/sites\/5\/2023\/02\/Problemas-visuales-o-auditivos-bebes-ninos-IGSS-2023-3-300x249.jpg 300w, \/wp-content\/uploads\/sites\/5\/2023\/02\/Problemas-visuales-o-auditivos-bebes-ninos-IGSS-2023-3-768x638.jpg 768w, \/wp-content\/uploads\/sites\/5\/2023\/02\/Problemas-visuales-o-auditivos-bebes-ninos-IGSS-2023-3-1024x850.jpg 1024w, \/wp-content\/uploads\/sites\/5\/2023\/02\/Problemas-visuales-o-auditivos-bebes-ninos-IGSS-2023-3-506x420.jpg 506w, \/wp-content\/uploads\/sites\/5\/2023\/02\/Problemas-visuales-o-auditivos-bebes-ninos-IGSS-2023-3-696x578.jpg 696w, \/wp-content\/uploads\/sites\/5\/2023\/02\/Problemas-visuales-o-auditivos-bebes-ninos-IGSS-2023-3-534x443.jpg 534w\" sizes=\"auto, (max-width: 1061px) 100vw, 1061px\" \/><\/a><\/p>\n<p>Explic\u00f3 que evaluando las respuestas a los est\u00edmulos visuales y auditivos en un ni\u00f1o menor de un a\u00f1o es posible detectarle complicaciones.<\/p>\n<p>Asimismo, dijo que hay signos que pueden indicar a los padres que el menor tiene estos problemas. En el aspecto auditivo, es que el beb\u00e9 no gire su cabeza ni haga caso cuando le hablan, y que despu\u00e9s de su primer a\u00f1o no pronuncie ninguna palabra.<\/p>\n<p>En cuanto al aspecto visual, uno de los signos es que despu\u00e9s de los cinco meses el menor no logre agarrar los objetos. Tambi\u00e9n, que no haga contacto visual con los objetos o los intente ver de lado, si su visi\u00f3n es perif\u00e9rica.<\/p>\n<p><a href=\"\/wp-content\/uploads\/sites\/5\/2023\/02\/Problemas-visuales-o-auditivos-bebes-ninos-IGSS-2023-2.jpg\"><img loading=\"lazy\" decoding=\"async\" class=\"aligncenter size-full wp-image-33361\" src=\"\/wp-content\/uploads\/sites\/5\/2023\/02\/Problemas-visuales-o-auditivos-bebes-ninos-IGSS-2023-2.jpg\" alt=\"\" width=\"1600\" height=\"1066\" srcset=\"\/wp-content\/uploads\/sites\/5\/2023\/02\/Problemas-visuales-o-auditivos-bebes-ninos-IGSS-2023-2.jpg 1600w, \/wp-content\/uploads\/sites\/5\/2023\/02\/Problemas-visuales-o-auditivos-bebes-ninos-IGSS-2023-2-300x200.jpg 300w, \/wp-content\/uploads\/sites\/5\/2023\/02\/Problemas-visuales-o-auditivos-bebes-ninos-IGSS-2023-2-768x512.jpg 768w, \/wp-content\/uploads\/sites\/5\/2023\/02\/Problemas-visuales-o-auditivos-bebes-ninos-IGSS-2023-2-1024x682.jpg 1024w, \/wp-content\/uploads\/sites\/5\/2023\/02\/Problemas-visuales-o-auditivos-bebes-ninos-IGSS-2023-2-1536x1023.jpg 1536w, \/wp-content\/uploads\/sites\/5\/2023\/02\/Problemas-visuales-o-auditivos-bebes-ninos-IGSS-2023-2-630x420.jpg 630w, \/wp-content\/uploads\/sites\/5\/2023\/02\/Problemas-visuales-o-auditivos-bebes-ninos-IGSS-2023-2-696x464.jpg 696w, \/wp-content\/uploads\/sites\/5\/2023\/02\/Problemas-visuales-o-auditivos-bebes-ninos-IGSS-2023-2-1068x712.jpg 1068w, \/wp-content\/uploads\/sites\/5\/2023\/02\/Problemas-visuales-o-auditivos-bebes-ninos-IGSS-2023-2-534x356.jpg 534w\" sizes=\"auto, (max-width: 1600px) 100vw, 1600px\" \/><\/a><\/p>\n<p>El m\u00e9dico inform\u00f3 que el tratamiento depender\u00e1 del grado de lesi\u00f3n. Si la hipoacusia es severa se requerir\u00e1n aparatos auditivos; de lo contrario, la rehabilitaci\u00f3n se trabajar\u00e1 con est\u00edmulos. En el caso de los menores con visi\u00f3n baja el tratamiento depende del tipo de problema, pues en algunos casos habr\u00e1 mejoras con el uso de anteojos y en otros se deber\u00e1 ense\u00f1ar al menor a enfocar un objeto.<\/p>\n<p>Finalmente, el profesional explic\u00f3 que para prevenir estas complicaciones en los reci\u00e9n nacidos se recomienda a la madre que se coloque la vacuna contra la influenza y tome sus prenatales, ya que si su sistema inmune est\u00e1 bien podr\u00e1 responder a cualquier infecci\u00f3n. En los ni\u00f1os es importante completar su esquema de vacunaci\u00f3n para que tenga una buena respuesta inmunol\u00f3gica y as\u00ed evite lesiones neurol\u00f3gicas que puedan llevar a un problema sensorial.<\/p>\n<p>A trav\u00e9s del Programa Control del Ni\u00f1o Sano, el IGSS hace las evaluaciones visuales y auditivas a los menores. Tambi\u00e9n, brinda consulta m\u00e9dica de crecimiento y desarrollo, control de vacunas y ayuda nutricional hasta los cinco a\u00f1os.<\/p>\n","protected":false},"excerpt":{"rendered":"<p>El adecuado funcionamiento del sistema sensorial de un reci\u00e9n nacido es importante para que este pueda percibir e interpretar su entorno. Los problemas en su visi\u00f3n o audici\u00f3n pueden afectar su desarrollo y aprendizaje si no son tratados. Para que las repercusiones no sean a largo plazo, es necesaria su detecci\u00f3n temprana.&nbsp; El doctor Jonathan [&hellip;]<\/p>\n","protected":false},"author":4,"featured_media":33359,"comment_status":"closed","ping_status":"closed","sticky":false,"template":"","format":"standard","meta":{"footnotes":""},"categories":[3,24,1291,30],"tags":[478,698],"coauthors":[881],"class_list":{"0":"post-33358","1":"post","2":"type-post","3":"status-publish","4":"format-standard","5":"has-post-thumbnail","7":"category-actualidad","8":"category-pediatria","9":"category-prestaciones-en-salud","10":"category-rehabilitacion","11":"tag-hospital-de-rehabilitacion","12":"tag-pediatria"},"_links":{"self":[{"href":"https:\/\/www.igssgt.org\/noticias\/wp-json\/wp\/v2\/posts\/33358","targetHints":{"allow":["GET"]}}],"collection":[{"href":"https:\/\/www.igssgt.org\/noticias\/wp-json\/wp\/v2\/posts"}],"about":[{"href":"https:\/\/www.igssgt.org\/noticias\/wp-json\/wp\/v2\/types\/post"}],"author":[{"embeddable":true,"href":"https:\/\/www.igssgt.org\/noticias\/wp-json\/wp\/v2\/users\/4"}],"replies":[{"embeddable":true,"href":"https:\/\/www.igssgt.org\/noticias\/wp-json\/wp\/v2\/comments?post=33358"}],"version-history":[{"count":2,"href":"https:\/\/www.igssgt.org\/noticias\/wp-json\/wp\/v2\/posts\/33358\/revisions"}],"predecessor-version":[{"id":33552,"href":"https:\/\/www.igssgt.org\/noticias\/wp-json\/wp\/v2\/posts\/33358\/revisions\/33552"}],"wp:featuredmedia":[{"embeddable":true,"href":"https:\/\/www.igssgt.org\/noticias\/wp-json\/wp\/v2\/media\/33359"}],"wp:attachment":[{"href":"https:\/\/www.igssgt.org\/noticias\/wp-json\/wp\/v2\/media?parent=33358"}],"wp:term":[{"taxonomy":"category","embeddable":true,"href":"https:\/\/www.igssgt.org\/noticias\/wp-json\/wp\/v2\/categories?post=33358"},{"taxonomy":"post_tag","embeddable":true,"href":"https:\/\/www.igssgt.org\/noticias\/wp-json\/wp\/v2\/tags?post=33358"},{"taxonomy":"author","embeddable":true,"href":"https:\/\/www.igssgt.org\/noticias\/wp-json\/wp\/v2\/coauthors?post=33358"}],"curies":[{"name":"wp","href":"https:\/\/api.w.org\/{rel}","templated":true}]}}